{"id":38605,"date":"2022-01-26T10:16:48","date_gmt":"2022-01-26T13:16:48","guid":{"rendered":"http:\/\/lahoradelcampo.com.uy\/site\/?p=38605"},"modified":"2022-01-26T10:16:54","modified_gmt":"2022-01-26T13:16:54","slug":"bertsch-correa-san-roman-con-importante-oferta-en-pantalla-uruguay-3","status":"publish","type":"post","link":"https:\/\/lahoradelcampo.com.uy\/site\/bertsch-correa-san-roman-con-importante-oferta-en-pantalla-uruguay-3\/","title":{"rendered":"Bertsch, Correa &#038; San Rom\u00e1n con importante oferta en Pantalla Uruguay"},"content":{"rendered":"\n<figure class=\"wp-block-image\"><img data-recalc-dims=\"1\" loading=\"lazy\" decoding=\"async\" width=\"810\" height=\"405\" data-attachment-id=\"38599\" data-permalink=\"https:\/\/lahoradelcampo.com.uy\/site\/intendencia-trabaja-en-limpieza-de-tajamares-y-vertientes\/correaysanroman\/\" data-orig-file=\"https:\/\/i0.wp.com\/lahoradelcampo.com.uy\/site\/wp-content\/uploads\/2022\/01\/correaysanroman.jpg?fit=880%2C440&amp;ssl=1\" data-orig-size=\"880,440\" data-comments-opened=\"1\" data-image-meta=\"{&quot;aperture&quot;:&quot;0&quot;,&quot;credit&quot;:&quot;&quot;,&quot;camera&quot;:&quot;&quot;,&quot;caption&quot;:&quot;&quot;,&quot;created_timestamp&quot;:&quot;0&quot;,&quot;copyright&quot;:&quot;&quot;,&quot;focal_length&quot;:&quot;0&quot;,&quot;iso&quot;:&quot;0&quot;,&quot;shutter_speed&quot;:&quot;0&quot;,&quot;title&quot;:&quot;&quot;,&quot;orientation&quot;:&quot;1&quot;}\" data-image-title=\"correaysanroman\" data-image-description=\"\" data-image-caption=\"\" data-large-file=\"https:\/\/i0.wp.com\/lahoradelcampo.com.uy\/site\/wp-content\/uploads\/2022\/01\/correaysanroman.jpg?fit=810%2C405&amp;ssl=1\" src=\"https:\/\/i0.wp.com\/lahoradelcampo.com.uy\/site\/wp-content\/uploads\/2022\/01\/correaysanroman.jpg?resize=810%2C405\" alt=\"\" class=\"wp-image-38599\" srcset=\"https:\/\/i0.wp.com\/lahoradelcampo.com.uy\/site\/wp-content\/uploads\/2022\/01\/correaysanroman.jpg?w=880&amp;ssl=1 880w, https:\/\/i0.wp.com\/lahoradelcampo.com.uy\/site\/wp-content\/uploads\/2022\/01\/correaysanroman.jpg?resize=300%2C150&amp;ssl=1 300w, https:\/\/i0.wp.com\/lahoradelcampo.com.uy\/site\/wp-content\/uploads\/2022\/01\/correaysanroman.jpg?resize=768%2C384&amp;ssl=1 768w, https:\/\/i0.wp.com\/lahoradelcampo.com.uy\/site\/wp-content\/uploads\/2022\/01\/correaysanroman.jpg?resize=820%2C410&amp;ssl=1 820w\" sizes=\"auto, (max-width: 810px) 100vw, 810px\" \/><\/figure>\n\n\n\n<p>Este viernes 28 de enero, el consorcio de rematadores de Pantalla Uruguay, realizar\u00e1 su remate 236, el primero del a\u00f1o calendario 2022. En la oportunidad el grupo de escritorios proponen una oferta de 6.000 vacunos y 1.080 ovinos, que se remataran desde la hora 8:00, de las instalaciones del Laboratorio Tecnol\u00f3gico del Uruguay (Latu). <br><\/p>\n\n\n\n<p>Desde Salto y Artigas, la firma Bertsch, Correa &amp; San Rom\u00e1n propone para este remate una oferta de 1.850 vacunos y 250 ovinos. Carlos Mart\u00edn Correa, uno de los principales de la firma, indic\u00f3 que \u00aben esta pantalla con 6.000 reses nos estamos dando cuenta que ya hay intensidad, necesidad y motivaci\u00f3n para comercializar, por lo que estamos muy contentos de este evento\u00bb.<br><\/p>\n\n\n\n<p>\u00abEsas 1.850 reses est\u00e1n compuestas principalmente por piezas de cr\u00eda, van a haber 1.350 piezas, en su mayor\u00eda con hembras terneras al pie, en los diferentes lotes\u00bb dijo Correa qui\u00e9n agreg\u00f3 que esta categor\u00eda es una \u00abmuy buena opci\u00f3n de negocios, es la que m\u00e1s accesible est\u00e1 porque son negocios r\u00e1pidos y muy concretos en la realizaci\u00f3n\u00bb. <br><\/p>\n\n\n\n<p>Adem\u00e1s el escritorio ofrecer\u00e1 \u00abvacas de invernar muy buenas en varios lugares, vacas Braford y Brangus, Angus y sus cruzas tambi\u00e9n, porque creo que hay buenas opciones para tener una r\u00e1pida respuesta ahora que el mercado del gordo est\u00e1 demandado\u00bb dijo el consignatario. <br><\/p>\n\n\n\n<p>\u00abTenemos excelentes novilladas en Paysand\u00fa, Braford y Angus, Hereford y sus cruzas, muy buenas novilladas sola marca, y tambi\u00e9n tenemos terneros, por lo que la oferta de la invernada y la reposici\u00f3n es excelente\u00bb indic\u00f3 Carlos Mart\u00edn Correa, qui\u00e9n adem\u00e1s destac\u00f3 la oferta de vientres que se propondr\u00e1 este viernes, donde se\u00f1al\u00f3 la firma tiene consignado un lote de \u00ab60 vacas negras pre\u00f1adas, en su mayor\u00eda ganado sola marca, est\u00e1n para parir ahora en febrero o marzo, pocas veces se dan estas opciones. Es una muy buena oportunidad de adquirir estos ganados angus, pre\u00f1ados con angus y a parir ya\u00bb. <br><\/p>\n\n\n\n<p>El consignatario remarc\u00f3 que ante cualquier consulta sobre los lotes o condiciones del remate, como siempre est\u00e1 \u00abRoberto Bertsch en Artigas, C\u00e9sar Melo en Tom\u00e1s Gomensoro, Mart\u00edn estar\u00e1 rematando en Montevideo con integrantes de la firma y nosotros desde ac\u00e1 podemos atender con la diligencia que buscamos tener siempre.\u00bb <br><\/p>\n\n\n\n<p>Recordemos que la firma Correa &amp; San Rom\u00e1n ha cambiado su direcci\u00f3n, ubic\u00e1ndose en Avd. Barbieri 318, buscando brindar mayores servicios a sus clientes, adem\u00e1s de estar ubicado en una zona donde existe una mayor opci\u00f3n de estacionamiento.<br><\/p>\n\n\n\n<p>Orden de venta<br><\/p>\n\n\n\n<p>Hora    Categor\u00eda   Cabezas<br> 9:00    Ovinos  1.456<br> 9:35    Terneros    478<br> 10:25    Nov. 1 a 2  940<br> 11:25    Nov. 2 a 3  527<br> 12:30    Nov. +3 179<br> 12:45    Nov\/Vaq. 1 a 2  25<br> 12:50    Vac. Invernar   404<br> 13:35    Terneras    313<br> 14:00    Vaquillonas 912<br> 15:15    Vientre Pre\u00f1a.  316<br> 15:50    Piezas Cr\u00eda 2.182<\/p>\n\n\n\n<p>Salto, 26 de enero de 2022<\/p>\n","protected":false},"excerpt":{"rendered":"<p>Este viernes 28 de enero, el consorcio de rematadores de Pantalla Uruguay, realizar\u00e1 su remate 236, el primero del a\u00f1o calendario 2022. En la oportunidad el grupo de escritorios proponen [&hellip;]<\/p>\n","protected":false},"author":5,"featured_media":38599,"comment_status":"open","ping_status":"open","sticky":false,"template":"","format":"standard","meta":{"_price":"","_stock":"","_tribe_ticket_header":"","_tribe_default_ticket_provider":"","_tribe_ticket_capacity":"0","_ticket_start_date":"","_ticket_end_date":"","_tribe_ticket_show_description":"","_tribe_ticket_show_not_going":false,"_tribe_ticket_use_global_stock":"","_tribe_ticket_global_stock_level":"","_global_stock_mode":"","_global_stock_cap":"","_tribe_rsvp_for_event":"","_tribe_ticket_going_count":"","_tribe_ticket_not_going_count":"","_tribe_tickets_list":"[]","_tribe_ticket_has_attendee_info_fields":false,"h5ap_radio_sources":[],"_jetpack_newsletter_access":"","_jetpack_dont_email_post_to_subs":false,"_jetpack_newsletter_tier_id":0,"_jetpack_memberships_contains_paywalled_content":false,"_jetpack_memberships_contains_paid_content":false,"footnotes":""},"categories":[21,5],"tags":[],"class_list":["post-38605","post","type-post","status-publish","format-standard","has-post-thumbnail","hentry","category-actualidad","category-ganaderia"],"jetpack_featured_media_url":"https:\/\/i0.wp.com\/lahoradelcampo.com.uy\/site\/wp-content\/uploads\/2022\/01\/correaysanroman.jpg?fit=880%2C440&ssl=1","jetpack_sharing_enabled":true,"jetpack_shortlink":"https:\/\/wp.me\/p99IaT-a2F","jetpack-related-posts":[{"id":34777,"url":"https:\/\/lahoradelcampo.com.uy\/site\/bertsch-correa-san-roman-colocaron-el-100-de-la-oferta-en-pantalla-uruguay-2\/","url_meta":{"origin":38605,"position":0},"title":"Bertsch, Correa &#038; San Roman colocaron el 100% de la oferta en Pantalla Uruguay","author":"La Hora del Campo","date":"29 septiembre, 2021","format":false,"excerpt":"En las dos jornadas, la firma Bertsch, Correa & San Roman, coloc\u00f3 el 100% de la oferta en el remate 232 de Pantalla Uruguay. Con agilidad y valores que conformaron a los vendedores, tanto en vacunos como en ovinos. En el caso de los ovinos, donde la firma ten\u00eda una\u2026","rel":"","context":"En \u00abActualidad\u00bb","block_context":{"text":"Actualidad","link":"https:\/\/lahoradelcampo.com.uy\/site\/category\/actualidad\/"},"img":{"alt_text":"","src":"https:\/\/i0.wp.com\/lahoradelcampo.com.uy\/site\/wp-content\/uploads\/2021\/01\/Pantalla-Uruguay.jpg?fit=880%2C440&ssl=1&resize=350%2C200","width":350,"height":200,"srcset":"https:\/\/i0.wp.com\/lahoradelcampo.com.uy\/site\/wp-content\/uploads\/2021\/01\/Pantalla-Uruguay.jpg?fit=880%2C440&ssl=1&resize=350%2C200 1x, https:\/\/i0.wp.com\/lahoradelcampo.com.uy\/site\/wp-content\/uploads\/2021\/01\/Pantalla-Uruguay.jpg?fit=880%2C440&ssl=1&resize=525%2C300 1.5x, https:\/\/i0.wp.com\/lahoradelcampo.com.uy\/site\/wp-content\/uploads\/2021\/01\/Pantalla-Uruguay.jpg?fit=880%2C440&ssl=1&resize=700%2C400 2x"},"classes":[]},{"id":52917,"url":"https:\/\/lahoradelcampo.com.uy\/site\/bertsch-correa-san-roman-con-destacada-oferta-en-pantalla-uruguay-este-viernes\/","url_meta":{"origin":38605,"position":1},"title":"Bertsch, Correa &amp; San Roman con destacada oferta en Pantalla Uruguay este viernes","author":"La Hora del Campo","date":"26 octubre, 2023","format":false,"excerpt":"Ma\u00f1ana viernes, se realiza un nuevo remate de Pantalla Uruguay, con una oferta de 7.500 vacunos y 1.500 ovinos. En el norte del pa\u00eds, la firma Bertsch, Correa & San Roman tendr\u00e1 una oferta destacada de 600 vacunos, con ganados reconocidos por su clase y calidad. Carlos Mart\u00edn Correa, uno\u2026","rel":"","context":"En \u00abActualidad\u00bb","block_context":{"text":"Actualidad","link":"https:\/\/lahoradelcampo.com.uy\/site\/category\/actualidad\/"},"img":{"alt_text":"","src":"https:\/\/i0.wp.com\/lahoradelcampo.com.uy\/site\/wp-content\/uploads\/2020\/05\/Bertsch-correa-y-san-roman-foto.jpg?fit=880%2C440&ssl=1&resize=350%2C200","width":350,"height":200,"srcset":"https:\/\/i0.wp.com\/lahoradelcampo.com.uy\/site\/wp-content\/uploads\/2020\/05\/Bertsch-correa-y-san-roman-foto.jpg?fit=880%2C440&ssl=1&resize=350%2C200 1x, https:\/\/i0.wp.com\/lahoradelcampo.com.uy\/site\/wp-content\/uploads\/2020\/05\/Bertsch-correa-y-san-roman-foto.jpg?fit=880%2C440&ssl=1&resize=525%2C300 1.5x, https:\/\/i0.wp.com\/lahoradelcampo.com.uy\/site\/wp-content\/uploads\/2020\/05\/Bertsch-correa-y-san-roman-foto.jpg?fit=880%2C440&ssl=1&resize=700%2C400 2x"},"classes":[]},{"id":40071,"url":"https:\/\/lahoradelcampo.com.uy\/site\/bertsch-correa-san-roman-certifican-1-450-vacunos-para-pantalla-uruguay\/","url_meta":{"origin":38605,"position":2},"title":"Bertsch, Correa &#038; San Roman certifican 1.450 vacunos para Pantalla Uruguay","author":"La Hora del Campo","date":"20 marzo, 2022","format":false,"excerpt":"Pantalla Uruguay se encuentra certificando los ganados para su remate 239, que en esta oportunidad incluye la primera Ganadera Brangus. El escritorio Bertsch, Correa & San Rom\u00e1n se encuentran certificando 1.450 vacunos y 200 ovinos que han sido consignados a la firma para este remate. Carlos Mart\u00edn Correa, integrante de\u2026","rel":"","context":"En \u00abActualidad\u00bb","block_context":{"text":"Actualidad","link":"https:\/\/lahoradelcampo.com.uy\/site\/category\/actualidad\/"},"img":{"alt_text":"","src":"https:\/\/i0.wp.com\/lahoradelcampo.com.uy\/site\/wp-content\/uploads\/2022\/03\/Carlosmartincorrea1.jpg?fit=880%2C440&ssl=1&resize=350%2C200","width":350,"height":200,"srcset":"https:\/\/i0.wp.com\/lahoradelcampo.com.uy\/site\/wp-content\/uploads\/2022\/03\/Carlosmartincorrea1.jpg?fit=880%2C440&ssl=1&resize=350%2C200 1x, https:\/\/i0.wp.com\/lahoradelcampo.com.uy\/site\/wp-content\/uploads\/2022\/03\/Carlosmartincorrea1.jpg?fit=880%2C440&ssl=1&resize=525%2C300 1.5x, https:\/\/i0.wp.com\/lahoradelcampo.com.uy\/site\/wp-content\/uploads\/2022\/03\/Carlosmartincorrea1.jpg?fit=880%2C440&ssl=1&resize=700%2C400 2x"},"classes":[]},{"id":45053,"url":"https:\/\/lahoradelcampo.com.uy\/site\/bertsch-correa-san-roman-con-destacada-oferta-en-pantalla-uruguay-2\/","url_meta":{"origin":38605,"position":3},"title":"Bertsch, Correa &#038; San Rom\u00e1n con destacada oferta en Pantalla Uruguay","author":"La Hora del Campo","date":"29 agosto, 2022","format":false,"excerpt":"Pantalla Uruguay realizar\u00e1 este pr\u00f3ximo mi\u00e9rcoles 31 de agosto a partir de la hora 9, su remate 245, con una oferta de 7.775 vacunos y 1.253 ovinos. Como es tradicional la venta ser\u00e1 transmitida por la web de Pantalla Uruguay, Gol Tv, Direct Tv, Facebook y en la aplicaci\u00f3n del\u2026","rel":"","context":"En \u00abActualidad\u00bb","block_context":{"text":"Actualidad","link":"https:\/\/lahoradelcampo.com.uy\/site\/category\/actualidad\/"},"img":{"alt_text":"","src":"https:\/\/i0.wp.com\/lahoradelcampo.com.uy\/site\/wp-content\/uploads\/2022\/08\/Bertsch-correa2.jpg?fit=880%2C440&ssl=1&resize=350%2C200","width":350,"height":200,"srcset":"https:\/\/i0.wp.com\/lahoradelcampo.com.uy\/site\/wp-content\/uploads\/2022\/08\/Bertsch-correa2.jpg?fit=880%2C440&ssl=1&resize=350%2C200 1x, https:\/\/i0.wp.com\/lahoradelcampo.com.uy\/site\/wp-content\/uploads\/2022\/08\/Bertsch-correa2.jpg?fit=880%2C440&ssl=1&resize=525%2C300 1.5x, https:\/\/i0.wp.com\/lahoradelcampo.com.uy\/site\/wp-content\/uploads\/2022\/08\/Bertsch-correa2.jpg?fit=880%2C440&ssl=1&resize=700%2C400 2x"},"classes":[]},{"id":33301,"url":"https:\/\/lahoradelcampo.com.uy\/site\/bertsch-correa-san-roman-con-importante-oferta-en-pantalla-uruguay-2\/","url_meta":{"origin":38605,"position":4},"title":"Bertsch, Correa &#038; San Rom\u00e1n con importante oferta en Pantalla Uruguay","author":"La Hora del Campo","date":"23 agosto, 2021","format":false,"excerpt":"El pr\u00f3ximo 27 de agosto, el \u00faltimo viernes del mes, como es tradicional se realizar\u00e1 el remate de Pantalla Uruguay, con m\u00e1s de 7.000 vacunos y 240 ovinos. El \u00faltimo remate del invierno del consorcio contar\u00e1 con una destacada oferta desde el norte del pa\u00eds, a cargo de los escritorio\u2026","rel":"","context":"En \u00abActualidad\u00bb","block_context":{"text":"Actualidad","link":"https:\/\/lahoradelcampo.com.uy\/site\/category\/actualidad\/"},"img":{"alt_text":"","src":"https:\/\/i0.wp.com\/lahoradelcampo.com.uy\/site\/wp-content\/uploads\/2020\/05\/Bertsch-correa-y-san-roman-foto.jpg?fit=880%2C440&ssl=1&resize=350%2C200","width":350,"height":200,"srcset":"https:\/\/i0.wp.com\/lahoradelcampo.com.uy\/site\/wp-content\/uploads\/2020\/05\/Bertsch-correa-y-san-roman-foto.jpg?fit=880%2C440&ssl=1&resize=350%2C200 1x, https:\/\/i0.wp.com\/lahoradelcampo.com.uy\/site\/wp-content\/uploads\/2020\/05\/Bertsch-correa-y-san-roman-foto.jpg?fit=880%2C440&ssl=1&resize=525%2C300 1.5x, https:\/\/i0.wp.com\/lahoradelcampo.com.uy\/site\/wp-content\/uploads\/2020\/05\/Bertsch-correa-y-san-roman-foto.jpg?fit=880%2C440&ssl=1&resize=700%2C400 2x"},"classes":[]},{"id":49558,"url":"https:\/\/lahoradelcampo.com.uy\/site\/bertsch-correa-y-san-roman-remataran-mas-de-1-100-vacunos-en-pantalla-uruguay\/","url_meta":{"origin":38605,"position":5},"title":"Bertsch, Correa y San Rom\u00e1n rematar\u00e1n m\u00e1s de 1.100 vacunos en Pantalla Uruguay","author":"La Hora del Campo","date":"29 marzo, 2023","format":false,"excerpt":"Bertsch, Correa y San Rom\u00e1n rematar\u00e1n m\u00e1s de 1.100 vacunos en el remate 254 de Pantalla Uruguay, que se llevar\u00e1 a cabo desde las instalaciones del Parque Tecnol\u00f3gico del LATU los d\u00edas 30 y 31 de marzo. El evento a nivel nacional contar\u00e1 con una oferta total de 10.736 vacunos\u2026","rel":"","context":"En \u00abActualidad\u00bb","block_context":{"text":"Actualidad","link":"https:\/\/lahoradelcampo.com.uy\/site\/category\/actualidad\/"},"img":{"alt_text":"","src":"https:\/\/i0.wp.com\/lahoradelcampo.com.uy\/site\/wp-content\/uploads\/2022\/04\/PU-Pantalla-Uruguay.jpg?fit=880%2C440&ssl=1&resize=350%2C200","width":350,"height":200,"srcset":"https:\/\/i0.wp.com\/lahoradelcampo.com.uy\/site\/wp-content\/uploads\/2022\/04\/PU-Pantalla-Uruguay.jpg?fit=880%2C440&ssl=1&resize=350%2C200 1x, https:\/\/i0.wp.com\/lahoradelcampo.com.uy\/site\/wp-content\/uploads\/2022\/04\/PU-Pantalla-Uruguay.jpg?fit=880%2C440&ssl=1&resize=525%2C300 1.5x, https:\/\/i0.wp.com\/lahoradelcampo.com.uy\/site\/wp-content\/uploads\/2022\/04\/PU-Pantalla-Uruguay.jpg?fit=880%2C440&ssl=1&resize=700%2C400 2x"},"classes":[]}],"jetpack_likes_enabled":true,"_links":{"self":[{"href":"https:\/\/lahoradelcampo.com.uy\/site\/wp-json\/wp\/v2\/posts\/38605","targetHints":{"allow":["GET"]}}],"collection":[{"href":"https:\/\/lahoradelcampo.com.uy\/site\/wp-json\/wp\/v2\/posts"}],"about":[{"href":"https:\/\/lahoradelcampo.com.uy\/site\/wp-json\/wp\/v2\/types\/post"}],"author":[{"embeddable":true,"href":"https:\/\/lahoradelcampo.com.uy\/site\/wp-json\/wp\/v2\/users\/5"}],"replies":[{"embeddable":true,"href":"https:\/\/lahoradelcampo.com.uy\/site\/wp-json\/wp\/v2\/comments?post=38605"}],"version-history":[{"count":1,"href":"https:\/\/lahoradelcampo.com.uy\/site\/wp-json\/wp\/v2\/posts\/38605\/revisions"}],"predecessor-version":[{"id":38607,"href":"https:\/\/lahoradelcampo.com.uy\/site\/wp-json\/wp\/v2\/posts\/38605\/revisions\/38607"}],"wp:featuredmedia":[{"embeddable":true,"href":"https:\/\/lahoradelcampo.com.uy\/site\/wp-json\/wp\/v2\/media\/38599"}],"wp:attachment":[{"href":"https:\/\/lahoradelcampo.com.uy\/site\/wp-json\/wp\/v2\/media?parent=38605"}],"wp:term":[{"taxonomy":"category","embeddable":true,"href":"https:\/\/lahoradelcampo.com.uy\/site\/wp-json\/wp\/v2\/categories?post=38605"},{"taxonomy":"post_tag","embeddable":true,"href":"https:\/\/lahoradelcampo.com.uy\/site\/wp-json\/wp\/v2\/tags?post=38605"}],"curies":[{"name":"wp","href":"https:\/\/api.w.org\/{rel}","templated":true}]}}