{"id":38597,"date":"2022-01-26T10:14:14","date_gmt":"2022-01-26T13:14:14","guid":{"rendered":"http:\/\/lahoradelcampo.com.uy\/site\/?p=38597"},"modified":"2022-01-26T10:14:19","modified_gmt":"2022-01-26T13:14:19","slug":"intendencia-trabaja-en-limpieza-de-tajamares-y-vertientes","status":"publish","type":"post","link":"https:\/\/lahoradelcampo.com.uy\/site\/intendencia-trabaja-en-limpieza-de-tajamares-y-vertientes\/","title":{"rendered":"Intendencia trabaja en limpieza de tajamares y vertientes"},"content":{"rendered":"\n<figure class=\"wp-block-image\"><img data-recalc-dims=\"1\" loading=\"lazy\" decoding=\"async\" width=\"810\" height=\"405\" data-attachment-id=\"38601\" data-permalink=\"https:\/\/lahoradelcampo.com.uy\/site\/intendencia-trabaja-en-limpieza-de-tajamares-y-vertientes\/tajamares-limpieza\/\" data-orig-file=\"https:\/\/i0.wp.com\/lahoradelcampo.com.uy\/site\/wp-content\/uploads\/2022\/01\/Tajamares-limpieza.jpg?fit=880%2C440&amp;ssl=1\" data-orig-size=\"880,440\" data-comments-opened=\"1\" data-image-meta=\"{&quot;aperture&quot;:&quot;0&quot;,&quot;credit&quot;:&quot;&quot;,&quot;camera&quot;:&quot;&quot;,&quot;caption&quot;:&quot;&quot;,&quot;created_timestamp&quot;:&quot;0&quot;,&quot;copyright&quot;:&quot;&quot;,&quot;focal_length&quot;:&quot;0&quot;,&quot;iso&quot;:&quot;0&quot;,&quot;shutter_speed&quot;:&quot;0&quot;,&quot;title&quot;:&quot;&quot;,&quot;orientation&quot;:&quot;1&quot;}\" data-image-title=\"Tajamares-limpieza\" data-image-description=\"\" data-image-caption=\"\" data-large-file=\"https:\/\/i0.wp.com\/lahoradelcampo.com.uy\/site\/wp-content\/uploads\/2022\/01\/Tajamares-limpieza.jpg?fit=810%2C405&amp;ssl=1\" src=\"https:\/\/i0.wp.com\/lahoradelcampo.com.uy\/site\/wp-content\/uploads\/2022\/01\/Tajamares-limpieza.jpg?resize=810%2C405\" alt=\"\" class=\"wp-image-38601\" srcset=\"https:\/\/i0.wp.com\/lahoradelcampo.com.uy\/site\/wp-content\/uploads\/2022\/01\/Tajamares-limpieza.jpg?w=880&amp;ssl=1 880w, https:\/\/i0.wp.com\/lahoradelcampo.com.uy\/site\/wp-content\/uploads\/2022\/01\/Tajamares-limpieza.jpg?resize=300%2C150&amp;ssl=1 300w, https:\/\/i0.wp.com\/lahoradelcampo.com.uy\/site\/wp-content\/uploads\/2022\/01\/Tajamares-limpieza.jpg?resize=768%2C384&amp;ssl=1 768w, https:\/\/i0.wp.com\/lahoradelcampo.com.uy\/site\/wp-content\/uploads\/2022\/01\/Tajamares-limpieza.jpg?resize=820%2C410&amp;ssl=1 820w\" sizes=\"auto, (max-width: 810px) 100vw, 810px\" \/><\/figure>\n\n\n\n<p>En el marco del convenio firmado con el Ministerio de Ganader\u00eda, Agricultura y Pesca (MGAP), la Intendencia de Salto, a trav\u00e9s de las direcciones de Descentralizaci\u00f3n y de Obras, trabaja en conjunto con productores rurales para limpieza de tajamares y vertientes, ante la situaci\u00f3n de emergencia agropecuaria que afronta el departamento.<br><\/p>\n\n\n\n<p>En un primer convenio se apoy\u00f3 a 32 productores con un m\u00e1ximo de 250 hect\u00e1reas, mientras que el segundo convenio ampl\u00eda la convocatoria a productores familiares con un m\u00e1ximo de 500 hect\u00e1reas, bajo cualquier forma de tenencia, y prioriza a aquellos que se encuentran en las seccionales declaradas bajo la emergencia agropecuaria. <\/p>\n\n\n\n<p>Hasta el d\u00eda de hoy son 101 productores inscriptos y hay tres equipos trabajando en las zonas de Colonia Gestido, Colonia Itapeb\u00ed, Colonia Rubio, Cerro Chato, Toro Negro, Cementerio y Paso del Tigre.<br><\/p>\n\n\n\n<p>El MGAP pone a disposici\u00f3n un monto de 15 mil pesos por productor, y la Intendencia de Salto aporta los camiones para el traslado de las m\u00e1quinas y la realizaci\u00f3n del servicio, al igual que su equipo t\u00e9cnico, con ayuda del Instituto Plan Agropecuario.<br><\/p>\n\n\n\n<p>Los productores interesados pueden inscribirse directamente en la p\u00e1gina de MGAP, a trav\u00e9s de los municipios o a trav\u00e9s de la direcci\u00f3n de Descentralizaci\u00f3n de la Intendencia de Salto.<\/p>\n\n\n\n<p>Salto, 26 de enero de 2022<\/p>\n","protected":false},"excerpt":{"rendered":"<p>En el marco del convenio firmado con el Ministerio de Ganader\u00eda, Agricultura y Pesca (MGAP), la Intendencia de Salto, a trav\u00e9s de las direcciones de Descentralizaci\u00f3n y de Obras, trabaja [&hellip;]<\/p>\n","protected":false},"author":5,"featured_media":38601,"comment_status":"open","ping_status":"open","sticky":false,"template":"","format":"standard","meta":{"_price":"","_stock":"","_tribe_ticket_header":"","_tribe_default_ticket_provider":"","_tribe_ticket_capacity":"0","_ticket_start_date":"","_ticket_end_date":"","_tribe_ticket_show_description":"","_tribe_ticket_show_not_going":false,"_tribe_ticket_use_global_stock":"","_tribe_ticket_global_stock_level":"","_global_stock_mode":"","_global_stock_cap":"","_tribe_rsvp_for_event":"","_tribe_ticket_going_count":"","_tribe_ticket_not_going_count":"","_tribe_tickets_list":"[]","_tribe_ticket_has_attendee_info_fields":false,"h5ap_radio_sources":[],"_jetpack_newsletter_access":"","_jetpack_dont_email_post_to_subs":false,"_jetpack_newsletter_tier_id":0,"_jetpack_memberships_contains_paywalled_content":false,"_jetpack_memberships_contains_paid_content":false,"footnotes":""},"categories":[21,5],"tags":[],"class_list":["post-38597","post","type-post","status-publish","format-standard","has-post-thumbnail","hentry","category-actualidad","category-ganaderia"],"jetpack_featured_media_url":"https:\/\/i0.wp.com\/lahoradelcampo.com.uy\/site\/wp-content\/uploads\/2022\/01\/Tajamares-limpieza.jpg?fit=880%2C440&ssl=1","jetpack_sharing_enabled":true,"jetpack_shortlink":"https:\/\/wp.me\/p99IaT-a2x","jetpack-related-posts":[{"id":27094,"url":"https:\/\/lahoradelcampo.com.uy\/site\/mgap-presento-proyectos-de-desarrollo-para-articular-con-intendencias\/","url_meta":{"origin":38597,"position":0},"title":"MGAP present\u00f3 proyectos de desarrollo para articular  con intendencias","author":"La Hora del Campo","date":"26 enero, 2021","format":false,"excerpt":"En el marco del Congreso de Intendentes, el ministro, Carlos Mar\u00eda Uriarte, el subsecretario, Juan Ignacio Buffa y la directora general, Fernanda Maldonado, presentaron las l\u00edneas de acci\u00f3n para tres proyectos productivos con enfoque en desarrollo rural a fin de articular con los gobiernos departamentales. En este contexto, Uriarte invit\u00f3\u2026","rel":"","context":"En \u00abActualidad\u00bb","block_context":{"text":"Actualidad","link":"https:\/\/lahoradelcampo.com.uy\/site\/category\/actualidad\/"},"img":{"alt_text":"","src":"https:\/\/i0.wp.com\/lahoradelcampo.com.uy\/site\/wp-content\/uploads\/2021\/01\/Mgapintendentes.jpg?fit=880%2C440&ssl=1&resize=350%2C200","width":350,"height":200,"srcset":"https:\/\/i0.wp.com\/lahoradelcampo.com.uy\/site\/wp-content\/uploads\/2021\/01\/Mgapintendentes.jpg?fit=880%2C440&ssl=1&resize=350%2C200 1x, https:\/\/i0.wp.com\/lahoradelcampo.com.uy\/site\/wp-content\/uploads\/2021\/01\/Mgapintendentes.jpg?fit=880%2C440&ssl=1&resize=525%2C300 1.5x, https:\/\/i0.wp.com\/lahoradelcampo.com.uy\/site\/wp-content\/uploads\/2021\/01\/Mgapintendentes.jpg?fit=880%2C440&ssl=1&resize=700%2C400 2x"},"classes":[]},{"id":48081,"url":"https:\/\/lahoradelcampo.com.uy\/site\/mortandad-de-vacunos-es-total-negligencia-de-los-tenedores-de-ganados\/","url_meta":{"origin":38597,"position":1},"title":"Mortandad de vacunos: \u201ces total negligencia de los tenedores de ganados\u201d","author":"La Hora del Campo","date":"13 enero, 2023","format":false,"excerpt":"En las \u00faltimas jornadas se escucharon comentarios sobre la mortandad de ganados en el departamento de Artigas, ante la situaci\u00f3n de d\u00e9ficit h\u00eddrico reinante en el norte del pa\u00eds. Ante estos dichos, el Director Departamental del MGAP, Ing. Gonzalo Jauretche, dijo que \u201cno tenemos informaci\u00f3n\u201d y se\u00f1al\u00f3 que \u201cde haber\u2026","rel":"","context":"En \u00abActualidad\u00bb","block_context":{"text":"Actualidad","link":"https:\/\/lahoradelcampo.com.uy\/site\/category\/actualidad\/"},"img":{"alt_text":"","src":"https:\/\/i0.wp.com\/lahoradelcampo.com.uy\/site\/wp-content\/uploads\/2023\/01\/GonzaloJauretche.jpg?fit=880%2C440&ssl=1&resize=350%2C200","width":350,"height":200,"srcset":"https:\/\/i0.wp.com\/lahoradelcampo.com.uy\/site\/wp-content\/uploads\/2023\/01\/GonzaloJauretche.jpg?fit=880%2C440&ssl=1&resize=350%2C200 1x, https:\/\/i0.wp.com\/lahoradelcampo.com.uy\/site\/wp-content\/uploads\/2023\/01\/GonzaloJauretche.jpg?fit=880%2C440&ssl=1&resize=525%2C300 1.5x, https:\/\/i0.wp.com\/lahoradelcampo.com.uy\/site\/wp-content\/uploads\/2023\/01\/GonzaloJauretche.jpg?fit=880%2C440&ssl=1&resize=700%2C400 2x"},"classes":[]},{"id":37935,"url":"https:\/\/lahoradelcampo.com.uy\/site\/ganaderia-declara-este-jueves-la-emergencia-agropecuaria\/","url_meta":{"origin":38597,"position":2},"title":"Ganader\u00eda declara este jueves la emergencia agropecuaria","author":"La Hora del Campo","date":"29 diciembre, 2021","format":false,"excerpt":"\"Es un hecho que se declarar\u00e1 ma\u00f1ana la emergencia agropecuaria\", anunci\u00f3 el ministro de Ganader\u00eda, Agricultura y Pesca, Fernando Mattos, tras el Consejo de Ministros del mi\u00e9rcoles 29. A\u00fan no se encuentran definidas las seccionales que comprender\u00e1 el decreto, pero se incluir\u00eda a unos cinco departamentos afectados. Se prev\u00e9n transferencias\u2026","rel":"","context":"En \u00abActualidad\u00bb","block_context":{"text":"Actualidad","link":"https:\/\/lahoradelcampo.com.uy\/site\/category\/actualidad\/"},"img":{"alt_text":"","src":"https:\/\/i0.wp.com\/lahoradelcampo.com.uy\/site\/wp-content\/uploads\/2021\/12\/MGAP-Emergencia.jpg?fit=880%2C440&ssl=1&resize=350%2C200","width":350,"height":200,"srcset":"https:\/\/i0.wp.com\/lahoradelcampo.com.uy\/site\/wp-content\/uploads\/2021\/12\/MGAP-Emergencia.jpg?fit=880%2C440&ssl=1&resize=350%2C200 1x, https:\/\/i0.wp.com\/lahoradelcampo.com.uy\/site\/wp-content\/uploads\/2021\/12\/MGAP-Emergencia.jpg?fit=880%2C440&ssl=1&resize=525%2C300 1.5x, https:\/\/i0.wp.com\/lahoradelcampo.com.uy\/site\/wp-content\/uploads\/2021\/12\/MGAP-Emergencia.jpg?fit=880%2C440&ssl=1&resize=700%2C400 2x"},"classes":[]},{"id":27124,"url":"https:\/\/lahoradelcampo.com.uy\/site\/gremiales-solicitaron-una-prorroga-para-el-pago-de-la-contribucion-inmobiliaria-rural\/","url_meta":{"origin":38597,"position":3},"title":"Gremiales solicitaron una pr\u00f3rroga para el pago de la Contribuci\u00f3n Inmobiliaria Rural","author":"La Hora del Campo","date":"27 enero, 2021","format":false,"excerpt":"El departamento de Salto se encuentra pr\u00e1cticamente en su totalidad dentro de la Declaraci\u00f3n de Emergencia Agropecuaria definida por el Ministerio de Ganader\u00eda, Agricultura y Pesca (MGAP). Seg\u00fan la \u00faltima actualizaci\u00f3n la seccional 12\u00b0 es la \u00fanica que no cuenta con esta declaraci\u00f3n debido a que la situaci\u00f3n clim\u00e1tica all\u00ed\u2026","rel":"","context":"En \u00abActualidad\u00bb","block_context":{"text":"Actualidad","link":"https:\/\/lahoradelcampo.com.uy\/site\/category\/actualidad\/"},"img":{"alt_text":"","src":"https:\/\/i0.wp.com\/lahoradelcampo.com.uy\/site\/wp-content\/uploads\/2021\/01\/intendencia.jpg?fit=880%2C440&ssl=1&resize=350%2C200","width":350,"height":200,"srcset":"https:\/\/i0.wp.com\/lahoradelcampo.com.uy\/site\/wp-content\/uploads\/2021\/01\/intendencia.jpg?fit=880%2C440&ssl=1&resize=350%2C200 1x, https:\/\/i0.wp.com\/lahoradelcampo.com.uy\/site\/wp-content\/uploads\/2021\/01\/intendencia.jpg?fit=880%2C440&ssl=1&resize=525%2C300 1.5x, https:\/\/i0.wp.com\/lahoradelcampo.com.uy\/site\/wp-content\/uploads\/2021\/01\/intendencia.jpg?fit=880%2C440&ssl=1&resize=700%2C400 2x"},"classes":[]},{"id":40921,"url":"https:\/\/lahoradelcampo.com.uy\/site\/mgap-recuerda-que-el-5-d-mayo-vence-el-plazo-a-postularse-al-fae\/","url_meta":{"origin":38597,"position":4},"title":"MGAP recuerda que el 5 d mayo vence el plazo a postularse al FAE","author":"La Hora del Campo","date":"20 abril, 2022","format":false,"excerpt":"En apoyo a productores en todo el territorio nacional, el 4 de febrero de 2022 se extendi\u00f3 por 90 d\u00edas la declaratoria de Emergencia Agropecuaria por vientos y turbonadas, para el rubro hort\u00edcola bajo cubierta. Asimismo, se ampli\u00f3 por el mismo per\u00edodo, la declaratoria efectuada originalmente para los rubros ganader\u00eda,\u2026","rel":"","context":"En \u00abActualidad\u00bb","block_context":{"text":"Actualidad","link":"https:\/\/lahoradelcampo.com.uy\/site\/category\/actualidad\/"},"img":{"alt_text":"","src":"https:\/\/i0.wp.com\/lahoradelcampo.com.uy\/site\/wp-content\/uploads\/2020\/12\/MGAPemergencia.jpg?fit=880%2C440&ssl=1&resize=350%2C200","width":350,"height":200,"srcset":"https:\/\/i0.wp.com\/lahoradelcampo.com.uy\/site\/wp-content\/uploads\/2020\/12\/MGAPemergencia.jpg?fit=880%2C440&ssl=1&resize=350%2C200 1x, https:\/\/i0.wp.com\/lahoradelcampo.com.uy\/site\/wp-content\/uploads\/2020\/12\/MGAPemergencia.jpg?fit=880%2C440&ssl=1&resize=525%2C300 1.5x, https:\/\/i0.wp.com\/lahoradelcampo.com.uy\/site\/wp-content\/uploads\/2020\/12\/MGAPemergencia.jpg?fit=880%2C440&ssl=1&resize=700%2C400 2x"},"classes":[]},{"id":48803,"url":"https:\/\/lahoradelcampo.com.uy\/site\/mgap-destinara-50-millones-de-pesos-a-las-intendencias\/","url_meta":{"origin":38597,"position":5},"title":"MGAP destinar\u00e1 50 millones de pesos a las Intendencias","author":"La Hora del Campo","date":"18 febrero, 2023","format":false,"excerpt":"El Ministerio de Ganader\u00eda, Agricultura y Pesca (MGAP) resolvi\u00f3, junto con el Congreso de Intendentes, extender un convenio firmado en 2022 para transferir a las intendencias recursos del Fondo Agropecuario de Emergencias, que ser\u00e1n destinados a aliviar la situaci\u00f3n que viven los productores rurales ante la sequ\u00eda que afecta a\u2026","rel":"","context":"En \u00abActualidad\u00bb","block_context":{"text":"Actualidad","link":"https:\/\/lahoradelcampo.com.uy\/site\/category\/actualidad\/"},"img":{"alt_text":"","src":"https:\/\/i0.wp.com\/lahoradelcampo.com.uy\/site\/wp-content\/uploads\/2023\/02\/FernandoMattos1.jpg?fit=880%2C440&ssl=1&resize=350%2C200","width":350,"height":200,"srcset":"https:\/\/i0.wp.com\/lahoradelcampo.com.uy\/site\/wp-content\/uploads\/2023\/02\/FernandoMattos1.jpg?fit=880%2C440&ssl=1&resize=350%2C200 1x, https:\/\/i0.wp.com\/lahoradelcampo.com.uy\/site\/wp-content\/uploads\/2023\/02\/FernandoMattos1.jpg?fit=880%2C440&ssl=1&resize=525%2C300 1.5x, https:\/\/i0.wp.com\/lahoradelcampo.com.uy\/site\/wp-content\/uploads\/2023\/02\/FernandoMattos1.jpg?fit=880%2C440&ssl=1&resize=700%2C400 2x"},"classes":[]}],"jetpack_likes_enabled":true,"_links":{"self":[{"href":"https:\/\/lahoradelcampo.com.uy\/site\/wp-json\/wp\/v2\/posts\/38597","targetHints":{"allow":["GET"]}}],"collection":[{"href":"https:\/\/lahoradelcampo.com.uy\/site\/wp-json\/wp\/v2\/posts"}],"about":[{"href":"https:\/\/lahoradelcampo.com.uy\/site\/wp-json\/wp\/v2\/types\/post"}],"author":[{"embeddable":true,"href":"https:\/\/lahoradelcampo.com.uy\/site\/wp-json\/wp\/v2\/users\/5"}],"replies":[{"embeddable":true,"href":"https:\/\/lahoradelcampo.com.uy\/site\/wp-json\/wp\/v2\/comments?post=38597"}],"version-history":[{"count":1,"href":"https:\/\/lahoradelcampo.com.uy\/site\/wp-json\/wp\/v2\/posts\/38597\/revisions"}],"predecessor-version":[{"id":38603,"href":"https:\/\/lahoradelcampo.com.uy\/site\/wp-json\/wp\/v2\/posts\/38597\/revisions\/38603"}],"wp:featuredmedia":[{"embeddable":true,"href":"https:\/\/lahoradelcampo.com.uy\/site\/wp-json\/wp\/v2\/media\/38601"}],"wp:attachment":[{"href":"https:\/\/lahoradelcampo.com.uy\/site\/wp-json\/wp\/v2\/media?parent=38597"}],"wp:term":[{"taxonomy":"category","embeddable":true,"href":"https:\/\/lahoradelcampo.com.uy\/site\/wp-json\/wp\/v2\/categories?post=38597"},{"taxonomy":"post_tag","embeddable":true,"href":"https:\/\/lahoradelcampo.com.uy\/site\/wp-json\/wp\/v2\/tags?post=38597"}],"curies":[{"name":"wp","href":"https:\/\/api.w.org\/{rel}","templated":true}]}}