{"id":38591,"date":"2022-01-26T10:10:18","date_gmt":"2022-01-26T13:10:18","guid":{"rendered":"http:\/\/lahoradelcampo.com.uy\/site\/?p=38591"},"modified":"2022-01-26T10:10:23","modified_gmt":"2022-01-26T13:10:23","slug":"lacalle-pou-decir-conaprole-es-decir-uruguay","status":"publish","type":"post","link":"https:\/\/lahoradelcampo.com.uy\/site\/lacalle-pou-decir-conaprole-es-decir-uruguay\/","title":{"rendered":"Lacalle Pou: \u00abDecir Conaprole es decir Uruguay\u00bb"},"content":{"rendered":"\n<figure class=\"wp-block-image\"><img data-recalc-dims=\"1\" loading=\"lazy\" decoding=\"async\" width=\"810\" height=\"405\" data-attachment-id=\"38593\" data-permalink=\"https:\/\/lahoradelcampo.com.uy\/site\/lacalle-pou-decir-conaprole-es-decir-uruguay\/conaprole-presidente\/\" data-orig-file=\"https:\/\/i0.wp.com\/lahoradelcampo.com.uy\/site\/wp-content\/uploads\/2022\/01\/Conaprole-presidente.jpg?fit=880%2C440&amp;ssl=1\" data-orig-size=\"880,440\" data-comments-opened=\"1\" data-image-meta=\"{&quot;aperture&quot;:&quot;0&quot;,&quot;credit&quot;:&quot;&quot;,&quot;camera&quot;:&quot;&quot;,&quot;caption&quot;:&quot;&quot;,&quot;created_timestamp&quot;:&quot;0&quot;,&quot;copyright&quot;:&quot;&quot;,&quot;focal_length&quot;:&quot;0&quot;,&quot;iso&quot;:&quot;0&quot;,&quot;shutter_speed&quot;:&quot;0&quot;,&quot;title&quot;:&quot;&quot;,&quot;orientation&quot;:&quot;1&quot;}\" data-image-title=\"Conaprole-presidente\" data-image-description=\"\" data-image-caption=\"\" data-large-file=\"https:\/\/i0.wp.com\/lahoradelcampo.com.uy\/site\/wp-content\/uploads\/2022\/01\/Conaprole-presidente.jpg?fit=810%2C405&amp;ssl=1\" src=\"https:\/\/i0.wp.com\/lahoradelcampo.com.uy\/site\/wp-content\/uploads\/2022\/01\/Conaprole-presidente.jpg?resize=810%2C405\" alt=\"\" class=\"wp-image-38593\" srcset=\"https:\/\/i0.wp.com\/lahoradelcampo.com.uy\/site\/wp-content\/uploads\/2022\/01\/Conaprole-presidente.jpg?w=880&amp;ssl=1 880w, https:\/\/i0.wp.com\/lahoradelcampo.com.uy\/site\/wp-content\/uploads\/2022\/01\/Conaprole-presidente.jpg?resize=300%2C150&amp;ssl=1 300w, https:\/\/i0.wp.com\/lahoradelcampo.com.uy\/site\/wp-content\/uploads\/2022\/01\/Conaprole-presidente.jpg?resize=768%2C384&amp;ssl=1 768w, https:\/\/i0.wp.com\/lahoradelcampo.com.uy\/site\/wp-content\/uploads\/2022\/01\/Conaprole-presidente.jpg?resize=820%2C410&amp;ssl=1 820w\" sizes=\"auto, (max-width: 810px) 100vw, 810px\" \/><\/figure>\n\n\n\n<p>En la jornada de ayer en la zona de Rodr\u00edguez, en el departamento de San Jos\u00e9, se inaugur\u00f3 la nueva planta de productos nutricionales de la Cooperativa Nacional de Productores de Leche (Conaprole), la cual demand\u00f3 una inversi\u00f3n de 140 millones de d\u00f3lares. El nuevo emprendimiento fue inaugurado por el Presidente de la Rep\u00fablica, Dr. Luis Lacalle Pou, qui\u00e9n destac\u00f3 el sentido de pertenencia de la cooperativa lechera para con la sociedad uruguaya y valor\u00f3 la labor de los tamberos en todo el pa\u00eds. \u201cDecir Conaprole es decir Uruguay\u201d, se\u00f1al\u00f3 el primer mandatario.<br><\/p>\n\n\n\n<p>Lacalle Pou se refiri\u00f3 al avance de la tecnolog\u00eda que promueve la empresa en todo el proceso productivo de la actividad l\u00e1ctea: cr\u00eda de ganado, trazabilidad, cadena de fr\u00edo en predios de peque\u00f1os productores y mejora en las plantas. \u201cQue Uruguay tenga una producci\u00f3n e industrializaci\u00f3n de punta nos pone muy orgullosos\u201d, manifest\u00f3.<br><\/p>\n\n\n\n<p>Asimismo, remarc\u00f3 la comuni\u00f3n entre el Estado y Conaprole a lo largo de los a\u00f1os y el apoyo mutuo que se brinda para mejorar el c\u00edrculo virtuoso de la industria lechera nacional. En esta l\u00ednea, manifest\u00f3 que todas las empresas del sector son preocupaci\u00f3n del Gobierno y que se busca mejorar los instrumentos en este sentido.<br><\/p>\n\n\n\n<p>Adem\u00e1s, se refiri\u00f3 a la apertura de nuevos mercados para colocar los productos en el extranjero con menos trabas arancelarias. \u201cEs un d\u00eda de confirmar que Uruguay juega en primera en cualquier lugar del mundo si se nos da la posibilidad\u201d, concluy\u00f3.<br><\/p>\n\n\n\n<p>La Cooperativa Nacional de Productores de Leche (Conaprole) es la mayor empresa privada de Uruguay y en los \u00faltimos 10 a\u00f1os invirti\u00f3 m\u00e1s de 400 millones de d\u00f3lares.<br><\/p>\n\n\n\n<p>El Complejo Industrial Villa Rodr\u00edguez, ubicado en el kil\u00f3metro 82 de ruta 45, en el departamento de San Jos\u00e9, abarca una extensi\u00f3n de 1.400.000 metros cuadrados, de los cuales 103.000 est\u00e1n edificados. <br><\/p>\n\n\n\n<p>En la planta trabaja un equipo de 400 operarios y se elabora leche pasteurizada y ultrapasteurizada, quesos y productos nutricionales. La inversi\u00f3n total en los \u00faltimos cuatro a\u00f1os fue de 140 millones de d\u00f3lares.<\/p>\n\n\n\n<p>Salto, 26 de enero de 2022<\/p>\n","protected":false},"excerpt":{"rendered":"<p>En la jornada de ayer en la zona de Rodr\u00edguez, en el departamento de San Jos\u00e9, se inaugur\u00f3 la nueva planta de productos nutricionales de la Cooperativa Nacional de Productores [&hellip;]<\/p>\n","protected":false},"author":5,"featured_media":38593,"comment_status":"open","ping_status":"open","sticky":false,"template":"","format":"standard","meta":{"_price":"","_stock":"","_tribe_ticket_header":"","_tribe_default_ticket_provider":"","_tribe_ticket_capacity":"0","_ticket_start_date":"","_ticket_end_date":"","_tribe_ticket_show_description":"","_tribe_ticket_show_not_going":false,"_tribe_ticket_use_global_stock":"","_tribe_ticket_global_stock_level":"","_global_stock_mode":"","_global_stock_cap":"","_tribe_rsvp_for_event":"","_tribe_ticket_going_count":"","_tribe_ticket_not_going_count":"","_tribe_tickets_list":"[]","_tribe_ticket_has_attendee_info_fields":false,"h5ap_radio_sources":[],"_jetpack_newsletter_access":"","_jetpack_dont_email_post_to_subs":false,"_jetpack_newsletter_tier_id":0,"_jetpack_memberships_contains_paywalled_content":false,"_jetpack_memberships_contains_paid_content":false,"footnotes":""},"categories":[21,11],"tags":[],"class_list":["post-38591","post","type-post","status-publish","format-standard","has-post-thumbnail","hentry","category-actualidad","category-lecheria"],"jetpack_featured_media_url":"https:\/\/i0.wp.com\/lahoradelcampo.com.uy\/site\/wp-content\/uploads\/2022\/01\/Conaprole-presidente.jpg?fit=880%2C440&ssl=1","jetpack_sharing_enabled":true,"jetpack_shortlink":"https:\/\/wp.me\/p99IaT-a2r","jetpack-related-posts":[{"id":50903,"url":"https:\/\/lahoradelcampo.com.uy\/site\/conaprole-acepta-propuesta-del-mtss-y-convoca-a-asamblea-de-productores\/","url_meta":{"origin":38591,"position":0},"title":"Conaprole acepta propuesta del MTSS y convoca a Asamblea de Productores","author":"La Hora del Campo","date":"30 mayo, 2023","format":false,"excerpt":"En el marco del conflicto laboral dentro de la Cooperativa Conaprole, el Director de la empresa, el Ing. Agr. Juan Javier Parra, anunci\u00f3 en el programa radial \"Lecher\u00eda en el Uruguay\", que la propuesta presentada por el Ministerio de Trabajo y Seguridad Social (MTSS) en relaci\u00f3n al sector UHT Rodr\u00edguez\u2026","rel":"","context":"En \u00abActualidad\u00bb","block_context":{"text":"Actualidad","link":"https:\/\/lahoradelcampo.com.uy\/site\/category\/actualidad\/"},"img":{"alt_text":"","src":"https:\/\/i0.wp.com\/lahoradelcampo.com.uy\/site\/wp-content\/uploads\/2023\/05\/Conaprole-camiones.jpg?fit=880%2C440&ssl=1&resize=350%2C200","width":350,"height":200,"srcset":"https:\/\/i0.wp.com\/lahoradelcampo.com.uy\/site\/wp-content\/uploads\/2023\/05\/Conaprole-camiones.jpg?fit=880%2C440&ssl=1&resize=350%2C200 1x, https:\/\/i0.wp.com\/lahoradelcampo.com.uy\/site\/wp-content\/uploads\/2023\/05\/Conaprole-camiones.jpg?fit=880%2C440&ssl=1&resize=525%2C300 1.5x, https:\/\/i0.wp.com\/lahoradelcampo.com.uy\/site\/wp-content\/uploads\/2023\/05\/Conaprole-camiones.jpg?fit=880%2C440&ssl=1&resize=700%2C400 2x"},"classes":[]},{"id":23890,"url":"https:\/\/lahoradelcampo.com.uy\/site\/lacalle-pou-como-dice-una-calcomania-por-ahi-yo-estoy-con-el-campo\/","url_meta":{"origin":38591,"position":1},"title":"Lacalle Pou: Como dice una calcoman\u00eda  por ah\u00ed&#8230; \u00abYo estoy con el campo\u00bb","author":"La Hora del Campo","date":"21 septiembre, 2020","format":false,"excerpt":"En la jornada de ayer se realiz\u00f3 el acto de clausura de la 115 edici\u00f3n de la Expo Prado 2020, con la presencia del Presidente de la Rep\u00fablica, Dr. Luis Lacalle Pou, y pr\u00e1cticamente todo su gabinete de gobierno. En una muestra muy especial, las autoridades no estuvieron ausentes en\u2026","rel":"","context":"En \u00abActualidad\u00bb","block_context":{"text":"Actualidad","link":"https:\/\/lahoradelcampo.com.uy\/site\/category\/actualidad\/"},"img":{"alt_text":"","src":"https:\/\/i0.wp.com\/lahoradelcampo.com.uy\/site\/wp-content\/uploads\/2020\/09\/Lacalleprado.jpg?fit=880%2C440&ssl=1&resize=350%2C200","width":350,"height":200,"srcset":"https:\/\/i0.wp.com\/lahoradelcampo.com.uy\/site\/wp-content\/uploads\/2020\/09\/Lacalleprado.jpg?fit=880%2C440&ssl=1&resize=350%2C200 1x, https:\/\/i0.wp.com\/lahoradelcampo.com.uy\/site\/wp-content\/uploads\/2020\/09\/Lacalleprado.jpg?fit=880%2C440&ssl=1&resize=525%2C300 1.5x, https:\/\/i0.wp.com\/lahoradelcampo.com.uy\/site\/wp-content\/uploads\/2020\/09\/Lacalleprado.jpg?fit=880%2C440&ssl=1&resize=700%2C400 2x"},"classes":[]},{"id":55869,"url":"https:\/\/lahoradelcampo.com.uy\/site\/mejoro-la-remision-de-leche-a-conaprole-en-marzo\/","url_meta":{"origin":38591,"position":2},"title":"Mejor\u00f3 la remisi\u00f3n de leche a Conaprole en marzo","author":"La Hora del Campo","date":"13 abril, 2025","format":false,"excerpt":"Luego del impacto negativo de la ola de calor en marzo, Conaprole logr\u00f3 revertir la ca\u00edda en la remisi\u00f3n de leche. En los \u00faltimos 10 d\u00edas del mes, la cooperativa registr\u00f3 un aumento del 10% frente al mismo per\u00edodo de 2024. El volumen procesado totaliz\u00f3 96 millones de litros en\u2026","rel":"","context":"En \u00abLecher\u00eda\u00bb","block_context":{"text":"Lecher\u00eda","link":"https:\/\/lahoradelcampo.com.uy\/site\/category\/lecheria\/"},"img":{"alt_text":"","src":"https:\/\/i0.wp.com\/lahoradelcampo.com.uy\/site\/wp-content\/uploads\/2019\/04\/Conaprole-1.jpg?fit=880%2C440&ssl=1&resize=350%2C200","width":350,"height":200,"srcset":"https:\/\/i0.wp.com\/lahoradelcampo.com.uy\/site\/wp-content\/uploads\/2019\/04\/Conaprole-1.jpg?fit=880%2C440&ssl=1&resize=350%2C200 1x, https:\/\/i0.wp.com\/lahoradelcampo.com.uy\/site\/wp-content\/uploads\/2019\/04\/Conaprole-1.jpg?fit=880%2C440&ssl=1&resize=525%2C300 1.5x, https:\/\/i0.wp.com\/lahoradelcampo.com.uy\/site\/wp-content\/uploads\/2019\/04\/Conaprole-1.jpg?fit=880%2C440&ssl=1&resize=700%2C400 2x"},"classes":[]},{"id":46835,"url":"https:\/\/lahoradelcampo.com.uy\/site\/lacalle-pou-inauguro-la-zafra-apicola-2022-en-lavalleja\/","url_meta":{"origin":38591,"position":3},"title":"Lacalle Pou inaugur\u00f3 la zafra ap\u00edcola 2022 en Lavalleja","author":"La Hora del Campo","date":"7 noviembre, 2022","format":false,"excerpt":"Durante la inauguraci\u00f3n de la zafra mielera 2022-2022, celebrada en la sala de extracci\u00f3n Los Corrales de la localidad Jos\u00e9 Pedro Varela, Lavalleja, el presidente Lacalle Pou valor\u00f3 el desarrollo logrado por el sector desde 2020. El jerarca enfatiz\u00f3 la calidad de la producci\u00f3n, la diversificaci\u00f3n y la necesidad de\u2026","rel":"","context":"En \u00abActualidad\u00bb","block_context":{"text":"Actualidad","link":"https:\/\/lahoradelcampo.com.uy\/site\/category\/actualidad\/"},"img":{"alt_text":"","src":"https:\/\/i0.wp.com\/lahoradelcampo.com.uy\/site\/wp-content\/uploads\/2022\/11\/ZafraMiel.jpg?fit=880%2C440&ssl=1&resize=350%2C200","width":350,"height":200,"srcset":"https:\/\/i0.wp.com\/lahoradelcampo.com.uy\/site\/wp-content\/uploads\/2022\/11\/ZafraMiel.jpg?fit=880%2C440&ssl=1&resize=350%2C200 1x, https:\/\/i0.wp.com\/lahoradelcampo.com.uy\/site\/wp-content\/uploads\/2022\/11\/ZafraMiel.jpg?fit=880%2C440&ssl=1&resize=525%2C300 1.5x, https:\/\/i0.wp.com\/lahoradelcampo.com.uy\/site\/wp-content\/uploads\/2022\/11\/ZafraMiel.jpg?fit=880%2C440&ssl=1&resize=700%2C400 2x"},"classes":[]},{"id":54557,"url":"https:\/\/lahoradelcampo.com.uy\/site\/lacalle-pou-entrego-premios-a-guasqueros-y-grandes-campeones\/","url_meta":{"origin":38591,"position":4},"title":"Lacalle Pou entreg\u00f3 premios a guasqueros y grandes campeones","author":"La Hora del Campo","date":"13 septiembre, 2024","format":false,"excerpt":"En la tarde del viernes, el presidente recorri\u00f3 el predio de la rural y entreg\u00f3 premios a guasqueros, acompa\u00f1ado por el presidente del Banco Rep\u00fablica, Salvador Ferrer, y representantes de la Asociaci\u00f3n Rural del Uruguay (ARU). \u201cPa\u00eds de Guasqueros\u201d celebra su 5.\u00aa edici\u00f3n en la Expo Prado, en la zona\u2026","rel":"","context":"En \u00abActualidad\u00bb","block_context":{"text":"Actualidad","link":"https:\/\/lahoradelcampo.com.uy\/site\/category\/actualidad\/"},"img":{"alt_text":"","src":"https:\/\/i0.wp.com\/lahoradelcampo.com.uy\/site\/wp-content\/uploads\/2024\/09\/PremioGuasqueros1.jpg?fit=880%2C440&ssl=1&resize=350%2C200","width":350,"height":200,"srcset":"https:\/\/i0.wp.com\/lahoradelcampo.com.uy\/site\/wp-content\/uploads\/2024\/09\/PremioGuasqueros1.jpg?fit=880%2C440&ssl=1&resize=350%2C200 1x, https:\/\/i0.wp.com\/lahoradelcampo.com.uy\/site\/wp-content\/uploads\/2024\/09\/PremioGuasqueros1.jpg?fit=880%2C440&ssl=1&resize=525%2C300 1.5x, https:\/\/i0.wp.com\/lahoradelcampo.com.uy\/site\/wp-content\/uploads\/2024\/09\/PremioGuasqueros1.jpg?fit=880%2C440&ssl=1&resize=700%2C400 2x"},"classes":[]},{"id":52885,"url":"https:\/\/lahoradelcampo.com.uy\/site\/lacalle-pour-expreso-su-apoyo-al-sector-apicola-en-la-inauguracion-de-la-zafra\/","url_meta":{"origin":38591,"position":5},"title":"Lacalle Pour expres\u00f3 su apoyo al sector ap\u00edcola en la inauguraci\u00f3n de la zafra","author":"La Hora del Campo","date":"24 octubre, 2023","format":false,"excerpt":"Las autoridades nacionales se reunieron en la sede de la Cooperativa Agraria de Young, en R\u00edo Negro, para marcar el comienzo de la zafra de miel 2023, un evento que cont\u00f3 con la presencia del ministro de Ganader\u00eda, Agricultura y Pesca, Fernando Mattos, y el presidente de la Rep\u00fablica, Dr.\u2026","rel":"","context":"En \u00abActualidad\u00bb","block_context":{"text":"Actualidad","link":"https:\/\/lahoradelcampo.com.uy\/site\/category\/actualidad\/"},"img":{"alt_text":"","src":"https:\/\/i0.wp.com\/lahoradelcampo.com.uy\/site\/wp-content\/uploads\/2023\/10\/zafrademiel.jpg?fit=880%2C440&ssl=1&resize=350%2C200","width":350,"height":200,"srcset":"https:\/\/i0.wp.com\/lahoradelcampo.com.uy\/site\/wp-content\/uploads\/2023\/10\/zafrademiel.jpg?fit=880%2C440&ssl=1&resize=350%2C200 1x, https:\/\/i0.wp.com\/lahoradelcampo.com.uy\/site\/wp-content\/uploads\/2023\/10\/zafrademiel.jpg?fit=880%2C440&ssl=1&resize=525%2C300 1.5x, https:\/\/i0.wp.com\/lahoradelcampo.com.uy\/site\/wp-content\/uploads\/2023\/10\/zafrademiel.jpg?fit=880%2C440&ssl=1&resize=700%2C400 2x"},"classes":[]}],"jetpack_likes_enabled":true,"_links":{"self":[{"href":"https:\/\/lahoradelcampo.com.uy\/site\/wp-json\/wp\/v2\/posts\/38591","targetHints":{"allow":["GET"]}}],"collection":[{"href":"https:\/\/lahoradelcampo.com.uy\/site\/wp-json\/wp\/v2\/posts"}],"about":[{"href":"https:\/\/lahoradelcampo.com.uy\/site\/wp-json\/wp\/v2\/types\/post"}],"author":[{"embeddable":true,"href":"https:\/\/lahoradelcampo.com.uy\/site\/wp-json\/wp\/v2\/users\/5"}],"replies":[{"embeddable":true,"href":"https:\/\/lahoradelcampo.com.uy\/site\/wp-json\/wp\/v2\/comments?post=38591"}],"version-history":[{"count":1,"href":"https:\/\/lahoradelcampo.com.uy\/site\/wp-json\/wp\/v2\/posts\/38591\/revisions"}],"predecessor-version":[{"id":38595,"href":"https:\/\/lahoradelcampo.com.uy\/site\/wp-json\/wp\/v2\/posts\/38591\/revisions\/38595"}],"wp:featuredmedia":[{"embeddable":true,"href":"https:\/\/lahoradelcampo.com.uy\/site\/wp-json\/wp\/v2\/media\/38593"}],"wp:attachment":[{"href":"https:\/\/lahoradelcampo.com.uy\/site\/wp-json\/wp\/v2\/media?parent=38591"}],"wp:term":[{"taxonomy":"category","embeddable":true,"href":"https:\/\/lahoradelcampo.com.uy\/site\/wp-json\/wp\/v2\/categories?post=38591"},{"taxonomy":"post_tag","embeddable":true,"href":"https:\/\/lahoradelcampo.com.uy\/site\/wp-json\/wp\/v2\/tags?post=38591"}],"curies":[{"name":"wp","href":"https:\/\/api.w.org\/{rel}","templated":true}]}}