{"id":38587,"date":"2022-01-26T10:05:16","date_gmt":"2022-01-26T13:05:16","guid":{"rendered":"http:\/\/lahoradelcampo.com.uy\/site\/?p=38587"},"modified":"2022-01-26T10:05:21","modified_gmt":"2022-01-26T13:05:21","slug":"lana-se-siguen-concretando-negocios","status":"publish","type":"post","link":"https:\/\/lahoradelcampo.com.uy\/site\/lana-se-siguen-concretando-negocios\/","title":{"rendered":"Lana: se siguen concretando negocios"},"content":{"rendered":"\n<figure class=\"wp-block-image\"><img data-recalc-dims=\"1\" loading=\"lazy\" decoding=\"async\" width=\"810\" height=\"405\" data-attachment-id=\"30078\" data-permalink=\"https:\/\/lahoradelcampo.com.uy\/site\/valores-estables-y-pocos-negocios-de-lana-en-el-norte\/lanavellon\/\" data-orig-file=\"https:\/\/i0.wp.com\/lahoradelcampo.com.uy\/site\/wp-content\/uploads\/2021\/05\/lanavellon.jpg?fit=880%2C440&amp;ssl=1\" data-orig-size=\"880,440\" data-comments-opened=\"1\" data-image-meta=\"{&quot;aperture&quot;:&quot;0&quot;,&quot;credit&quot;:&quot;&quot;,&quot;camera&quot;:&quot;&quot;,&quot;caption&quot;:&quot;&quot;,&quot;created_timestamp&quot;:&quot;0&quot;,&quot;copyright&quot;:&quot;&quot;,&quot;focal_length&quot;:&quot;0&quot;,&quot;iso&quot;:&quot;0&quot;,&quot;shutter_speed&quot;:&quot;0&quot;,&quot;title&quot;:&quot;&quot;,&quot;orientation&quot;:&quot;1&quot;}\" data-image-title=\"lanavellon\" data-image-description=\"\" data-image-caption=\"\" data-large-file=\"https:\/\/i0.wp.com\/lahoradelcampo.com.uy\/site\/wp-content\/uploads\/2021\/05\/lanavellon.jpg?fit=810%2C405&amp;ssl=1\" src=\"https:\/\/i0.wp.com\/lahoradelcampo.com.uy\/site\/wp-content\/uploads\/2021\/05\/lanavellon.jpg?resize=810%2C405\" alt=\"\" class=\"wp-image-30078\" srcset=\"https:\/\/i0.wp.com\/lahoradelcampo.com.uy\/site\/wp-content\/uploads\/2021\/05\/lanavellon.jpg?w=880&amp;ssl=1 880w, https:\/\/i0.wp.com\/lahoradelcampo.com.uy\/site\/wp-content\/uploads\/2021\/05\/lanavellon.jpg?resize=300%2C150&amp;ssl=1 300w, https:\/\/i0.wp.com\/lahoradelcampo.com.uy\/site\/wp-content\/uploads\/2021\/05\/lanavellon.jpg?resize=768%2C384&amp;ssl=1 768w, https:\/\/i0.wp.com\/lahoradelcampo.com.uy\/site\/wp-content\/uploads\/2021\/05\/lanavellon.jpg?resize=820%2C410&amp;ssl=1 820w\" sizes=\"auto, (max-width: 810px) 100vw, 810px\" \/><\/figure>\n\n\n\n<p>Seg\u00fan inform\u00f3 en la jornada de ayer, Gast\u00f3n Aldabe (Periodista de El Palenque Agropecuario) se concret\u00f3 un negocio de lanas merino en la zona de Caraguat\u00e1 en el departamento de Tacuaremb\u00f3. <br><\/p>\n\n\n\n<p>De acuerdo a los datos proporcionados por el colega, se trata de un lote de 4.200 kilogramos de lana Merino Australiano, ubicado en las 20 micras de promedio y cuenta con certificaci\u00f3n RWS. <\/p>\n\n\n\n<p>El negocio de esta lana  se cerr\u00f3 en U$S 7,05 el kilo de vell\u00f3n y U$S 1 los subproductos.<\/p>\n\n\n\n<p>Salto, 26 de enero de 2022<\/p>\n","protected":false},"excerpt":{"rendered":"<p>Seg\u00fan inform\u00f3 en la jornada de ayer, Gast\u00f3n Aldabe (Periodista de El Palenque Agropecuario) se concret\u00f3 un negocio de lanas merino en la zona de Caraguat\u00e1 en el departamento de [&hellip;]<\/p>\n","protected":false},"author":5,"featured_media":30078,"comment_status":"open","ping_status":"open","sticky":false,"template":"","format":"standard","meta":{"_price":"","_stock":"","_tribe_ticket_header":"","_tribe_default_ticket_provider":"","_tribe_ticket_capacity":"0","_ticket_start_date":"","_ticket_end_date":"","_tribe_ticket_show_description":"","_tribe_ticket_show_not_going":false,"_tribe_ticket_use_global_stock":"","_tribe_ticket_global_stock_level":"","_global_stock_mode":"","_global_stock_cap":"","_tribe_rsvp_for_event":"","_tribe_ticket_going_count":"","_tribe_ticket_not_going_count":"","_tribe_tickets_list":"[]","_tribe_ticket_has_attendee_info_fields":false,"h5ap_radio_sources":[],"_jetpack_newsletter_access":"","_jetpack_dont_email_post_to_subs":false,"_jetpack_newsletter_tier_id":0,"_jetpack_memberships_contains_paywalled_content":false,"_jetpack_memberships_contains_paid_content":false,"footnotes":""},"categories":[21,13],"tags":[],"class_list":["post-38587","post","type-post","status-publish","format-standard","has-post-thumbnail","hentry","category-actualidad","category-ovinos"],"jetpack_featured_media_url":"https:\/\/i0.wp.com\/lahoradelcampo.com.uy\/site\/wp-content\/uploads\/2021\/05\/lanavellon.jpg?fit=880%2C440&ssl=1","jetpack_sharing_enabled":true,"jetpack_shortlink":"https:\/\/wp.me\/p99IaT-a2n","jetpack-related-posts":[{"id":4263,"url":"https:\/\/lahoradelcampo.com.uy\/site\/lana-merino-alcanza-un-nuevo-record-de-precio\/","url_meta":{"origin":38587,"position":0},"title":"Lana merino alcanza un nuevo r\u00e9cord de precio","author":"La Hora del Campo","date":"28 noviembre, 2017","format":false,"excerpt":"En el transcurso del mes de noviembre se registraron consecutivamente varios negocios de lana que alcanzaron valores que fueron marcando m\u00e1ximos de la zafra para los distintos micronajes. En este sentido recordemos el negocio realizado por la caba\u00f1a La Arrayanes, lote de 10.500 kilos de 16,8 micras que cotiz\u00f3 a\u2026","rel":"","context":"En \u00abActualidad\u00bb","block_context":{"text":"Actualidad","link":"https:\/\/lahoradelcampo.com.uy\/site\/category\/actualidad\/"},"img":{"alt_text":"","src":"https:\/\/i0.wp.com\/lahoradelcampo.com.uy\/site\/wp-content\/uploads\/2017\/11\/trifoglio.jpg?fit=880%2C440&ssl=1&resize=350%2C200","width":350,"height":200,"srcset":"https:\/\/i0.wp.com\/lahoradelcampo.com.uy\/site\/wp-content\/uploads\/2017\/11\/trifoglio.jpg?fit=880%2C440&ssl=1&resize=350%2C200 1x, https:\/\/i0.wp.com\/lahoradelcampo.com.uy\/site\/wp-content\/uploads\/2017\/11\/trifoglio.jpg?fit=880%2C440&ssl=1&resize=525%2C300 1.5x, https:\/\/i0.wp.com\/lahoradelcampo.com.uy\/site\/wp-content\/uploads\/2017\/11\/trifoglio.jpg?fit=880%2C440&ssl=1&resize=700%2C400 2x"},"classes":[]},{"id":3347,"url":"https:\/\/lahoradelcampo.com.uy\/site\/lana-de-los-arrayanes-cotizo-a-us-1212\/","url_meta":{"origin":38587,"position":1},"title":"Lana de \u00abLos Arrayanes\u00bb cotiz\u00f3 a U$S 12,12","author":"La Hora del Campo","date":"30 octubre, 2017","format":false,"excerpt":"Cuando el mercado reconoce y valoriza a\u00f1os de trabajo y mejoramiento gen\u00e9tico en el afinamiento de las lanas, se renuevan las energ\u00edas para continuar avanzando y apostando a un ovino muy golpeado por factores externos al rubro. Luego que el presidente de la Federaci\u00f3n Internacional de Merino Australiano, Tom Ashby,\u2026","rel":"","context":"En \u00abActualidad\u00bb","block_context":{"text":"Actualidad","link":"https:\/\/lahoradelcampo.com.uy\/site\/category\/actualidad\/"},"img":{"alt_text":"","src":"https:\/\/i0.wp.com\/lahoradelcampo.com.uy\/site\/wp-content\/uploads\/2017\/10\/Los-Arrayanes.jpg?fit=880%2C440&ssl=1&resize=350%2C200","width":350,"height":200,"srcset":"https:\/\/i0.wp.com\/lahoradelcampo.com.uy\/site\/wp-content\/uploads\/2017\/10\/Los-Arrayanes.jpg?fit=880%2C440&ssl=1&resize=350%2C200 1x, https:\/\/i0.wp.com\/lahoradelcampo.com.uy\/site\/wp-content\/uploads\/2017\/10\/Los-Arrayanes.jpg?fit=880%2C440&ssl=1&resize=525%2C300 1.5x, https:\/\/i0.wp.com\/lahoradelcampo.com.uy\/site\/wp-content\/uploads\/2017\/10\/Los-Arrayanes.jpg?fit=880%2C440&ssl=1&resize=700%2C400 2x"},"classes":[]},{"id":5053,"url":"https:\/\/lahoradelcampo.com.uy\/site\/se-licito-lote-de-lana-del-crilu-en-us-1390\/","url_meta":{"origin":38587,"position":2},"title":"Se licit\u00f3 lote de lana  del Crilu en U$S 13,90","author":"La Hora del Campo","date":"21 diciembre, 2017","format":false,"excerpt":"En la jornada de ayer se concret\u00f3 la licitaci\u00f3n del lote de lana Merino Australiano ultrafina del Consorcio Regional de Lanas Ultrafinas del Uruguay (Crilu) con la participaci\u00f3n de las cuatro industrias topistas uruguayas que han venido participando del consorcio desde sus inicios. El Dr. Juan P\u00e9rez Jones, integrante del\u2026","rel":"","context":"En \u00abActualidad\u00bb","block_context":{"text":"Actualidad","link":"https:\/\/lahoradelcampo.com.uy\/site\/category\/actualidad\/"},"img":{"alt_text":"","src":"https:\/\/i0.wp.com\/lahoradelcampo.com.uy\/site\/wp-content\/uploads\/2017\/12\/Crilu-2.jpg?fit=880%2C440&ssl=1&resize=350%2C200","width":350,"height":200,"srcset":"https:\/\/i0.wp.com\/lahoradelcampo.com.uy\/site\/wp-content\/uploads\/2017\/12\/Crilu-2.jpg?fit=880%2C440&ssl=1&resize=350%2C200 1x, https:\/\/i0.wp.com\/lahoradelcampo.com.uy\/site\/wp-content\/uploads\/2017\/12\/Crilu-2.jpg?fit=880%2C440&ssl=1&resize=525%2C300 1.5x, https:\/\/i0.wp.com\/lahoradelcampo.com.uy\/site\/wp-content\/uploads\/2017\/12\/Crilu-2.jpg?fit=880%2C440&ssl=1&resize=700%2C400 2x"},"classes":[]},{"id":38649,"url":"https:\/\/lahoradelcampo.com.uy\/site\/lote-destacado-del-merino-cotizo-a-us-1433\/","url_meta":{"origin":38587,"position":3},"title":"Lote destacado del Merino cotiz\u00f3 a US$ 14,33","author":"La Hora del Campo","date":"28 enero, 2022","format":false,"excerpt":"La familia Zabala con campos en el departamento de Paysand\u00fa sobre la ruta 26, concret\u00f3 la venta esta semana de 27.000 kilos de lana Merino Australiano de 16,8 micras, considerado uno de los lotes m\u00e1s finos del pa\u00eds por volumen y finura homog\u00e9nea, en negocio realizado a U$S 14,33 m\u00e1s\u2026","rel":"","context":"En \u00abActualidad\u00bb","block_context":{"text":"Actualidad","link":"https:\/\/lahoradelcampo.com.uy\/site\/category\/actualidad\/"},"img":{"alt_text":"","src":"https:\/\/i0.wp.com\/lahoradelcampo.com.uy\/site\/wp-content\/uploads\/2021\/12\/Lana-Crilu.jpg?fit=880%2C440&ssl=1&resize=350%2C200","width":350,"height":200,"srcset":"https:\/\/i0.wp.com\/lahoradelcampo.com.uy\/site\/wp-content\/uploads\/2021\/12\/Lana-Crilu.jpg?fit=880%2C440&ssl=1&resize=350%2C200 1x, https:\/\/i0.wp.com\/lahoradelcampo.com.uy\/site\/wp-content\/uploads\/2021\/12\/Lana-Crilu.jpg?fit=880%2C440&ssl=1&resize=525%2C300 1.5x, https:\/\/i0.wp.com\/lahoradelcampo.com.uy\/site\/wp-content\/uploads\/2021\/12\/Lana-Crilu.jpg?fit=880%2C440&ssl=1&resize=700%2C400 2x"},"classes":[]},{"id":17476,"url":"https:\/\/lahoradelcampo.com.uy\/site\/se-continua-colocando-lana-merino-e-ideal-en-el-norte-del-pais\/","url_meta":{"origin":38587,"position":4},"title":"Se contin\u00faa colocando lana merino e ideal en el norte del pa\u00eds","author":"La Hora del Campo","date":"19 febrero, 2020","format":false,"excerpt":"La demanda contin\u00faa firme en el norte del pa\u00eds por lanas merino e ideal, principalmente por lanas certificadas org\u00e1nicas con destino a la industria topista, mientras que la exportaci\u00f3n en pie tambi\u00e9n presiona el mercado. En este sentido se concret\u00f3 un negocio a la exportaci\u00f3n en sucio de 5.000 kilos\u2026","rel":"","context":"En \u00abActualidad\u00bb","block_context":{"text":"Actualidad","link":"https:\/\/lahoradelcampo.com.uy\/site\/category\/actualidad\/"},"img":{"alt_text":"","src":"https:\/\/i0.wp.com\/lahoradelcampo.com.uy\/site\/wp-content\/uploads\/2018\/03\/lanar-web.jpg?fit=880%2C440&ssl=1&resize=350%2C200","width":350,"height":200,"srcset":"https:\/\/i0.wp.com\/lahoradelcampo.com.uy\/site\/wp-content\/uploads\/2018\/03\/lanar-web.jpg?fit=880%2C440&ssl=1&resize=350%2C200 1x, https:\/\/i0.wp.com\/lahoradelcampo.com.uy\/site\/wp-content\/uploads\/2018\/03\/lanar-web.jpg?fit=880%2C440&ssl=1&resize=525%2C300 1.5x, https:\/\/i0.wp.com\/lahoradelcampo.com.uy\/site\/wp-content\/uploads\/2018\/03\/lanar-web.jpg?fit=880%2C440&ssl=1&resize=700%2C400 2x"},"classes":[]},{"id":30456,"url":"https:\/\/lahoradelcampo.com.uy\/site\/se-concreto-negocio-de-lana-en-paysandu-por-mas-de-us-1-500-000\/","url_meta":{"origin":38587,"position":5},"title":"Se concret\u00f3 negocio de lana en Paysand\u00fa por m\u00e1s de US$ 1.500.000","author":"La Hora del Campo","date":"24 mayo, 2021","format":false,"excerpt":"Esta semana se concret\u00f3 la venta de un lote de lana merino en Paysand\u00fa, con un total de 140.000 kilos pertenecientes a tres zafras de un mismo productor, que sum\u00f3 un negocio de US$ 1.500.000. De acuerdo a los datos aportados por el colega Pablo Blanc, de El Tel\u00e9grafo, dicho\u2026","rel":"","context":"En \u00abActualidad\u00bb","block_context":{"text":"Actualidad","link":"https:\/\/lahoradelcampo.com.uy\/site\/category\/actualidad\/"},"img":{"alt_text":"","src":"https:\/\/i0.wp.com\/lahoradelcampo.com.uy\/site\/wp-content\/uploads\/2019\/04\/Lana-esquila.jpg?fit=880%2C440&ssl=1&resize=350%2C200","width":350,"height":200,"srcset":"https:\/\/i0.wp.com\/lahoradelcampo.com.uy\/site\/wp-content\/uploads\/2019\/04\/Lana-esquila.jpg?fit=880%2C440&ssl=1&resize=350%2C200 1x, https:\/\/i0.wp.com\/lahoradelcampo.com.uy\/site\/wp-content\/uploads\/2019\/04\/Lana-esquila.jpg?fit=880%2C440&ssl=1&resize=525%2C300 1.5x, https:\/\/i0.wp.com\/lahoradelcampo.com.uy\/site\/wp-content\/uploads\/2019\/04\/Lana-esquila.jpg?fit=880%2C440&ssl=1&resize=700%2C400 2x"},"classes":[]}],"jetpack_likes_enabled":true,"_links":{"self":[{"href":"https:\/\/lahoradelcampo.com.uy\/site\/wp-json\/wp\/v2\/posts\/38587","targetHints":{"allow":["GET"]}}],"collection":[{"href":"https:\/\/lahoradelcampo.com.uy\/site\/wp-json\/wp\/v2\/posts"}],"about":[{"href":"https:\/\/lahoradelcampo.com.uy\/site\/wp-json\/wp\/v2\/types\/post"}],"author":[{"embeddable":true,"href":"https:\/\/lahoradelcampo.com.uy\/site\/wp-json\/wp\/v2\/users\/5"}],"replies":[{"embeddable":true,"href":"https:\/\/lahoradelcampo.com.uy\/site\/wp-json\/wp\/v2\/comments?post=38587"}],"version-history":[{"count":1,"href":"https:\/\/lahoradelcampo.com.uy\/site\/wp-json\/wp\/v2\/posts\/38587\/revisions"}],"predecessor-version":[{"id":38589,"href":"https:\/\/lahoradelcampo.com.uy\/site\/wp-json\/wp\/v2\/posts\/38587\/revisions\/38589"}],"wp:featuredmedia":[{"embeddable":true,"href":"https:\/\/lahoradelcampo.com.uy\/site\/wp-json\/wp\/v2\/media\/30078"}],"wp:attachment":[{"href":"https:\/\/lahoradelcampo.com.uy\/site\/wp-json\/wp\/v2\/media?parent=38587"}],"wp:term":[{"taxonomy":"category","embeddable":true,"href":"https:\/\/lahoradelcampo.com.uy\/site\/wp-json\/wp\/v2\/categories?post=38587"},{"taxonomy":"post_tag","embeddable":true,"href":"https:\/\/lahoradelcampo.com.uy\/site\/wp-json\/wp\/v2\/tags?post=38587"}],"curies":[{"name":"wp","href":"https:\/\/api.w.org\/{rel}","templated":true}]}}