{"id":38583,"date":"2022-01-26T10:03:06","date_gmt":"2022-01-26T13:03:06","guid":{"rendered":"http:\/\/lahoradelcampo.com.uy\/site\/?p=38583"},"modified":"2022-01-26T10:03:12","modified_gmt":"2022-01-26T13:03:12","slug":"ganaderia-habilito-lineas-de-credito-para-el-sector-avicola","status":"publish","type":"post","link":"https:\/\/lahoradelcampo.com.uy\/site\/ganaderia-habilito-lineas-de-credito-para-el-sector-avicola\/","title":{"rendered":"Ganader\u00eda habilit\u00f3 l\u00edneas de cr\u00e9dito para el sector av\u00edcola"},"content":{"rendered":"\n<figure class=\"wp-block-image\"><img data-recalc-dims=\"1\" loading=\"lazy\" decoding=\"async\" width=\"810\" height=\"405\" data-attachment-id=\"17908\" data-permalink=\"https:\/\/lahoradelcampo.com.uy\/site\/mgap-declaro-emergencia-agropecuaria-en-cinco-departamentos-del-sur-del-pais\/ignacio-buffa-emergencia\/\" data-orig-file=\"https:\/\/i0.wp.com\/lahoradelcampo.com.uy\/site\/wp-content\/uploads\/2020\/03\/Ignacio-Buffa-Emergencia.jpg?fit=880%2C440&amp;ssl=1\" data-orig-size=\"880,440\" data-comments-opened=\"1\" data-image-meta=\"{&quot;aperture&quot;:&quot;0&quot;,&quot;credit&quot;:&quot;&quot;,&quot;camera&quot;:&quot;&quot;,&quot;caption&quot;:&quot;&quot;,&quot;created_timestamp&quot;:&quot;0&quot;,&quot;copyright&quot;:&quot;&quot;,&quot;focal_length&quot;:&quot;0&quot;,&quot;iso&quot;:&quot;0&quot;,&quot;shutter_speed&quot;:&quot;0&quot;,&quot;title&quot;:&quot;&quot;,&quot;orientation&quot;:&quot;1&quot;}\" data-image-title=\"Ignacio Buffa Emergencia\" data-image-description=\"\" data-image-caption=\"\" data-large-file=\"https:\/\/i0.wp.com\/lahoradelcampo.com.uy\/site\/wp-content\/uploads\/2020\/03\/Ignacio-Buffa-Emergencia.jpg?fit=810%2C405&amp;ssl=1\" src=\"https:\/\/i0.wp.com\/lahoradelcampo.com.uy\/site\/wp-content\/uploads\/2020\/03\/Ignacio-Buffa-Emergencia.jpg?resize=810%2C405\" alt=\"\" class=\"wp-image-17908\" srcset=\"https:\/\/i0.wp.com\/lahoradelcampo.com.uy\/site\/wp-content\/uploads\/2020\/03\/Ignacio-Buffa-Emergencia.jpg?w=880&amp;ssl=1 880w, https:\/\/i0.wp.com\/lahoradelcampo.com.uy\/site\/wp-content\/uploads\/2020\/03\/Ignacio-Buffa-Emergencia.jpg?resize=300%2C150&amp;ssl=1 300w, https:\/\/i0.wp.com\/lahoradelcampo.com.uy\/site\/wp-content\/uploads\/2020\/03\/Ignacio-Buffa-Emergencia.jpg?resize=768%2C384&amp;ssl=1 768w, https:\/\/i0.wp.com\/lahoradelcampo.com.uy\/site\/wp-content\/uploads\/2020\/03\/Ignacio-Buffa-Emergencia.jpg?resize=820%2C410&amp;ssl=1 820w\" sizes=\"auto, (max-width: 810px) 100vw, 810px\" \/><\/figure>\n\n\n\n<p>La medida fue tomada para brindar apoyo a este rubro, fuertemente castigado por la ola de calor de las pasadas semanas, explic\u00f3 a Comunicaci\u00f3n Presidencial el subsecretario de Ganader\u00eda, Agricultura y Pesca, Ignacio Buffa. <br><\/p>\n\n\n\n<p>Record\u00f3 que los avicultores tambi\u00e9n fueron incorporados el 18 de enero, como damnificados, a la declaraci\u00f3n de emergencia agropecuaria, que se ampli\u00f3 a 10 millones de hect\u00e1reas.<br><\/p>\n\n\n\n<p>Buffa precis\u00f3 que hay tres tipos de productores av\u00edcolas: los que producen gallinas para utilizar su carne, que a su vez se dividen en dos grupos, y los que cr\u00edan aves para postura de huevos. <br><\/p>\n\n\n\n<p>Las p\u00e9rdidas fueron muy importantes para el segundo sector, ya que se contabilizaron unos 400.000 animales muertos, el 10% del total, dijo el jerarca. En el caso del primero, la p\u00e9rdida fue un poco menor, pero asimismo significativa, de alrededor del 3,9%, agreg\u00f3.<br><\/p>\n\n\n\n<p>Esta situaci\u00f3n gener\u00f3 un impacto negativo, que llev\u00f3 a que el ministerio mantuviera un contacto permanente con los productores y fasoneros y, luego, aprobara la generaci\u00f3n de cr\u00e9ditos con tasas subsidiadas por Rep\u00fablica Microfinanzas. <br><\/p>\n\n\n\n<p>Este instrumento estar\u00e1 disponible en todo el pa\u00eds en funci\u00f3n del tama\u00f1o de cada granja y se priorizar\u00e1 a las m\u00e1s peque\u00f1as porque son las m\u00e1s comprometidas.<br><\/p>\n\n\n\n<p>El jerarca record\u00f3 que gran parte de la problem\u00e1tica se concentr\u00f3 en Canelones y la zona metropolitana. <br><\/p>\n\n\n\n<p>Coment\u00f3 que no hay restricciones para el uso de los cr\u00e9ditos, pero que se espera que sean utilizados para atender la situaci\u00f3n de mortandad y proyectar soluciones preventivas ante eventos clim\u00e1ticos de similares caracter\u00edsticas.<br><\/p>\n\n\n\n<p>El formulario de inscripci\u00f3n para el pedido de cr\u00e9ditos qued\u00f3 habilitado a partir del 24 de enero, indic\u00f3 Buffa.<br><\/p>\n\n\n\n<p>En otro orden, descart\u00f3 que pueda existir desabastecimiento de huevos en plaza e inform\u00f3 que, para recuperar las p\u00e9rdidas, hay que esperar a que las gallinas completen su ciclo biol\u00f3gico, ya que les lleva unos seis meses volver a ser productivas.<\/p>\n\n\n\n<p>Salto, 26 de enero de 2022<\/p>\n","protected":false},"excerpt":{"rendered":"<p>La medida fue tomada para brindar apoyo a este rubro, fuertemente castigado por la ola de calor de las pasadas semanas, explic\u00f3 a Comunicaci\u00f3n Presidencial el subsecretario de Ganader\u00eda, Agricultura [&hellip;]<\/p>\n","protected":false},"author":5,"featured_media":17908,"comment_status":"open","ping_status":"open","sticky":false,"template":"","format":"standard","meta":{"_price":"","_stock":"","_tribe_ticket_header":"","_tribe_default_ticket_provider":"","_tribe_ticket_capacity":"0","_ticket_start_date":"","_ticket_end_date":"","_tribe_ticket_show_description":"","_tribe_ticket_show_not_going":false,"_tribe_ticket_use_global_stock":"","_tribe_ticket_global_stock_level":"","_global_stock_mode":"","_global_stock_cap":"","_tribe_rsvp_for_event":"","_tribe_ticket_going_count":"","_tribe_ticket_not_going_count":"","_tribe_tickets_list":"[]","_tribe_ticket_has_attendee_info_fields":false,"h5ap_radio_sources":[],"_jetpack_newsletter_access":"","_jetpack_dont_email_post_to_subs":false,"_jetpack_newsletter_tier_id":0,"_jetpack_memberships_contains_paywalled_content":false,"_jetpack_memberships_contains_paid_content":false,"footnotes":""},"categories":[21,9],"tags":[],"class_list":["post-38583","post","type-post","status-publish","format-standard","has-post-thumbnail","hentry","category-actualidad","category-granja"],"jetpack_featured_media_url":"https:\/\/i0.wp.com\/lahoradelcampo.com.uy\/site\/wp-content\/uploads\/2020\/03\/Ignacio-Buffa-Emergencia.jpg?fit=880%2C440&ssl=1","jetpack_sharing_enabled":true,"jetpack_shortlink":"https:\/\/wp.me\/p99IaT-a2j","jetpack-related-posts":[{"id":24806,"url":"https:\/\/lahoradelcampo.com.uy\/site\/buffa-y-maldonado-estuvieron-en-artigas-y-dialogaron-con-las-integrantes-de-afa\/","url_meta":{"origin":38583,"position":0},"title":"Buffa y Maldonado estuvieron en Artigas y dialogaron con las integrantes de AFA","author":"La Hora del Campo","date":"20 octubre, 2020","format":false,"excerpt":"El Subsecretario del MGAP, Ing. Ignacio Buffa y la Dra. Fernanda Maldonado, realizaron una gira el fin de semana visitando los departamentos de Paysand\u00fa, Salto y Artigas, para entrevistarse con los intendentes electos en cada departamento y avanzar en l\u00edneas de trabajo conjunto de cara al resto del per\u00edodo de\u2026","rel":"","context":"En \u00abActualidad\u00bb","block_context":{"text":"Actualidad","link":"https:\/\/lahoradelcampo.com.uy\/site\/category\/actualidad\/"},"img":{"alt_text":"","src":"https:\/\/i0.wp.com\/lahoradelcampo.com.uy\/site\/wp-content\/uploads\/2020\/10\/Buffaymaldonadoartigas.jpg?fit=880%2C440&ssl=1&resize=350%2C200","width":350,"height":200,"srcset":"https:\/\/i0.wp.com\/lahoradelcampo.com.uy\/site\/wp-content\/uploads\/2020\/10\/Buffaymaldonadoartigas.jpg?fit=880%2C440&ssl=1&resize=350%2C200 1x, https:\/\/i0.wp.com\/lahoradelcampo.com.uy\/site\/wp-content\/uploads\/2020\/10\/Buffaymaldonadoartigas.jpg?fit=880%2C440&ssl=1&resize=525%2C300 1.5x, https:\/\/i0.wp.com\/lahoradelcampo.com.uy\/site\/wp-content\/uploads\/2020\/10\/Buffaymaldonadoartigas.jpg?fit=880%2C440&ssl=1&resize=700%2C400 2x"},"classes":[]},{"id":19084,"url":"https:\/\/lahoradelcampo.com.uy\/site\/se-ampliaron-zonas-declaradas-en-emergencia-por-sequia\/","url_meta":{"origin":38583,"position":1},"title":"Se ampliaron zonas declaradas en emergencia por sequ\u00eda","author":"La Hora del Campo","date":"22 abril, 2020","format":false,"excerpt":"El Subsecretario del MGAP, Juan Ignacio Buffa, el Director de Desarrollo Rural, Pablo Lanz, el Director de la Granja, Nicol\u00e1s Chiesa y el Analista Funcional de SNIA, Germ\u00e1n Rodr\u00edguez informaron detalles sobre la ampliaci\u00f3n de las zonas declaradas en Emergencia Agropecuaria en Rocha, Cerro Largo, Lavalleja y Treinta y Tres.\u2026","rel":"","context":"En \u00abActualidad\u00bb","block_context":{"text":"Actualidad","link":"https:\/\/lahoradelcampo.com.uy\/site\/category\/actualidad\/"},"img":{"alt_text":"","src":"https:\/\/i0.wp.com\/lahoradelcampo.com.uy\/site\/wp-content\/uploads\/2020\/04\/Mgap-sequia.jpg?fit=880%2C440&ssl=1&resize=350%2C200","width":350,"height":200,"srcset":"https:\/\/i0.wp.com\/lahoradelcampo.com.uy\/site\/wp-content\/uploads\/2020\/04\/Mgap-sequia.jpg?fit=880%2C440&ssl=1&resize=350%2C200 1x, https:\/\/i0.wp.com\/lahoradelcampo.com.uy\/site\/wp-content\/uploads\/2020\/04\/Mgap-sequia.jpg?fit=880%2C440&ssl=1&resize=525%2C300 1.5x, https:\/\/i0.wp.com\/lahoradelcampo.com.uy\/site\/wp-content\/uploads\/2020\/04\/Mgap-sequia.jpg?fit=880%2C440&ssl=1&resize=700%2C400 2x"},"classes":[]},{"id":23502,"url":"https:\/\/lahoradelcampo.com.uy\/site\/buffa-inauguro-la-cocina-de-la-produccion-agropecuaria\/","url_meta":{"origin":38583,"position":2},"title":"Buffa inaugur\u00f3  \u201cLa cocina de la producci\u00f3n agropecuaria\u201d","author":"La Hora del Campo","date":"14 septiembre, 2020","format":false,"excerpt":"\u201cLa cocina de la producci\u00f3n agropecuaria\u201d, en el stand del Ministerio de Ganader\u00eda, Agricultura y Pesca (MGAP), tuvo su debut el pasado viernes con la presencia del a chef Mechi Rodr\u00edguez y el subsecretario de la cartera, el Ing. Agr. Juan Ignacio Buffa. En esta oportunidad, los tips y secretos\u2026","rel":"","context":"En \u00abActualidad\u00bb","block_context":{"text":"Actualidad","link":"https:\/\/lahoradelcampo.com.uy\/site\/category\/actualidad\/"},"img":{"alt_text":"","src":"https:\/\/i0.wp.com\/lahoradelcampo.com.uy\/site\/wp-content\/uploads\/2020\/09\/BUFFACOCINA.jpg?fit=880%2C440&ssl=1&resize=350%2C200","width":350,"height":200,"srcset":"https:\/\/i0.wp.com\/lahoradelcampo.com.uy\/site\/wp-content\/uploads\/2020\/09\/BUFFACOCINA.jpg?fit=880%2C440&ssl=1&resize=350%2C200 1x, https:\/\/i0.wp.com\/lahoradelcampo.com.uy\/site\/wp-content\/uploads\/2020\/09\/BUFFACOCINA.jpg?fit=880%2C440&ssl=1&resize=525%2C300 1.5x, https:\/\/i0.wp.com\/lahoradelcampo.com.uy\/site\/wp-content\/uploads\/2020\/09\/BUFFACOCINA.jpg?fit=880%2C440&ssl=1&resize=700%2C400 2x"},"classes":[]},{"id":49960,"url":"https:\/\/lahoradelcampo.com.uy\/site\/expo-melilla-2023-el-agro-como-motor-del-desarrollo-nacional\/","url_meta":{"origin":38583,"position":3},"title":"Expo Melilla 2023: El agro como motor del desarrollo nacional","author":"La Hora del Campo","date":"14 abril, 2023","format":false,"excerpt":"Este jueves 13 de abril, el presidente de la Rep\u00fablica, Luis Lacalle Pou, junto a la vicepresidenta, Beatriz Argim\u00f3n, y otras autoridades, inaugur\u00f3 la 12\u00aa edici\u00f3n de la Expo Melilla, organizada por la Asociaci\u00f3n Rural del Uruguay (ARU). En esta muestra, que se desarrolla bajo la consigna \u201cLa producci\u00f3n en\u2026","rel":"","context":"En \u00abActualidad\u00bb","block_context":{"text":"Actualidad","link":"https:\/\/lahoradelcampo.com.uy\/site\/category\/actualidad\/"},"img":{"alt_text":"","src":"https:\/\/i0.wp.com\/lahoradelcampo.com.uy\/site\/wp-content\/uploads\/2023\/04\/ExpoMelilla.jpg?fit=880%2C440&ssl=1&resize=350%2C200","width":350,"height":200,"srcset":"https:\/\/i0.wp.com\/lahoradelcampo.com.uy\/site\/wp-content\/uploads\/2023\/04\/ExpoMelilla.jpg?fit=880%2C440&ssl=1&resize=350%2C200 1x, https:\/\/i0.wp.com\/lahoradelcampo.com.uy\/site\/wp-content\/uploads\/2023\/04\/ExpoMelilla.jpg?fit=880%2C440&ssl=1&resize=525%2C300 1.5x, https:\/\/i0.wp.com\/lahoradelcampo.com.uy\/site\/wp-content\/uploads\/2023\/04\/ExpoMelilla.jpg?fit=880%2C440&ssl=1&resize=700%2C400 2x"},"classes":[]},{"id":207,"url":"https:\/\/lahoradelcampo.com.uy\/site\/como-enfrentar-propuestas-tecnologicas-frente-al-endeudamiento-del-sector-agropecuario\/","url_meta":{"origin":38583,"position":4},"title":"C\u00f3mo enfrentar propuestas tecnol\u00f3gicas frente al endeudamiento del sector agropecuario","author":"La Hora del Campo","date":"3 septiembre, 2017","format":false,"excerpt":"En el marco de la 19\u00aa jornada anual de la Unidad de Producci\u00f3n de Carne Intensiva (UPIC), el Ing. Agr. Ignacio Buffa, qui\u00e9n es profesor de la Facultad de Agronom\u00eda y tambi\u00e9n Director de la Consultora APEO, brindo una presentaci\u00f3n que buscaba analizar las posibilidades que tiene el productor para\u2026","rel":"","context":"En \u00abActualidad\u00bb","block_context":{"text":"Actualidad","link":"https:\/\/lahoradelcampo.com.uy\/site\/category\/actualidad\/"},"img":{"alt_text":"","src":"https:\/\/i0.wp.com\/lahoradelcampo.com.uy\/site\/wp-content\/uploads\/2017\/09\/IMG_20170817_100228.jpg?fit=1200%2C900&ssl=1&resize=350%2C200","width":350,"height":200,"srcset":"https:\/\/i0.wp.com\/lahoradelcampo.com.uy\/site\/wp-content\/uploads\/2017\/09\/IMG_20170817_100228.jpg?fit=1200%2C900&ssl=1&resize=350%2C200 1x, https:\/\/i0.wp.com\/lahoradelcampo.com.uy\/site\/wp-content\/uploads\/2017\/09\/IMG_20170817_100228.jpg?fit=1200%2C900&ssl=1&resize=525%2C300 1.5x, https:\/\/i0.wp.com\/lahoradelcampo.com.uy\/site\/wp-content\/uploads\/2017\/09\/IMG_20170817_100228.jpg?fit=1200%2C900&ssl=1&resize=700%2C400 2x, https:\/\/i0.wp.com\/lahoradelcampo.com.uy\/site\/wp-content\/uploads\/2017\/09\/IMG_20170817_100228.jpg?fit=1200%2C900&ssl=1&resize=1050%2C600 3x"},"classes":[]},{"id":33485,"url":"https:\/\/lahoradelcampo.com.uy\/site\/el-ovino-tiene-mucho-mas-futuro-que-pasado-dijo-buffa\/","url_meta":{"origin":38583,"position":5},"title":"\u201cEl ovino tiene mucho m\u00e1s futuro que pasado\u201d dijo Buffa","author":"La Hora del Campo","date":"30 agosto, 2021","format":false,"excerpt":"En la jornada que se conmemora el D\u00eda de la Juventud Rural y que se realiz\u00f3 el lanzamiento de la zafra ovina, \u201cquiz\u00e1s la historia de Uruguay se pueda contar a trav\u00e9s de la historia de los ovinos\u201d, manifest\u00f3 el subsecretario del Ministerio de Ganader\u00eda, Agricultura y Pesca, Juan Ignacio\u2026","rel":"","context":"En \u00abActualidad\u00bb","block_context":{"text":"Actualidad","link":"https:\/\/lahoradelcampo.com.uy\/site\/category\/actualidad\/"},"img":{"alt_text":"","src":"https:\/\/i0.wp.com\/lahoradelcampo.com.uy\/site\/wp-content\/uploads\/2021\/08\/SUL-Ovina3.jpg?fit=880%2C440&ssl=1&resize=350%2C200","width":350,"height":200,"srcset":"https:\/\/i0.wp.com\/lahoradelcampo.com.uy\/site\/wp-content\/uploads\/2021\/08\/SUL-Ovina3.jpg?fit=880%2C440&ssl=1&resize=350%2C200 1x, https:\/\/i0.wp.com\/lahoradelcampo.com.uy\/site\/wp-content\/uploads\/2021\/08\/SUL-Ovina3.jpg?fit=880%2C440&ssl=1&resize=525%2C300 1.5x, https:\/\/i0.wp.com\/lahoradelcampo.com.uy\/site\/wp-content\/uploads\/2021\/08\/SUL-Ovina3.jpg?fit=880%2C440&ssl=1&resize=700%2C400 2x"},"classes":[]}],"jetpack_likes_enabled":true,"_links":{"self":[{"href":"https:\/\/lahoradelcampo.com.uy\/site\/wp-json\/wp\/v2\/posts\/38583","targetHints":{"allow":["GET"]}}],"collection":[{"href":"https:\/\/lahoradelcampo.com.uy\/site\/wp-json\/wp\/v2\/posts"}],"about":[{"href":"https:\/\/lahoradelcampo.com.uy\/site\/wp-json\/wp\/v2\/types\/post"}],"author":[{"embeddable":true,"href":"https:\/\/lahoradelcampo.com.uy\/site\/wp-json\/wp\/v2\/users\/5"}],"replies":[{"embeddable":true,"href":"https:\/\/lahoradelcampo.com.uy\/site\/wp-json\/wp\/v2\/comments?post=38583"}],"version-history":[{"count":1,"href":"https:\/\/lahoradelcampo.com.uy\/site\/wp-json\/wp\/v2\/posts\/38583\/revisions"}],"predecessor-version":[{"id":38585,"href":"https:\/\/lahoradelcampo.com.uy\/site\/wp-json\/wp\/v2\/posts\/38583\/revisions\/38585"}],"wp:featuredmedia":[{"embeddable":true,"href":"https:\/\/lahoradelcampo.com.uy\/site\/wp-json\/wp\/v2\/media\/17908"}],"wp:attachment":[{"href":"https:\/\/lahoradelcampo.com.uy\/site\/wp-json\/wp\/v2\/media?parent=38583"}],"wp:term":[{"taxonomy":"category","embeddable":true,"href":"https:\/\/lahoradelcampo.com.uy\/site\/wp-json\/wp\/v2\/categories?post=38583"},{"taxonomy":"post_tag","embeddable":true,"href":"https:\/\/lahoradelcampo.com.uy\/site\/wp-json\/wp\/v2\/tags?post=38583"}],"curies":[{"name":"wp","href":"https:\/\/api.w.org\/{rel}","templated":true}]}}