{"id":38473,"date":"2022-01-21T09:24:05","date_gmt":"2022-01-21T12:24:05","guid":{"rendered":"http:\/\/lahoradelcampo.com.uy\/site\/?p=38473"},"modified":"2022-01-21T09:24:14","modified_gmt":"2022-01-21T12:24:14","slug":"gaudin-hnos-comenzo-el-ano-con-ventas-totales-en-parada-herreria","status":"publish","type":"post","link":"https:\/\/lahoradelcampo.com.uy\/site\/gaudin-hnos-comenzo-el-ano-con-ventas-totales-en-parada-herreria\/","title":{"rendered":"Gaud\u00edn Hnos comenz\u00f3 el a\u00f1o con ventas totales en Parada Herrer\u00eda"},"content":{"rendered":"\n<figure class=\"wp-block-image\"><img data-recalc-dims=\"1\" loading=\"lazy\" decoding=\"async\" width=\"810\" height=\"405\" data-attachment-id=\"38475\" data-permalink=\"https:\/\/lahoradelcampo.com.uy\/site\/gaudin-hnos-comenzo-el-ano-con-ventas-totales-en-parada-herreria\/germanguadin\/\" data-orig-file=\"https:\/\/i0.wp.com\/lahoradelcampo.com.uy\/site\/wp-content\/uploads\/2022\/01\/germanguadin.jpg?fit=880%2C440&amp;ssl=1\" data-orig-size=\"880,440\" data-comments-opened=\"1\" data-image-meta=\"{&quot;aperture&quot;:&quot;0&quot;,&quot;credit&quot;:&quot;&quot;,&quot;camera&quot;:&quot;&quot;,&quot;caption&quot;:&quot;&quot;,&quot;created_timestamp&quot;:&quot;0&quot;,&quot;copyright&quot;:&quot;&quot;,&quot;focal_length&quot;:&quot;0&quot;,&quot;iso&quot;:&quot;0&quot;,&quot;shutter_speed&quot;:&quot;0&quot;,&quot;title&quot;:&quot;&quot;,&quot;orientation&quot;:&quot;1&quot;}\" data-image-title=\"germanguadin\" data-image-description=\"\" data-image-caption=\"\" data-large-file=\"https:\/\/i0.wp.com\/lahoradelcampo.com.uy\/site\/wp-content\/uploads\/2022\/01\/germanguadin.jpg?fit=810%2C405&amp;ssl=1\" src=\"https:\/\/i0.wp.com\/lahoradelcampo.com.uy\/site\/wp-content\/uploads\/2022\/01\/germanguadin.jpg?resize=810%2C405\" alt=\"\" class=\"wp-image-38475\" srcset=\"https:\/\/i0.wp.com\/lahoradelcampo.com.uy\/site\/wp-content\/uploads\/2022\/01\/germanguadin.jpg?w=880&amp;ssl=1 880w, https:\/\/i0.wp.com\/lahoradelcampo.com.uy\/site\/wp-content\/uploads\/2022\/01\/germanguadin.jpg?resize=300%2C150&amp;ssl=1 300w, https:\/\/i0.wp.com\/lahoradelcampo.com.uy\/site\/wp-content\/uploads\/2022\/01\/germanguadin.jpg?resize=768%2C384&amp;ssl=1 768w, https:\/\/i0.wp.com\/lahoradelcampo.com.uy\/site\/wp-content\/uploads\/2022\/01\/germanguadin.jpg?resize=820%2C410&amp;ssl=1 820w\" sizes=\"auto, (max-width: 810px) 100vw, 810px\" \/><\/figure>\n\n\n\n<p>El escritorio Gaud\u00edn Hnos, realiz\u00f3 su primer remate de 2022, en el d\u00eda de ayer en el local Parada Herrer\u00eda. Las ventas comenzaron las 17 horas, debido al calor reinante en la zona. Sin embargo las precipitaciones registradas en los \u00faltimos d\u00edas han impulsado una demanda que se mostr\u00f3 muy activa y con puja en todas las categor\u00edas. <br><\/p>\n\n\n\n<p>El Dr. Germ\u00e1n Gaud\u00edn, al finalizar el remate, dijo que en el caso de los ovinos, \u00abel mercado fue normal, con una muy buena oferta de lanares, con categor\u00edas generales para el campo sin oferta de abasto\u00bb. Respecto al vacuno, \u00abuna importante oferta de reposici\u00f3n, donde las vacas de invernar se comercializaron muy bien a buenos valores, sobre todo por el tipo de ganados presentados, todos Angus sola marca\u00bb.<br><\/p>\n\n\n\n<p>Hubo ausencia de ganados gordos en este remate, pero s\u00ed pasaron por pista vacas pulpudas y adelantadas que marcaron referencias de precios entorno a los US$ 700. <br><\/p>\n\n\n\n<p>Gaud\u00edn resalt\u00f3 que la demanda estuvo muy firme en todas las categor\u00edas, \u00abno hubo lote que se venda de un solo martillazo, sino que una feria con muchos operadores pujando por todas las categor\u00edas\u00bb.<br><\/p>\n\n\n\n<p>Respecto a los valores, las ovejas esquiladas se vendieron entre US$ 35 y US$ 40, mientras que las ovejas con lana hicieron de US$ 35 a US$ 38. <br><\/p>\n\n\n\n<p>Los lotes de corderos se pagaron entre US$ 25 y US$ 29, mientras que las corderas hicieron US$ 26, los torunos cotizaron a US$ 20 y un cap\u00f3n se pag\u00f3 US$ 47. <br><\/p>\n\n\n\n<p>En los vacunos, las vacas pulpudas y adelantadas se pagaron entre US$ 617 y US$ 700, mientras que las vacas de invernar Aberdeen Angus, destacadas por el escritorio para esta venta, se pagaron entre US$ 600 y US$ 630, en tanto que el resto de las vacas de invernar se pagaron entre US$ 442 y US$ 545. <br><\/p>\n\n\n\n<p>Las vaquillonas de 1 a 2 a\u00f1os giraron entorno a los US$ 440 y las terneras en US$ 240. <br><\/p>\n\n\n\n<p>Los novillos de 1 a 2 a\u00f1os cotizaron a US$ 345, las piezas de cr\u00eda  se pagaron a US$ 400 y US$ 285, en el \u00faltimo caso era \u00fanicamente dos piezas con una vaca chica y castigada por el d\u00e9ficit h\u00eddrico. Un toro industria se pag\u00f3 US$ 717 y los toritos j\u00f3venes se pagaron entre US$ 370 y US$ 455. <\/p>\n\n\n\n<p>Salto, 22 de enero de 2022<\/p>\n","protected":false},"excerpt":{"rendered":"<p>El escritorio Gaud\u00edn Hnos, realiz\u00f3 su primer remate de 2022, en el d\u00eda de ayer en el local Parada Herrer\u00eda. Las ventas comenzaron las 17 horas, debido al calor reinante [&hellip;]<\/p>\n","protected":false},"author":5,"featured_media":38475,"comment_status":"open","ping_status":"open","sticky":false,"template":"","format":"standard","meta":{"_price":"","_stock":"","_tribe_ticket_header":"","_tribe_default_ticket_provider":"","_tribe_ticket_capacity":"0","_ticket_start_date":"","_ticket_end_date":"","_tribe_ticket_show_description":"","_tribe_ticket_show_not_going":false,"_tribe_ticket_use_global_stock":"","_tribe_ticket_global_stock_level":"","_global_stock_mode":"","_global_stock_cap":"","_tribe_rsvp_for_event":"","_tribe_ticket_going_count":"","_tribe_ticket_not_going_count":"","_tribe_tickets_list":"[]","_tribe_ticket_has_attendee_info_fields":false,"h5ap_radio_sources":[],"_jetpack_newsletter_access":"","_jetpack_dont_email_post_to_subs":false,"_jetpack_newsletter_tier_id":0,"_jetpack_memberships_contains_paywalled_content":false,"_jetpack_memberships_contains_paid_content":false,"footnotes":""},"categories":[21,5],"tags":[],"class_list":["post-38473","post","type-post","status-publish","format-standard","has-post-thumbnail","hentry","category-actualidad","category-ganaderia"],"jetpack_featured_media_url":"https:\/\/i0.wp.com\/lahoradelcampo.com.uy\/site\/wp-content\/uploads\/2022\/01\/germanguadin.jpg?fit=880%2C440&ssl=1","jetpack_sharing_enabled":true,"jetpack_shortlink":"https:\/\/wp.me\/p99IaT-a0x","jetpack-related-posts":[{"id":20990,"url":"https:\/\/lahoradelcampo.com.uy\/site\/gaudin-hnos-coloco-el-100-de-la-oferta-en-parada-herreria\/","url_meta":{"origin":38473,"position":0},"title":"Gaud\u00edn Hnos coloc\u00f3 el 100% de la oferta en Parada Herrer\u00eda","author":"La Hora del Campo","date":"16 junio, 2020","format":false,"excerpt":"El escritorio Gaud\u00edn Hnos, realiz\u00f3 en la jornada de ayer un nuevo remate en el local Parada Herrer\u00eda, luego de lo que signific\u00f3 el per\u00edodo de vacunaci\u00f3n contra la fiebre aftosa y con categor\u00edas de terneros que se cotizaron \"muy bien para el momento, hablando de centavos del d\u00f3lares al\u2026","rel":"","context":"En \u00abActualidad\u00bb","block_context":{"text":"Actualidad","link":"https:\/\/lahoradelcampo.com.uy\/site\/category\/actualidad\/"},"img":{"alt_text":"","src":"https:\/\/i0.wp.com\/lahoradelcampo.com.uy\/site\/wp-content\/uploads\/2020\/06\/Gaud%C3%ADn-archivo.jpg?fit=880%2C440&ssl=1&resize=350%2C200","width":350,"height":200,"srcset":"https:\/\/i0.wp.com\/lahoradelcampo.com.uy\/site\/wp-content\/uploads\/2020\/06\/Gaud%C3%ADn-archivo.jpg?fit=880%2C440&ssl=1&resize=350%2C200 1x, https:\/\/i0.wp.com\/lahoradelcampo.com.uy\/site\/wp-content\/uploads\/2020\/06\/Gaud%C3%ADn-archivo.jpg?fit=880%2C440&ssl=1&resize=525%2C300 1.5x, https:\/\/i0.wp.com\/lahoradelcampo.com.uy\/site\/wp-content\/uploads\/2020\/06\/Gaud%C3%ADn-archivo.jpg?fit=880%2C440&ssl=1&resize=700%2C400 2x"},"classes":[]},{"id":44415,"url":"https:\/\/lahoradelcampo.com.uy\/site\/ventas-totales-de-gaudin-hnos-en-el-local-parada-herreria\/","url_meta":{"origin":38473,"position":1},"title":"Ventas totales de Gaud\u00edn Hnos. en el local Parada Herrer\u00eda","author":"La Hora del Campo","date":"2 agosto, 2022","format":false,"excerpt":"Con una oferta reducida, t\u00edpico de la \u00e9poca del a\u00f1o, el escritorio Gaud\u00edn Hnos. realiz\u00f3 un nuevo remate en la jornada de ayer en el local Parada Herrer\u00eda. La buena presencia de p\u00fablico y la firmeza que mostr\u00f3 la demanda en todas las categor\u00edas marca la necesidad de reponer en\u2026","rel":"","context":"En \u00abActualidad\u00bb","block_context":{"text":"Actualidad","link":"https:\/\/lahoradelcampo.com.uy\/site\/category\/actualidad\/"},"img":{"alt_text":"","src":"https:\/\/i0.wp.com\/lahoradelcampo.com.uy\/site\/wp-content\/uploads\/2022\/02\/GAUDIN-PARADA.jpg?fit=880%2C440&ssl=1&resize=350%2C200","width":350,"height":200,"srcset":"https:\/\/i0.wp.com\/lahoradelcampo.com.uy\/site\/wp-content\/uploads\/2022\/02\/GAUDIN-PARADA.jpg?fit=880%2C440&ssl=1&resize=350%2C200 1x, https:\/\/i0.wp.com\/lahoradelcampo.com.uy\/site\/wp-content\/uploads\/2022\/02\/GAUDIN-PARADA.jpg?fit=880%2C440&ssl=1&resize=525%2C300 1.5x, https:\/\/i0.wp.com\/lahoradelcampo.com.uy\/site\/wp-content\/uploads\/2022\/02\/GAUDIN-PARADA.jpg?fit=880%2C440&ssl=1&resize=700%2C400 2x"},"classes":[]},{"id":35489,"url":"https:\/\/lahoradelcampo.com.uy\/site\/gaudin-hnos-con-ventas-totales-en-parada-herreria\/","url_meta":{"origin":38473,"position":2},"title":"Gaud\u00edn Hnos, con ventas totales en Parada Herrer\u00eda","author":"La Hora del Campo","date":"15 octubre, 2021","format":false,"excerpt":"Gaud\u00edn Hnos concret\u00f3 en la jornada de ayer su remate quincenal en el local Parada Herrer\u00eda, con venta total de la oferta que pas\u00f3 por la pista, tanto en ovinos como en vacunos. \"Siempre son bien recibidas las lluvias en la primavera, pero nos dificulto la llegada de alg\u00fan lote\u2026","rel":"","context":"En \u00abActualidad\u00bb","block_context":{"text":"Actualidad","link":"https:\/\/lahoradelcampo.com.uy\/site\/category\/actualidad\/"},"img":{"alt_text":"","src":"https:\/\/i0.wp.com\/lahoradelcampo.com.uy\/site\/wp-content\/uploads\/2021\/10\/paradaherreria.jpg?fit=880%2C440&ssl=1&resize=350%2C200","width":350,"height":200,"srcset":"https:\/\/i0.wp.com\/lahoradelcampo.com.uy\/site\/wp-content\/uploads\/2021\/10\/paradaherreria.jpg?fit=880%2C440&ssl=1&resize=350%2C200 1x, https:\/\/i0.wp.com\/lahoradelcampo.com.uy\/site\/wp-content\/uploads\/2021\/10\/paradaherreria.jpg?fit=880%2C440&ssl=1&resize=525%2C300 1.5x, https:\/\/i0.wp.com\/lahoradelcampo.com.uy\/site\/wp-content\/uploads\/2021\/10\/paradaherreria.jpg?fit=880%2C440&ssl=1&resize=700%2C400 2x"},"classes":[]},{"id":6847,"url":"https:\/\/lahoradelcampo.com.uy\/site\/gaudin-hnos-coloco-el-100-de-la-oferta-ayer-en-parada-herreria\/","url_meta":{"origin":38473,"position":3},"title":"Gaud\u00edn Hnos, coloc\u00f3 el 100% de la oferta ayer en Parada Herrer\u00eda","author":"La Hora del Campo","date":"3 mayo, 2018","format":false,"excerpt":"\"Remate con lluvia nunca falla\", dicen los rematadores, y ayer no fue la excepci\u00f3n en el local Parada Herrer\u00eda donde el escritorio Gaud\u00edn Hnos, coloc\u00f3 \u00e1gilmente el 100% de la oferta que paso por la pista. Sin llegar al local, por cuestiones clim\u00e1ticas, fue nuevamente el ovino. El comienzo del\u2026","rel":"","context":"En \u00abActualidad\u00bb","block_context":{"text":"Actualidad","link":"https:\/\/lahoradelcampo.com.uy\/site\/category\/actualidad\/"},"img":{"alt_text":"","src":"https:\/\/i0.wp.com\/lahoradelcampo.com.uy\/site\/wp-content\/uploads\/2018\/05\/Paradaherreria.jpg?fit=880%2C440&ssl=1&resize=350%2C200","width":350,"height":200,"srcset":"https:\/\/i0.wp.com\/lahoradelcampo.com.uy\/site\/wp-content\/uploads\/2018\/05\/Paradaherreria.jpg?fit=880%2C440&ssl=1&resize=350%2C200 1x, https:\/\/i0.wp.com\/lahoradelcampo.com.uy\/site\/wp-content\/uploads\/2018\/05\/Paradaherreria.jpg?fit=880%2C440&ssl=1&resize=525%2C300 1.5x, https:\/\/i0.wp.com\/lahoradelcampo.com.uy\/site\/wp-content\/uploads\/2018\/05\/Paradaherreria.jpg?fit=880%2C440&ssl=1&resize=700%2C400 2x"},"classes":[]},{"id":52246,"url":"https:\/\/lahoradelcampo.com.uy\/site\/gaudin-hnos-coloco-el-100-de-la-oferta-en-parada-herreria-4\/","url_meta":{"origin":38473,"position":4},"title":"Gaud\u00edn Hnos coloc\u00f3 el 100% de la oferta en Parada Herrer\u00eda","author":"La Hora del Campo","date":"21 agosto, 2023","format":false,"excerpt":"Se desarroll\u00f3 el viernes un nuevo remate del escritorio Gaud\u00edn Hnos, en el local Parada Herrer\u00eda, con venta total tanto en vacunos como en ovinos. El Dr. Germ\u00e1n Gaud\u00edn, director de Gaud\u00edn Hnos, remarc\u00f3 la importancia de haber logrado una \"oferta importante\" para este remate, lo que permiti\u00f3 una mayor\u2026","rel":"","context":"En \u00abActualidad\u00bb","block_context":{"text":"Actualidad","link":"https:\/\/lahoradelcampo.com.uy\/site\/category\/actualidad\/"},"img":{"alt_text":"","src":"https:\/\/i0.wp.com\/lahoradelcampo.com.uy\/site\/wp-content\/uploads\/2023\/08\/German-Gaudin.jpg?fit=880%2C440&ssl=1&resize=350%2C200","width":350,"height":200,"srcset":"https:\/\/i0.wp.com\/lahoradelcampo.com.uy\/site\/wp-content\/uploads\/2023\/08\/German-Gaudin.jpg?fit=880%2C440&ssl=1&resize=350%2C200 1x, https:\/\/i0.wp.com\/lahoradelcampo.com.uy\/site\/wp-content\/uploads\/2023\/08\/German-Gaudin.jpg?fit=880%2C440&ssl=1&resize=525%2C300 1.5x, https:\/\/i0.wp.com\/lahoradelcampo.com.uy\/site\/wp-content\/uploads\/2023\/08\/German-Gaudin.jpg?fit=880%2C440&ssl=1&resize=700%2C400 2x"},"classes":[]},{"id":10455,"url":"https:\/\/lahoradelcampo.com.uy\/site\/gaudin-hnos-coloco-el-100-de-la-oferta-en-la-quincenal-de-parada-herreria\/","url_meta":{"origin":38473,"position":5},"title":"Gaud\u00edn Hnos. coloc\u00f3 el 100% de la oferta en la quincenal de Parada Herrer\u00eda","author":"La Hora del Campo","date":"4 mayo, 2019","format":false,"excerpt":"Remate largo, muy fraccionado, pero con ventas totales debido a la demanda tanto del abasto como de los invernadores","rel":"","context":"En \u00abActualidad\u00bb","block_context":{"text":"Actualidad","link":"https:\/\/lahoradelcampo.com.uy\/site\/category\/actualidad\/"},"img":{"alt_text":"","src":"https:\/\/i0.wp.com\/lahoradelcampo.com.uy\/site\/wp-content\/uploads\/2019\/05\/Parada-Herreria-1-5.jpg?fit=880%2C440&ssl=1&resize=350%2C200","width":350,"height":200,"srcset":"https:\/\/i0.wp.com\/lahoradelcampo.com.uy\/site\/wp-content\/uploads\/2019\/05\/Parada-Herreria-1-5.jpg?fit=880%2C440&ssl=1&resize=350%2C200 1x, https:\/\/i0.wp.com\/lahoradelcampo.com.uy\/site\/wp-content\/uploads\/2019\/05\/Parada-Herreria-1-5.jpg?fit=880%2C440&ssl=1&resize=525%2C300 1.5x, https:\/\/i0.wp.com\/lahoradelcampo.com.uy\/site\/wp-content\/uploads\/2019\/05\/Parada-Herreria-1-5.jpg?fit=880%2C440&ssl=1&resize=700%2C400 2x"},"classes":[]}],"jetpack_likes_enabled":true,"_links":{"self":[{"href":"https:\/\/lahoradelcampo.com.uy\/site\/wp-json\/wp\/v2\/posts\/38473","targetHints":{"allow":["GET"]}}],"collection":[{"href":"https:\/\/lahoradelcampo.com.uy\/site\/wp-json\/wp\/v2\/posts"}],"about":[{"href":"https:\/\/lahoradelcampo.com.uy\/site\/wp-json\/wp\/v2\/types\/post"}],"author":[{"embeddable":true,"href":"https:\/\/lahoradelcampo.com.uy\/site\/wp-json\/wp\/v2\/users\/5"}],"replies":[{"embeddable":true,"href":"https:\/\/lahoradelcampo.com.uy\/site\/wp-json\/wp\/v2\/comments?post=38473"}],"version-history":[{"count":1,"href":"https:\/\/lahoradelcampo.com.uy\/site\/wp-json\/wp\/v2\/posts\/38473\/revisions"}],"predecessor-version":[{"id":38477,"href":"https:\/\/lahoradelcampo.com.uy\/site\/wp-json\/wp\/v2\/posts\/38473\/revisions\/38477"}],"wp:featuredmedia":[{"embeddable":true,"href":"https:\/\/lahoradelcampo.com.uy\/site\/wp-json\/wp\/v2\/media\/38475"}],"wp:attachment":[{"href":"https:\/\/lahoradelcampo.com.uy\/site\/wp-json\/wp\/v2\/media?parent=38473"}],"wp:term":[{"taxonomy":"category","embeddable":true,"href":"https:\/\/lahoradelcampo.com.uy\/site\/wp-json\/wp\/v2\/categories?post=38473"},{"taxonomy":"post_tag","embeddable":true,"href":"https:\/\/lahoradelcampo.com.uy\/site\/wp-json\/wp\/v2\/tags?post=38473"}],"curies":[{"name":"wp","href":"https:\/\/api.w.org\/{rel}","templated":true}]}}