{"id":37537,"date":"2021-12-14T12:28:32","date_gmt":"2021-12-14T15:28:32","guid":{"rendered":"http:\/\/lahoradelcampo.com.uy\/site\/?p=37537"},"modified":"2021-12-14T12:28:42","modified_gmt":"2021-12-14T15:28:42","slug":"1-millon-menos-en-la-faena","status":"publish","type":"post","link":"https:\/\/lahoradelcampo.com.uy\/site\/1-millon-menos-en-la-faena\/","title":{"rendered":"1 mill\u00f3n menos en la faena"},"content":{"rendered":"\n<figure class=\"wp-block-image\"><img data-recalc-dims=\"1\" loading=\"lazy\" decoding=\"async\" width=\"810\" height=\"405\" data-attachment-id=\"10727\" data-permalink=\"https:\/\/lahoradelcampo.com.uy\/site\/la-hacienda-gorda-se-tonifica-y-crece-la-oferta-de-los-corrales\/ganado-gordo-3\/\" data-orig-file=\"https:\/\/i0.wp.com\/lahoradelcampo.com.uy\/site\/wp-content\/uploads\/2019\/05\/Ganado-gordo.jpg?fit=880%2C440&amp;ssl=1\" data-orig-size=\"880,440\" data-comments-opened=\"1\" data-image-meta=\"{&quot;aperture&quot;:&quot;0&quot;,&quot;credit&quot;:&quot;&quot;,&quot;camera&quot;:&quot;&quot;,&quot;caption&quot;:&quot;&quot;,&quot;created_timestamp&quot;:&quot;0&quot;,&quot;copyright&quot;:&quot;&quot;,&quot;focal_length&quot;:&quot;0&quot;,&quot;iso&quot;:&quot;0&quot;,&quot;shutter_speed&quot;:&quot;0&quot;,&quot;title&quot;:&quot;&quot;,&quot;orientation&quot;:&quot;1&quot;}\" data-image-title=\"Ganado gordo\" data-image-description=\"\" data-image-caption=\"\" data-large-file=\"https:\/\/i0.wp.com\/lahoradelcampo.com.uy\/site\/wp-content\/uploads\/2019\/05\/Ganado-gordo.jpg?fit=810%2C405&amp;ssl=1\" src=\"https:\/\/i0.wp.com\/lahoradelcampo.com.uy\/site\/wp-content\/uploads\/2019\/05\/Ganado-gordo.jpg?resize=810%2C405\" alt=\"\" class=\"wp-image-10727\" srcset=\"https:\/\/i0.wp.com\/lahoradelcampo.com.uy\/site\/wp-content\/uploads\/2019\/05\/Ganado-gordo.jpg?w=880&amp;ssl=1 880w, https:\/\/i0.wp.com\/lahoradelcampo.com.uy\/site\/wp-content\/uploads\/2019\/05\/Ganado-gordo.jpg?resize=300%2C150&amp;ssl=1 300w, https:\/\/i0.wp.com\/lahoradelcampo.com.uy\/site\/wp-content\/uploads\/2019\/05\/Ganado-gordo.jpg?resize=768%2C384&amp;ssl=1 768w, https:\/\/i0.wp.com\/lahoradelcampo.com.uy\/site\/wp-content\/uploads\/2019\/05\/Ganado-gordo.jpg?resize=820%2C410&amp;ssl=1 820w\" sizes=\"auto, (max-width: 810px) 100vw, 810px\" \/><\/figure>\n\n\n\n<p>Un mill\u00f3n de animales menos llegaron a faena en lo que va del a\u00f1o, en la Rep\u00fablica Argentina, de acuerdo a los datos informados por el RUCA (Registro \u00danico de la Cadena Agroalimentaria).<\/p>\n\n\n\n<p>Seg\u00fan la informaci\u00f3n de dicho organismo, durante el mes de noviembre se registr\u00f3 una faena de 1.097.708 animales que en el acumulado del a\u00f1o arrojan un total de 11,8 millones de cabezas. <\/p>\n\n\n\n<p>Comparado con lo registrado en igual per\u00edodo de 2020, la faena actual marca una ca\u00edda del 7,7% equivalente a 981 mil vacunos menos. <\/p>\n\n\n\n<p>En t\u00e9rminos de producci\u00f3n, esta retracci\u00f3n de la faena significa 185 mil toneladas menos de carne vacuna respecto de lo producido un a\u00f1o atr\u00e1s.  <\/p>\n\n\n\n<p>Salto, 14 de diciembre de 2021<\/p>\n","protected":false},"excerpt":{"rendered":"<p>Un mill\u00f3n de animales menos llegaron a faena en lo que va del a\u00f1o, en la Rep\u00fablica Argentina, de acuerdo a los datos informados por el RUCA (Registro \u00danico de [&hellip;]<\/p>\n","protected":false},"author":5,"featured_media":10727,"comment_status":"open","ping_status":"open","sticky":false,"template":"","format":"standard","meta":{"_price":"","_stock":"","_tribe_ticket_header":"","_tribe_default_ticket_provider":"","_tribe_ticket_capacity":"0","_ticket_start_date":"","_ticket_end_date":"","_tribe_ticket_show_description":"","_tribe_ticket_show_not_going":false,"_tribe_ticket_use_global_stock":"","_tribe_ticket_global_stock_level":"","_global_stock_mode":"","_global_stock_cap":"","_tribe_rsvp_for_event":"","_tribe_ticket_going_count":"","_tribe_ticket_not_going_count":"","_tribe_tickets_list":"[]","_tribe_ticket_has_attendee_info_fields":false,"h5ap_radio_sources":[],"_jetpack_newsletter_access":"","_jetpack_dont_email_post_to_subs":false,"_jetpack_newsletter_tier_id":0,"_jetpack_memberships_contains_paywalled_content":false,"_jetpack_memberships_contains_paid_content":false,"footnotes":""},"categories":[21,15],"tags":[],"class_list":["post-37537","post","type-post","status-publish","format-standard","has-post-thumbnail","hentry","category-actualidad","category-columnistas"],"jetpack_featured_media_url":"https:\/\/i0.wp.com\/lahoradelcampo.com.uy\/site\/wp-content\/uploads\/2019\/05\/Ganado-gordo.jpg?fit=880%2C440&ssl=1","jetpack_sharing_enabled":true,"jetpack_shortlink":"https:\/\/wp.me\/p99IaT-9Lr","jetpack-related-posts":[{"id":50931,"url":"https:\/\/lahoradelcampo.com.uy\/site\/contraccion-en-la-faena-vacuna-y-aumento-en-la-ovina\/","url_meta":{"origin":37537,"position":0},"title":"Contracci\u00f3n en la faena vacuna y aumento en la ovina","author":"La Hora del Campo","date":"31 mayo, 2023","format":false,"excerpt":"Seg\u00fan el Instituto Nacional de Carnes (INAC), la faena vacuna en Uruguay registr\u00f3 un total de 41.422 cabezas en la semana que finaliz\u00f3 el 27 de mayo, lo que representa una disminuci\u00f3n del 14,4% en comparaci\u00f3n con la semana anterior, es decir, alrededor de 7 mil animales menos. Este descenso\u2026","rel":"","context":"En \u00abActualidad\u00bb","block_context":{"text":"Actualidad","link":"https:\/\/lahoradelcampo.com.uy\/site\/category\/actualidad\/"},"img":{"alt_text":"","src":"https:\/\/i0.wp.com\/lahoradelcampo.com.uy\/site\/wp-content\/uploads\/2020\/06\/Faena-vacuna.jpg?fit=880%2C440&ssl=1&resize=350%2C200","width":350,"height":200,"srcset":"https:\/\/i0.wp.com\/lahoradelcampo.com.uy\/site\/wp-content\/uploads\/2020\/06\/Faena-vacuna.jpg?fit=880%2C440&ssl=1&resize=350%2C200 1x, https:\/\/i0.wp.com\/lahoradelcampo.com.uy\/site\/wp-content\/uploads\/2020\/06\/Faena-vacuna.jpg?fit=880%2C440&ssl=1&resize=525%2C300 1.5x, https:\/\/i0.wp.com\/lahoradelcampo.com.uy\/site\/wp-content\/uploads\/2020\/06\/Faena-vacuna.jpg?fit=880%2C440&ssl=1&resize=700%2C400 2x"},"classes":[]},{"id":44233,"url":"https:\/\/lahoradelcampo.com.uy\/site\/faena-ovina-cae-28-en-el-semestre\/","url_meta":{"origin":37537,"position":1},"title":"Faena ovina cae 2,8% en el semestre","author":"La Hora del Campo","date":"27 julio, 2022","format":false,"excerpt":"En el primer semestre para la faena de ovinos mostr\u00f3 una ca\u00edda del 2,8% respecto a 2021, que hab\u00eda sido un a\u00f1o r\u00e9cord de actividad en la especie. De acuerdo a los datos de INAC en total se faenaron 562.881 cabezas, por lo que el descenso fue de 15 mil\u2026","rel":"","context":"En \u00abActualidad\u00bb","block_context":{"text":"Actualidad","link":"https:\/\/lahoradelcampo.com.uy\/site\/category\/actualidad\/"},"img":{"alt_text":"","src":"https:\/\/i0.wp.com\/lahoradelcampo.com.uy\/site\/wp-content\/uploads\/2022\/07\/inac-faenaovina.jpg?fit=880%2C440&ssl=1&resize=350%2C200","width":350,"height":200,"srcset":"https:\/\/i0.wp.com\/lahoradelcampo.com.uy\/site\/wp-content\/uploads\/2022\/07\/inac-faenaovina.jpg?fit=880%2C440&ssl=1&resize=350%2C200 1x, https:\/\/i0.wp.com\/lahoradelcampo.com.uy\/site\/wp-content\/uploads\/2022\/07\/inac-faenaovina.jpg?fit=880%2C440&ssl=1&resize=525%2C300 1.5x, https:\/\/i0.wp.com\/lahoradelcampo.com.uy\/site\/wp-content\/uploads\/2022\/07\/inac-faenaovina.jpg?fit=880%2C440&ssl=1&resize=700%2C400 2x"},"classes":[]},{"id":54042,"url":"https:\/\/lahoradelcampo.com.uy\/site\/la-faena-ovina-cayo-27-en-el-ejercicio-23-24\/","url_meta":{"origin":37537,"position":2},"title":"La faena ovina cay\u00f3 27% en el ejercicio 23-24","author":"La Hora del Campo","date":"24 julio, 2024","format":false,"excerpt":"Al cierre del ejercicio agr\u00edcola-ganadero 2023-24, cerrado el pasado mes de junio, la faena ovina cay\u00f3 un 27% respecto al a\u00f1o anterior y 19% ante el 21-22, seg\u00fan los datos del Instituto Nacional de Carnes (INAC). Durante el \u00faltimo ejercicio la faena ascendi\u00f3 a 1.101.599 cabezas, con descensos consecutivos en\u2026","rel":"","context":"En \u00abActualidad\u00bb","block_context":{"text":"Actualidad","link":"https:\/\/lahoradelcampo.com.uy\/site\/category\/actualidad\/"},"img":{"alt_text":"","src":"https:\/\/i0.wp.com\/lahoradelcampo.com.uy\/site\/wp-content\/uploads\/2024\/07\/faena-ovina.jpg?fit=880%2C440&ssl=1&resize=350%2C200","width":350,"height":200,"srcset":"https:\/\/i0.wp.com\/lahoradelcampo.com.uy\/site\/wp-content\/uploads\/2024\/07\/faena-ovina.jpg?fit=880%2C440&ssl=1&resize=350%2C200 1x, https:\/\/i0.wp.com\/lahoradelcampo.com.uy\/site\/wp-content\/uploads\/2024\/07\/faena-ovina.jpg?fit=880%2C440&ssl=1&resize=525%2C300 1.5x, https:\/\/i0.wp.com\/lahoradelcampo.com.uy\/site\/wp-content\/uploads\/2024\/07\/faena-ovina.jpg?fit=880%2C440&ssl=1&resize=700%2C400 2x"},"classes":[]},{"id":16344,"url":"https:\/\/lahoradelcampo.com.uy\/site\/faena-para-la-cuota-481-mantuvo-el-volumen-de-novillos-de-2-a-4-dientes\/","url_meta":{"origin":37537,"position":3},"title":"Faena para la cuota 481 mantuvo el volumen de novillos de 2 a 4 dientes","author":"La Hora del Campo","date":"9 diciembre, 2019","format":false,"excerpt":"Durante este a\u00f1o y hasta el 30 de noviembre la faena total de vacunos es un 6.1% inferior comparando con el mismo periodo del a\u00f1o 2018, unas 130 mil cabezas menos que faenaron. Pero el ritmo de faena durante el primer semestre de este a\u00f1o fue pr\u00e1cticamente similar al a\u00f1o\u2026","rel":"","context":"En \u00abActualidad\u00bb","block_context":{"text":"Actualidad","link":"https:\/\/lahoradelcampo.com.uy\/site\/category\/actualidad\/"},"img":{"alt_text":"","src":"https:\/\/i0.wp.com\/lahoradelcampo.com.uy\/site\/wp-content\/uploads\/2019\/04\/Corrales.jpg?fit=880%2C440&ssl=1&resize=350%2C200","width":350,"height":200,"srcset":"https:\/\/i0.wp.com\/lahoradelcampo.com.uy\/site\/wp-content\/uploads\/2019\/04\/Corrales.jpg?fit=880%2C440&ssl=1&resize=350%2C200 1x, https:\/\/i0.wp.com\/lahoradelcampo.com.uy\/site\/wp-content\/uploads\/2019\/04\/Corrales.jpg?fit=880%2C440&ssl=1&resize=525%2C300 1.5x, https:\/\/i0.wp.com\/lahoradelcampo.com.uy\/site\/wp-content\/uploads\/2019\/04\/Corrales.jpg?fit=880%2C440&ssl=1&resize=700%2C400 2x"},"classes":[]},{"id":55971,"url":"https:\/\/lahoradelcampo.com.uy\/site\/faena-vacuna-consolida-el-buen-ritmo-del-mes-de-abril\/","url_meta":{"origin":37537,"position":4},"title":"Faena vacuna consolida el buen ritmo del mes de abril","author":"La Hora del Campo","date":"22 abril, 2025","format":false,"excerpt":"A pesar de los feriados y la menor actividad habitual en Semana de Pascua, la industria frigor\u00edfica uruguaya logr\u00f3 faenar 39.723 vacunos, un 8% m\u00e1s que en el mismo per\u00edodo del a\u00f1o pasado, lo que equivale a unos 3 mil animales adicionales. Este crecimiento, registrado hasta el s\u00e1bado 19 de\u2026","rel":"","context":"En \u00abActualidad\u00bb","block_context":{"text":"Actualidad","link":"https:\/\/lahoradelcampo.com.uy\/site\/category\/actualidad\/"},"img":{"alt_text":"","src":"https:\/\/i0.wp.com\/lahoradelcampo.com.uy\/site\/wp-content\/uploads\/2017\/12\/Faena-1.jpg?fit=880%2C440&ssl=1&resize=350%2C200","width":350,"height":200,"srcset":"https:\/\/i0.wp.com\/lahoradelcampo.com.uy\/site\/wp-content\/uploads\/2017\/12\/Faena-1.jpg?fit=880%2C440&ssl=1&resize=350%2C200 1x, https:\/\/i0.wp.com\/lahoradelcampo.com.uy\/site\/wp-content\/uploads\/2017\/12\/Faena-1.jpg?fit=880%2C440&ssl=1&resize=525%2C300 1.5x, https:\/\/i0.wp.com\/lahoradelcampo.com.uy\/site\/wp-content\/uploads\/2017\/12\/Faena-1.jpg?fit=880%2C440&ssl=1&resize=700%2C400 2x"},"classes":[]},{"id":25588,"url":"https:\/\/lahoradelcampo.com.uy\/site\/faena-de-corral-se-ubica-en-el-134\/","url_meta":{"origin":37537,"position":5},"title":"Faena de corral se ubica en el 13,4%","author":"La Hora del Campo","date":"19 noviembre, 2020","format":false,"excerpt":"De acuerdo a los datos aportados por el Instituto Nacional de Carnes (INAC), la faena vacuna en el pa\u00eds se posiciona en 1.700.623 cabezas al 14 de noviembre, lo que muestra una ca\u00edda del 12,6% respecto a igual per\u00edodo del a\u00f1o pasado. En el detalle la faena de novillos pasa\u2026","rel":"","context":"En \u00abActualidad\u00bb","block_context":{"text":"Actualidad","link":"https:\/\/lahoradelcampo.com.uy\/site\/category\/actualidad\/"},"img":{"alt_text":"","src":"https:\/\/i0.wp.com\/lahoradelcampo.com.uy\/site\/wp-content\/uploads\/2019\/04\/Corrales.jpg?fit=880%2C440&ssl=1&resize=350%2C200","width":350,"height":200,"srcset":"https:\/\/i0.wp.com\/lahoradelcampo.com.uy\/site\/wp-content\/uploads\/2019\/04\/Corrales.jpg?fit=880%2C440&ssl=1&resize=350%2C200 1x, https:\/\/i0.wp.com\/lahoradelcampo.com.uy\/site\/wp-content\/uploads\/2019\/04\/Corrales.jpg?fit=880%2C440&ssl=1&resize=525%2C300 1.5x, https:\/\/i0.wp.com\/lahoradelcampo.com.uy\/site\/wp-content\/uploads\/2019\/04\/Corrales.jpg?fit=880%2C440&ssl=1&resize=700%2C400 2x"},"classes":[]}],"jetpack_likes_enabled":true,"_links":{"self":[{"href":"https:\/\/lahoradelcampo.com.uy\/site\/wp-json\/wp\/v2\/posts\/37537","targetHints":{"allow":["GET"]}}],"collection":[{"href":"https:\/\/lahoradelcampo.com.uy\/site\/wp-json\/wp\/v2\/posts"}],"about":[{"href":"https:\/\/lahoradelcampo.com.uy\/site\/wp-json\/wp\/v2\/types\/post"}],"author":[{"embeddable":true,"href":"https:\/\/lahoradelcampo.com.uy\/site\/wp-json\/wp\/v2\/users\/5"}],"replies":[{"embeddable":true,"href":"https:\/\/lahoradelcampo.com.uy\/site\/wp-json\/wp\/v2\/comments?post=37537"}],"version-history":[{"count":1,"href":"https:\/\/lahoradelcampo.com.uy\/site\/wp-json\/wp\/v2\/posts\/37537\/revisions"}],"predecessor-version":[{"id":37539,"href":"https:\/\/lahoradelcampo.com.uy\/site\/wp-json\/wp\/v2\/posts\/37537\/revisions\/37539"}],"wp:featuredmedia":[{"embeddable":true,"href":"https:\/\/lahoradelcampo.com.uy\/site\/wp-json\/wp\/v2\/media\/10727"}],"wp:attachment":[{"href":"https:\/\/lahoradelcampo.com.uy\/site\/wp-json\/wp\/v2\/media?parent=37537"}],"wp:term":[{"taxonomy":"category","embeddable":true,"href":"https:\/\/lahoradelcampo.com.uy\/site\/wp-json\/wp\/v2\/categories?post=37537"},{"taxonomy":"post_tag","embeddable":true,"href":"https:\/\/lahoradelcampo.com.uy\/site\/wp-json\/wp\/v2\/tags?post=37537"}],"curies":[{"name":"wp","href":"https:\/\/api.w.org\/{rel}","templated":true}]}}