{"id":37509,"date":"2021-12-13T19:13:42","date_gmt":"2021-12-13T22:13:42","guid":{"rendered":"http:\/\/lahoradelcampo.com.uy\/site\/?p=37509"},"modified":"2021-12-13T19:13:51","modified_gmt":"2021-12-13T22:13:51","slug":"la-faena-vacuna-cayo-pero-continua-sobre-las-60-000-cabezas","status":"publish","type":"post","link":"https:\/\/lahoradelcampo.com.uy\/site\/la-faena-vacuna-cayo-pero-continua-sobre-las-60-000-cabezas\/","title":{"rendered":"La faena vacuna cay\u00f3, pero contin\u00faa sobre las 60.000 cabezas"},"content":{"rendered":"\n<figure class=\"wp-block-image\"><img data-recalc-dims=\"1\" loading=\"lazy\" decoding=\"async\" width=\"810\" height=\"405\" data-attachment-id=\"11205\" data-permalink=\"https:\/\/lahoradelcampo.com.uy\/site\/la-faena-vacuna-continua-firme-y-se-posiciona-un-2-sobre-2018\/faena-1\/\" data-orig-file=\"https:\/\/i0.wp.com\/lahoradelcampo.com.uy\/site\/wp-content\/uploads\/2019\/05\/Faena-1.jpg?fit=880%2C440&amp;ssl=1\" data-orig-size=\"880,440\" data-comments-opened=\"1\" data-image-meta=\"{&quot;aperture&quot;:&quot;0&quot;,&quot;credit&quot;:&quot;&quot;,&quot;camera&quot;:&quot;&quot;,&quot;caption&quot;:&quot;&quot;,&quot;created_timestamp&quot;:&quot;0&quot;,&quot;copyright&quot;:&quot;&quot;,&quot;focal_length&quot;:&quot;0&quot;,&quot;iso&quot;:&quot;0&quot;,&quot;shutter_speed&quot;:&quot;0&quot;,&quot;title&quot;:&quot;&quot;,&quot;orientation&quot;:&quot;1&quot;}\" data-image-title=\"Faena 1\" data-image-description=\"\" data-image-caption=\"\" data-large-file=\"https:\/\/i0.wp.com\/lahoradelcampo.com.uy\/site\/wp-content\/uploads\/2019\/05\/Faena-1.jpg?fit=810%2C405&amp;ssl=1\" src=\"https:\/\/i0.wp.com\/lahoradelcampo.com.uy\/site\/wp-content\/uploads\/2019\/05\/Faena-1.jpg?resize=810%2C405\" alt=\"\" class=\"wp-image-11205\" srcset=\"https:\/\/i0.wp.com\/lahoradelcampo.com.uy\/site\/wp-content\/uploads\/2019\/05\/Faena-1.jpg?w=880&amp;ssl=1 880w, https:\/\/i0.wp.com\/lahoradelcampo.com.uy\/site\/wp-content\/uploads\/2019\/05\/Faena-1.jpg?resize=300%2C150&amp;ssl=1 300w, https:\/\/i0.wp.com\/lahoradelcampo.com.uy\/site\/wp-content\/uploads\/2019\/05\/Faena-1.jpg?resize=768%2C384&amp;ssl=1 768w, https:\/\/i0.wp.com\/lahoradelcampo.com.uy\/site\/wp-content\/uploads\/2019\/05\/Faena-1.jpg?resize=820%2C410&amp;ssl=1 820w\" sizes=\"auto, (max-width: 810px) 100vw, 810px\" \/><\/figure>\n\n\n\n<p>En la semana del 5 al 11 de diciembre de 2021, la faena vacuna alcanz\u00f3 las 60.233 cabezas lo que significa una ca\u00edda del 4,4% respecto a la pasada semana, sin embargo es la cuarta mayor faena del a\u00f1o. <\/p>\n\n\n\n<p>Seg\u00fan los datos aportados por el Instituto Nacional de Carnes (INAC), la faena alcanz\u00f3 los 26.932 novillos (7,7% inferior a la semana anterior), 7.157 vaquillonas (14,3% menos) y 24.778 vacas, siendo la \u00fanica categor\u00eda que creci\u00f3 respecto a la pasada semana (un 2%). <\/p>\n\n\n\n<p>En el acumulado de 2021, la faena alcanza las 2.486.495 cabezas. Esto significa una suba del 30,9% respecto al 2020 y un 17,1% sobre igual per\u00edodo de 2019. <\/p>\n\n\n\n<p>Salto, 13 de diciembre de 2021<\/p>\n","protected":false},"excerpt":{"rendered":"<p>En la semana del 5 al 11 de diciembre de 2021, la faena vacuna alcanz\u00f3 las 60.233 cabezas lo que significa una ca\u00edda del 4,4% respecto a la pasada semana, [&hellip;]<\/p>\n","protected":false},"author":5,"featured_media":11205,"comment_status":"open","ping_status":"open","sticky":false,"template":"","format":"standard","meta":{"_price":"","_stock":"","_tribe_ticket_header":"","_tribe_default_ticket_provider":"","_tribe_ticket_capacity":"0","_ticket_start_date":"","_ticket_end_date":"","_tribe_ticket_show_description":"","_tribe_ticket_show_not_going":false,"_tribe_ticket_use_global_stock":"","_tribe_ticket_global_stock_level":"","_global_stock_mode":"","_global_stock_cap":"","_tribe_rsvp_for_event":"","_tribe_ticket_going_count":"","_tribe_ticket_not_going_count":"","_tribe_tickets_list":"[]","_tribe_ticket_has_attendee_info_fields":false,"h5ap_radio_sources":[],"_jetpack_newsletter_access":"","_jetpack_dont_email_post_to_subs":false,"_jetpack_newsletter_tier_id":0,"_jetpack_memberships_contains_paywalled_content":false,"_jetpack_memberships_contains_paid_content":false,"footnotes":""},"categories":[21,5],"tags":[],"class_list":["post-37509","post","type-post","status-publish","format-standard","has-post-thumbnail","hentry","category-actualidad","category-ganaderia"],"jetpack_featured_media_url":"https:\/\/i0.wp.com\/lahoradelcampo.com.uy\/site\/wp-content\/uploads\/2019\/05\/Faena-1.jpg?fit=880%2C440&ssl=1","jetpack_sharing_enabled":true,"jetpack_shortlink":"https:\/\/wp.me\/p99IaT-9KZ","jetpack-related-posts":[{"id":43481,"url":"https:\/\/lahoradelcampo.com.uy\/site\/en-junio-la-faena-vacuna-cayo-un-128\/","url_meta":{"origin":37509,"position":0},"title":"En junio, la faena vacuna cay\u00f3 un 12,8%","author":"La Hora del Campo","date":"5 julio, 2022","format":false,"excerpt":"La pasada semana cerrada el 2 de julio de 2022, la faena vacuna registr\u00f3 el segundo menor nivel semanal de actividad del presente a\u00f1o. Seg\u00fan los datos aportados por el Instituto Nacional de Carnes (INAC), la faena cerr\u00f3 en 39.987 cabezas de vacunos, un 8,7% por debajo de la semana\u2026","rel":"","context":"En \u00abActualidad\u00bb","block_context":{"text":"Actualidad","link":"https:\/\/lahoradelcampo.com.uy\/site\/category\/actualidad\/"},"img":{"alt_text":"","src":"https:\/\/i0.wp.com\/lahoradelcampo.com.uy\/site\/wp-content\/uploads\/2022\/07\/FAENA-vacuna1.jpg?fit=880%2C440&ssl=1&resize=350%2C200","width":350,"height":200,"srcset":"https:\/\/i0.wp.com\/lahoradelcampo.com.uy\/site\/wp-content\/uploads\/2022\/07\/FAENA-vacuna1.jpg?fit=880%2C440&ssl=1&resize=350%2C200 1x, https:\/\/i0.wp.com\/lahoradelcampo.com.uy\/site\/wp-content\/uploads\/2022\/07\/FAENA-vacuna1.jpg?fit=880%2C440&ssl=1&resize=525%2C300 1.5x, https:\/\/i0.wp.com\/lahoradelcampo.com.uy\/site\/wp-content\/uploads\/2022\/07\/FAENA-vacuna1.jpg?fit=880%2C440&ssl=1&resize=700%2C400 2x"},"classes":[]},{"id":36147,"url":"https:\/\/lahoradelcampo.com.uy\/site\/la-faena-vacuna-supera-un-043-al-record-de-2006\/","url_meta":{"origin":37509,"position":1},"title":"La faena vacuna supera un 0,43% al r\u00e9cord de 2006","author":"La Hora del Campo","date":"3 noviembre, 2021","format":false,"excerpt":"De acuerdo a los datos publicados por parte del Instituto Nacional de Carnes (INAC) durante la \u00faltima semana cerrada el pasado 30 de octubre, se faenaron en el pa\u00eds 62.454 cabezas de vacunos, lo que implica un total de 2.160.567 vacunos faenados durante los primeros diez meses de 2021. Este\u2026","rel":"","context":"En \u00abActualidad\u00bb","block_context":{"text":"Actualidad","link":"https:\/\/lahoradelcampo.com.uy\/site\/category\/actualidad\/"},"img":{"alt_text":"","src":"https:\/\/i0.wp.com\/lahoradelcampo.com.uy\/site\/wp-content\/uploads\/2021\/11\/faenavacuna1.jpg?fit=880%2C440&ssl=1&resize=350%2C200","width":350,"height":200,"srcset":"https:\/\/i0.wp.com\/lahoradelcampo.com.uy\/site\/wp-content\/uploads\/2021\/11\/faenavacuna1.jpg?fit=880%2C440&ssl=1&resize=350%2C200 1x, https:\/\/i0.wp.com\/lahoradelcampo.com.uy\/site\/wp-content\/uploads\/2021\/11\/faenavacuna1.jpg?fit=880%2C440&ssl=1&resize=525%2C300 1.5x, https:\/\/i0.wp.com\/lahoradelcampo.com.uy\/site\/wp-content\/uploads\/2021\/11\/faenavacuna1.jpg?fit=880%2C440&ssl=1&resize=700%2C400 2x"},"classes":[]},{"id":3375,"url":"https:\/\/lahoradelcampo.com.uy\/site\/faena-vacuna-crecio-un-86-en-la-semana\/","url_meta":{"origin":37509,"position":2},"title":"Faena vacuna creci\u00f3 un 8,6% en la semana","author":"La Hora del Campo","date":"30 octubre, 2017","format":false,"excerpt":"La faena en la semana del 22 al 28 de octubre, seg\u00fan los datos del Instituto Nacional de Carnes, se posicion\u00f3 en las 44.298 cabezas increment\u00e1ndose un 8,6% con respecto a la semana anterior. A\u00fan con la planta de La Caballada, Cledinor SA, sin actividad al igual que la pasada\u2026","rel":"","context":"En \u00abActualidad\u00bb","block_context":{"text":"Actualidad","link":"https:\/\/lahoradelcampo.com.uy\/site\/category\/actualidad\/"},"img":{"alt_text":"","src":"https:\/\/i0.wp.com\/lahoradelcampo.com.uy\/site\/wp-content\/uploads\/2017\/10\/Faena.jpg?fit=880%2C440&ssl=1&resize=350%2C200","width":350,"height":200,"srcset":"https:\/\/i0.wp.com\/lahoradelcampo.com.uy\/site\/wp-content\/uploads\/2017\/10\/Faena.jpg?fit=880%2C440&ssl=1&resize=350%2C200 1x, https:\/\/i0.wp.com\/lahoradelcampo.com.uy\/site\/wp-content\/uploads\/2017\/10\/Faena.jpg?fit=880%2C440&ssl=1&resize=525%2C300 1.5x, https:\/\/i0.wp.com\/lahoradelcampo.com.uy\/site\/wp-content\/uploads\/2017\/10\/Faena.jpg?fit=880%2C440&ssl=1&resize=700%2C400 2x"},"classes":[]},{"id":5187,"url":"https:\/\/lahoradelcampo.com.uy\/site\/faena-cayo-un-5-pero-continua-siendo-alta-para-la-epoca-del-ano\/","url_meta":{"origin":37509,"position":3},"title":"Faena cay\u00f3 un 5% pero contin\u00faa siendo alta para la \u00e9poca del a\u00f1o","author":"La Hora del Campo","date":"27 diciembre, 2017","format":false,"excerpt":"La faena vacuna de la semana del 17 al 23 de diciembre registr\u00f3 un descenso del 5% respecto a la semana anterior, sin embargo se encuentra un 16,5% por encima de la misma semana de 2016. En la \u00faltima semana se faenaron 55.843 cabezas de vacunos, siendo el 49,2% novillos\u2026","rel":"","context":"En \u00abActualidad\u00bb","block_context":{"text":"Actualidad","link":"https:\/\/lahoradelcampo.com.uy\/site\/category\/actualidad\/"},"img":{"alt_text":"","src":"https:\/\/i0.wp.com\/lahoradelcampo.com.uy\/site\/wp-content\/uploads\/2017\/12\/Faena-1.jpg?fit=880%2C440&ssl=1&resize=350%2C200","width":350,"height":200,"srcset":"https:\/\/i0.wp.com\/lahoradelcampo.com.uy\/site\/wp-content\/uploads\/2017\/12\/Faena-1.jpg?fit=880%2C440&ssl=1&resize=350%2C200 1x, https:\/\/i0.wp.com\/lahoradelcampo.com.uy\/site\/wp-content\/uploads\/2017\/12\/Faena-1.jpg?fit=880%2C440&ssl=1&resize=525%2C300 1.5x, https:\/\/i0.wp.com\/lahoradelcampo.com.uy\/site\/wp-content\/uploads\/2017\/12\/Faena-1.jpg?fit=880%2C440&ssl=1&resize=700%2C400 2x"},"classes":[]},{"id":39171,"url":"https:\/\/lahoradelcampo.com.uy\/site\/faena-vacuna-crecio-un-19-con-una-mayor-participacion-de-los-novillos-precoces\/","url_meta":{"origin":37509,"position":4},"title":"Faena vacuna creci\u00f3 un 19% con una mayor participaci\u00f3n de los novillos precoces","author":"La Hora del Campo","date":"15 febrero, 2022","format":false,"excerpt":"El 2022 comenz\u00f3 con n\u00fameros destacados en el sector c\u00e1rnico, con un ganado gordo que alcanz\u00f3 los US$ 5,00, la tonelada de carne vacuna que crece un 29% y una faena que crece un 19,3% hasta el pasado 12 de febrero seg\u00fan los datos aportados por el Instituto Nacional de\u2026","rel":"","context":"En \u00abActualidad\u00bb","block_context":{"text":"Actualidad","link":"https:\/\/lahoradelcampo.com.uy\/site\/category\/actualidad\/"},"img":{"alt_text":"","src":"https:\/\/i0.wp.com\/lahoradelcampo.com.uy\/site\/wp-content\/uploads\/2019\/04\/Faena.jpg?fit=880%2C440&ssl=1&resize=350%2C200","width":350,"height":200,"srcset":"https:\/\/i0.wp.com\/lahoradelcampo.com.uy\/site\/wp-content\/uploads\/2019\/04\/Faena.jpg?fit=880%2C440&ssl=1&resize=350%2C200 1x, https:\/\/i0.wp.com\/lahoradelcampo.com.uy\/site\/wp-content\/uploads\/2019\/04\/Faena.jpg?fit=880%2C440&ssl=1&resize=525%2C300 1.5x, https:\/\/i0.wp.com\/lahoradelcampo.com.uy\/site\/wp-content\/uploads\/2019\/04\/Faena.jpg?fit=880%2C440&ssl=1&resize=700%2C400 2x"},"classes":[]},{"id":31854,"url":"https:\/\/lahoradelcampo.com.uy\/site\/faena-vacuna-fue-de-20-mil-cabezas-mas-que-en-2020\/","url_meta":{"origin":37509,"position":5},"title":"Faena vacuna fue de 20 mil cabezas m\u00e1s que en 2020","author":"La Hora del Campo","date":"7 julio, 2021","format":false,"excerpt":"En la \u00faltima semana se faenaron en el pa\u00eds 53.602 vacunos y 14.601 ovinos, seg\u00fan los datos publicados por el Instituto Nacional de Carnes (INAC). La actividad comercial de esta semana fue 19.955 vacunos m\u00e1s que la registrada en 2020 y 16.484 m\u00e1s que en 2019. La faena de esta\u2026","rel":"","context":"En \u00abActualidad\u00bb","block_context":{"text":"Actualidad","link":"https:\/\/lahoradelcampo.com.uy\/site\/category\/actualidad\/"},"img":{"alt_text":"","src":"https:\/\/i0.wp.com\/lahoradelcampo.com.uy\/site\/wp-content\/uploads\/2019\/04\/Faena.jpg?fit=880%2C440&ssl=1&resize=350%2C200","width":350,"height":200,"srcset":"https:\/\/i0.wp.com\/lahoradelcampo.com.uy\/site\/wp-content\/uploads\/2019\/04\/Faena.jpg?fit=880%2C440&ssl=1&resize=350%2C200 1x, https:\/\/i0.wp.com\/lahoradelcampo.com.uy\/site\/wp-content\/uploads\/2019\/04\/Faena.jpg?fit=880%2C440&ssl=1&resize=525%2C300 1.5x, https:\/\/i0.wp.com\/lahoradelcampo.com.uy\/site\/wp-content\/uploads\/2019\/04\/Faena.jpg?fit=880%2C440&ssl=1&resize=700%2C400 2x"},"classes":[]}],"jetpack_likes_enabled":true,"_links":{"self":[{"href":"https:\/\/lahoradelcampo.com.uy\/site\/wp-json\/wp\/v2\/posts\/37509","targetHints":{"allow":["GET"]}}],"collection":[{"href":"https:\/\/lahoradelcampo.com.uy\/site\/wp-json\/wp\/v2\/posts"}],"about":[{"href":"https:\/\/lahoradelcampo.com.uy\/site\/wp-json\/wp\/v2\/types\/post"}],"author":[{"embeddable":true,"href":"https:\/\/lahoradelcampo.com.uy\/site\/wp-json\/wp\/v2\/users\/5"}],"replies":[{"embeddable":true,"href":"https:\/\/lahoradelcampo.com.uy\/site\/wp-json\/wp\/v2\/comments?post=37509"}],"version-history":[{"count":1,"href":"https:\/\/lahoradelcampo.com.uy\/site\/wp-json\/wp\/v2\/posts\/37509\/revisions"}],"predecessor-version":[{"id":37511,"href":"https:\/\/lahoradelcampo.com.uy\/site\/wp-json\/wp\/v2\/posts\/37509\/revisions\/37511"}],"wp:featuredmedia":[{"embeddable":true,"href":"https:\/\/lahoradelcampo.com.uy\/site\/wp-json\/wp\/v2\/media\/11205"}],"wp:attachment":[{"href":"https:\/\/lahoradelcampo.com.uy\/site\/wp-json\/wp\/v2\/media?parent=37509"}],"wp:term":[{"taxonomy":"category","embeddable":true,"href":"https:\/\/lahoradelcampo.com.uy\/site\/wp-json\/wp\/v2\/categories?post=37509"},{"taxonomy":"post_tag","embeddable":true,"href":"https:\/\/lahoradelcampo.com.uy\/site\/wp-json\/wp\/v2\/tags?post=37509"}],"curies":[{"name":"wp","href":"https:\/\/api.w.org\/{rel}","templated":true}]}}