{"id":37505,"date":"2021-12-13T18:43:59","date_gmt":"2021-12-13T21:43:59","guid":{"rendered":"http:\/\/lahoradelcampo.com.uy\/site\/?p=37505"},"modified":"2021-12-13T18:44:06","modified_gmt":"2021-12-13T21:44:06","slug":"los-precios-mundiales-del-arroz-cayeron-en-noviembre","status":"publish","type":"post","link":"https:\/\/lahoradelcampo.com.uy\/site\/los-precios-mundiales-del-arroz-cayeron-en-noviembre\/","title":{"rendered":"Los precios mundiales del arroz cayeron en noviembre"},"content":{"rendered":"\n<figure class=\"wp-block-image\"><img data-recalc-dims=\"1\" loading=\"lazy\" decoding=\"async\" width=\"810\" height=\"405\" data-attachment-id=\"31216\" data-permalink=\"https:\/\/lahoradelcampo.com.uy\/site\/variedades-de-arroz-de-inia-ocuparon-el-80-area-plantada\/arroz-merin\/\" data-orig-file=\"https:\/\/i0.wp.com\/lahoradelcampo.com.uy\/site\/wp-content\/uploads\/2021\/06\/arroz-merin.jpg?fit=880%2C440&amp;ssl=1\" data-orig-size=\"880,440\" data-comments-opened=\"1\" data-image-meta=\"{&quot;aperture&quot;:&quot;0&quot;,&quot;credit&quot;:&quot;&quot;,&quot;camera&quot;:&quot;&quot;,&quot;caption&quot;:&quot;&quot;,&quot;created_timestamp&quot;:&quot;0&quot;,&quot;copyright&quot;:&quot;&quot;,&quot;focal_length&quot;:&quot;0&quot;,&quot;iso&quot;:&quot;0&quot;,&quot;shutter_speed&quot;:&quot;0&quot;,&quot;title&quot;:&quot;&quot;,&quot;orientation&quot;:&quot;1&quot;}\" data-image-title=\"arroz merin\" data-image-description=\"\" data-image-caption=\"\" data-large-file=\"https:\/\/i0.wp.com\/lahoradelcampo.com.uy\/site\/wp-content\/uploads\/2021\/06\/arroz-merin.jpg?fit=810%2C405&amp;ssl=1\" src=\"https:\/\/i0.wp.com\/lahoradelcampo.com.uy\/site\/wp-content\/uploads\/2021\/06\/arroz-merin.jpg?resize=810%2C405\" alt=\"\" class=\"wp-image-31216\" srcset=\"https:\/\/i0.wp.com\/lahoradelcampo.com.uy\/site\/wp-content\/uploads\/2021\/06\/arroz-merin.jpg?w=880&amp;ssl=1 880w, https:\/\/i0.wp.com\/lahoradelcampo.com.uy\/site\/wp-content\/uploads\/2021\/06\/arroz-merin.jpg?resize=300%2C150&amp;ssl=1 300w, https:\/\/i0.wp.com\/lahoradelcampo.com.uy\/site\/wp-content\/uploads\/2021\/06\/arroz-merin.jpg?resize=768%2C384&amp;ssl=1 768w, https:\/\/i0.wp.com\/lahoradelcampo.com.uy\/site\/wp-content\/uploads\/2021\/06\/arroz-merin.jpg?resize=820%2C410&amp;ssl=1 820w\" sizes=\"auto, (max-width: 810px) 100vw, 810px\" \/><\/figure>\n\n\n\n<p>De acuerdo al informe elaborado por el Ing. Agr. Patricio M\u00e9ndez del Villar, del Cirad de Francia, durante el pasado mes de noviembre, los precios mundiales del arroz declinaron en la mayor\u00eda de los mercados de exportaci\u00f3n a ra\u00edz de la llegada progresiva de las nuevas cosechas asi\u00e1ticas. <\/p>\n\n\n\n<p>Los importadores tienden tambi\u00e9n a reducir sus demandas de importaci\u00f3n en periodo de cosecha y adem\u00e1s anticipan nuevas bajadas de precios cuando el fuerte de la cosecha principal asi\u00e1tica comience a llegar al mercado a mediados de diciembre. India sigue liderando el mercado de exportaci\u00f3n gracias a abundantes reservas y apunta excelentes perspectivas para la cosecha Kharif. <\/p>\n\n\n\n<p>La India podr\u00eda alcanzar un nuevo r\u00e9cord de ventas en 2021, sobrepasando 20 Mt, ya sean 40% del comercio mundial de arroz y tres veces m\u00e1s que sus dos principales competidores asi\u00e1ticos. <\/p>\n\n\n\n<p>Vietnam y Tailandia se disputan el segundo puesto a nivel mundial, pero con ventaja para Vietnam, a pesar de una buena recuperaci\u00f3n de las exportaciones tailandesas desde agosto pasado. <\/p>\n\n\n\n<p>Las perspectivas mundiales indican una fuerte reactivaci\u00f3n del consumo debido a la perspectiva de abundantes cosechas en las principales regiones productoras. <\/p>\n\n\n\n<p>Se espera que el comercio mundial aumente un 7,5% a 49,0 Mt contra 45,6 Mt en 2020. <\/p>\n\n\n\n<p>Salto, 13 de diciembre de 2021<\/p>\n","protected":false},"excerpt":{"rendered":"<p>De acuerdo al informe elaborado por el Ing. Agr. Patricio M\u00e9ndez del Villar, del Cirad de Francia, durante el pasado mes de noviembre, los precios mundiales del arroz declinaron en [&hellip;]<\/p>\n","protected":false},"author":5,"featured_media":31216,"comment_status":"open","ping_status":"open","sticky":false,"template":"","format":"standard","meta":{"_price":"","_stock":"","_tribe_ticket_header":"","_tribe_default_ticket_provider":"","_tribe_ticket_capacity":"0","_ticket_start_date":"","_ticket_end_date":"","_tribe_ticket_show_description":"","_tribe_ticket_show_not_going":false,"_tribe_ticket_use_global_stock":"","_tribe_ticket_global_stock_level":"","_global_stock_mode":"","_global_stock_cap":"","_tribe_rsvp_for_event":"","_tribe_ticket_going_count":"","_tribe_ticket_not_going_count":"","_tribe_tickets_list":"[]","_tribe_ticket_has_attendee_info_fields":false,"h5ap_radio_sources":[],"_jetpack_newsletter_access":"","_jetpack_dont_email_post_to_subs":false,"_jetpack_newsletter_tier_id":0,"_jetpack_memberships_contains_paywalled_content":false,"_jetpack_memberships_contains_paid_content":false,"footnotes":""},"categories":[21,7],"tags":[],"class_list":["post-37505","post","type-post","status-publish","format-standard","has-post-thumbnail","hentry","category-actualidad","category-agricultura"],"jetpack_featured_media_url":"https:\/\/i0.wp.com\/lahoradelcampo.com.uy\/site\/wp-content\/uploads\/2021\/06\/arroz-merin.jpg?fit=880%2C440&ssl=1","jetpack_sharing_enabled":true,"jetpack_shortlink":"https:\/\/wp.me\/p99IaT-9KV","jetpack-related-posts":[{"id":36695,"url":"https:\/\/lahoradelcampo.com.uy\/site\/los-precios-mundiales-del-arroz-subieron-en-octubre\/","url_meta":{"origin":37505,"position":0},"title":"Los precios mundiales del arroz subieron en octubre","author":"La Hora del Campo","date":"18 noviembre, 2021","format":false,"excerpt":"En octubre, los precios mundiales del arroz subieron influenciados por los precios vietnamitas los cuales se han fortalecidos nuevamente a ra\u00edz de la fuerte demande interna y externa seg\u00fan informa el Infoarroz, del Cirad de Francia. En cambio, los precios indios continuaron bajando y las ventas externas siguen en buen\u2026","rel":"","context":"En \u00abActualidad\u00bb","block_context":{"text":"Actualidad","link":"https:\/\/lahoradelcampo.com.uy\/site\/category\/actualidad\/"},"img":{"alt_text":"","src":"https:\/\/i0.wp.com\/lahoradelcampo.com.uy\/site\/wp-content\/uploads\/2021\/11\/Arroz-grano.jpg?fit=880%2C440&ssl=1&resize=350%2C200","width":350,"height":200,"srcset":"https:\/\/i0.wp.com\/lahoradelcampo.com.uy\/site\/wp-content\/uploads\/2021\/11\/Arroz-grano.jpg?fit=880%2C440&ssl=1&resize=350%2C200 1x, https:\/\/i0.wp.com\/lahoradelcampo.com.uy\/site\/wp-content\/uploads\/2021\/11\/Arroz-grano.jpg?fit=880%2C440&ssl=1&resize=525%2C300 1.5x, https:\/\/i0.wp.com\/lahoradelcampo.com.uy\/site\/wp-content\/uploads\/2021\/11\/Arroz-grano.jpg?fit=880%2C440&ssl=1&resize=700%2C400 2x"},"classes":[]},{"id":53182,"url":"https:\/\/lahoradelcampo.com.uy\/site\/precios-mundiales-del-arroz-cayeron-un-3-en-el-mes-de-octubre\/","url_meta":{"origin":37505,"position":1},"title":"Precios mundiales del arroz cayeron un 3% en el mes de octubre","author":"La Hora del Campo","date":"21 noviembre, 2023","format":false,"excerpt":"Seg\u00fan el \u00faltimo informe del Infoarroz elaborado por Patricio Mendez del Villar del Cirad de Francia, los precios internacionales del arroz experimentaron en octubre una disminuci\u00f3n promedio del 3%. Este fen\u00f3meno encuentra su explicaci\u00f3n en la llegada de las nuevas cosechas asi\u00e1ticas, generando un impacto directo en la oferta y\u2026","rel":"","context":"En \u00abActualidad\u00bb","block_context":{"text":"Actualidad","link":"https:\/\/lahoradelcampo.com.uy\/site\/category\/actualidad\/"},"img":{"alt_text":"","src":"https:\/\/i0.wp.com\/lahoradelcampo.com.uy\/site\/wp-content\/uploads\/2018\/03\/Arroz-web.jpg?fit=880%2C440&ssl=1&resize=350%2C200","width":350,"height":200,"srcset":"https:\/\/i0.wp.com\/lahoradelcampo.com.uy\/site\/wp-content\/uploads\/2018\/03\/Arroz-web.jpg?fit=880%2C440&ssl=1&resize=350%2C200 1x, https:\/\/i0.wp.com\/lahoradelcampo.com.uy\/site\/wp-content\/uploads\/2018\/03\/Arroz-web.jpg?fit=880%2C440&ssl=1&resize=525%2C300 1.5x, https:\/\/i0.wp.com\/lahoradelcampo.com.uy\/site\/wp-content\/uploads\/2018\/03\/Arroz-web.jpg?fit=880%2C440&ssl=1&resize=700%2C400 2x"},"classes":[]},{"id":32968,"url":"https:\/\/lahoradelcampo.com.uy\/site\/el-valor-del-arroz-continua-cayendo-a-nivel-mundial\/","url_meta":{"origin":37505,"position":2},"title":"El valor del arroz contin\u00faa cayendo a nivel mundial","author":"La Hora del Campo","date":"11 agosto, 2021","format":false,"excerpt":"Durante el pasado mes de julio, los precios mundiales del arroz bajaron considerablemente, disminuyendo adem\u00e1s la brecha entre el grano entre los distintos or\u00edgenes, seg\u00fan Infoarroz. La publicaci\u00f3n del Centro de Cooperaci\u00f3n Internacional en Investigaci\u00f3n Agron\u00f3mica para el Desarrollo (CIRAD) establece que el diferencial de precios entre el arroz indio\u2026","rel":"","context":"En \u00abActualidad\u00bb","block_context":{"text":"Actualidad","link":"https:\/\/lahoradelcampo.com.uy\/site\/category\/actualidad\/"},"img":{"alt_text":"","src":"https:\/\/i0.wp.com\/lahoradelcampo.com.uy\/site\/wp-content\/uploads\/2021\/05\/arroz1.jpg?fit=880%2C440&ssl=1&resize=350%2C200","width":350,"height":200,"srcset":"https:\/\/i0.wp.com\/lahoradelcampo.com.uy\/site\/wp-content\/uploads\/2021\/05\/arroz1.jpg?fit=880%2C440&ssl=1&resize=350%2C200 1x, https:\/\/i0.wp.com\/lahoradelcampo.com.uy\/site\/wp-content\/uploads\/2021\/05\/arroz1.jpg?fit=880%2C440&ssl=1&resize=525%2C300 1.5x, https:\/\/i0.wp.com\/lahoradelcampo.com.uy\/site\/wp-content\/uploads\/2021\/05\/arroz1.jpg?fit=880%2C440&ssl=1&resize=700%2C400 2x"},"classes":[]},{"id":32048,"url":"https:\/\/lahoradelcampo.com.uy\/site\/los-precios-mundiales-del-arroz-bajaron-en-todos-los-mercados\/","url_meta":{"origin":37505,"position":3},"title":"Los precios mundiales del arroz bajaron en todos los mercados","author":"La Hora del Campo","date":"14 julio, 2021","format":false,"excerpt":"Seg\u00fan el informe del Centro de Cooperaci\u00f3n Internacional en Investigaci\u00f3n Agron\u00f3mica para el Desarrollo (Cirad) de Francia, durante el pasado mes de junio se registr\u00f3 bajas en los precios mundiales del arroz en todos los mercados de exportaci\u00f3n. La escasa demanda mundial y el alto costo del frete mar\u00edtimo tienden\u2026","rel":"","context":"En \u00abActualidad\u00bb","block_context":{"text":"Actualidad","link":"https:\/\/lahoradelcampo.com.uy\/site\/category\/actualidad\/"},"img":{"alt_text":"","src":"https:\/\/i0.wp.com\/lahoradelcampo.com.uy\/site\/wp-content\/uploads\/2019\/05\/arroz-2.jpg?fit=880%2C440&ssl=1&resize=350%2C200","width":350,"height":200,"srcset":"https:\/\/i0.wp.com\/lahoradelcampo.com.uy\/site\/wp-content\/uploads\/2019\/05\/arroz-2.jpg?fit=880%2C440&ssl=1&resize=350%2C200 1x, https:\/\/i0.wp.com\/lahoradelcampo.com.uy\/site\/wp-content\/uploads\/2019\/05\/arroz-2.jpg?fit=880%2C440&ssl=1&resize=525%2C300 1.5x, https:\/\/i0.wp.com\/lahoradelcampo.com.uy\/site\/wp-content\/uploads\/2019\/05\/arroz-2.jpg?fit=880%2C440&ssl=1&resize=700%2C400 2x"},"classes":[]},{"id":18864,"url":"https:\/\/lahoradelcampo.com.uy\/site\/precios-del-arroz-se-fortalecen-en-brasil\/","url_meta":{"origin":37505,"position":4},"title":"Precios del arroz se fortalecen en Brasil","author":"La Hora del Campo","date":"14 abril, 2020","format":false,"excerpt":"Las entidades se\u00f1alan que existen varias evidencias para demostrar que el movimiento ascendente de los precios pagados a los productores y, por lo tanto, por los consumidores, est\u00e1n vinculados simplemente a la situaci\u00f3n del mercado y sin excesos vinculados a la especulaci\u00f3n o exportaci\u00f3n del grano. Seg\u00fan la nota, el\u2026","rel":"","context":"En \u00abActualidad\u00bb","block_context":{"text":"Actualidad","link":"https:\/\/lahoradelcampo.com.uy\/site\/category\/actualidad\/"},"img":{"alt_text":"","src":"https:\/\/i0.wp.com\/lahoradelcampo.com.uy\/site\/wp-content\/uploads\/2018\/03\/Arroz-web.jpg?fit=880%2C440&ssl=1&resize=350%2C200","width":350,"height":200,"srcset":"https:\/\/i0.wp.com\/lahoradelcampo.com.uy\/site\/wp-content\/uploads\/2018\/03\/Arroz-web.jpg?fit=880%2C440&ssl=1&resize=350%2C200 1x, https:\/\/i0.wp.com\/lahoradelcampo.com.uy\/site\/wp-content\/uploads\/2018\/03\/Arroz-web.jpg?fit=880%2C440&ssl=1&resize=525%2C300 1.5x, https:\/\/i0.wp.com\/lahoradelcampo.com.uy\/site\/wp-content\/uploads\/2018\/03\/Arroz-web.jpg?fit=880%2C440&ssl=1&resize=700%2C400 2x"},"classes":[]},{"id":52374,"url":"https:\/\/lahoradelcampo.com.uy\/site\/india-le-puso-un-piso-a-la-tonelada-de-arroz-basmati-para-la-exportacion\/","url_meta":{"origin":37505,"position":5},"title":"India le puso un piso a la tonelada de arroz basmati para la exportaci\u00f3n","author":"La Hora del Campo","date":"3 septiembre, 2023","format":false,"excerpt":"India contin\u00faa tomando medidas para mantener a raya los precios internos del arroz, endureciendo a\u00fan m\u00e1s su veto a las exportaciones de este grano. En un movimiento que sorprendi\u00f3 a muchos, el pa\u00eds asi\u00e1tico ha impuesto restricciones adicionales a la venta al extranjero de su codiciado arroz basmati, adem\u00e1s del\u2026","rel":"","context":"En \u00abActualidad\u00bb","block_context":{"text":"Actualidad","link":"https:\/\/lahoradelcampo.com.uy\/site\/category\/actualidad\/"},"img":{"alt_text":"","src":"https:\/\/i0.wp.com\/lahoradelcampo.com.uy\/site\/wp-content\/uploads\/2017\/10\/Arroz-siembra.jpg?fit=880%2C440&ssl=1&resize=350%2C200","width":350,"height":200,"srcset":"https:\/\/i0.wp.com\/lahoradelcampo.com.uy\/site\/wp-content\/uploads\/2017\/10\/Arroz-siembra.jpg?fit=880%2C440&ssl=1&resize=350%2C200 1x, https:\/\/i0.wp.com\/lahoradelcampo.com.uy\/site\/wp-content\/uploads\/2017\/10\/Arroz-siembra.jpg?fit=880%2C440&ssl=1&resize=525%2C300 1.5x, https:\/\/i0.wp.com\/lahoradelcampo.com.uy\/site\/wp-content\/uploads\/2017\/10\/Arroz-siembra.jpg?fit=880%2C440&ssl=1&resize=700%2C400 2x"},"classes":[]}],"jetpack_likes_enabled":true,"_links":{"self":[{"href":"https:\/\/lahoradelcampo.com.uy\/site\/wp-json\/wp\/v2\/posts\/37505","targetHints":{"allow":["GET"]}}],"collection":[{"href":"https:\/\/lahoradelcampo.com.uy\/site\/wp-json\/wp\/v2\/posts"}],"about":[{"href":"https:\/\/lahoradelcampo.com.uy\/site\/wp-json\/wp\/v2\/types\/post"}],"author":[{"embeddable":true,"href":"https:\/\/lahoradelcampo.com.uy\/site\/wp-json\/wp\/v2\/users\/5"}],"replies":[{"embeddable":true,"href":"https:\/\/lahoradelcampo.com.uy\/site\/wp-json\/wp\/v2\/comments?post=37505"}],"version-history":[{"count":1,"href":"https:\/\/lahoradelcampo.com.uy\/site\/wp-json\/wp\/v2\/posts\/37505\/revisions"}],"predecessor-version":[{"id":37507,"href":"https:\/\/lahoradelcampo.com.uy\/site\/wp-json\/wp\/v2\/posts\/37505\/revisions\/37507"}],"wp:featuredmedia":[{"embeddable":true,"href":"https:\/\/lahoradelcampo.com.uy\/site\/wp-json\/wp\/v2\/media\/31216"}],"wp:attachment":[{"href":"https:\/\/lahoradelcampo.com.uy\/site\/wp-json\/wp\/v2\/media?parent=37505"}],"wp:term":[{"taxonomy":"category","embeddable":true,"href":"https:\/\/lahoradelcampo.com.uy\/site\/wp-json\/wp\/v2\/categories?post=37505"},{"taxonomy":"post_tag","embeddable":true,"href":"https:\/\/lahoradelcampo.com.uy\/site\/wp-json\/wp\/v2\/tags?post=37505"}],"curies":[{"name":"wp","href":"https:\/\/api.w.org\/{rel}","templated":true}]}}