{"id":37499,"date":"2021-12-13T18:38:59","date_gmt":"2021-12-13T21:38:59","guid":{"rendered":"http:\/\/lahoradelcampo.com.uy\/site\/?p=37499"},"modified":"2021-12-13T18:39:06","modified_gmt":"2021-12-13T21:39:06","slug":"ganaderia-y-ambiente-presentan-nuevo-decreto-para-proyectos-forestales","status":"publish","type":"post","link":"https:\/\/lahoradelcampo.com.uy\/site\/ganaderia-y-ambiente-presentan-nuevo-decreto-para-proyectos-forestales\/","title":{"rendered":"Ganader\u00eda y Ambiente presentan nuevo decreto para proyectos forestales"},"content":{"rendered":"\n<figure class=\"wp-block-image\"><img data-recalc-dims=\"1\" loading=\"lazy\" decoding=\"async\" width=\"810\" height=\"405\" data-attachment-id=\"37501\" data-permalink=\"https:\/\/lahoradelcampo.com.uy\/site\/ganaderia-y-ambiente-presentan-nuevo-decreto-para-proyectos-forestales\/forestal-mattos\/\" data-orig-file=\"https:\/\/i0.wp.com\/lahoradelcampo.com.uy\/site\/wp-content\/uploads\/2021\/12\/Forestal-Mattos.jpg?fit=880%2C440&amp;ssl=1\" data-orig-size=\"880,440\" data-comments-opened=\"1\" data-image-meta=\"{&quot;aperture&quot;:&quot;0&quot;,&quot;credit&quot;:&quot;&quot;,&quot;camera&quot;:&quot;&quot;,&quot;caption&quot;:&quot;&quot;,&quot;created_timestamp&quot;:&quot;0&quot;,&quot;copyright&quot;:&quot;&quot;,&quot;focal_length&quot;:&quot;0&quot;,&quot;iso&quot;:&quot;0&quot;,&quot;shutter_speed&quot;:&quot;0&quot;,&quot;title&quot;:&quot;&quot;,&quot;orientation&quot;:&quot;1&quot;}\" data-image-title=\"Forestal-Mattos\" data-image-description=\"\" data-image-caption=\"\" data-large-file=\"https:\/\/i0.wp.com\/lahoradelcampo.com.uy\/site\/wp-content\/uploads\/2021\/12\/Forestal-Mattos.jpg?fit=810%2C405&amp;ssl=1\" src=\"https:\/\/i0.wp.com\/lahoradelcampo.com.uy\/site\/wp-content\/uploads\/2021\/12\/Forestal-Mattos.jpg?resize=810%2C405\" alt=\"\" class=\"wp-image-37501\" srcset=\"https:\/\/i0.wp.com\/lahoradelcampo.com.uy\/site\/wp-content\/uploads\/2021\/12\/Forestal-Mattos.jpg?w=880&amp;ssl=1 880w, https:\/\/i0.wp.com\/lahoradelcampo.com.uy\/site\/wp-content\/uploads\/2021\/12\/Forestal-Mattos.jpg?resize=300%2C150&amp;ssl=1 300w, https:\/\/i0.wp.com\/lahoradelcampo.com.uy\/site\/wp-content\/uploads\/2021\/12\/Forestal-Mattos.jpg?resize=768%2C384&amp;ssl=1 768w, https:\/\/i0.wp.com\/lahoradelcampo.com.uy\/site\/wp-content\/uploads\/2021\/12\/Forestal-Mattos.jpg?resize=820%2C410&amp;ssl=1 820w\" sizes=\"auto, (max-width: 810px) 100vw, 810px\" \/><\/figure>\n\n\n\n<p>El ministro de Ganader\u00eda, Agricultura y Pesca, Fernando Mattos y el ministro de Ambiente, Adri\u00e1n Pe\u00f1a presentaron ante la Comisi\u00f3n de Ganader\u00eda del Senado un decreto conjunto que hace referencia a un ajuste en los criterios de clasificaci\u00f3n de los proyectos forestales en el Uruguay. <\/p>\n\n\n\n<p>En conferencia de prensa, ambos mandatarios informaron las principales l\u00edneas del decreto; una que agrega el control ambiental de las producciones menores a 100 hect\u00e1reas, lo que implica su registro y control. La segunda, ajusta los criterios para las producciones mayores a 100 hect\u00e1reas, dado que adem\u00e1s de la dimensi\u00f3n del cuidado del suelo tambi\u00e9n incorpora la protecci\u00f3n de las corrientes de agua, la biodiversidad y el valor patrimonial. <\/p>\n\n\n\n<p>Durante su exposici\u00f3n, Pe\u00f1a expres\u00f3 que esta propuesta no necesita una nueva ley forestal para llevarse a cabo, ya que la normativa existente proporciona las competencias para poder ajustar los criterios mencionados.<\/p>\n\n\n\n<p>Por su parte, Mattos apoy\u00f3 los dichos del ministro de Ambiente y agreg\u00f3: \u201cEstamos conformes con esta iniciativa que trabajamos a pedido del presidente de la Rep\u00fablica; un decreto que ya est\u00e1 vigente, que escucha los planteos recibidos y que busca el equilibrio entre la dimensi\u00f3n ambiental y la productiva, respetando los estudios t\u00e9cnicos para detectar los suelos aptos para la forestaci\u00f3n\u201d.<\/p>\n\n\n\n<p>Mattos subray\u00f3 que durante la comparecencia ante la Comisi\u00f3n se reconoci\u00f3 la virtud de que los representantes de Cabildo Abierto llamen a la rediscusi\u00f3n  de los aspectos de la ley existente. \u201cDesde la creaci\u00f3n en el a\u00f1o 1987, la ley forestal tuvo 27 modificaciones, y est\u00e1 instancia es otro avance desde el punto de vista de los controles ambientales no solo a la forestaci\u00f3n existente sino a los futuros proyectos, por lo que consideramos que una nueva ley no es necesaria\u201d<\/p>\n\n\n\n<p>El decreto aprobado crea el Registro Ambiental de Plantaciones Forestales en la \u00f3rbita de la Direcci\u00f3n Nacional de Calidad y Evaluaci\u00f3n ambiental (Dinacea) y detalla y actualiza  las caracter\u00edsticas y requerimientos de los presentes y futuros proyectos forestales tanto en la forma de registro, sus alcances, plazos, requisitos para solicitar su aprobaci\u00f3n y certificaci\u00f3n. <\/p>\n\n\n\n<p>Asimismo, explicita la tramitaci\u00f3n a realizarse, los requerimientos ambientales, la clasificaci\u00f3n de los terrenos forestales, y de los bosques de servicio, as\u00ed como para las nuevas plantaciones y los suelos ya forestados. El documento detalla adem\u00e1s, las sanciones previstas dependiendo de las implicancias ambientales que produzca.<\/p>\n\n\n\n<p>Salto, 13 de diciembre de 2021<\/p>\n","protected":false},"excerpt":{"rendered":"<p>El ministro de Ganader\u00eda, Agricultura y Pesca, Fernando Mattos y el ministro de Ambiente, Adri\u00e1n Pe\u00f1a presentaron ante la Comisi\u00f3n de Ganader\u00eda del Senado un decreto conjunto que hace referencia [&hellip;]<\/p>\n","protected":false},"author":5,"featured_media":37501,"comment_status":"open","ping_status":"open","sticky":false,"template":"","format":"standard","meta":{"_price":"","_stock":"","_tribe_ticket_header":"","_tribe_default_ticket_provider":"","_tribe_ticket_capacity":"0","_ticket_start_date":"","_ticket_end_date":"","_tribe_ticket_show_description":"","_tribe_ticket_show_not_going":false,"_tribe_ticket_use_global_stock":"","_tribe_ticket_global_stock_level":"","_global_stock_mode":"","_global_stock_cap":"","_tribe_rsvp_for_event":"","_tribe_ticket_going_count":"","_tribe_ticket_not_going_count":"","_tribe_tickets_list":"[]","_tribe_ticket_has_attendee_info_fields":false,"h5ap_radio_sources":[],"_jetpack_newsletter_access":"","_jetpack_dont_email_post_to_subs":false,"_jetpack_newsletter_tier_id":0,"_jetpack_memberships_contains_paywalled_content":false,"_jetpack_memberships_contains_paid_content":false,"footnotes":""},"categories":[21,1],"tags":[],"class_list":["post-37499","post","type-post","status-publish","format-standard","has-post-thumbnail","hentry","category-actualidad","category-varias"],"jetpack_featured_media_url":"https:\/\/i0.wp.com\/lahoradelcampo.com.uy\/site\/wp-content\/uploads\/2021\/12\/Forestal-Mattos.jpg?fit=880%2C440&ssl=1","jetpack_sharing_enabled":true,"jetpack_shortlink":"https:\/\/wp.me\/p99IaT-9KP","jetpack-related-posts":[{"id":38273,"url":"https:\/\/lahoradelcampo.com.uy\/site\/se-anuncio-la-limpieza-de-zonas-forestadas-a-200-metros-de-centros-poblados\/","url_meta":{"origin":37499,"position":0},"title":"Se anunci\u00f3 la limpieza de zonas forestadas a 200 metros de centros poblados","author":"La Hora del Campo","date":"11 enero, 2022","format":false,"excerpt":"Los ministerios de Ambiente y Ganader\u00eda, Agricultura y Pesca, emitieron un comunicado donde anuncian el comienzo de las actividades de cosecha y limpieza en zonas forestadas con un l\u00edmite de 200 metros de cercan\u00eda a los centros poblados. Comunicado Como es de conocimiento p\u00fablico, el a\u00f1o 2021 se ha cerrado\u2026","rel":"","context":"En \u00abActualidad\u00bb","block_context":{"text":"Actualidad","link":"https:\/\/lahoradelcampo.com.uy\/site\/category\/actualidad\/"},"img":{"alt_text":"","src":"https:\/\/i0.wp.com\/lahoradelcampo.com.uy\/site\/wp-content\/uploads\/2022\/01\/Forestacion.jpg?fit=880%2C440&ssl=1&resize=350%2C200","width":350,"height":200,"srcset":"https:\/\/i0.wp.com\/lahoradelcampo.com.uy\/site\/wp-content\/uploads\/2022\/01\/Forestacion.jpg?fit=880%2C440&ssl=1&resize=350%2C200 1x, https:\/\/i0.wp.com\/lahoradelcampo.com.uy\/site\/wp-content\/uploads\/2022\/01\/Forestacion.jpg?fit=880%2C440&ssl=1&resize=525%2C300 1.5x, https:\/\/i0.wp.com\/lahoradelcampo.com.uy\/site\/wp-content\/uploads\/2022\/01\/Forestacion.jpg?fit=880%2C440&ssl=1&resize=700%2C400 2x"},"classes":[]},{"id":13404,"url":"https:\/\/lahoradelcampo.com.uy\/site\/se-establecio-el-aumento-de-salarios-para-el-grupo-22-que-incluye-arroz-tambo-y-otras-producciones\/","url_meta":{"origin":37499,"position":1},"title":"Se estableci\u00f3 el aumento de salarios para el grupo 22, que incluye arroz, tambo y otras producciones","author":"La Hora del Campo","date":"10 agosto, 2019","format":false,"excerpt":"El Estado defini\u00f3 un incremento salarial de 6,86% para los trabajadores del sector arrocero y lechero y del 7% para las dem\u00e1s actividades que conforman el Grupo 22 de los Consejos de Salarios donde se incluye la ganader\u00eda, agricultura y actividades conexas. Recordemos que las gremiales agropecuarias referentes (Asociaci\u00f3n Rural,\u2026","rel":"","context":"En \u00abActualidad\u00bb","block_context":{"text":"Actualidad","link":"https:\/\/lahoradelcampo.com.uy\/site\/category\/actualidad\/"},"img":{"alt_text":"","src":"https:\/\/i0.wp.com\/lahoradelcampo.com.uy\/site\/wp-content\/uploads\/2018\/05\/trabajador-rural.jpg?fit=880%2C440&ssl=1&resize=350%2C200","width":350,"height":200,"srcset":"https:\/\/i0.wp.com\/lahoradelcampo.com.uy\/site\/wp-content\/uploads\/2018\/05\/trabajador-rural.jpg?fit=880%2C440&ssl=1&resize=350%2C200 1x, https:\/\/i0.wp.com\/lahoradelcampo.com.uy\/site\/wp-content\/uploads\/2018\/05\/trabajador-rural.jpg?fit=880%2C440&ssl=1&resize=525%2C300 1.5x, https:\/\/i0.wp.com\/lahoradelcampo.com.uy\/site\/wp-content\/uploads\/2018\/05\/trabajador-rural.jpg?fit=880%2C440&ssl=1&resize=700%2C400 2x"},"classes":[]},{"id":37935,"url":"https:\/\/lahoradelcampo.com.uy\/site\/ganaderia-declara-este-jueves-la-emergencia-agropecuaria\/","url_meta":{"origin":37499,"position":2},"title":"Ganader\u00eda declara este jueves la emergencia agropecuaria","author":"La Hora del Campo","date":"29 diciembre, 2021","format":false,"excerpt":"\"Es un hecho que se declarar\u00e1 ma\u00f1ana la emergencia agropecuaria\", anunci\u00f3 el ministro de Ganader\u00eda, Agricultura y Pesca, Fernando Mattos, tras el Consejo de Ministros del mi\u00e9rcoles 29. A\u00fan no se encuentran definidas las seccionales que comprender\u00e1 el decreto, pero se incluir\u00eda a unos cinco departamentos afectados. Se prev\u00e9n transferencias\u2026","rel":"","context":"En \u00abActualidad\u00bb","block_context":{"text":"Actualidad","link":"https:\/\/lahoradelcampo.com.uy\/site\/category\/actualidad\/"},"img":{"alt_text":"","src":"https:\/\/i0.wp.com\/lahoradelcampo.com.uy\/site\/wp-content\/uploads\/2021\/12\/MGAP-Emergencia.jpg?fit=880%2C440&ssl=1&resize=350%2C200","width":350,"height":200,"srcset":"https:\/\/i0.wp.com\/lahoradelcampo.com.uy\/site\/wp-content\/uploads\/2021\/12\/MGAP-Emergencia.jpg?fit=880%2C440&ssl=1&resize=350%2C200 1x, https:\/\/i0.wp.com\/lahoradelcampo.com.uy\/site\/wp-content\/uploads\/2021\/12\/MGAP-Emergencia.jpg?fit=880%2C440&ssl=1&resize=525%2C300 1.5x, https:\/\/i0.wp.com\/lahoradelcampo.com.uy\/site\/wp-content\/uploads\/2021\/12\/MGAP-Emergencia.jpg?fit=880%2C440&ssl=1&resize=700%2C400 2x"},"classes":[]},{"id":56826,"url":"https:\/\/lahoradelcampo.com.uy\/site\/el-mgap-declarara-emergencia-granjera-para-apoyar-a-citricultores\/","url_meta":{"origin":37499,"position":3},"title":"El MGAP declarar\u00e1 \u00abEmergencia granjera\u00bb para apoyar a citricultores","author":"La Hora del Campo","date":"15 septiembre, 2025","format":false,"excerpt":"La Direcci\u00f3n General de la Granja (DIGEGRA) del Ministerio de Ganader\u00eda, Agricultura y Pesca (MGAP) trabaja en un plan de apoyo para los productores citr\u00edcolas afectados por las heladas registradas en el litoral norte. La medida busca dar respuesta a los da\u00f1os sufridos en los departamentos m\u00e1s impactados, con un\u2026","rel":"","context":"En \u00abActualidad\u00bb","block_context":{"text":"Actualidad","link":"https:\/\/lahoradelcampo.com.uy\/site\/category\/actualidad\/"},"img":{"alt_text":"","src":"https:\/\/i0.wp.com\/lahoradelcampo.com.uy\/site\/wp-content\/uploads\/2025\/09\/LauraGonzalez-digegraprado.jpg?fit=880%2C440&ssl=1&resize=350%2C200","width":350,"height":200,"srcset":"https:\/\/i0.wp.com\/lahoradelcampo.com.uy\/site\/wp-content\/uploads\/2025\/09\/LauraGonzalez-digegraprado.jpg?fit=880%2C440&ssl=1&resize=350%2C200 1x, https:\/\/i0.wp.com\/lahoradelcampo.com.uy\/site\/wp-content\/uploads\/2025\/09\/LauraGonzalez-digegraprado.jpg?fit=880%2C440&ssl=1&resize=525%2C300 1.5x, https:\/\/i0.wp.com\/lahoradelcampo.com.uy\/site\/wp-content\/uploads\/2025\/09\/LauraGonzalez-digegraprado.jpg?fit=880%2C440&ssl=1&resize=700%2C400 2x"},"classes":[]},{"id":39907,"url":"https:\/\/lahoradelcampo.com.uy\/site\/mattos-anuncio-decreto-sobre-perros-en-la-via-publica\/","url_meta":{"origin":37499,"position":4},"title":"Mattos anunci\u00f3 decreto sobre perros en la v\u00eda p\u00fablica","author":"La Hora del Campo","date":"16 marzo, 2022","format":false,"excerpt":"El ministro Fernando Mattos junto al subsecretario Ignacio Buffa participaron en el Congreso de Intendentes, que se est\u00e1 realizando en el departamento de Soriano, en el marco de la Expoactiva 2022. El jerarca del MGAP agradeci\u00f3 a todos los presentes, y dio comienzo a su exposici\u00f3n con el tema de\u2026","rel":"","context":"En \u00abActualidad\u00bb","block_context":{"text":"Actualidad","link":"https:\/\/lahoradelcampo.com.uy\/site\/category\/actualidad\/"},"img":{"alt_text":"","src":"https:\/\/i0.wp.com\/lahoradelcampo.com.uy\/site\/wp-content\/uploads\/2021\/09\/Mattos-Bichera.jpg?fit=880%2C440&ssl=1&resize=350%2C200","width":350,"height":200,"srcset":"https:\/\/i0.wp.com\/lahoradelcampo.com.uy\/site\/wp-content\/uploads\/2021\/09\/Mattos-Bichera.jpg?fit=880%2C440&ssl=1&resize=350%2C200 1x, https:\/\/i0.wp.com\/lahoradelcampo.com.uy\/site\/wp-content\/uploads\/2021\/09\/Mattos-Bichera.jpg?fit=880%2C440&ssl=1&resize=525%2C300 1.5x, https:\/\/i0.wp.com\/lahoradelcampo.com.uy\/site\/wp-content\/uploads\/2021\/09\/Mattos-Bichera.jpg?fit=880%2C440&ssl=1&resize=700%2C400 2x"},"classes":[]},{"id":12549,"url":"https:\/\/lahoradelcampo.com.uy\/site\/ante-la-inflexibilidad-del-ministro-de-trabajo-las-gremiales-se-retiraron-de-los-consejos-de-salarios\/","url_meta":{"origin":37499,"position":5},"title":"Ante la inflexibilidad del Ministro de Trabajo, las gremiales se retiraron de los consejos de Salarios","author":"La Hora del Campo","date":"10 julio, 2019","format":false,"excerpt":"Las gremiales agropecuarias representativas de los productores incluidos en el grupo 22 de los Consejos de Salarios, volvieron a retirarse por tercer a\u00f1o consecutivo de las negociaciones. A diferencia de las instancias anteriores, la Asociaci\u00f3n de Cultivadores de Arroz, la Asociaci\u00f3n Nacional de Productores de Leche, la Asociaci\u00f3n Rural del\u2026","rel":"","context":"En \u00abActualidad\u00bb","block_context":{"text":"Actualidad","link":"https:\/\/lahoradelcampo.com.uy\/site\/category\/actualidad\/"},"img":{"alt_text":"","src":"https:\/\/i0.wp.com\/lahoradelcampo.com.uy\/site\/wp-content\/uploads\/2019\/07\/murro.jpg?fit=880%2C440&ssl=1&resize=350%2C200","width":350,"height":200,"srcset":"https:\/\/i0.wp.com\/lahoradelcampo.com.uy\/site\/wp-content\/uploads\/2019\/07\/murro.jpg?fit=880%2C440&ssl=1&resize=350%2C200 1x, https:\/\/i0.wp.com\/lahoradelcampo.com.uy\/site\/wp-content\/uploads\/2019\/07\/murro.jpg?fit=880%2C440&ssl=1&resize=525%2C300 1.5x, https:\/\/i0.wp.com\/lahoradelcampo.com.uy\/site\/wp-content\/uploads\/2019\/07\/murro.jpg?fit=880%2C440&ssl=1&resize=700%2C400 2x"},"classes":[]}],"jetpack_likes_enabled":true,"_links":{"self":[{"href":"https:\/\/lahoradelcampo.com.uy\/site\/wp-json\/wp\/v2\/posts\/37499","targetHints":{"allow":["GET"]}}],"collection":[{"href":"https:\/\/lahoradelcampo.com.uy\/site\/wp-json\/wp\/v2\/posts"}],"about":[{"href":"https:\/\/lahoradelcampo.com.uy\/site\/wp-json\/wp\/v2\/types\/post"}],"author":[{"embeddable":true,"href":"https:\/\/lahoradelcampo.com.uy\/site\/wp-json\/wp\/v2\/users\/5"}],"replies":[{"embeddable":true,"href":"https:\/\/lahoradelcampo.com.uy\/site\/wp-json\/wp\/v2\/comments?post=37499"}],"version-history":[{"count":1,"href":"https:\/\/lahoradelcampo.com.uy\/site\/wp-json\/wp\/v2\/posts\/37499\/revisions"}],"predecessor-version":[{"id":37503,"href":"https:\/\/lahoradelcampo.com.uy\/site\/wp-json\/wp\/v2\/posts\/37499\/revisions\/37503"}],"wp:featuredmedia":[{"embeddable":true,"href":"https:\/\/lahoradelcampo.com.uy\/site\/wp-json\/wp\/v2\/media\/37501"}],"wp:attachment":[{"href":"https:\/\/lahoradelcampo.com.uy\/site\/wp-json\/wp\/v2\/media?parent=37499"}],"wp:term":[{"taxonomy":"category","embeddable":true,"href":"https:\/\/lahoradelcampo.com.uy\/site\/wp-json\/wp\/v2\/categories?post=37499"},{"taxonomy":"post_tag","embeddable":true,"href":"https:\/\/lahoradelcampo.com.uy\/site\/wp-json\/wp\/v2\/tags?post=37499"}],"curies":[{"name":"wp","href":"https:\/\/api.w.org\/{rel}","templated":true}]}}