{"id":37487,"date":"2021-12-13T18:19:48","date_gmt":"2021-12-13T21:19:48","guid":{"rendered":"http:\/\/lahoradelcampo.com.uy\/site\/?p=37487"},"modified":"2021-12-13T18:24:24","modified_gmt":"2021-12-13T21:24:24","slug":"cuartetera-rp-147-es-la-miss-angus-world-2021","status":"publish","type":"post","link":"https:\/\/lahoradelcampo.com.uy\/site\/cuartetera-rp-147-es-la-miss-angus-world-2021\/","title":{"rendered":"\u00abCuartetera RP 147\u00bb es la Miss Angus World 2021"},"content":{"rendered":"\n<figure class=\"wp-block-image\"><img data-recalc-dims=\"1\" loading=\"lazy\" decoding=\"async\" width=\"810\" height=\"405\" data-attachment-id=\"37493\" data-permalink=\"https:\/\/lahoradelcampo.com.uy\/site\/cuartetera-rp-147-es-la-miss-angus-world-2021\/missangus-2\/\" data-orig-file=\"https:\/\/i0.wp.com\/lahoradelcampo.com.uy\/site\/wp-content\/uploads\/2021\/12\/MISSANgus-1.jpg?fit=880%2C440&amp;ssl=1\" data-orig-size=\"880,440\" data-comments-opened=\"1\" data-image-meta=\"{&quot;aperture&quot;:&quot;0&quot;,&quot;credit&quot;:&quot;&quot;,&quot;camera&quot;:&quot;&quot;,&quot;caption&quot;:&quot;&quot;,&quot;created_timestamp&quot;:&quot;0&quot;,&quot;copyright&quot;:&quot;&quot;,&quot;focal_length&quot;:&quot;0&quot;,&quot;iso&quot;:&quot;0&quot;,&quot;shutter_speed&quot;:&quot;0&quot;,&quot;title&quot;:&quot;&quot;,&quot;orientation&quot;:&quot;1&quot;}\" data-image-title=\"MISSANgus\" data-image-description=\"\" data-image-caption=\"\" data-large-file=\"https:\/\/i0.wp.com\/lahoradelcampo.com.uy\/site\/wp-content\/uploads\/2021\/12\/MISSANgus-1.jpg?fit=810%2C405&amp;ssl=1\" src=\"https:\/\/i0.wp.com\/lahoradelcampo.com.uy\/site\/wp-content\/uploads\/2021\/12\/MISSANgus-1.jpg?resize=810%2C405\" alt=\"\" class=\"wp-image-37493\" srcset=\"https:\/\/i0.wp.com\/lahoradelcampo.com.uy\/site\/wp-content\/uploads\/2021\/12\/MISSANgus-1.jpg?w=880&amp;ssl=1 880w, https:\/\/i0.wp.com\/lahoradelcampo.com.uy\/site\/wp-content\/uploads\/2021\/12\/MISSANgus-1.jpg?resize=300%2C150&amp;ssl=1 300w, https:\/\/i0.wp.com\/lahoradelcampo.com.uy\/site\/wp-content\/uploads\/2021\/12\/MISSANgus-1.jpg?resize=768%2C384&amp;ssl=1 768w, https:\/\/i0.wp.com\/lahoradelcampo.com.uy\/site\/wp-content\/uploads\/2021\/12\/MISSANgus-1.jpg?resize=820%2C410&amp;ssl=1 820w\" sizes=\"auto, (max-width: 810px) 100vw, 810px\" \/><\/figure>\n\n\n\n<p>Este lunes 13 de diciembre se defini\u00f3 el concurso mundial de hembras Aberdeen Angus, en la que compitieron las Grandes Campeonas de las principales exposiciones. <\/p>\n\n\n\n<p>Por Uruguay particip\u00f3 \u00abCuartetera RP 147\u00bb, la Gran Campeona de la Expo Prado 2021. Este ejemplar, perteneciente a San Gregorio Ganadera Ltda., alcanz\u00f3 la pasada semana el Campeonato a nivel Sudamericano. <\/p>\n\n\n\n<figure class=\"wp-block-image\"><img loading=\"lazy\" decoding=\"async\" width=\"1080\" height=\"1080\" data-attachment-id=\"37495\" data-permalink=\"https:\/\/lahoradelcampo.com.uy\/site\/cuartetera-rp-147-es-la-miss-angus-world-2021\/attachment\/1639429089819\/\" data-orig-file=\"https:\/\/i0.wp.com\/lahoradelcampo.com.uy\/site\/wp-content\/uploads\/2021\/12\/1639429089819.jpg?fit=1080%2C1080&amp;ssl=1\" data-orig-size=\"1080,1080\" data-comments-opened=\"1\" data-image-meta=\"{&quot;aperture&quot;:&quot;0&quot;,&quot;credit&quot;:&quot;&quot;,&quot;camera&quot;:&quot;&quot;,&quot;caption&quot;:&quot;&quot;,&quot;created_timestamp&quot;:&quot;0&quot;,&quot;copyright&quot;:&quot;&quot;,&quot;focal_length&quot;:&quot;0&quot;,&quot;iso&quot;:&quot;0&quot;,&quot;shutter_speed&quot;:&quot;0&quot;,&quot;title&quot;:&quot;&quot;,&quot;orientation&quot;:&quot;1&quot;}\" data-image-title=\"1639429089819\" data-image-description=\"\" data-image-caption=\"\" data-large-file=\"https:\/\/i0.wp.com\/lahoradelcampo.com.uy\/site\/wp-content\/uploads\/2021\/12\/1639429089819.jpg?fit=810%2C810&amp;ssl=1\" src=\"https:\/\/i0.wp.com\/lahoradelcampo.com.uy\/site\/wp-content\/uploads\/2021\/12\/1639429089819.jpg?fit=810%2C810\" alt=\"\" class=\"wp-image-37495\" srcset=\"https:\/\/i0.wp.com\/lahoradelcampo.com.uy\/site\/wp-content\/uploads\/2021\/12\/1639429089819.jpg?w=1080&amp;ssl=1 1080w, https:\/\/i0.wp.com\/lahoradelcampo.com.uy\/site\/wp-content\/uploads\/2021\/12\/1639429089819.jpg?resize=150%2C150&amp;ssl=1 150w, https:\/\/i0.wp.com\/lahoradelcampo.com.uy\/site\/wp-content\/uploads\/2021\/12\/1639429089819.jpg?resize=300%2C300&amp;ssl=1 300w, https:\/\/i0.wp.com\/lahoradelcampo.com.uy\/site\/wp-content\/uploads\/2021\/12\/1639429089819.jpg?resize=768%2C768&amp;ssl=1 768w, https:\/\/i0.wp.com\/lahoradelcampo.com.uy\/site\/wp-content\/uploads\/2021\/12\/1639429089819.jpg?resize=1024%2C1024&amp;ssl=1 1024w\" sizes=\"auto, (max-width: 810px) 100vw, 810px\" \/><\/figure>\n\n\n\n<p>Con los votos a favor de Javier Ezcurra de Argentina, Erica Halliday de Australia y Dan Shike de Estados Unidos, en la jornada de ayer se coron\u00f3 como la \u00abMiss Angus World 2021\u00bb.<\/p>\n\n\n\n<p>En la jornada de ma\u00f1ana 14 de diciembre, se realizar\u00e1 la calificaci\u00f3n de los mejores ejemplares machos de la raza a nivel mundial, donde participan:  \u00abVicente\u00bb Conce Prolijo 749, el Gran Campe\u00f3n Angus perteneciente a Frigor\u00edfico Modelo y \u00abCapataz\u00bb el Gran Campe\u00f3n Hereford Astado perteneciente a El Baqueano de Bordaberry. <\/p>\n\n\n\n<p>Salto, 13 de diciembre de 2021<\/p>\n","protected":false},"excerpt":{"rendered":"<p>Este lunes 13 de diciembre se defini\u00f3 el concurso mundial de hembras Aberdeen Angus, en la que compitieron las Grandes Campeonas de las principales exposiciones. Por Uruguay particip\u00f3 \u00abCuartetera RP [&hellip;]<\/p>\n","protected":false},"author":5,"featured_media":37493,"comment_status":"open","ping_status":"open","sticky":false,"template":"","format":"standard","meta":{"_price":"","_stock":"","_tribe_ticket_header":"","_tribe_default_ticket_provider":"","_tribe_ticket_capacity":"0","_ticket_start_date":"","_ticket_end_date":"","_tribe_ticket_show_description":"","_tribe_ticket_show_not_going":false,"_tribe_ticket_use_global_stock":"","_tribe_ticket_global_stock_level":"","_global_stock_mode":"","_global_stock_cap":"","_tribe_rsvp_for_event":"","_tribe_ticket_going_count":"","_tribe_ticket_not_going_count":"","_tribe_tickets_list":"[]","_tribe_ticket_has_attendee_info_fields":false,"h5ap_radio_sources":[],"_jetpack_newsletter_access":"","_jetpack_dont_email_post_to_subs":false,"_jetpack_newsletter_tier_id":0,"_jetpack_memberships_contains_paywalled_content":false,"_jetpack_memberships_contains_paid_content":false,"footnotes":""},"categories":[21,5],"tags":[],"class_list":["post-37487","post","type-post","status-publish","format-standard","has-post-thumbnail","hentry","category-actualidad","category-ganaderia"],"jetpack_featured_media_url":"https:\/\/i0.wp.com\/lahoradelcampo.com.uy\/site\/wp-content\/uploads\/2021\/12\/MISSANgus-1.jpg?fit=880%2C440&ssl=1","jetpack_sharing_enabled":true,"jetpack_shortlink":"https:\/\/wp.me\/p99IaT-9KD","jetpack-related-posts":[{"id":28708,"url":"https:\/\/lahoradelcampo.com.uy\/site\/us-10-008-de-promedio-para-los-vientres-del-gala-angus\/","url_meta":{"origin":37487,"position":0},"title":"US$ 10.008 de promedio para los vientres del Gala Angus","author":"La Hora del Campo","date":"22 marzo, 2021","format":false,"excerpt":"Luego de la venta del Especial Angus de Plaza Rural, la firma Zambrano & C\u00eda comercializ\u00f3 el pasado viernes los vientres especiales que se ofrecen hace 16 a\u00f1os en el tradicional Gala Angus, que este a\u00f1o se realiz\u00f3 de forma virtual. El mayor valor de la noche fue para una\u2026","rel":"","context":"En \u00abActualidad\u00bb","block_context":{"text":"Actualidad","link":"https:\/\/lahoradelcampo.com.uy\/site\/category\/actualidad\/"},"img":{"alt_text":"","src":"https:\/\/i0.wp.com\/lahoradelcampo.com.uy\/site\/wp-content\/uploads\/2021\/03\/Galaangus.jpg?fit=880%2C440&ssl=1&resize=350%2C200","width":350,"height":200,"srcset":"https:\/\/i0.wp.com\/lahoradelcampo.com.uy\/site\/wp-content\/uploads\/2021\/03\/Galaangus.jpg?fit=880%2C440&ssl=1&resize=350%2C200 1x, https:\/\/i0.wp.com\/lahoradelcampo.com.uy\/site\/wp-content\/uploads\/2021\/03\/Galaangus.jpg?fit=880%2C440&ssl=1&resize=525%2C300 1.5x, https:\/\/i0.wp.com\/lahoradelcampo.com.uy\/site\/wp-content\/uploads\/2021\/03\/Galaangus.jpg?fit=880%2C440&ssl=1&resize=700%2C400 2x"},"classes":[]},{"id":30714,"url":"https:\/\/lahoradelcampo.com.uy\/site\/frigorifico-modelo-se-llevo-las-cocardas-de-la-expo-florida\/","url_meta":{"origin":37487,"position":1},"title":"Frigor\u00edfico Modelo se llev\u00f3 las cocardas de la Expo Florida","author":"La Hora del Campo","date":"31 mayo, 2021","format":false,"excerpt":"El pasado viernes, se desarroll\u00f3 en el predio de la Asociaci\u00f3n Rural de Florida, el 6to Concurso Nacional de Vientres y la segunda edici\u00f3n del Concurso Ternero del A\u00f1o Pedigree en tr\u00edos. La muestra, como nos tiene acostumbrados la raza, mostr\u00f3 un volumen y nivel de calidad exuberante en una\u2026","rel":"","context":"En \u00abActualidad\u00bb","block_context":{"text":"Actualidad","link":"https:\/\/lahoradelcampo.com.uy\/site\/category\/actualidad\/"},"img":{"alt_text":"","src":"https:\/\/i0.wp.com\/lahoradelcampo.com.uy\/site\/wp-content\/uploads\/2021\/05\/ExpoAngus.jpg?fit=880%2C440&ssl=1&resize=350%2C200","width":350,"height":200,"srcset":"https:\/\/i0.wp.com\/lahoradelcampo.com.uy\/site\/wp-content\/uploads\/2021\/05\/ExpoAngus.jpg?fit=880%2C440&ssl=1&resize=350%2C200 1x, https:\/\/i0.wp.com\/lahoradelcampo.com.uy\/site\/wp-content\/uploads\/2021\/05\/ExpoAngus.jpg?fit=880%2C440&ssl=1&resize=525%2C300 1.5x, https:\/\/i0.wp.com\/lahoradelcampo.com.uy\/site\/wp-content\/uploads\/2021\/05\/ExpoAngus.jpg?fit=880%2C440&ssl=1&resize=700%2C400 2x"},"classes":[]},{"id":15264,"url":"https:\/\/lahoradelcampo.com.uy\/site\/expo-artigas-la-magdalena-en-hereford-y-santa-isabel-en-angus\/","url_meta":{"origin":37487,"position":2},"title":"Expo Artigas: La Magdalena en Hereford  y Santa Isabel en Angus","author":"La Hora del Campo","date":"22 octubre, 2019","format":false,"excerpt":"En la pista de la Expo Chiflero 2019 en la jornada de ayer, con un clima nuboso en la ma\u00f1ana, se premiaron los grandes campeones de las razas Hereford y Angus. Las calificaciones quedaron a cargo de Mar\u00eda Mattos de caba\u00f1a Bayucu\u00e1 en Aberdeen Angus y de V\u00edctor \u00c1lvarez y\u2026","rel":"","context":"En \u00abActualidad\u00bb","block_context":{"text":"Actualidad","link":"https:\/\/lahoradelcampo.com.uy\/site\/category\/actualidad\/"},"img":{"alt_text":"","src":"https:\/\/i0.wp.com\/lahoradelcampo.com.uy\/site\/wp-content\/uploads\/2019\/10\/Angus-expoartigas.jpg?fit=880%2C440&ssl=1&resize=350%2C200","width":350,"height":200,"srcset":"https:\/\/i0.wp.com\/lahoradelcampo.com.uy\/site\/wp-content\/uploads\/2019\/10\/Angus-expoartigas.jpg?fit=880%2C440&ssl=1&resize=350%2C200 1x, https:\/\/i0.wp.com\/lahoradelcampo.com.uy\/site\/wp-content\/uploads\/2019\/10\/Angus-expoartigas.jpg?fit=880%2C440&ssl=1&resize=525%2C300 1.5x, https:\/\/i0.wp.com\/lahoradelcampo.com.uy\/site\/wp-content\/uploads\/2019\/10\/Angus-expoartigas.jpg?fit=880%2C440&ssl=1&resize=700%2C400 2x"},"classes":[]},{"id":31010,"url":"https:\/\/lahoradelcampo.com.uy\/site\/angus-suspendio-la-gira-2021-por-el-norte-del-pais\/","url_meta":{"origin":37487,"position":3},"title":"Angus suspendi\u00f3 la gira 2021 por el norte del pa\u00eds","author":"La Hora del Campo","date":"7 junio, 2021","format":false,"excerpt":"La Sociedad de Criadores de Aberdeen Angus del Uruguay (SCAAU) dio a conocer en un comunicado emitido en el d\u00eda de ayer, que suspendi\u00f3 la gira anual prevista para este 2021 en el norte del pa\u00eds. La gremial sostuvo que la decisi\u00f3n se debe a la situaci\u00f3n sanitaria actual y\u2026","rel":"","context":"En \u00abActualidad\u00bb","block_context":{"text":"Actualidad","link":"https:\/\/lahoradelcampo.com.uy\/site\/category\/actualidad\/"},"img":{"alt_text":"","src":"https:\/\/i0.wp.com\/lahoradelcampo.com.uy\/site\/wp-content\/uploads\/2021\/06\/Angusgira.jpg?fit=880%2C440&ssl=1&resize=350%2C200","width":350,"height":200,"srcset":"https:\/\/i0.wp.com\/lahoradelcampo.com.uy\/site\/wp-content\/uploads\/2021\/06\/Angusgira.jpg?fit=880%2C440&ssl=1&resize=350%2C200 1x, https:\/\/i0.wp.com\/lahoradelcampo.com.uy\/site\/wp-content\/uploads\/2021\/06\/Angusgira.jpg?fit=880%2C440&ssl=1&resize=525%2C300 1.5x, https:\/\/i0.wp.com\/lahoradelcampo.com.uy\/site\/wp-content\/uploads\/2021\/06\/Angusgira.jpg?fit=880%2C440&ssl=1&resize=700%2C400 2x"},"classes":[]},{"id":20736,"url":"https:\/\/lahoradelcampo.com.uy\/site\/la-raza-aberdeen-angus-sigue-en-movimiento\/","url_meta":{"origin":37487,"position":4},"title":"La raza Aberdeen Angus  sigue en movimiento","author":"La Hora del Campo","date":"10 junio, 2020","format":false,"excerpt":"Lote Campe\u00f3n de Hembras Angus de Campo, tambi\u00e9n fueron evaluadas por un jurado joven. \"El campo no para\" este es el slogan que han venido impulsando desde las gremiales agropecuarias y el gobierno desde la implementaci\u00f3n de la Emergencia Sanitaria Covid-19, sin embargo varias sociedades de criadores han detenido sus\u2026","rel":"","context":"En \u00abActualidad\u00bb","block_context":{"text":"Actualidad","link":"https:\/\/lahoradelcampo.com.uy\/site\/category\/actualidad\/"},"img":{"alt_text":"","src":"https:\/\/i0.wp.com\/lahoradelcampo.com.uy\/site\/wp-content\/uploads\/2017\/10\/Angus.jpg?fit=880%2C440&ssl=1&resize=350%2C200","width":350,"height":200,"srcset":"https:\/\/i0.wp.com\/lahoradelcampo.com.uy\/site\/wp-content\/uploads\/2017\/10\/Angus.jpg?fit=880%2C440&ssl=1&resize=350%2C200 1x, https:\/\/i0.wp.com\/lahoradelcampo.com.uy\/site\/wp-content\/uploads\/2017\/10\/Angus.jpg?fit=880%2C440&ssl=1&resize=525%2C300 1.5x, https:\/\/i0.wp.com\/lahoradelcampo.com.uy\/site\/wp-content\/uploads\/2017\/10\/Angus.jpg?fit=880%2C440&ssl=1&resize=700%2C400 2x"},"classes":[]},{"id":57082,"url":"https:\/\/lahoradelcampo.com.uy\/site\/en-salto-se-vendieron-445-toros-a-un-promedio-de-us-4-407\/","url_meta":{"origin":37487,"position":5},"title":"En Salto se vendieron 445 toros a un promedio de US$ 4.407","author":"La Hora del Campo","date":"18 noviembre, 2025","format":false,"excerpt":"La zafra de reproductores en Salto cerr\u00f3 octubre con resultados altamente positivos, confirmando un incremento tanto en precios como en volumen frente al a\u00f1o anterior. En total, se comercializaron 445 toros -30 m\u00e1s que en 2024- por una facturaci\u00f3n total de US$ 1.961.110, lo que representa un aumento del 33%\u2026","rel":"","context":"En \u00abActualidad\u00bb","block_context":{"text":"Actualidad","link":"https:\/\/lahoradelcampo.com.uy\/site\/category\/actualidad\/"},"img":{"alt_text":"","src":"https:\/\/i0.wp.com\/lahoradelcampo.com.uy\/site\/wp-content\/uploads\/2025\/11\/Toros-Hereford-scaled.jpg?fit=1200%2C904&ssl=1&resize=350%2C200","width":350,"height":200,"srcset":"https:\/\/i0.wp.com\/lahoradelcampo.com.uy\/site\/wp-content\/uploads\/2025\/11\/Toros-Hereford-scaled.jpg?fit=1200%2C904&ssl=1&resize=350%2C200 1x, https:\/\/i0.wp.com\/lahoradelcampo.com.uy\/site\/wp-content\/uploads\/2025\/11\/Toros-Hereford-scaled.jpg?fit=1200%2C904&ssl=1&resize=525%2C300 1.5x, https:\/\/i0.wp.com\/lahoradelcampo.com.uy\/site\/wp-content\/uploads\/2025\/11\/Toros-Hereford-scaled.jpg?fit=1200%2C904&ssl=1&resize=700%2C400 2x, https:\/\/i0.wp.com\/lahoradelcampo.com.uy\/site\/wp-content\/uploads\/2025\/11\/Toros-Hereford-scaled.jpg?fit=1200%2C904&ssl=1&resize=1050%2C600 3x"},"classes":[]}],"jetpack_likes_enabled":true,"_links":{"self":[{"href":"https:\/\/lahoradelcampo.com.uy\/site\/wp-json\/wp\/v2\/posts\/37487","targetHints":{"allow":["GET"]}}],"collection":[{"href":"https:\/\/lahoradelcampo.com.uy\/site\/wp-json\/wp\/v2\/posts"}],"about":[{"href":"https:\/\/lahoradelcampo.com.uy\/site\/wp-json\/wp\/v2\/types\/post"}],"author":[{"embeddable":true,"href":"https:\/\/lahoradelcampo.com.uy\/site\/wp-json\/wp\/v2\/users\/5"}],"replies":[{"embeddable":true,"href":"https:\/\/lahoradelcampo.com.uy\/site\/wp-json\/wp\/v2\/comments?post=37487"}],"version-history":[{"count":2,"href":"https:\/\/lahoradelcampo.com.uy\/site\/wp-json\/wp\/v2\/posts\/37487\/revisions"}],"predecessor-version":[{"id":37497,"href":"https:\/\/lahoradelcampo.com.uy\/site\/wp-json\/wp\/v2\/posts\/37487\/revisions\/37497"}],"wp:featuredmedia":[{"embeddable":true,"href":"https:\/\/lahoradelcampo.com.uy\/site\/wp-json\/wp\/v2\/media\/37493"}],"wp:attachment":[{"href":"https:\/\/lahoradelcampo.com.uy\/site\/wp-json\/wp\/v2\/media?parent=37487"}],"wp:term":[{"taxonomy":"category","embeddable":true,"href":"https:\/\/lahoradelcampo.com.uy\/site\/wp-json\/wp\/v2\/categories?post=37487"},{"taxonomy":"post_tag","embeddable":true,"href":"https:\/\/lahoradelcampo.com.uy\/site\/wp-json\/wp\/v2\/tags?post=37487"}],"curies":[{"name":"wp","href":"https:\/\/api.w.org\/{rel}","templated":true}]}}