{"id":37461,"date":"2021-12-13T09:33:03","date_gmt":"2021-12-13T12:33:03","guid":{"rendered":"http:\/\/lahoradelcampo.com.uy\/site\/?p=37461"},"modified":"2021-12-13T09:33:10","modified_gmt":"2021-12-13T12:33:10","slug":"facturacion-de-las-exportaciones-de-manteca-crecen-un-22-en-2021","status":"publish","type":"post","link":"https:\/\/lahoradelcampo.com.uy\/site\/facturacion-de-las-exportaciones-de-manteca-crecen-un-22-en-2021\/","title":{"rendered":"Facturaci\u00f3n de las exportaciones de manteca crecen un 22% en 2021"},"content":{"rendered":"\n<figure class=\"wp-block-image\"><img data-recalc-dims=\"1\" loading=\"lazy\" decoding=\"async\" width=\"810\" height=\"405\" data-attachment-id=\"37463\" data-permalink=\"https:\/\/lahoradelcampo.com.uy\/site\/facturacion-de-las-exportaciones-de-manteca-crecen-un-22-en-2021\/lecheria-manteca\/\" data-orig-file=\"https:\/\/i0.wp.com\/lahoradelcampo.com.uy\/site\/wp-content\/uploads\/2021\/12\/Lecheria-manteca.jpg?fit=880%2C440&amp;ssl=1\" data-orig-size=\"880,440\" data-comments-opened=\"1\" data-image-meta=\"{&quot;aperture&quot;:&quot;0&quot;,&quot;credit&quot;:&quot;&quot;,&quot;camera&quot;:&quot;&quot;,&quot;caption&quot;:&quot;&quot;,&quot;created_timestamp&quot;:&quot;0&quot;,&quot;copyright&quot;:&quot;&quot;,&quot;focal_length&quot;:&quot;0&quot;,&quot;iso&quot;:&quot;0&quot;,&quot;shutter_speed&quot;:&quot;0&quot;,&quot;title&quot;:&quot;&quot;,&quot;orientation&quot;:&quot;1&quot;}\" data-image-title=\"Lecheria-manteca\" data-image-description=\"\" data-image-caption=\"\" data-large-file=\"https:\/\/i0.wp.com\/lahoradelcampo.com.uy\/site\/wp-content\/uploads\/2021\/12\/Lecheria-manteca.jpg?fit=810%2C405&amp;ssl=1\" src=\"https:\/\/i0.wp.com\/lahoradelcampo.com.uy\/site\/wp-content\/uploads\/2021\/12\/Lecheria-manteca.jpg?resize=810%2C405\" alt=\"\" class=\"wp-image-37463\" srcset=\"https:\/\/i0.wp.com\/lahoradelcampo.com.uy\/site\/wp-content\/uploads\/2021\/12\/Lecheria-manteca.jpg?w=880&amp;ssl=1 880w, https:\/\/i0.wp.com\/lahoradelcampo.com.uy\/site\/wp-content\/uploads\/2021\/12\/Lecheria-manteca.jpg?resize=300%2C150&amp;ssl=1 300w, https:\/\/i0.wp.com\/lahoradelcampo.com.uy\/site\/wp-content\/uploads\/2021\/12\/Lecheria-manteca.jpg?resize=768%2C384&amp;ssl=1 768w, https:\/\/i0.wp.com\/lahoradelcampo.com.uy\/site\/wp-content\/uploads\/2021\/12\/Lecheria-manteca.jpg?resize=820%2C410&amp;ssl=1 820w\" sizes=\"auto, (max-width: 810px) 100vw, 810px\" \/><\/figure>\n\n\n\n<p>Durante los primeros 11 meses del a\u00f1o, desde enero a noviembre, la facturaci\u00f3n de las exportaciones de productos l\u00e1cteos creci\u00f3 un 9% respecto a igual per\u00edodo del a\u00f1o 2020. <br><\/p>\n\n\n\n<p>En este contexto subieron un 11% las ventas de leche en polvo entera, descendieron un 8% las de leche en polvo descremada y un 4% las de quesos. Por su parte las exportaciones de Manteca fueron las de mayor crecimiento en cuanto a facturaci\u00f3n, un 22%, a\u00fan con menor volumen exportado. <br><\/p>\n\n\n\n<p>De acuerdo a los datos publicados por el Instituto Nacional de la Leche (INALE), las exportaciones de Manteca alcanzaron una facturaci\u00f3n de 43,2 millones de d\u00f3lares FOB en el acumulado de los 11 meses, un 22% superior a igual per\u00edodo del a\u00f1o pasado, de acuerdo a lo mencionado anteriores. <br><\/p>\n\n\n\n<p>Por su parte los vol\u00famenes comercializados al exterior, son un 4% inferiores este a\u00f1o, tras situarse en las 10.452 toneladas. Por lo que el aumento de los ingresos se deben a una suba del valor de la tonelada del 27%. En este per\u00edodo el valor promedio para la manteca fue de US$ 4.386. <br><\/p>\n\n\n\n<p>El principal mercado para la manteca uruguaya es Rusia, hacia donde se exporta el 45% del total comercializado. <br><\/p>\n\n\n\n<p>Leche en polvo entera<br><\/p>\n\n\n\n<p>En el caso de la Leche en Polvo Entera, el principal rubro de exportaci\u00f3n de Uruguay, la facturaci\u00f3n alcanza los 466 millones de d\u00f3lares de ingresos al pa\u00eds, por un total de 133.350 toneladas. Esto significa un incremento del 11% en el ingreso de divisas y una ca\u00edda del 3% en el volumen. <br><\/p>\n\n\n\n<p>El valor promedio de la tonelada se ubica en 3.480 d\u00f3lares, con una suba anual del 14%. <br><\/p>\n\n\n\n<p>Argelia, se mantiene como el principal destino de este producto, con el 32% del total. Sin embargo, China y Brasil representan el 28% y 21% respectivamente, luego de recuperar terreno en los \u00faltimos meses. <\/p>\n\n\n\n<p>Salto, 13 de diciembre de 2021<\/p>\n","protected":false},"excerpt":{"rendered":"<p>Durante los primeros 11 meses del a\u00f1o, desde enero a noviembre, la facturaci\u00f3n de las exportaciones de productos l\u00e1cteos creci\u00f3 un 9% respecto a igual per\u00edodo del a\u00f1o 2020. En [&hellip;]<\/p>\n","protected":false},"author":5,"featured_media":37463,"comment_status":"open","ping_status":"open","sticky":false,"template":"","format":"standard","meta":{"_price":"","_stock":"","_tribe_ticket_header":"","_tribe_default_ticket_provider":"","_tribe_ticket_capacity":"0","_ticket_start_date":"","_ticket_end_date":"","_tribe_ticket_show_description":"","_tribe_ticket_show_not_going":false,"_tribe_ticket_use_global_stock":"","_tribe_ticket_global_stock_level":"","_global_stock_mode":"","_global_stock_cap":"","_tribe_rsvp_for_event":"","_tribe_ticket_going_count":"","_tribe_ticket_not_going_count":"","_tribe_tickets_list":"[]","_tribe_ticket_has_attendee_info_fields":false,"h5ap_radio_sources":[],"_jetpack_newsletter_access":"","_jetpack_dont_email_post_to_subs":false,"_jetpack_newsletter_tier_id":0,"_jetpack_memberships_contains_paywalled_content":false,"_jetpack_memberships_contains_paid_content":false,"footnotes":""},"categories":[21,11],"tags":[],"class_list":["post-37461","post","type-post","status-publish","format-standard","has-post-thumbnail","hentry","category-actualidad","category-lecheria"],"jetpack_featured_media_url":"https:\/\/i0.wp.com\/lahoradelcampo.com.uy\/site\/wp-content\/uploads\/2021\/12\/Lecheria-manteca.jpg?fit=880%2C440&ssl=1","jetpack_sharing_enabled":true,"jetpack_shortlink":"https:\/\/wp.me\/p99IaT-9Kd","jetpack-related-posts":[{"id":50333,"url":"https:\/\/lahoradelcampo.com.uy\/site\/facturacion-de-las-exportaciones-de-lacteos-sube-un-17-en-2023\/","url_meta":{"origin":37461,"position":0},"title":"Facturaci\u00f3n de las exportaciones de l\u00e1cteos sube un 17% en 2023","author":"La Hora del Campo","date":"15 mayo, 2023","format":false,"excerpt":"Las exportaciones del sector l\u00e1cteo han tenido un buen desempe\u00f1o en lo que va del a\u00f1o 2023, registrando un incremento del 17% en comparaci\u00f3n con el mismo per\u00edodo del a\u00f1o anterior.Seg\u00fan los datos disponibles, la facturaci\u00f3n alcanz\u00f3 los 301,1 millones de d\u00f3lares. Productos: Durante los primeros cuatro meses del a\u00f1o,\u2026","rel":"","context":"En \u00abActualidad\u00bb","block_context":{"text":"Actualidad","link":"https:\/\/lahoradelcampo.com.uy\/site\/category\/actualidad\/"},"img":{"alt_text":"","src":"https:\/\/i0.wp.com\/lahoradelcampo.com.uy\/site\/wp-content\/uploads\/2017\/12\/Lacteos.jpg?fit=880%2C440&ssl=1&resize=350%2C200","width":350,"height":200,"srcset":"https:\/\/i0.wp.com\/lahoradelcampo.com.uy\/site\/wp-content\/uploads\/2017\/12\/Lacteos.jpg?fit=880%2C440&ssl=1&resize=350%2C200 1x, https:\/\/i0.wp.com\/lahoradelcampo.com.uy\/site\/wp-content\/uploads\/2017\/12\/Lacteos.jpg?fit=880%2C440&ssl=1&resize=525%2C300 1.5x, https:\/\/i0.wp.com\/lahoradelcampo.com.uy\/site\/wp-content\/uploads\/2017\/12\/Lacteos.jpg?fit=880%2C440&ssl=1&resize=700%2C400 2x"},"classes":[]},{"id":20848,"url":"https:\/\/lahoradelcampo.com.uy\/site\/exportaciones-uruguayas-de-lacteos-cayeron-4\/","url_meta":{"origin":37461,"position":1},"title":"Exportaciones uruguayas de l\u00e1cteos cayeron 4%","author":"La Hora del Campo","date":"12 junio, 2020","format":false,"excerpt":"La facturaci\u00f3n de los primeros cinco meses del a\u00f1o descendi\u00f3 4% comparada con la del mismo per\u00edodo de 2019 dado por fuerte ca\u00edda en los ingresos por colocaci\u00f3n de manteca y leche en polvo descremada con aumentos menores de leche en polvo entera y queso, de acuerdo al informe realizado\u2026","rel":"","context":"En \u00abActualidad\u00bb","block_context":{"text":"Actualidad","link":"https:\/\/lahoradelcampo.com.uy\/site\/category\/actualidad\/"},"img":{"alt_text":"","src":"https:\/\/i0.wp.com\/lahoradelcampo.com.uy\/site\/wp-content\/uploads\/2017\/12\/Lacteos.jpg?fit=880%2C440&ssl=1&resize=350%2C200","width":350,"height":200,"srcset":"https:\/\/i0.wp.com\/lahoradelcampo.com.uy\/site\/wp-content\/uploads\/2017\/12\/Lacteos.jpg?fit=880%2C440&ssl=1&resize=350%2C200 1x, https:\/\/i0.wp.com\/lahoradelcampo.com.uy\/site\/wp-content\/uploads\/2017\/12\/Lacteos.jpg?fit=880%2C440&ssl=1&resize=525%2C300 1.5x, https:\/\/i0.wp.com\/lahoradelcampo.com.uy\/site\/wp-content\/uploads\/2017\/12\/Lacteos.jpg?fit=880%2C440&ssl=1&resize=700%2C400 2x"},"classes":[]},{"id":11667,"url":"https:\/\/lahoradelcampo.com.uy\/site\/exportaciones-de-lacteos-cayeron-un-3\/","url_meta":{"origin":37461,"position":2},"title":"Exportaciones de l\u00e1cteos cayeron un 3%","author":"La Hora del Campo","date":"10 junio, 2019","format":false,"excerpt":"Las exportaciones de productos l\u00e1cteos de Uruguay registraron una ca\u00edda del 3% en su facturaci\u00f3n en los cinco primeros meses del a\u00f1o, debido a un descenso de en las facturaciones de queso y manteca, mientras que las leches en polvo, tanto entera como descremada, si bien incrementaron sus facturaciones lo\u2026","rel":"","context":"En \u00abActualidad\u00bb","block_context":{"text":"Actualidad","link":"https:\/\/lahoradelcampo.com.uy\/site\/category\/actualidad\/"},"img":{"alt_text":"","src":"https:\/\/i0.wp.com\/lahoradelcampo.com.uy\/site\/wp-content\/uploads\/2019\/04\/leche-en-polvo.jpg?fit=880%2C440&ssl=1&resize=350%2C200","width":350,"height":200,"srcset":"https:\/\/i0.wp.com\/lahoradelcampo.com.uy\/site\/wp-content\/uploads\/2019\/04\/leche-en-polvo.jpg?fit=880%2C440&ssl=1&resize=350%2C200 1x, https:\/\/i0.wp.com\/lahoradelcampo.com.uy\/site\/wp-content\/uploads\/2019\/04\/leche-en-polvo.jpg?fit=880%2C440&ssl=1&resize=525%2C300 1.5x, https:\/\/i0.wp.com\/lahoradelcampo.com.uy\/site\/wp-content\/uploads\/2019\/04\/leche-en-polvo.jpg?fit=880%2C440&ssl=1&resize=700%2C400 2x"},"classes":[]},{"id":52859,"url":"https:\/\/lahoradelcampo.com.uy\/site\/facturacion-de-lacteos-cae-un-6-en-23\/","url_meta":{"origin":37461,"position":3},"title":"Facturaci\u00f3n de lacteos cae un 6% en &#8217;23","author":"La Hora del Campo","date":"24 octubre, 2023","format":false,"excerpt":"Las exportaciones de productos l\u00e1cteos uruguayos han experimentado una ca\u00edda del 6% en la facturaci\u00f3n durante el transcurso del a\u00f1o 2023 en comparaci\u00f3n con el mismo per\u00edodo en 2022. Durante los primeros nueve meses del a\u00f1o en curso, se exportaron un total de 642,6 millones de d\u00f3lares. Este descenso en\u2026","rel":"","context":"En \u00abActualidad\u00bb","block_context":{"text":"Actualidad","link":"https:\/\/lahoradelcampo.com.uy\/site\/category\/actualidad\/"},"img":{"alt_text":"","src":"https:\/\/i0.wp.com\/lahoradelcampo.com.uy\/site\/wp-content\/uploads\/2017\/12\/Lacteos.jpg?fit=880%2C440&ssl=1&resize=350%2C200","width":350,"height":200,"srcset":"https:\/\/i0.wp.com\/lahoradelcampo.com.uy\/site\/wp-content\/uploads\/2017\/12\/Lacteos.jpg?fit=880%2C440&ssl=1&resize=350%2C200 1x, https:\/\/i0.wp.com\/lahoradelcampo.com.uy\/site\/wp-content\/uploads\/2017\/12\/Lacteos.jpg?fit=880%2C440&ssl=1&resize=525%2C300 1.5x, https:\/\/i0.wp.com\/lahoradelcampo.com.uy\/site\/wp-content\/uploads\/2017\/12\/Lacteos.jpg?fit=880%2C440&ssl=1&resize=700%2C400 2x"},"classes":[]},{"id":53843,"url":"https:\/\/lahoradelcampo.com.uy\/site\/descenso-en-las-exportaciones-de-lacteos-de-uruguay-durante-abril\/","url_meta":{"origin":37461,"position":4},"title":"Descenso en las exportaciones de l\u00e1cteos de Uruguay durante abril","author":"La Hora del Campo","date":"10 mayo, 2024","format":false,"excerpt":"El Instituto Nacional de la Leche (INALE) ha revelado cifras preocupantes respecto a las exportaciones l\u00e1cteas de Uruguay durante el mes de abril del a\u00f1o en curso. Seg\u00fan el informe presentado, la facturaci\u00f3n recibida por exportaciones ha experimentado un descenso del 16%, lo que refleja una notable disminuci\u00f3n en los\u2026","rel":"","context":"En \u00abActualidad\u00bb","block_context":{"text":"Actualidad","link":"https:\/\/lahoradelcampo.com.uy\/site\/category\/actualidad\/"},"img":{"alt_text":"","src":"https:\/\/i0.wp.com\/lahoradelcampo.com.uy\/site\/wp-content\/uploads\/2024\/05\/Exportacioneslacteasabril.jpg?fit=880%2C440&ssl=1&resize=350%2C200","width":350,"height":200,"srcset":"https:\/\/i0.wp.com\/lahoradelcampo.com.uy\/site\/wp-content\/uploads\/2024\/05\/Exportacioneslacteasabril.jpg?fit=880%2C440&ssl=1&resize=350%2C200 1x, https:\/\/i0.wp.com\/lahoradelcampo.com.uy\/site\/wp-content\/uploads\/2024\/05\/Exportacioneslacteasabril.jpg?fit=880%2C440&ssl=1&resize=525%2C300 1.5x, https:\/\/i0.wp.com\/lahoradelcampo.com.uy\/site\/wp-content\/uploads\/2024\/05\/Exportacioneslacteasabril.jpg?fit=880%2C440&ssl=1&resize=700%2C400 2x"},"classes":[]},{"id":55901,"url":"https:\/\/lahoradelcampo.com.uy\/site\/exportaciones-de-lacteos-crecen-19-en-el-2025\/","url_meta":{"origin":37461,"position":5},"title":"Exportaciones de l\u00e1cteos crecen 19% en el 2025","author":"La Hora del Campo","date":"14 abril, 2025","format":false,"excerpt":"De acuerdo con el informe de exportaciones de l\u00e1cteos, elaborado por el Instituto Nacional de la Leche (INALE), la facturaci\u00f3n de la venta de productos en el exterior creci\u00f3 un 19% durante el primer trimestre del a\u00f1o, impulsado por fuertes subas en los valores tanto de la leche en polvo\u2026","rel":"","context":"En \u00abActualidad\u00bb","block_context":{"text":"Actualidad","link":"https:\/\/lahoradelcampo.com.uy\/site\/category\/actualidad\/"},"img":{"alt_text":"","src":"https:\/\/i0.wp.com\/lahoradelcampo.com.uy\/site\/wp-content\/uploads\/2025\/01\/lacteos1.jpg?fit=880%2C440&ssl=1&resize=350%2C200","width":350,"height":200,"srcset":"https:\/\/i0.wp.com\/lahoradelcampo.com.uy\/site\/wp-content\/uploads\/2025\/01\/lacteos1.jpg?fit=880%2C440&ssl=1&resize=350%2C200 1x, https:\/\/i0.wp.com\/lahoradelcampo.com.uy\/site\/wp-content\/uploads\/2025\/01\/lacteos1.jpg?fit=880%2C440&ssl=1&resize=525%2C300 1.5x, https:\/\/i0.wp.com\/lahoradelcampo.com.uy\/site\/wp-content\/uploads\/2025\/01\/lacteos1.jpg?fit=880%2C440&ssl=1&resize=700%2C400 2x"},"classes":[]}],"jetpack_likes_enabled":true,"_links":{"self":[{"href":"https:\/\/lahoradelcampo.com.uy\/site\/wp-json\/wp\/v2\/posts\/37461","targetHints":{"allow":["GET"]}}],"collection":[{"href":"https:\/\/lahoradelcampo.com.uy\/site\/wp-json\/wp\/v2\/posts"}],"about":[{"href":"https:\/\/lahoradelcampo.com.uy\/site\/wp-json\/wp\/v2\/types\/post"}],"author":[{"embeddable":true,"href":"https:\/\/lahoradelcampo.com.uy\/site\/wp-json\/wp\/v2\/users\/5"}],"replies":[{"embeddable":true,"href":"https:\/\/lahoradelcampo.com.uy\/site\/wp-json\/wp\/v2\/comments?post=37461"}],"version-history":[{"count":1,"href":"https:\/\/lahoradelcampo.com.uy\/site\/wp-json\/wp\/v2\/posts\/37461\/revisions"}],"predecessor-version":[{"id":37465,"href":"https:\/\/lahoradelcampo.com.uy\/site\/wp-json\/wp\/v2\/posts\/37461\/revisions\/37465"}],"wp:featuredmedia":[{"embeddable":true,"href":"https:\/\/lahoradelcampo.com.uy\/site\/wp-json\/wp\/v2\/media\/37463"}],"wp:attachment":[{"href":"https:\/\/lahoradelcampo.com.uy\/site\/wp-json\/wp\/v2\/media?parent=37461"}],"wp:term":[{"taxonomy":"category","embeddable":true,"href":"https:\/\/lahoradelcampo.com.uy\/site\/wp-json\/wp\/v2\/categories?post=37461"},{"taxonomy":"post_tag","embeddable":true,"href":"https:\/\/lahoradelcampo.com.uy\/site\/wp-json\/wp\/v2\/tags?post=37461"}],"curies":[{"name":"wp","href":"https:\/\/api.w.org\/{rel}","templated":true}]}}