{"id":37457,"date":"2021-12-13T09:29:42","date_gmt":"2021-12-13T12:29:42","guid":{"rendered":"http:\/\/lahoradelcampo.com.uy\/site\/?p=37457"},"modified":"2021-12-13T09:33:38","modified_gmt":"2021-12-13T12:33:38","slug":"estados-unidos-no-suspendera-las-compras-de-carne-vacuna-desde-brasil","status":"publish","type":"post","link":"https:\/\/lahoradelcampo.com.uy\/site\/estados-unidos-no-suspendera-las-compras-de-carne-vacuna-desde-brasil\/","title":{"rendered":"EEUU no suspender\u00e1 las compras de carne vacuna desde Brasil"},"content":{"rendered":"\n<figure class=\"wp-block-image\"><img data-recalc-dims=\"1\" loading=\"lazy\" decoding=\"async\" width=\"810\" height=\"405\" data-attachment-id=\"9967\" data-permalink=\"https:\/\/lahoradelcampo.com.uy\/site\/stock-de-trigo-en-marzo-similar-al-de-un-ano-atras\/carne-brasil-2\/\" data-orig-file=\"https:\/\/i0.wp.com\/lahoradelcampo.com.uy\/site\/wp-content\/uploads\/2019\/04\/Carne-brasil.jpg?fit=880%2C440&amp;ssl=1\" data-orig-size=\"880,440\" data-comments-opened=\"1\" data-image-meta=\"{&quot;aperture&quot;:&quot;0&quot;,&quot;credit&quot;:&quot;&quot;,&quot;camera&quot;:&quot;&quot;,&quot;caption&quot;:&quot;&quot;,&quot;created_timestamp&quot;:&quot;0&quot;,&quot;copyright&quot;:&quot;&quot;,&quot;focal_length&quot;:&quot;0&quot;,&quot;iso&quot;:&quot;0&quot;,&quot;shutter_speed&quot;:&quot;0&quot;,&quot;title&quot;:&quot;&quot;,&quot;orientation&quot;:&quot;1&quot;}\" data-image-title=\"Carne brasil\" data-image-description=\"\" data-image-caption=\"\" data-large-file=\"https:\/\/i0.wp.com\/lahoradelcampo.com.uy\/site\/wp-content\/uploads\/2019\/04\/Carne-brasil.jpg?fit=810%2C405&amp;ssl=1\" src=\"https:\/\/i0.wp.com\/lahoradelcampo.com.uy\/site\/wp-content\/uploads\/2019\/04\/Carne-brasil.jpg?resize=810%2C405\" alt=\"\" class=\"wp-image-9967\" srcset=\"https:\/\/i0.wp.com\/lahoradelcampo.com.uy\/site\/wp-content\/uploads\/2019\/04\/Carne-brasil.jpg?w=880&amp;ssl=1 880w, https:\/\/i0.wp.com\/lahoradelcampo.com.uy\/site\/wp-content\/uploads\/2019\/04\/Carne-brasil.jpg?resize=300%2C150&amp;ssl=1 300w, https:\/\/i0.wp.com\/lahoradelcampo.com.uy\/site\/wp-content\/uploads\/2019\/04\/Carne-brasil.jpg?resize=768%2C384&amp;ssl=1 768w, https:\/\/i0.wp.com\/lahoradelcampo.com.uy\/site\/wp-content\/uploads\/2019\/04\/Carne-brasil.jpg?resize=820%2C410&amp;ssl=1 820w\" sizes=\"auto, (max-width: 810px) 100vw, 810px\" \/><\/figure>\n\n\n\n<p>Estados Unidos no suspender\u00e1 las importaciones de carne vacuna de Brasil despu\u00e9s de que el pa\u00eds sudamericano retrasara un informe sobre problemas sanitarios, dijo el secretario de Agricultura de Estados Unidos, Tom Vilsack, a Eurocarne.<br><\/p>\n\n\n\n<p>En noviembre la Asociaci\u00f3n de Productores de Carne de Estados Unidos (NCBA) pidi\u00f3 la prohibici\u00f3n del ingreso del producto brasile\u00f1o al mercado estadounidense, tras los dos casos de vaca loca (EEB) at\u00edpica registrados en setiembre en Brasil.<br><\/p>\n\n\n\n<p>La solicitud del embargo sigui\u00f3 a una suspensi\u00f3n llevada a cabo por China, debido al problema sanitario, que provoc\u00f3 que las exportaciones brasile\u00f1as cayeran pr\u00e1cticamente a la mitad en octubre y noviembre, seg\u00fan datos de la Asociaci\u00f3n Brasile\u00f1a de Industrias Exportadoras de Carnes (Abiec). <br><\/p>\n\n\n\n<p>Con el embargo chino, EEUU aparece ahora como el principal importador de carne vacuna de Brasil, con una participaci\u00f3n del 17,3% en noviembre, de un total de 100.000 toneladas, se\u00f1ala Abiec.<\/p>\n\n\n\n<p>Salto, 13 de diciembre de 2021<\/p>\n","protected":false},"excerpt":{"rendered":"<p>Estados Unidos no suspender\u00e1 las importaciones de carne vacuna de Brasil despu\u00e9s de que el pa\u00eds sudamericano retrasara un informe sobre problemas sanitarios, dijo el secretario de Agricultura de Estados [&hellip;]<\/p>\n","protected":false},"author":5,"featured_media":9967,"comment_status":"open","ping_status":"open","sticky":false,"template":"","format":"standard","meta":{"_price":"","_stock":"","_tribe_ticket_header":"","_tribe_default_ticket_provider":"","_tribe_ticket_capacity":"0","_ticket_start_date":"","_ticket_end_date":"","_tribe_ticket_show_description":"","_tribe_ticket_show_not_going":false,"_tribe_ticket_use_global_stock":"","_tribe_ticket_global_stock_level":"","_global_stock_mode":"","_global_stock_cap":"","_tribe_rsvp_for_event":"","_tribe_ticket_going_count":"","_tribe_ticket_not_going_count":"","_tribe_tickets_list":"[]","_tribe_ticket_has_attendee_info_fields":false,"h5ap_radio_sources":[],"_jetpack_newsletter_access":"","_jetpack_dont_email_post_to_subs":false,"_jetpack_newsletter_tier_id":0,"_jetpack_memberships_contains_paywalled_content":false,"_jetpack_memberships_contains_paid_content":false,"footnotes":""},"categories":[21,15],"tags":[],"class_list":["post-37457","post","type-post","status-publish","format-standard","has-post-thumbnail","hentry","category-actualidad","category-columnistas"],"jetpack_featured_media_url":"https:\/\/i0.wp.com\/lahoradelcampo.com.uy\/site\/wp-content\/uploads\/2019\/04\/Carne-brasil.jpg?fit=880%2C440&ssl=1","jetpack_sharing_enabled":true,"jetpack_shortlink":"https:\/\/wp.me\/p99IaT-9K9","jetpack-related-posts":[{"id":49566,"url":"https:\/\/lahoradelcampo.com.uy\/site\/friboi-importa-carne-vacuna-canadiense-de-jbs-canada-a-brasil\/","url_meta":{"origin":37457,"position":0},"title":"Friboi importa carne vacuna canadiense de JBS Canad\u00e1 a Brasil","author":"La Hora del Campo","date":"29 marzo, 2023","format":false,"excerpt":"La compa\u00f1\u00eda Friboi ha importado la primera remesa de carne vacuna canadiense producida en la planta de JBS Canad\u00e1 en Brooks, Alberta, y la comercializar\u00e1 en Brasil bajo las marcas Canadian Diamond Black Angus y Canadian Diamond Beef. Confianza en la demanda brasile\u00f1a El Director Ejecutivo de Importaciones de Friboi,\u2026","rel":"","context":"En \u00abActualidad\u00bb","block_context":{"text":"Actualidad","link":"https:\/\/lahoradelcampo.com.uy\/site\/category\/actualidad\/"},"img":{"alt_text":"","src":"https:\/\/i0.wp.com\/lahoradelcampo.com.uy\/site\/wp-content\/uploads\/2023\/03\/JBS-Brasil-Canada.jpg?fit=880%2C440&ssl=1&resize=350%2C200","width":350,"height":200,"srcset":"https:\/\/i0.wp.com\/lahoradelcampo.com.uy\/site\/wp-content\/uploads\/2023\/03\/JBS-Brasil-Canada.jpg?fit=880%2C440&ssl=1&resize=350%2C200 1x, https:\/\/i0.wp.com\/lahoradelcampo.com.uy\/site\/wp-content\/uploads\/2023\/03\/JBS-Brasil-Canada.jpg?fit=880%2C440&ssl=1&resize=525%2C300 1.5x, https:\/\/i0.wp.com\/lahoradelcampo.com.uy\/site\/wp-content\/uploads\/2023\/03\/JBS-Brasil-Canada.jpg?fit=880%2C440&ssl=1&resize=700%2C400 2x"},"classes":[]},{"id":1861,"url":"https:\/\/lahoradelcampo.com.uy\/site\/ee-uu-habilita-la-importacion-de-carne-de-cinco-plantas-brasilenas\/","url_meta":{"origin":37457,"position":1},"title":"EE.UU. habilita la importaci\u00f3n de carne de cinco plantas brasile\u00f1as","author":"La Hora del Campo","date":"28 septiembre, 2017","format":false,"excerpt":"Brasil podr\u00e1 restablecer las exportaciones a los Estados Unidos desde cinco frigor\u00edficos para la producci\u00f3n de carne termoprocesada. La autorizaci\u00f3n fue confirmada en la jornada del lunes por las autoridades sanitarias del Servicio de Seguridad e Inspecci\u00f3n de Alimentos del Departamento de Agricultura de Estados Unidos (USDA) al Ministerio de\u2026","rel":"","context":"En \u00abActualidad\u00bb","block_context":{"text":"Actualidad","link":"https:\/\/lahoradelcampo.com.uy\/site\/category\/actualidad\/"},"img":{"alt_text":"","src":"https:\/\/i0.wp.com\/lahoradelcampo.com.uy\/site\/wp-content\/uploads\/2017\/09\/Carne-Brasil.jpg?fit=880%2C440&ssl=1&resize=350%2C200","width":350,"height":200,"srcset":"https:\/\/i0.wp.com\/lahoradelcampo.com.uy\/site\/wp-content\/uploads\/2017\/09\/Carne-Brasil.jpg?fit=880%2C440&ssl=1&resize=350%2C200 1x, https:\/\/i0.wp.com\/lahoradelcampo.com.uy\/site\/wp-content\/uploads\/2017\/09\/Carne-Brasil.jpg?fit=880%2C440&ssl=1&resize=525%2C300 1.5x, https:\/\/i0.wp.com\/lahoradelcampo.com.uy\/site\/wp-content\/uploads\/2017\/09\/Carne-Brasil.jpg?fit=880%2C440&ssl=1&resize=700%2C400 2x"},"classes":[]},{"id":2707,"url":"https:\/\/lahoradelcampo.com.uy\/site\/estados-unidos-habilito-ingreso-de-carne-paraguaya\/","url_meta":{"origin":37457,"position":2},"title":"Estados Unidos habilit\u00f3 ingreso de carne paraguaya","author":"La Hora del Campo","date":"15 octubre, 2017","format":false,"excerpt":"En la ma\u00f1ana del viernes 13 de octubre, el ministro de Relaciones Exteriores de Paraguay, Eladio Loizaga y representantes de la Embajada de Estados Unidos anunciaron en conferencia de prensa que este pa\u00eds exportar\u00e1 carne vacuna al mercado norteamericano. Hugo Rodr\u00edguez, encargado de Negocios de la Embajada estadounidense en Paraguay,\u2026","rel":"","context":"En \u00abActualidad\u00bb","block_context":{"text":"Actualidad","link":"https:\/\/lahoradelcampo.com.uy\/site\/category\/actualidad\/"},"img":{"alt_text":"","src":"https:\/\/i0.wp.com\/lahoradelcampo.com.uy\/site\/wp-content\/uploads\/2017\/10\/Paraguay.jpg?fit=880%2C440&ssl=1&resize=350%2C200","width":350,"height":200,"srcset":"https:\/\/i0.wp.com\/lahoradelcampo.com.uy\/site\/wp-content\/uploads\/2017\/10\/Paraguay.jpg?fit=880%2C440&ssl=1&resize=350%2C200 1x, https:\/\/i0.wp.com\/lahoradelcampo.com.uy\/site\/wp-content\/uploads\/2017\/10\/Paraguay.jpg?fit=880%2C440&ssl=1&resize=525%2C300 1.5x, https:\/\/i0.wp.com\/lahoradelcampo.com.uy\/site\/wp-content\/uploads\/2017\/10\/Paraguay.jpg?fit=880%2C440&ssl=1&resize=700%2C400 2x"},"classes":[]},{"id":55345,"url":"https:\/\/lahoradelcampo.com.uy\/site\/los-precios-de-la-carne-vacuna-fueron-de-menos-a-mas-en-2024\/","url_meta":{"origin":37457,"position":3},"title":"Los precios de la carne vacuna fueron de menos a m\u00e1s en 2024","author":"La Hora del Campo","date":"2 enero, 2025","format":false,"excerpt":"El 2024 ha dejado pr\u00e1cticamente el mismo volumen de exportaci\u00f3n de carne vacuna que el a\u00f1o anterior, sin embargo, el comportamiento de los precios ha sido lo opuesto y con referencias de precios al cierre del a\u00f1o, que se asemejan a los registrados en 2022, un a\u00f1o de precios destacados\u2026","rel":"","context":"En \u00abActualidad\u00bb","block_context":{"text":"Actualidad","link":"https:\/\/lahoradelcampo.com.uy\/site\/category\/actualidad\/"},"img":{"alt_text":"","src":"https:\/\/i0.wp.com\/lahoradelcampo.com.uy\/site\/wp-content\/uploads\/2024\/12\/IPA-EstebanMontes.jpg?fit=880%2C440&ssl=1&resize=350%2C200","width":350,"height":200,"srcset":"https:\/\/i0.wp.com\/lahoradelcampo.com.uy\/site\/wp-content\/uploads\/2024\/12\/IPA-EstebanMontes.jpg?fit=880%2C440&ssl=1&resize=350%2C200 1x, https:\/\/i0.wp.com\/lahoradelcampo.com.uy\/site\/wp-content\/uploads\/2024\/12\/IPA-EstebanMontes.jpg?fit=880%2C440&ssl=1&resize=525%2C300 1.5x, https:\/\/i0.wp.com\/lahoradelcampo.com.uy\/site\/wp-content\/uploads\/2024\/12\/IPA-EstebanMontes.jpg?fit=880%2C440&ssl=1&resize=700%2C400 2x"},"classes":[]},{"id":23114,"url":"https:\/\/lahoradelcampo.com.uy\/site\/china-el-principal-importador-mundial-de-carne-ovina\/","url_meta":{"origin":37457,"position":4},"title":"China: el principal importador mundial de carne ovina","author":"La Hora del Campo","date":"1 septiembre, 2020","format":false,"excerpt":"El gigante asi\u00e1tico adem\u00e1s de consolidarse en los \u00faltimos a\u00f1os como el principal importador de carne vacuna y alcanzar niveles r\u00e9cords de compras de carne su\u00edna, tambi\u00e9n ha avanzado en la b\u00fasqueda de consolidarse como el principal importador mundial de carne ovina. En el primer semestre de 2020, las importaciones\u2026","rel":"","context":"En \u00abActualidad\u00bb","block_context":{"text":"Actualidad","link":"https:\/\/lahoradelcampo.com.uy\/site\/category\/actualidad\/"},"img":{"alt_text":"","src":"https:\/\/i0.wp.com\/lahoradelcampo.com.uy\/site\/wp-content\/uploads\/2019\/07\/carne-ovina.jpg?fit=880%2C440&ssl=1&resize=350%2C200","width":350,"height":200,"srcset":"https:\/\/i0.wp.com\/lahoradelcampo.com.uy\/site\/wp-content\/uploads\/2019\/07\/carne-ovina.jpg?fit=880%2C440&ssl=1&resize=350%2C200 1x, https:\/\/i0.wp.com\/lahoradelcampo.com.uy\/site\/wp-content\/uploads\/2019\/07\/carne-ovina.jpg?fit=880%2C440&ssl=1&resize=525%2C300 1.5x, https:\/\/i0.wp.com\/lahoradelcampo.com.uy\/site\/wp-content\/uploads\/2019\/07\/carne-ovina.jpg?fit=880%2C440&ssl=1&resize=700%2C400 2x"},"classes":[]},{"id":30482,"url":"https:\/\/lahoradelcampo.com.uy\/site\/importaciones-de-carne-vacuna-de-china-suben-un-19\/","url_meta":{"origin":37457,"position":5},"title":"Importaciones de carne vacuna de china suben un 19%","author":"La Hora del Campo","date":"25 mayo, 2021","format":false,"excerpt":"En el primer cuatrimestre del a\u00f1o las importaciones de carne de China suman 805.151 toneladas, un 18,85 m\u00e1s que en el mismo per\u00edodo de 2020. De este total, un 75% proviene desde el Mercosur. Brasil es el principal proveedor, con un 39% del total, registrando un incremento del 30% en\u2026","rel":"","context":"En \u00abActualidad\u00bb","block_context":{"text":"Actualidad","link":"https:\/\/lahoradelcampo.com.uy\/site\/category\/actualidad\/"},"img":{"alt_text":"","src":"https:\/\/i0.wp.com\/lahoradelcampo.com.uy\/site\/wp-content\/uploads\/2017\/10\/Carne-vacuna.jpg?fit=880%2C440&ssl=1&resize=350%2C200","width":350,"height":200,"srcset":"https:\/\/i0.wp.com\/lahoradelcampo.com.uy\/site\/wp-content\/uploads\/2017\/10\/Carne-vacuna.jpg?fit=880%2C440&ssl=1&resize=350%2C200 1x, https:\/\/i0.wp.com\/lahoradelcampo.com.uy\/site\/wp-content\/uploads\/2017\/10\/Carne-vacuna.jpg?fit=880%2C440&ssl=1&resize=525%2C300 1.5x, https:\/\/i0.wp.com\/lahoradelcampo.com.uy\/site\/wp-content\/uploads\/2017\/10\/Carne-vacuna.jpg?fit=880%2C440&ssl=1&resize=700%2C400 2x"},"classes":[]}],"jetpack_likes_enabled":true,"_links":{"self":[{"href":"https:\/\/lahoradelcampo.com.uy\/site\/wp-json\/wp\/v2\/posts\/37457","targetHints":{"allow":["GET"]}}],"collection":[{"href":"https:\/\/lahoradelcampo.com.uy\/site\/wp-json\/wp\/v2\/posts"}],"about":[{"href":"https:\/\/lahoradelcampo.com.uy\/site\/wp-json\/wp\/v2\/types\/post"}],"author":[{"embeddable":true,"href":"https:\/\/lahoradelcampo.com.uy\/site\/wp-json\/wp\/v2\/users\/5"}],"replies":[{"embeddable":true,"href":"https:\/\/lahoradelcampo.com.uy\/site\/wp-json\/wp\/v2\/comments?post=37457"}],"version-history":[{"count":2,"href":"https:\/\/lahoradelcampo.com.uy\/site\/wp-json\/wp\/v2\/posts\/37457\/revisions"}],"predecessor-version":[{"id":37467,"href":"https:\/\/lahoradelcampo.com.uy\/site\/wp-json\/wp\/v2\/posts\/37457\/revisions\/37467"}],"wp:featuredmedia":[{"embeddable":true,"href":"https:\/\/lahoradelcampo.com.uy\/site\/wp-json\/wp\/v2\/media\/9967"}],"wp:attachment":[{"href":"https:\/\/lahoradelcampo.com.uy\/site\/wp-json\/wp\/v2\/media?parent=37457"}],"wp:term":[{"taxonomy":"category","embeddable":true,"href":"https:\/\/lahoradelcampo.com.uy\/site\/wp-json\/wp\/v2\/categories?post=37457"},{"taxonomy":"post_tag","embeddable":true,"href":"https:\/\/lahoradelcampo.com.uy\/site\/wp-json\/wp\/v2\/tags?post=37457"}],"curies":[{"name":"wp","href":"https:\/\/api.w.org\/{rel}","templated":true}]}}