{"id":37445,"date":"2021-12-11T22:09:31","date_gmt":"2021-12-12T01:09:31","guid":{"rendered":"http:\/\/lahoradelcampo.com.uy\/site\/?p=37445"},"modified":"2021-12-11T22:09:37","modified_gmt":"2021-12-12T01:09:37","slug":"2021-es-un-ano-de-cambios-para-el-mercado-carnico-interno","status":"publish","type":"post","link":"https:\/\/lahoradelcampo.com.uy\/site\/2021-es-un-ano-de-cambios-para-el-mercado-carnico-interno\/","title":{"rendered":"2021 es un a\u00f1o de cambios para el mercado c\u00e1rnico interno"},"content":{"rendered":"\n<figure class=\"wp-block-image\"><img data-recalc-dims=\"1\" loading=\"lazy\" decoding=\"async\" width=\"810\" height=\"405\" data-attachment-id=\"37447\" data-permalink=\"https:\/\/lahoradelcampo.com.uy\/site\/2021-es-un-ano-de-cambios-para-el-mercado-carnico-interno\/inac-fernandacuervo\/\" data-orig-file=\"https:\/\/i0.wp.com\/lahoradelcampo.com.uy\/site\/wp-content\/uploads\/2021\/12\/INAC-FernandaCuervo.jpg?fit=880%2C440&amp;ssl=1\" data-orig-size=\"880,440\" data-comments-opened=\"1\" data-image-meta=\"{&quot;aperture&quot;:&quot;0&quot;,&quot;credit&quot;:&quot;&quot;,&quot;camera&quot;:&quot;&quot;,&quot;caption&quot;:&quot;&quot;,&quot;created_timestamp&quot;:&quot;0&quot;,&quot;copyright&quot;:&quot;&quot;,&quot;focal_length&quot;:&quot;0&quot;,&quot;iso&quot;:&quot;0&quot;,&quot;shutter_speed&quot;:&quot;0&quot;,&quot;title&quot;:&quot;&quot;,&quot;orientation&quot;:&quot;1&quot;}\" data-image-title=\"INAC-FernandaCuervo\" data-image-description=\"\" data-image-caption=\"\" data-large-file=\"https:\/\/i0.wp.com\/lahoradelcampo.com.uy\/site\/wp-content\/uploads\/2021\/12\/INAC-FernandaCuervo.jpg?fit=810%2C405&amp;ssl=1\" src=\"https:\/\/i0.wp.com\/lahoradelcampo.com.uy\/site\/wp-content\/uploads\/2021\/12\/INAC-FernandaCuervo.jpg?resize=810%2C405\" alt=\"\" class=\"wp-image-37447\" srcset=\"https:\/\/i0.wp.com\/lahoradelcampo.com.uy\/site\/wp-content\/uploads\/2021\/12\/INAC-FernandaCuervo.jpg?w=880&amp;ssl=1 880w, https:\/\/i0.wp.com\/lahoradelcampo.com.uy\/site\/wp-content\/uploads\/2021\/12\/INAC-FernandaCuervo.jpg?resize=300%2C150&amp;ssl=1 300w, https:\/\/i0.wp.com\/lahoradelcampo.com.uy\/site\/wp-content\/uploads\/2021\/12\/INAC-FernandaCuervo.jpg?resize=768%2C384&amp;ssl=1 768w, https:\/\/i0.wp.com\/lahoradelcampo.com.uy\/site\/wp-content\/uploads\/2021\/12\/INAC-FernandaCuervo.jpg?resize=820%2C410&amp;ssl=1 820w\" sizes=\"auto, (max-width: 810px) 100vw, 810px\" \/><\/figure>\n\n\n\n<p>Uno de los focos principales del a\u00f1o 2021, para el Instituto Nacional de Carnes (INAC), ha sido impulsar el mercado interno en materia de formalizaci\u00f3n, profesionalizaci\u00f3n y digitalizaci\u00f3n.<\/p>\n\n\n\n<p>La Gerente de Mercado Interno Fernanda Cuervo dijo que&nbsp;INAC est\u00e1 generando pasos para que a noviembre de 2022 \u00fanicamente existan gu\u00edas electr\u00f3nicas y toda transacci\u00f3n de comercializaci\u00f3n o movimiento de carnes que actualmente se deja registrada en papel, sea digital.<\/p>\n\n\n\n<p>Esto brindar\u00e1 mayor transparencia y un tracking comercial que posicionar\u00e1 al mercado dom\u00e9stico en un mayor desarrollo de informaci\u00f3n y posicionar\u00e1 al pa\u00eds hacia el exterior en un lugar \u00fanico.<\/p>\n\n\n\n<p>Adicionalmente, se ha avanzado en el registro de carnicer\u00edas y poller\u00edas del interior del pa\u00eds en todo el territorio nacional. Aquellos comerciantes del interior que no hayan realizado el tr\u00e1mite de registro podr\u00e1n aprovechar de las exoneraciones de costos ante INAC si comienzan las gestiones antes del 31 de diciembre pr\u00f3ximo.<\/p>\n\n\n\n<p>Dicho registro nacional brinda garant\u00edas a los comerciantes y a los consumidores de que se est\u00e1 comprando en un local habilitado u homologado por INAC. Para ello, se han estado entregando c\u00f3digos QR que se colocan en las vitrinas y desde all\u00ed se puede leer y obtener la informaci\u00f3n para qu\u00e9 fue habilitado ese local. Sobre finales de enero se terminar\u00e1n de entregar en todo el pa\u00eds y aquellos locales que cumplan con el registro podr\u00e1n promocionarse hacia el consumidor como locales formalizados. <\/p>\n\n\n\n<p>En el 2022, el c\u00f3digo QR tendr\u00e1 adem\u00e1s otras prestaciones para que el consumidor pueda calificar su experiencia de compra de forma que INAC tenga 3 millones de auditores y tambi\u00e9n realizar desde all\u00ed denuncias que ser\u00e1n volcadas en un sistema web.<\/p>\n\n\n\n<p>En materia de profesionalizaci\u00f3n del sector de carnicer\u00edas, esta tarde se estar\u00e1 cerrando con presencia del Presidente de INAC y del equipo t\u00e9cnico de la Gerencia de Mercado Interno, el primer curso de capacitaci\u00f3n de operarios de carnicer\u00edas sobre actualizaci\u00f3n del nuevo marco normativo , realizado en el departamento de Paysand\u00fa, que ser\u00e1 extendido al resto del pa\u00eds.<\/p>\n\n\n\n<p>Estas capacitaciones ser\u00e1n obligatorias en un futuro cercano para poder operar dentro de una carnicer\u00eda y permiten profesionalizar la tarea de quienes se dedican a la comercializaci\u00f3n de carnes, logrando de tal forma jerarquizar el rol del carnicero en la cadena y contribuir al consumo seguro.<\/p>\n\n\n\n<p>El curso dictado cont\u00f3 con cerca de 70 operarios de carnicer\u00edas.<\/p>\n\n\n\n<p>Salto, 11 de diciembre de 2021<\/p>\n","protected":false},"excerpt":{"rendered":"<p>Uno de los focos principales del a\u00f1o 2021, para el Instituto Nacional de Carnes (INAC), ha sido impulsar el mercado interno en materia de formalizaci\u00f3n, profesionalizaci\u00f3n y digitalizaci\u00f3n. La Gerente [&hellip;]<\/p>\n","protected":false},"author":5,"featured_media":37447,"comment_status":"open","ping_status":"open","sticky":false,"template":"","format":"standard","meta":{"_price":"","_stock":"","_tribe_ticket_header":"","_tribe_default_ticket_provider":"","_tribe_ticket_capacity":"0","_ticket_start_date":"","_ticket_end_date":"","_tribe_ticket_show_description":"","_tribe_ticket_show_not_going":false,"_tribe_ticket_use_global_stock":"","_tribe_ticket_global_stock_level":"","_global_stock_mode":"","_global_stock_cap":"","_tribe_rsvp_for_event":"","_tribe_ticket_going_count":"","_tribe_ticket_not_going_count":"","_tribe_tickets_list":"[]","_tribe_ticket_has_attendee_info_fields":false,"h5ap_radio_sources":[],"_jetpack_newsletter_access":"","_jetpack_dont_email_post_to_subs":false,"_jetpack_newsletter_tier_id":0,"_jetpack_memberships_contains_paywalled_content":false,"_jetpack_memberships_contains_paid_content":false,"footnotes":""},"categories":[21,5],"tags":[],"class_list":["post-37445","post","type-post","status-publish","format-standard","has-post-thumbnail","hentry","category-actualidad","category-ganaderia"],"jetpack_featured_media_url":"https:\/\/i0.wp.com\/lahoradelcampo.com.uy\/site\/wp-content\/uploads\/2021\/12\/INAC-FernandaCuervo.jpg?fit=880%2C440&ssl=1","jetpack_sharing_enabled":true,"jetpack_shortlink":"https:\/\/wp.me\/p99IaT-9JX","jetpack-related-posts":[{"id":30152,"url":"https:\/\/lahoradelcampo.com.uy\/site\/los-uruguayos-aumentamos-el-consumo-de-pollo-en-2020\/","url_meta":{"origin":37445,"position":0},"title":"Los uruguayos aumentamos el consumo de pollo en 2020","author":"La Hora del Campo","date":"17 mayo, 2021","format":false,"excerpt":"De acuerdo al informe de consumo interno de carnes para el a\u00f1o 2020, elaborado por el Instituto Nacional de Carnes (INAC), la carne de pollo ha sido la \u00fanica que registr\u00f3 un incremento en la preferencia del uruguayo a la hora de consumir carnes, en comparaci\u00f3n con el a\u00f1o anterior.\u2026","rel":"","context":"En \u00abActualidad\u00bb","block_context":{"text":"Actualidad","link":"https:\/\/lahoradelcampo.com.uy\/site\/category\/actualidad\/"},"img":{"alt_text":"","src":"https:\/\/i0.wp.com\/lahoradelcampo.com.uy\/site\/wp-content\/uploads\/2021\/05\/carneaviar.jpg?fit=880%2C440&ssl=1&resize=350%2C200","width":350,"height":200,"srcset":"https:\/\/i0.wp.com\/lahoradelcampo.com.uy\/site\/wp-content\/uploads\/2021\/05\/carneaviar.jpg?fit=880%2C440&ssl=1&resize=350%2C200 1x, https:\/\/i0.wp.com\/lahoradelcampo.com.uy\/site\/wp-content\/uploads\/2021\/05\/carneaviar.jpg?fit=880%2C440&ssl=1&resize=525%2C300 1.5x, https:\/\/i0.wp.com\/lahoradelcampo.com.uy\/site\/wp-content\/uploads\/2021\/05\/carneaviar.jpg?fit=880%2C440&ssl=1&resize=700%2C400 2x"},"classes":[]},{"id":26306,"url":"https:\/\/lahoradelcampo.com.uy\/site\/en-2021-uruguay-debera-redisenar-su-mercado-interno-para-las-carnes\/","url_meta":{"origin":37445,"position":1},"title":"En 2021 Uruguay redise\u00f1ar\u00e1 su mercado interno para las carnes","author":"La Hora del Campo","date":"22 diciembre, 2020","format":false,"excerpt":"Con la llegada de una nueva administraci\u00f3n que lleg\u00f3 en el mes de marzo, con el cambio de gobierno, el Instituto Nacional de Carnes (INAC) elabor\u00f3 un plan quinquenal estrat\u00e9gico, con el cual busca alinear los esfuerzos del sector para impulsar el sector c\u00e1rnico. Uno de los destinos principales para\u2026","rel":"","context":"En \u00abActualidad\u00bb","block_context":{"text":"Actualidad","link":"https:\/\/lahoradelcampo.com.uy\/site\/category\/actualidad\/"},"img":{"alt_text":"","src":"https:\/\/i0.wp.com\/lahoradelcampo.com.uy\/site\/wp-content\/uploads\/2020\/07\/INACweb3.jpg?fit=880%2C440&ssl=1&resize=350%2C200","width":350,"height":200,"srcset":"https:\/\/i0.wp.com\/lahoradelcampo.com.uy\/site\/wp-content\/uploads\/2020\/07\/INACweb3.jpg?fit=880%2C440&ssl=1&resize=350%2C200 1x, https:\/\/i0.wp.com\/lahoradelcampo.com.uy\/site\/wp-content\/uploads\/2020\/07\/INACweb3.jpg?fit=880%2C440&ssl=1&resize=525%2C300 1.5x, https:\/\/i0.wp.com\/lahoradelcampo.com.uy\/site\/wp-content\/uploads\/2020\/07\/INACweb3.jpg?fit=880%2C440&ssl=1&resize=700%2C400 2x"},"classes":[]},{"id":27494,"url":"https:\/\/lahoradelcampo.com.uy\/site\/la-venta-de-carne-cayo-un-19-en-el-mercado-interno-uruguayo\/","url_meta":{"origin":37445,"position":2},"title":"La venta de carne cay\u00f3 un 1,9% en el mercado interno uruguayo","author":"La Hora del Campo","date":"9 febrero, 2021","format":false,"excerpt":"Durante el a\u00f1o 2020 la comercializaci\u00f3n de carne en el mercado interno, tomando como referencia la carne bovina, suina y aviar, fue de 245.070 toneladas de acuerdo al relevamiento realizado por el Instituto Nacional de Carnes (INAC). Esto significa una ca\u00edda del 1,9% frente al 2019. La comercializaci\u00f3n de carne\u2026","rel":"","context":"En \u00abActualidad\u00bb","block_context":{"text":"Actualidad","link":"https:\/\/lahoradelcampo.com.uy\/site\/category\/actualidad\/"},"img":{"alt_text":"","src":"https:\/\/i0.wp.com\/lahoradelcampo.com.uy\/site\/wp-content\/uploads\/2021\/01\/Carnicerias.jpg?fit=880%2C440&ssl=1&resize=350%2C200","width":350,"height":200,"srcset":"https:\/\/i0.wp.com\/lahoradelcampo.com.uy\/site\/wp-content\/uploads\/2021\/01\/Carnicerias.jpg?fit=880%2C440&ssl=1&resize=350%2C200 1x, https:\/\/i0.wp.com\/lahoradelcampo.com.uy\/site\/wp-content\/uploads\/2021\/01\/Carnicerias.jpg?fit=880%2C440&ssl=1&resize=525%2C300 1.5x, https:\/\/i0.wp.com\/lahoradelcampo.com.uy\/site\/wp-content\/uploads\/2021\/01\/Carnicerias.jpg?fit=880%2C440&ssl=1&resize=700%2C400 2x"},"classes":[]},{"id":27002,"url":"https:\/\/lahoradelcampo.com.uy\/site\/solicitud-de-habilitaciones-de-carnicerias-deben-tramitarse-en-inac\/","url_meta":{"origin":37445,"position":3},"title":"Solicitud de habilitaciones de carnicer\u00edas deben tramitarse en INAC","author":"La Hora del Campo","date":"21 enero, 2021","format":false,"excerpt":"Tal cual se anunci\u00f3 en la gira que se realiz\u00f3 por todo el interior del pa\u00eds durante la segunda mitad del a\u00f1o 2020 por parte del Presidente del Instituto Nacional de Carnes (INAC) Ing. Fernando Mattos, y el equipo de Mercado Interno de la instituci\u00f3n, desde la jornada de hoy\u2026","rel":"","context":"En \u00abActualidad\u00bb","block_context":{"text":"Actualidad","link":"https:\/\/lahoradelcampo.com.uy\/site\/category\/actualidad\/"},"img":{"alt_text":"","src":"https:\/\/i0.wp.com\/lahoradelcampo.com.uy\/site\/wp-content\/uploads\/2021\/01\/Carnicerias.jpg?fit=880%2C440&ssl=1&resize=350%2C200","width":350,"height":200,"srcset":"https:\/\/i0.wp.com\/lahoradelcampo.com.uy\/site\/wp-content\/uploads\/2021\/01\/Carnicerias.jpg?fit=880%2C440&ssl=1&resize=350%2C200 1x, https:\/\/i0.wp.com\/lahoradelcampo.com.uy\/site\/wp-content\/uploads\/2021\/01\/Carnicerias.jpg?fit=880%2C440&ssl=1&resize=525%2C300 1.5x, https:\/\/i0.wp.com\/lahoradelcampo.com.uy\/site\/wp-content\/uploads\/2021\/01\/Carnicerias.jpg?fit=880%2C440&ssl=1&resize=700%2C400 2x"},"classes":[]},{"id":47463,"url":"https:\/\/lahoradelcampo.com.uy\/site\/el-mercado-interno-de-la-carne-se-registra-y-gestiona-digitalmente\/","url_meta":{"origin":37445,"position":4},"title":"El mercado interno de la carne se registra y gestiona digitalmente","author":"La Hora del Campo","date":"6 diciembre, 2022","format":false,"excerpt":"La Gerenta de Mercado Interno Fernanda Cuervo se refiri\u00f3 en la conferencia de cierre de a\u00f1o de INAC al hito que ha generado el nuevo sistema para todo el abasto, que involucra a miles de empresas del sector (Sistema de Registro y Gesti\u00f3n del Abasto). El 15 de noviembre pasado\u2026","rel":"","context":"En \u00abActualidad\u00bb","block_context":{"text":"Actualidad","link":"https:\/\/lahoradelcampo.com.uy\/site\/category\/actualidad\/"},"img":{"alt_text":"","src":"https:\/\/i0.wp.com\/lahoradelcampo.com.uy\/site\/wp-content\/uploads\/2022\/12\/INAC-Cuervo.jpg?fit=880%2C440&ssl=1&resize=350%2C200","width":350,"height":200,"srcset":"https:\/\/i0.wp.com\/lahoradelcampo.com.uy\/site\/wp-content\/uploads\/2022\/12\/INAC-Cuervo.jpg?fit=880%2C440&ssl=1&resize=350%2C200 1x, https:\/\/i0.wp.com\/lahoradelcampo.com.uy\/site\/wp-content\/uploads\/2022\/12\/INAC-Cuervo.jpg?fit=880%2C440&ssl=1&resize=525%2C300 1.5x, https:\/\/i0.wp.com\/lahoradelcampo.com.uy\/site\/wp-content\/uploads\/2022\/12\/INAC-Cuervo.jpg?fit=880%2C440&ssl=1&resize=700%2C400 2x"},"classes":[]},{"id":54836,"url":"https:\/\/lahoradelcampo.com.uy\/site\/sube-la-faena-y-la-venta-de-carne-porcina-en-el-mercado-interno\/","url_meta":{"origin":37445,"position":5},"title":"Sube la faena y la venta de carne porcina en el mercado interno","author":"La Hora del Campo","date":"9 octubre, 2024","format":false,"excerpt":"De acuerdo con el anuario 2023-2024 del Instituto Nacional de Carnes (INAC), se registr\u00f3 una suba en el volumen de animales faenados, al mismo tiempo que el peso de las carcasas de los cerdos, y con un descenso en las importaciones, el sector productivo volc\u00f3 m\u00e1s carne nacional al mercado\u2026","rel":"","context":"En \u00abActualidad\u00bb","block_context":{"text":"Actualidad","link":"https:\/\/lahoradelcampo.com.uy\/site\/category\/actualidad\/"},"img":{"alt_text":"","src":"https:\/\/i0.wp.com\/lahoradelcampo.com.uy\/site\/wp-content\/uploads\/2024\/10\/Faena-Porcina.jpg?fit=880%2C440&ssl=1&resize=350%2C200","width":350,"height":200,"srcset":"https:\/\/i0.wp.com\/lahoradelcampo.com.uy\/site\/wp-content\/uploads\/2024\/10\/Faena-Porcina.jpg?fit=880%2C440&ssl=1&resize=350%2C200 1x, https:\/\/i0.wp.com\/lahoradelcampo.com.uy\/site\/wp-content\/uploads\/2024\/10\/Faena-Porcina.jpg?fit=880%2C440&ssl=1&resize=525%2C300 1.5x, https:\/\/i0.wp.com\/lahoradelcampo.com.uy\/site\/wp-content\/uploads\/2024\/10\/Faena-Porcina.jpg?fit=880%2C440&ssl=1&resize=700%2C400 2x"},"classes":[]}],"jetpack_likes_enabled":true,"_links":{"self":[{"href":"https:\/\/lahoradelcampo.com.uy\/site\/wp-json\/wp\/v2\/posts\/37445","targetHints":{"allow":["GET"]}}],"collection":[{"href":"https:\/\/lahoradelcampo.com.uy\/site\/wp-json\/wp\/v2\/posts"}],"about":[{"href":"https:\/\/lahoradelcampo.com.uy\/site\/wp-json\/wp\/v2\/types\/post"}],"author":[{"embeddable":true,"href":"https:\/\/lahoradelcampo.com.uy\/site\/wp-json\/wp\/v2\/users\/5"}],"replies":[{"embeddable":true,"href":"https:\/\/lahoradelcampo.com.uy\/site\/wp-json\/wp\/v2\/comments?post=37445"}],"version-history":[{"count":1,"href":"https:\/\/lahoradelcampo.com.uy\/site\/wp-json\/wp\/v2\/posts\/37445\/revisions"}],"predecessor-version":[{"id":37449,"href":"https:\/\/lahoradelcampo.com.uy\/site\/wp-json\/wp\/v2\/posts\/37445\/revisions\/37449"}],"wp:featuredmedia":[{"embeddable":true,"href":"https:\/\/lahoradelcampo.com.uy\/site\/wp-json\/wp\/v2\/media\/37447"}],"wp:attachment":[{"href":"https:\/\/lahoradelcampo.com.uy\/site\/wp-json\/wp\/v2\/media?parent=37445"}],"wp:term":[{"taxonomy":"category","embeddable":true,"href":"https:\/\/lahoradelcampo.com.uy\/site\/wp-json\/wp\/v2\/categories?post=37445"},{"taxonomy":"post_tag","embeddable":true,"href":"https:\/\/lahoradelcampo.com.uy\/site\/wp-json\/wp\/v2\/tags?post=37445"}],"curies":[{"name":"wp","href":"https:\/\/api.w.org\/{rel}","templated":true}]}}