{"id":37435,"date":"2021-12-11T22:01:03","date_gmt":"2021-12-12T01:01:03","guid":{"rendered":"http:\/\/lahoradelcampo.com.uy\/site\/?p=37435"},"modified":"2021-12-11T22:01:10","modified_gmt":"2021-12-12T01:01:10","slug":"congreso-de-la-federacion-rural-decidio-respaldar-la-luc","status":"publish","type":"post","link":"https:\/\/lahoradelcampo.com.uy\/site\/congreso-de-la-federacion-rural-decidio-respaldar-la-luc\/","title":{"rendered":"Congreso de la Federaci\u00f3n Rural decidi\u00f3 respaldar la LUC"},"content":{"rendered":"\n<figure class=\"wp-block-image\"><img data-recalc-dims=\"1\" loading=\"lazy\" decoding=\"async\" width=\"810\" height=\"405\" data-attachment-id=\"37441\" data-permalink=\"https:\/\/lahoradelcampo.com.uy\/site\/congreso-de-la-federacion-rural-decidio-respaldar-la-luc\/fr-congresoextra\/\" data-orig-file=\"https:\/\/i0.wp.com\/lahoradelcampo.com.uy\/site\/wp-content\/uploads\/2021\/12\/FR-Congresoextra.jpg?fit=880%2C440&amp;ssl=1\" data-orig-size=\"880,440\" data-comments-opened=\"1\" data-image-meta=\"{&quot;aperture&quot;:&quot;0&quot;,&quot;credit&quot;:&quot;&quot;,&quot;camera&quot;:&quot;&quot;,&quot;caption&quot;:&quot;&quot;,&quot;created_timestamp&quot;:&quot;0&quot;,&quot;copyright&quot;:&quot;&quot;,&quot;focal_length&quot;:&quot;0&quot;,&quot;iso&quot;:&quot;0&quot;,&quot;shutter_speed&quot;:&quot;0&quot;,&quot;title&quot;:&quot;&quot;,&quot;orientation&quot;:&quot;1&quot;}\" data-image-title=\"FR-Congresoextra\" data-image-description=\"\" data-image-caption=\"\" data-large-file=\"https:\/\/i0.wp.com\/lahoradelcampo.com.uy\/site\/wp-content\/uploads\/2021\/12\/FR-Congresoextra.jpg?fit=810%2C405&amp;ssl=1\" src=\"https:\/\/i0.wp.com\/lahoradelcampo.com.uy\/site\/wp-content\/uploads\/2021\/12\/FR-Congresoextra.jpg?resize=810%2C405\" alt=\"\" class=\"wp-image-37441\" srcset=\"https:\/\/i0.wp.com\/lahoradelcampo.com.uy\/site\/wp-content\/uploads\/2021\/12\/FR-Congresoextra.jpg?w=880&amp;ssl=1 880w, https:\/\/i0.wp.com\/lahoradelcampo.com.uy\/site\/wp-content\/uploads\/2021\/12\/FR-Congresoextra.jpg?resize=300%2C150&amp;ssl=1 300w, https:\/\/i0.wp.com\/lahoradelcampo.com.uy\/site\/wp-content\/uploads\/2021\/12\/FR-Congresoextra.jpg?resize=768%2C384&amp;ssl=1 768w, https:\/\/i0.wp.com\/lahoradelcampo.com.uy\/site\/wp-content\/uploads\/2021\/12\/FR-Congresoextra.jpg?resize=820%2C410&amp;ssl=1 820w\" sizes=\"auto, (max-width: 810px) 100vw, 810px\" \/><\/figure>\n\n\n\n<p>Este s\u00e1bado 11 de diciembre, la Federaci\u00f3n Rural realiz\u00f3 un congreso extraordinario en la Liga de Trabajo de Molles, en el departamento de Durazno, donde se decidi\u00f3 apoyar la Ley de Urgente Consideraci\u00f3n (LUC) que se pondr\u00e1 a consideraci\u00f3n mediante un Referend\u00fam. <\/p>\n\n\n\n<p>Se trataron tambi\u00e9n temas de importancia para el sector, como el funcionamiento del Instituto Nacional de Bienestar Animal (INBA), del cual se solicita la destituci\u00f3n del director ejecutivo. Adem\u00e1s, se exhort\u00f3 al gobierno a presentar el proyecto final para el proyecto de erradicaci\u00f3n de la mosca de la bichera.<\/p>\n\n\n\n<figure class=\"wp-block-image\"><img data-recalc-dims=\"1\" loading=\"lazy\" decoding=\"async\" width=\"810\" height=\"608\" data-attachment-id=\"37437\" data-permalink=\"https:\/\/lahoradelcampo.com.uy\/site\/congreso-de-la-federacion-rural-decidio-respaldar-la-luc\/federacion-rural-2-ok\/\" data-orig-file=\"https:\/\/i0.wp.com\/lahoradelcampo.com.uy\/site\/wp-content\/uploads\/2021\/12\/federacion-rural-2-ok.jpg?fit=1600%2C1200&amp;ssl=1\" data-orig-size=\"1600,1200\" data-comments-opened=\"1\" data-image-meta=\"{&quot;aperture&quot;:&quot;0&quot;,&quot;credit&quot;:&quot;&quot;,&quot;camera&quot;:&quot;&quot;,&quot;caption&quot;:&quot;&quot;,&quot;created_timestamp&quot;:&quot;0&quot;,&quot;copyright&quot;:&quot;&quot;,&quot;focal_length&quot;:&quot;0&quot;,&quot;iso&quot;:&quot;0&quot;,&quot;shutter_speed&quot;:&quot;0&quot;,&quot;title&quot;:&quot;&quot;,&quot;orientation&quot;:&quot;1&quot;}\" data-image-title=\"federacion rural 2 ok\" data-image-description=\"\" data-image-caption=\"\" data-large-file=\"https:\/\/i0.wp.com\/lahoradelcampo.com.uy\/site\/wp-content\/uploads\/2021\/12\/federacion-rural-2-ok.jpg?fit=810%2C608&amp;ssl=1\" src=\"https:\/\/i0.wp.com\/lahoradelcampo.com.uy\/site\/wp-content\/uploads\/2021\/12\/federacion-rural-2-ok.jpg?resize=810%2C608\" alt=\"\" class=\"wp-image-37437\" srcset=\"https:\/\/i0.wp.com\/lahoradelcampo.com.uy\/site\/wp-content\/uploads\/2021\/12\/federacion-rural-2-ok.jpg?resize=1024%2C768&amp;ssl=1 1024w, https:\/\/i0.wp.com\/lahoradelcampo.com.uy\/site\/wp-content\/uploads\/2021\/12\/federacion-rural-2-ok.jpg?resize=300%2C225&amp;ssl=1 300w, https:\/\/i0.wp.com\/lahoradelcampo.com.uy\/site\/wp-content\/uploads\/2021\/12\/federacion-rural-2-ok.jpg?resize=768%2C576&amp;ssl=1 768w, https:\/\/i0.wp.com\/lahoradelcampo.com.uy\/site\/wp-content\/uploads\/2021\/12\/federacion-rural-2-ok.jpg?resize=360%2C270&amp;ssl=1 360w, https:\/\/i0.wp.com\/lahoradelcampo.com.uy\/site\/wp-content\/uploads\/2021\/12\/federacion-rural-2-ok.jpg?resize=80%2C60&amp;ssl=1 80w, https:\/\/i0.wp.com\/lahoradelcampo.com.uy\/site\/wp-content\/uploads\/2021\/12\/federacion-rural-2-ok.jpg?w=1600&amp;ssl=1 1600w\" sizes=\"auto, (max-width: 810px) 100vw, 810px\" \/><\/figure>\n\n\n\n<p>Liga del Trabajo de Molles, Durazno<br>11 de diciembre del 2021<\/p>\n\n\n\n<p><strong><em>Congreso Extraordinario de Federaci\u00f3n Rural<\/em><\/strong><\/p>\n\n\n\n<p style=\"text-align:center\"><strong>DECLARACION FINAL<\/strong><\/p>\n\n\n\n<p>Federaci\u00f3n Rural entiende importante la consolidaci\u00f3n del INBA como instrumento gestor de las pol\u00edticas de bienestar animal y la generaci\u00f3n de una marca pa\u00eds.<\/p>\n\n\n\n<p>No obstante, la falta de medidas efectivas para solucionar el problema de la tenencia NO responsable de los perros, principal factor determinante de cuantiosos da\u00f1os a la producci\u00f3n pecuaria, generan frustraci\u00f3n y alarma a los productores.<\/p>\n\n\n\n<p>Finalmente, solicitamos al Poder Ejecutivo la destituci\u00f3n del actual director ejecutivo del INBA, entendiendo que su perfil y desempe\u00f1o no han satisfecho las expectativas del cargo.<\/p>\n\n\n\n<p>Dejamos constancia del apoyo expreso a nuestra delegada en el Directorio del Instituto en cuesti\u00f3n,<\/p>\n\n\n\n<p>Entendemos prioritario comenzar con el Plan de Erradicaci\u00f3n de la Bichera, exhortamos al Gobierno a definir el nuevo plan, para poder tomar posici\u00f3n sobre nuestra participaci\u00f3n en la financiaci\u00f3n y gobernanza.<\/p>\n\n\n\n<p>Federaci\u00f3n Rural resuelve apoyar la la Ley de Urgente Consideraci\u00f3n, y sugiere a la poblaci\u00f3n el respaldo a los 135 art\u00edculos que se ponen a consideraciones en este Refer\u00e9ndum.<\/p>\n\n\n\n<p>Salto, 11 de diciembre de 2021<\/p>\n","protected":false},"excerpt":{"rendered":"<p>Este s\u00e1bado 11 de diciembre, la Federaci\u00f3n Rural realiz\u00f3 un congreso extraordinario en la Liga de Trabajo de Molles, en el departamento de Durazno, donde se decidi\u00f3 apoyar la Ley [&hellip;]<\/p>\n","protected":false},"author":5,"featured_media":37441,"comment_status":"open","ping_status":"open","sticky":false,"template":"","format":"standard","meta":{"_price":"","_stock":"","_tribe_ticket_header":"","_tribe_default_ticket_provider":"","_tribe_ticket_capacity":"0","_ticket_start_date":"","_ticket_end_date":"","_tribe_ticket_show_description":"","_tribe_ticket_show_not_going":false,"_tribe_ticket_use_global_stock":"","_tribe_ticket_global_stock_level":"","_global_stock_mode":"","_global_stock_cap":"","_tribe_rsvp_for_event":"","_tribe_ticket_going_count":"","_tribe_ticket_not_going_count":"","_tribe_tickets_list":"[]","_tribe_ticket_has_attendee_info_fields":false,"h5ap_radio_sources":[],"_jetpack_newsletter_access":"","_jetpack_dont_email_post_to_subs":false,"_jetpack_newsletter_tier_id":0,"_jetpack_memberships_contains_paywalled_content":false,"_jetpack_memberships_contains_paid_content":false,"footnotes":""},"categories":[21,5],"tags":[],"class_list":["post-37435","post","type-post","status-publish","format-standard","has-post-thumbnail","hentry","category-actualidad","category-ganaderia"],"jetpack_featured_media_url":"https:\/\/i0.wp.com\/lahoradelcampo.com.uy\/site\/wp-content\/uploads\/2021\/12\/FR-Congresoextra.jpg?fit=880%2C440&ssl=1","jetpack_sharing_enabled":true,"jetpack_shortlink":"https:\/\/wp.me\/p99IaT-9JN","jetpack-related-posts":[{"id":39233,"url":"https:\/\/lahoradelcampo.com.uy\/site\/luc-federacion-rural-se-pronuncio-respecto-al-referendum\/","url_meta":{"origin":37435,"position":0},"title":"LUC: Federaci\u00f3n Rural se pronunci\u00f3 respecto al refer\u00e9ndum","author":"La Hora del Campo","date":"18 febrero, 2022","format":false,"excerpt":"La Federaci\u00f3n Rural emiti\u00f3 un comunicado en la jornada de ayer, jueves 17 de febrero de 2022, en el cual manifiesta su posicionamiento respecto al refer\u00e9ndum que se realizara en el mes de marzo, respecto a la Ley de Urgente Consideraci\u00f3n (LUC). Comunicado En referencia a la resoluci\u00f3n sobre el\u2026","rel":"","context":"En \u00abActualidad\u00bb","block_context":{"text":"Actualidad","link":"https:\/\/lahoradelcampo.com.uy\/site\/category\/actualidad\/"},"img":{"alt_text":"","src":"https:\/\/i0.wp.com\/lahoradelcampo.com.uy\/site\/wp-content\/uploads\/2018\/03\/web-federacion.jpg?fit=880%2C440&ssl=1&resize=350%2C200","width":350,"height":200,"srcset":"https:\/\/i0.wp.com\/lahoradelcampo.com.uy\/site\/wp-content\/uploads\/2018\/03\/web-federacion.jpg?fit=880%2C440&ssl=1&resize=350%2C200 1x, https:\/\/i0.wp.com\/lahoradelcampo.com.uy\/site\/wp-content\/uploads\/2018\/03\/web-federacion.jpg?fit=880%2C440&ssl=1&resize=525%2C300 1.5x, https:\/\/i0.wp.com\/lahoradelcampo.com.uy\/site\/wp-content\/uploads\/2018\/03\/web-federacion.jpg?fit=880%2C440&ssl=1&resize=700%2C400 2x"},"classes":[]},{"id":40013,"url":"https:\/\/lahoradelcampo.com.uy\/site\/la-aas-se-pronuncio-a-favor-del-no-en-el-referendum-de-la-luc\/","url_meta":{"origin":37435,"position":1},"title":"La AAS se pronunci\u00f3 a favor del NO en el Refer\u00e9ndum de la LUC","author":"La Hora del Campo","date":"18 marzo, 2022","format":false,"excerpt":"La Asociaci\u00f3n Agropecuaria de Salto (AAS) emiti\u00f3 un comunicado el pasado mi\u00e9rcoles, en el cual inform\u00f3 su respaldo a la \"No\" derogaci\u00f3n de los art\u00edculos de la Ley de Urgente Consideraci\u00f3n (LUC) sometidos a Refer\u00e9ndum para el pr\u00f3ximo 27 de marzo. La gremial insta a los productores agropecuarios a \"votar\u2026","rel":"","context":"En \u00abActualidad\u00bb","block_context":{"text":"Actualidad","link":"https:\/\/lahoradelcampo.com.uy\/site\/category\/actualidad\/"},"img":{"alt_text":"","src":"https:\/\/i0.wp.com\/lahoradelcampo.com.uy\/site\/wp-content\/uploads\/2022\/03\/AAS-DIRECTIVA.jpg?fit=880%2C440&ssl=1&resize=350%2C200","width":350,"height":200,"srcset":"https:\/\/i0.wp.com\/lahoradelcampo.com.uy\/site\/wp-content\/uploads\/2022\/03\/AAS-DIRECTIVA.jpg?fit=880%2C440&ssl=1&resize=350%2C200 1x, https:\/\/i0.wp.com\/lahoradelcampo.com.uy\/site\/wp-content\/uploads\/2022\/03\/AAS-DIRECTIVA.jpg?fit=880%2C440&ssl=1&resize=525%2C300 1.5x, https:\/\/i0.wp.com\/lahoradelcampo.com.uy\/site\/wp-content\/uploads\/2022\/03\/AAS-DIRECTIVA.jpg?fit=880%2C440&ssl=1&resize=700%2C400 2x"},"classes":[]},{"id":40371,"url":"https:\/\/lahoradelcampo.com.uy\/site\/congreso-anual-de-la-federacion-rural-se-realizara-en-tacuarembo\/","url_meta":{"origin":37435,"position":2},"title":"Congreso Anual de la Federaci\u00f3n Rural se realizar\u00e1 en Tacuaremb\u00f3","author":"La Hora del Campo","date":"30 marzo, 2022","format":false,"excerpt":"Esta semana el Consejo Directivo de la Federaci\u00f3n Rural del Uruguay decidi\u00f3 realizar en Tacuaremb\u00f3 su pr\u00f3ximo Congreso Anual. En principio exist\u00edan cuatro posibles sedes para la realizaci\u00f3n del encuentro gremial, sin embargo a la votaci\u00f3n final estuvieron propuestos Durazno y Tacuaremb\u00f3. De acuerdo a la informaci\u00f3n recibida por La\u2026","rel":"","context":"En \u00abActualidad\u00bb","block_context":{"text":"Actualidad","link":"https:\/\/lahoradelcampo.com.uy\/site\/category\/actualidad\/"},"img":{"alt_text":"","src":"https:\/\/i0.wp.com\/lahoradelcampo.com.uy\/site\/wp-content\/uploads\/2019\/05\/Federacion-Rural-1.jpg?fit=880%2C440&ssl=1&resize=350%2C200","width":350,"height":200,"srcset":"https:\/\/i0.wp.com\/lahoradelcampo.com.uy\/site\/wp-content\/uploads\/2019\/05\/Federacion-Rural-1.jpg?fit=880%2C440&ssl=1&resize=350%2C200 1x, https:\/\/i0.wp.com\/lahoradelcampo.com.uy\/site\/wp-content\/uploads\/2019\/05\/Federacion-Rural-1.jpg?fit=880%2C440&ssl=1&resize=525%2C300 1.5x, https:\/\/i0.wp.com\/lahoradelcampo.com.uy\/site\/wp-content\/uploads\/2019\/05\/Federacion-Rural-1.jpg?fit=880%2C440&ssl=1&resize=700%2C400 2x"},"classes":[]},{"id":29286,"url":"https:\/\/lahoradelcampo.com.uy\/site\/fr-pospuso-el-congreso-anual-y-las-elecciones-para-finales-de-junio\/","url_meta":{"origin":37435,"position":3},"title":"FR pospuso el Congreso Anual  y las elecciones para finales de junio","author":"La Hora del Campo","date":"16 abril, 2021","format":false,"excerpt":"En la reuni\u00f3n del Consejo Directivo de la Federaci\u00f3n Rural, esta semana, se analiz\u00f3 la realizaci\u00f3n del Congreso Anual de la instituci\u00f3n, que este a\u00f1o incluye el acto eleccionario. La reuni\u00f3n anual estaba prevista desarrollarse en el marco de la ExpoActiva Nacional, pero debido a la decisi\u00f3n de la Asociaci\u00f3n\u2026","rel":"","context":"En \u00abActualidad\u00bb","block_context":{"text":"Actualidad","link":"https:\/\/lahoradelcampo.com.uy\/site\/category\/actualidad\/"},"img":{"alt_text":"","src":"https:\/\/i0.wp.com\/lahoradelcampo.com.uy\/site\/wp-content\/uploads\/2018\/05\/federacion1.jpg?fit=880%2C440&ssl=1&resize=350%2C200","width":350,"height":200,"srcset":"https:\/\/i0.wp.com\/lahoradelcampo.com.uy\/site\/wp-content\/uploads\/2018\/05\/federacion1.jpg?fit=880%2C440&ssl=1&resize=350%2C200 1x, https:\/\/i0.wp.com\/lahoradelcampo.com.uy\/site\/wp-content\/uploads\/2018\/05\/federacion1.jpg?fit=880%2C440&ssl=1&resize=525%2C300 1.5x, https:\/\/i0.wp.com\/lahoradelcampo.com.uy\/site\/wp-content\/uploads\/2018\/05\/federacion1.jpg?fit=880%2C440&ssl=1&resize=700%2C400 2x"},"classes":[]},{"id":6759,"url":"https:\/\/lahoradelcampo.com.uy\/site\/paso-de-los-toros-busca-ser-la-sede-del-congreso-de-federacion-rural-en-2019\/","url_meta":{"origin":37435,"position":4},"title":"Paso de los Toros busca ser la sede del Congreso de Federaci\u00f3n Rural en 2019","author":"La Hora del Campo","date":"2 mayo, 2018","format":false,"excerpt":"El Congreso de la Federaci\u00f3n Rural del Uruguay es rotativo en las diferentes regiones del pa\u00eds, el \u00faltimo realizado en el norte fue en Artigas en 2015, con motivo del 98\u00ba encuentro de las federadas. Posteriormente se traslado a Florida en 2016 (en el centro del pa\u00eds), a Lascano en\u2026","rel":"","context":"En \u00abActualidad\u00bb","block_context":{"text":"Actualidad","link":"https:\/\/lahoradelcampo.com.uy\/site\/category\/actualidad\/"},"img":{"alt_text":"","src":"https:\/\/i0.wp.com\/lahoradelcampo.com.uy\/site\/wp-content\/uploads\/2018\/05\/Paso-de-los-toros.jpg?fit=880%2C440&ssl=1&resize=350%2C200","width":350,"height":200,"srcset":"https:\/\/i0.wp.com\/lahoradelcampo.com.uy\/site\/wp-content\/uploads\/2018\/05\/Paso-de-los-toros.jpg?fit=880%2C440&ssl=1&resize=350%2C200 1x, https:\/\/i0.wp.com\/lahoradelcampo.com.uy\/site\/wp-content\/uploads\/2018\/05\/Paso-de-los-toros.jpg?fit=880%2C440&ssl=1&resize=525%2C300 1.5x, https:\/\/i0.wp.com\/lahoradelcampo.com.uy\/site\/wp-content\/uploads\/2018\/05\/Paso-de-los-toros.jpg?fit=880%2C440&ssl=1&resize=700%2C400 2x"},"classes":[]},{"id":50743,"url":"https:\/\/lahoradelcampo.com.uy\/site\/jorge-andres-rodriguez-presidira-la-federacion-rural\/","url_meta":{"origin":37435,"position":5},"title":"Jorge Andr\u00e9s Rodr\u00edguez presidir\u00e1 la Federaci\u00f3n Rural","author":"La Hora del Campo","date":"25 mayo, 2023","format":false,"excerpt":"La Federaci\u00f3n Rural est\u00e1 lista para llevar a cabo su tradicional Congreso Anual los d\u00edas viernes 26 y s\u00e1bado 27 en el local Santa Bernardina de la Sociedad Rural de Durazno. En una reuni\u00f3n celebrada ayer, la gremial decidi\u00f3 presentar una lista \u00fanica de consenso encabezada por Jorge Andr\u00e9s Rodr\u00edguez.\u2026","rel":"","context":"En \u00abActualidad\u00bb","block_context":{"text":"Actualidad","link":"https:\/\/lahoradelcampo.com.uy\/site\/category\/actualidad\/"},"img":{"alt_text":"","src":"https:\/\/i0.wp.com\/lahoradelcampo.com.uy\/site\/wp-content\/uploads\/2023\/05\/jorge-andres-rodriguez-1.jpg?fit=880%2C440&ssl=1&resize=350%2C200","width":350,"height":200,"srcset":"https:\/\/i0.wp.com\/lahoradelcampo.com.uy\/site\/wp-content\/uploads\/2023\/05\/jorge-andres-rodriguez-1.jpg?fit=880%2C440&ssl=1&resize=350%2C200 1x, https:\/\/i0.wp.com\/lahoradelcampo.com.uy\/site\/wp-content\/uploads\/2023\/05\/jorge-andres-rodriguez-1.jpg?fit=880%2C440&ssl=1&resize=525%2C300 1.5x, https:\/\/i0.wp.com\/lahoradelcampo.com.uy\/site\/wp-content\/uploads\/2023\/05\/jorge-andres-rodriguez-1.jpg?fit=880%2C440&ssl=1&resize=700%2C400 2x"},"classes":[]}],"jetpack_likes_enabled":true,"_links":{"self":[{"href":"https:\/\/lahoradelcampo.com.uy\/site\/wp-json\/wp\/v2\/posts\/37435","targetHints":{"allow":["GET"]}}],"collection":[{"href":"https:\/\/lahoradelcampo.com.uy\/site\/wp-json\/wp\/v2\/posts"}],"about":[{"href":"https:\/\/lahoradelcampo.com.uy\/site\/wp-json\/wp\/v2\/types\/post"}],"author":[{"embeddable":true,"href":"https:\/\/lahoradelcampo.com.uy\/site\/wp-json\/wp\/v2\/users\/5"}],"replies":[{"embeddable":true,"href":"https:\/\/lahoradelcampo.com.uy\/site\/wp-json\/wp\/v2\/comments?post=37435"}],"version-history":[{"count":1,"href":"https:\/\/lahoradelcampo.com.uy\/site\/wp-json\/wp\/v2\/posts\/37435\/revisions"}],"predecessor-version":[{"id":37443,"href":"https:\/\/lahoradelcampo.com.uy\/site\/wp-json\/wp\/v2\/posts\/37435\/revisions\/37443"}],"wp:featuredmedia":[{"embeddable":true,"href":"https:\/\/lahoradelcampo.com.uy\/site\/wp-json\/wp\/v2\/media\/37441"}],"wp:attachment":[{"href":"https:\/\/lahoradelcampo.com.uy\/site\/wp-json\/wp\/v2\/media?parent=37435"}],"wp:term":[{"taxonomy":"category","embeddable":true,"href":"https:\/\/lahoradelcampo.com.uy\/site\/wp-json\/wp\/v2\/categories?post=37435"},{"taxonomy":"post_tag","embeddable":true,"href":"https:\/\/lahoradelcampo.com.uy\/site\/wp-json\/wp\/v2\/tags?post=37435"}],"curies":[{"name":"wp","href":"https:\/\/api.w.org\/{rel}","templated":true}]}}