{"id":37431,"date":"2021-12-10T09:08:48","date_gmt":"2021-12-10T12:08:48","guid":{"rendered":"http:\/\/lahoradelcampo.com.uy\/site\/?p=37431"},"modified":"2021-12-10T09:08:52","modified_gmt":"2021-12-10T12:08:52","slug":"se-ajustaron-los-valores-de-un-negocio-en-salto-y-cerro-a-us-1433","status":"publish","type":"post","link":"https:\/\/lahoradelcampo.com.uy\/site\/se-ajustaron-los-valores-de-un-negocio-en-salto-y-cerro-a-us-1433\/","title":{"rendered":"Se ajustaron los valores de un negocio en Salto,  y cerr\u00f3 a US$ 14,33"},"content":{"rendered":"\n<figure class=\"wp-block-image\"><img data-recalc-dims=\"1\" loading=\"lazy\" decoding=\"async\" width=\"810\" height=\"405\" data-attachment-id=\"1687\" data-permalink=\"https:\/\/lahoradelcampo.com.uy\/site\/ime-cerro-estable-luego-de-las-bajas-registradas-las-semanas-previas\/lanas-3\/\" data-orig-file=\"https:\/\/i0.wp.com\/lahoradelcampo.com.uy\/site\/wp-content\/uploads\/2017\/09\/Lanas-1.jpg?fit=880%2C440&amp;ssl=1\" data-orig-size=\"880,440\" data-comments-opened=\"1\" data-image-meta=\"{&quot;aperture&quot;:&quot;0&quot;,&quot;credit&quot;:&quot;Vicente-Manuel-Tort&quot;,&quot;camera&quot;:&quot;&quot;,&quot;caption&quot;:&quot;&quot;,&quot;created_timestamp&quot;:&quot;0&quot;,&quot;copyright&quot;:&quot;Presidencia de la Republica - Sec.Com.Inst.&quot;,&quot;focal_length&quot;:&quot;0&quot;,&quot;iso&quot;:&quot;0&quot;,&quot;shutter_speed&quot;:&quot;0&quot;,&quot;title&quot;:&quot;&quot;,&quot;orientation&quot;:&quot;1&quot;}\" data-image-title=\"Lanas\" data-image-description=\"\" data-image-caption=\"\" data-large-file=\"https:\/\/i0.wp.com\/lahoradelcampo.com.uy\/site\/wp-content\/uploads\/2017\/09\/Lanas-1.jpg?fit=810%2C405&amp;ssl=1\" src=\"https:\/\/i0.wp.com\/lahoradelcampo.com.uy\/site\/wp-content\/uploads\/2017\/09\/Lanas-1.jpg?resize=810%2C405\" alt=\"\" class=\"wp-image-1687\" srcset=\"https:\/\/i0.wp.com\/lahoradelcampo.com.uy\/site\/wp-content\/uploads\/2017\/09\/Lanas-1.jpg?w=880&amp;ssl=1 880w, https:\/\/i0.wp.com\/lahoradelcampo.com.uy\/site\/wp-content\/uploads\/2017\/09\/Lanas-1.jpg?resize=300%2C150&amp;ssl=1 300w, https:\/\/i0.wp.com\/lahoradelcampo.com.uy\/site\/wp-content\/uploads\/2017\/09\/Lanas-1.jpg?resize=768%2C384&amp;ssl=1 768w, https:\/\/i0.wp.com\/lahoradelcampo.com.uy\/site\/wp-content\/uploads\/2017\/09\/Lanas-1.jpg?resize=820%2C410&amp;ssl=1 820w\" sizes=\"auto, (max-width: 810px) 100vw, 810px\" \/><\/figure>\n\n\n\n<p>El pasado martes 23 de noviembre le informamos la concreci\u00f3n de un negocio de lana merino australiano, que se hab\u00eda fijado a una escala de precios con una base de 14 d\u00f3lares por kilogramo de vell\u00f3n. En ese momento y en base a los datos objetivos de 2020, el lote de 25.000 kilos con certificaci\u00f3n RWS, se manejaba con un micronaje de 16,7 micras y 80% de rendimiento al lavado, por ese valor. <br><\/p>\n\n\n\n<p>Conocidos los valores objetivos del lote de lana, Rodrigo De Le\u00f3n, integrante del escritorio Gaud\u00edn Hnos., confirm\u00f3 el negocio y el valor alcanzado. El lote se defini\u00f3 en 16,6 micras y 80,6% de rendimiento al lavado, por lo que al realizar el ajuste se cerr\u00f3 la liquidaci\u00f3n en US$ 14,33 por kilogramo base limpia y 1 d\u00f3lar los subproductos. Negocio concretado a una industria topista nacional. <br><\/p>\n\n\n\n<p>Durante la pasada semana, al sur del R\u00edo Negro, tambi\u00e9n se concret\u00f3 un negocio de lana Ideal a US$ 6,50 el vell\u00f3n y US$ 1,00 los subproductos. Se trata de un negocio de 21.000 kilos, correspondiente a tres zafras, con acondicionamiento grifa verde y certificaci\u00f3n RWS. El promedio de las tres zafras se sit\u00faa por debajo de las 22 micras y posee un rendimiento del 81%. <br><\/p>\n\n\n\n<p>En general, las bajas al inicio de la semana a nivel internacional enlentecieron una corriente de negocios en el mercado interno que se presentaba firme y con valores al alza. En el di\u00e1logo con algunos referentes del mercado lanero, se manifest\u00f3 que ha disminuido la presi\u00f3n de la demanda por adquirir lanas. Si bien las posibilidades de realizar negocios contin\u00faa firme, es m\u00e1s dif\u00edcil lograr acercar las puntas entre un vendedor que se ha quedado con la idea de los valores de punta alcanzados en las \u00faltimas semanas y lo propuesto por la industria. <br><\/p>\n\n\n\n<p>Otro de los factores que se visualizan en el mercado es la importante distancia que existe para un mismo micronaje, entre lanas sin acondicionar y lotes con certificaci\u00f3n. Lo que tambi\u00e9n es un factor que incide negativamente en los negocios. <br><\/p>\n\n\n\n<p>Hace algunos a\u00f1os el Secretariado Uruguayo de la Lana (SUL) ha venido marcando la importancia de acondicionar las lanas y la diferencia de m\u00e1s de un d\u00f3lar entre realizar la grifa verde o no, principalmente en las lanas finas. A eso se le suma que actualmente entre lanas grifa verde y con certificaci\u00f3n org\u00e1nica o RWS, llega a visualizarse hasta un d\u00f3lar diferencia. <br><\/p>\n\n\n\n<p>Para el mercado son dos se\u00f1ales muy importantes, de cara a una demanda cada vez m\u00e1s exigente hacia productos que sean m\u00e1s amigables con el medioambiente, sin embargo en esta diferencia ha trabado algunos negocios donde los productores tienen m\u00e1s de dos zafras guardadas en los galpones, teniendo en cuenta que la certificaci\u00f3n RWS, por ejemplo, puede certificar \u00fanicamente las \u00faltimas.<br><\/p>\n\n\n\n<p>En los \u00faltimos d\u00edas se han visto referencias de negocios por lanas merino de 20,2 micras a 6 d\u00f3lares con grifa verde y 7 d\u00f3lares con certificaci\u00f3n RWS. Mientras que para lanas de 28,7 micras cotizan a US$ 1,30 sin acondicionar, si bien mejora esta referencia para lotes grifa verde, no llegan a los US$ 2,00, seg\u00fan el comentario de algunos operadores, para lograrlo se debe bajas de las 28 micras. <\/p>\n\n\n\n<p>Salto, 10 de diciembre de 2021<\/p>\n","protected":false},"excerpt":{"rendered":"<p>El pasado martes 23 de noviembre le informamos la concreci\u00f3n de un negocio de lana merino australiano, que se hab\u00eda fijado a una escala de precios con una base de [&hellip;]<\/p>\n","protected":false},"author":5,"featured_media":1687,"comment_status":"open","ping_status":"open","sticky":false,"template":"","format":"standard","meta":{"_price":"","_stock":"","_tribe_ticket_header":"","_tribe_default_ticket_provider":"","_tribe_ticket_capacity":"0","_ticket_start_date":"","_ticket_end_date":"","_tribe_ticket_show_description":"","_tribe_ticket_show_not_going":false,"_tribe_ticket_use_global_stock":"","_tribe_ticket_global_stock_level":"","_global_stock_mode":"","_global_stock_cap":"","_tribe_rsvp_for_event":"","_tribe_ticket_going_count":"","_tribe_ticket_not_going_count":"","_tribe_tickets_list":"[]","_tribe_ticket_has_attendee_info_fields":false,"h5ap_radio_sources":[],"_jetpack_newsletter_access":"","_jetpack_dont_email_post_to_subs":false,"_jetpack_newsletter_tier_id":0,"_jetpack_memberships_contains_paywalled_content":false,"_jetpack_memberships_contains_paid_content":false,"footnotes":""},"categories":[21,13],"tags":[],"class_list":["post-37431","post","type-post","status-publish","format-standard","has-post-thumbnail","hentry","category-actualidad","category-ovinos"],"jetpack_featured_media_url":"https:\/\/i0.wp.com\/lahoradelcampo.com.uy\/site\/wp-content\/uploads\/2017\/09\/Lanas-1.jpg?fit=880%2C440&ssl=1","jetpack_sharing_enabled":true,"jetpack_shortlink":"https:\/\/wp.me\/p99IaT-9JJ","jetpack-related-posts":[{"id":46931,"url":"https:\/\/lahoradelcampo.com.uy\/site\/mercado-uruguayo-con-negocios-puntuales-en-lanas-medias\/","url_meta":{"origin":37431,"position":0},"title":"Mercado uruguayo con negocios puntuales en lanas medias","author":"La Hora del Campo","date":"11 noviembre, 2022","format":false,"excerpt":"El mercado lanero uruguayo contin\u00faa con una escala de negocios reducida para este momento del a\u00f1o, donde las esquilas est\u00e1n prontas, van quedando los coreos y el productor comienza a impacientarse para vender su lote. Los negocios que se van concretando, en su gran mayor\u00eda, son por lanas medias, pero\u2026","rel":"","context":"En \u00abActualidad\u00bb","block_context":{"text":"Actualidad","link":"https:\/\/lahoradelcampo.com.uy\/site\/category\/actualidad\/"},"img":{"alt_text":"","src":"https:\/\/i0.wp.com\/lahoradelcampo.com.uy\/site\/wp-content\/uploads\/2019\/05\/lana-lomo.jpg?fit=880%2C440&ssl=1&resize=350%2C200","width":350,"height":200,"srcset":"https:\/\/i0.wp.com\/lahoradelcampo.com.uy\/site\/wp-content\/uploads\/2019\/05\/lana-lomo.jpg?fit=880%2C440&ssl=1&resize=350%2C200 1x, https:\/\/i0.wp.com\/lahoradelcampo.com.uy\/site\/wp-content\/uploads\/2019\/05\/lana-lomo.jpg?fit=880%2C440&ssl=1&resize=525%2C300 1.5x, https:\/\/i0.wp.com\/lahoradelcampo.com.uy\/site\/wp-content\/uploads\/2019\/05\/lana-lomo.jpg?fit=880%2C440&ssl=1&resize=700%2C400 2x"},"classes":[]},{"id":4159,"url":"https:\/\/lahoradelcampo.com.uy\/site\/por-rendimiento-y-plazo-en-el-negocio-se-diferenciaron-lotes-de-lana-ideal\/","url_meta":{"origin":37431,"position":1},"title":"Por rendimiento y plazo en el negocio se diferenciaron lotes de lana Ideal","author":"La Hora del Campo","date":"22 noviembre, 2017","format":false,"excerpt":"Entre el fin de semana y ayer martes se concret\u00f3 un importante volumen de lana Ideal, por parte de una industria lanera a nivel nacional, con valores que no salen de la l\u00f3gica que ven\u00eda manejando el mercado para este tipo de lanas pero que se diferencian por los datos\u2026","rel":"","context":"En \u00abActualidad\u00bb","block_context":{"text":"Actualidad","link":"https:\/\/lahoradelcampo.com.uy\/site\/category\/actualidad\/"},"img":{"alt_text":"","src":"https:\/\/i0.wp.com\/lahoradelcampo.com.uy\/site\/wp-content\/uploads\/2017\/11\/Lana.jpg?fit=880%2C440&ssl=1&resize=350%2C200","width":350,"height":200,"srcset":"https:\/\/i0.wp.com\/lahoradelcampo.com.uy\/site\/wp-content\/uploads\/2017\/11\/Lana.jpg?fit=880%2C440&ssl=1&resize=350%2C200 1x, https:\/\/i0.wp.com\/lahoradelcampo.com.uy\/site\/wp-content\/uploads\/2017\/11\/Lana.jpg?fit=880%2C440&ssl=1&resize=525%2C300 1.5x, https:\/\/i0.wp.com\/lahoradelcampo.com.uy\/site\/wp-content\/uploads\/2017\/11\/Lana.jpg?fit=880%2C440&ssl=1&resize=700%2C400 2x"},"classes":[]},{"id":35913,"url":"https:\/\/lahoradelcampo.com.uy\/site\/negocio-de-lana-en-salto-se-cerro-a-us-1300-el-vellon\/","url_meta":{"origin":37431,"position":2},"title":"Negocio de lana en Salto se cerr\u00f3 a US$ 13,00 el vell\u00f3n","author":"La Hora del Campo","date":"25 octubre, 2021","format":false,"excerpt":"En la pasada semana se registr\u00f3 una importante corriente de negocios de lana, principalmente sobre el cierre de la misma y un negocio concretado el pasado jueves, se confirm\u00f3 en la ma\u00f1ana de hoy lunes por La Hora del Campo. Se trata de un negocio de lanas merino australiano que\u2026","rel":"","context":"En \u00abActualidad\u00bb","block_context":{"text":"Actualidad","link":"https:\/\/lahoradelcampo.com.uy\/site\/category\/actualidad\/"},"img":{"alt_text":"","src":"https:\/\/i0.wp.com\/lahoradelcampo.com.uy\/site\/wp-content\/uploads\/2021\/05\/lanavellon.jpg?fit=880%2C440&ssl=1&resize=350%2C200","width":350,"height":200,"srcset":"https:\/\/i0.wp.com\/lahoradelcampo.com.uy\/site\/wp-content\/uploads\/2021\/05\/lanavellon.jpg?fit=880%2C440&ssl=1&resize=350%2C200 1x, https:\/\/i0.wp.com\/lahoradelcampo.com.uy\/site\/wp-content\/uploads\/2021\/05\/lanavellon.jpg?fit=880%2C440&ssl=1&resize=525%2C300 1.5x, https:\/\/i0.wp.com\/lahoradelcampo.com.uy\/site\/wp-content\/uploads\/2021\/05\/lanavellon.jpg?fit=880%2C440&ssl=1&resize=700%2C400 2x"},"classes":[]},{"id":35749,"url":"https:\/\/lahoradelcampo.com.uy\/site\/se-cerro-negocio-a-us-12-por-lanas-de-171-micras\/","url_meta":{"origin":37431,"position":3},"title":"Se cerr\u00f3 negocio a US$ 12  por lanas de 17,1 micras","author":"La Hora del Campo","date":"21 octubre, 2021","format":false,"excerpt":"El mercado lanero uruguayo volvi\u00f3 a concretar varios negocios en los \u00faltimos d\u00edas, con una gran dispersi\u00f3n de valores, entre las 21 y las 17 micras, que es donde el mercado encuentra mayor fluidez y demanda. En el caso de las lanas medias, no existe mucho inter\u00e9s desde las industrias\u2026","rel":"","context":"En \u00abActualidad\u00bb","block_context":{"text":"Actualidad","link":"https:\/\/lahoradelcampo.com.uy\/site\/category\/actualidad\/"},"img":{"alt_text":"","src":"https:\/\/i0.wp.com\/lahoradelcampo.com.uy\/site\/wp-content\/uploads\/2021\/06\/LanasItalianStyle.jpg?fit=880%2C440&ssl=1&resize=350%2C200","width":350,"height":200,"srcset":"https:\/\/i0.wp.com\/lahoradelcampo.com.uy\/site\/wp-content\/uploads\/2021\/06\/LanasItalianStyle.jpg?fit=880%2C440&ssl=1&resize=350%2C200 1x, https:\/\/i0.wp.com\/lahoradelcampo.com.uy\/site\/wp-content\/uploads\/2021\/06\/LanasItalianStyle.jpg?fit=880%2C440&ssl=1&resize=525%2C300 1.5x, https:\/\/i0.wp.com\/lahoradelcampo.com.uy\/site\/wp-content\/uploads\/2021\/06\/LanasItalianStyle.jpg?fit=880%2C440&ssl=1&resize=700%2C400 2x"},"classes":[]},{"id":56748,"url":"https:\/\/lahoradelcampo.com.uy\/site\/el-mercado-lanero-sigue-pujando-firme-y-se-cerro-negocio-en-us-800\/","url_meta":{"origin":37431,"position":4},"title":"El mercado lanero sigue pujando firme y se cerr\u00f3 negocio en US$ 8,00","author":"La Hora del Campo","date":"7 septiembre, 2025","format":false,"excerpt":"El pasado viernes, en nuestro informe semanal del mercado lanero uruguayo, le dabamos a conocer un negocio de lanas merinas de 17,4 micras, que se cerr\u00f3 en US$ 7,05 el vell\u00f3n y US$ 1,00 los subproductos, aqu\u00ed en Salto. El lote es acondicionado grifa verde y tiene un rendimiento al\u2026","rel":"","context":"En \u00abActualidad\u00bb","block_context":{"text":"Actualidad","link":"https:\/\/lahoradelcampo.com.uy\/site\/category\/actualidad\/"},"img":{"alt_text":"","src":"https:\/\/i0.wp.com\/lahoradelcampo.com.uy\/site\/wp-content\/uploads\/2024\/10\/Lana-criluu.jpg?fit=880%2C440&ssl=1&resize=350%2C200","width":350,"height":200,"srcset":"https:\/\/i0.wp.com\/lahoradelcampo.com.uy\/site\/wp-content\/uploads\/2024\/10\/Lana-criluu.jpg?fit=880%2C440&ssl=1&resize=350%2C200 1x, https:\/\/i0.wp.com\/lahoradelcampo.com.uy\/site\/wp-content\/uploads\/2024\/10\/Lana-criluu.jpg?fit=880%2C440&ssl=1&resize=525%2C300 1.5x, https:\/\/i0.wp.com\/lahoradelcampo.com.uy\/site\/wp-content\/uploads\/2024\/10\/Lana-criluu.jpg?fit=880%2C440&ssl=1&resize=700%2C400 2x"},"classes":[]},{"id":54619,"url":"https:\/\/lahoradelcampo.com.uy\/site\/continuan-los-negocios-en-el-mercado-interno-pero-sin-cambios-en-los-valores\/","url_meta":{"origin":37431,"position":5},"title":"Contin\u00faan los negocios en el mercado interno, pero sin cambios en los valores","author":"La Hora del Campo","date":"20 septiembre, 2024","format":false,"excerpt":"El mercado lanero uruguayo contin\u00faa con un mayor nivel de negocios informados, que hace un mes atr\u00e1s, pero los valores se mantienen sin grandes cambios. Operadores del mercado se\u00f1alaron que se observa un mayor inter\u00e9s del productor por vender, por lo que se concretan negocios a\u00fan estando lejos de las\u2026","rel":"","context":"En \u00abActualidad\u00bb","block_context":{"text":"Actualidad","link":"https:\/\/lahoradelcampo.com.uy\/site\/category\/actualidad\/"},"img":{"alt_text":"","src":"https:\/\/i0.wp.com\/lahoradelcampo.com.uy\/site\/wp-content\/uploads\/2017\/10\/Lanas-australia.jpg?fit=880%2C440&ssl=1&resize=350%2C200","width":350,"height":200,"srcset":"https:\/\/i0.wp.com\/lahoradelcampo.com.uy\/site\/wp-content\/uploads\/2017\/10\/Lanas-australia.jpg?fit=880%2C440&ssl=1&resize=350%2C200 1x, https:\/\/i0.wp.com\/lahoradelcampo.com.uy\/site\/wp-content\/uploads\/2017\/10\/Lanas-australia.jpg?fit=880%2C440&ssl=1&resize=525%2C300 1.5x, https:\/\/i0.wp.com\/lahoradelcampo.com.uy\/site\/wp-content\/uploads\/2017\/10\/Lanas-australia.jpg?fit=880%2C440&ssl=1&resize=700%2C400 2x"},"classes":[]}],"jetpack_likes_enabled":true,"_links":{"self":[{"href":"https:\/\/lahoradelcampo.com.uy\/site\/wp-json\/wp\/v2\/posts\/37431","targetHints":{"allow":["GET"]}}],"collection":[{"href":"https:\/\/lahoradelcampo.com.uy\/site\/wp-json\/wp\/v2\/posts"}],"about":[{"href":"https:\/\/lahoradelcampo.com.uy\/site\/wp-json\/wp\/v2\/types\/post"}],"author":[{"embeddable":true,"href":"https:\/\/lahoradelcampo.com.uy\/site\/wp-json\/wp\/v2\/users\/5"}],"replies":[{"embeddable":true,"href":"https:\/\/lahoradelcampo.com.uy\/site\/wp-json\/wp\/v2\/comments?post=37431"}],"version-history":[{"count":1,"href":"https:\/\/lahoradelcampo.com.uy\/site\/wp-json\/wp\/v2\/posts\/37431\/revisions"}],"predecessor-version":[{"id":37433,"href":"https:\/\/lahoradelcampo.com.uy\/site\/wp-json\/wp\/v2\/posts\/37431\/revisions\/37433"}],"wp:featuredmedia":[{"embeddable":true,"href":"https:\/\/lahoradelcampo.com.uy\/site\/wp-json\/wp\/v2\/media\/1687"}],"wp:attachment":[{"href":"https:\/\/lahoradelcampo.com.uy\/site\/wp-json\/wp\/v2\/media?parent=37431"}],"wp:term":[{"taxonomy":"category","embeddable":true,"href":"https:\/\/lahoradelcampo.com.uy\/site\/wp-json\/wp\/v2\/categories?post=37431"},{"taxonomy":"post_tag","embeddable":true,"href":"https:\/\/lahoradelcampo.com.uy\/site\/wp-json\/wp\/v2\/tags?post=37431"}],"curies":[{"name":"wp","href":"https:\/\/api.w.org\/{rel}","templated":true}]}}