{"id":37397,"date":"2021-12-10T08:53:45","date_gmt":"2021-12-10T11:53:45","guid":{"rendered":"http:\/\/lahoradelcampo.com.uy\/site\/?p=37397"},"modified":"2021-12-10T08:53:50","modified_gmt":"2021-12-10T11:53:50","slug":"faena-vacuna-cerrara-2021-en-torno-a-las-26-millones-de-cabezas","status":"publish","type":"post","link":"https:\/\/lahoradelcampo.com.uy\/site\/faena-vacuna-cerrara-2021-en-torno-a-las-26-millones-de-cabezas\/","title":{"rendered":"Faena vacuna cerrar\u00e1 2021 en torno a las 2,6 millones de cabezas"},"content":{"rendered":"\n<figure class=\"wp-block-image\"><img data-recalc-dims=\"1\" loading=\"lazy\" decoding=\"async\" width=\"810\" height=\"405\" data-attachment-id=\"37399\" data-permalink=\"https:\/\/lahoradelcampo.com.uy\/site\/faena-vacuna-cerrara-2021-en-torno-a-las-26-millones-de-cabezas\/inac-acosta\/\" data-orig-file=\"https:\/\/i0.wp.com\/lahoradelcampo.com.uy\/site\/wp-content\/uploads\/2021\/12\/INAC-acosta.jpg?fit=880%2C440&amp;ssl=1\" data-orig-size=\"880,440\" data-comments-opened=\"1\" data-image-meta=\"{&quot;aperture&quot;:&quot;0&quot;,&quot;credit&quot;:&quot;&quot;,&quot;camera&quot;:&quot;&quot;,&quot;caption&quot;:&quot;&quot;,&quot;created_timestamp&quot;:&quot;0&quot;,&quot;copyright&quot;:&quot;&quot;,&quot;focal_length&quot;:&quot;0&quot;,&quot;iso&quot;:&quot;0&quot;,&quot;shutter_speed&quot;:&quot;0&quot;,&quot;title&quot;:&quot;&quot;,&quot;orientation&quot;:&quot;1&quot;}\" data-image-title=\"INAC-acosta\" data-image-description=\"\" data-image-caption=\"\" data-large-file=\"https:\/\/i0.wp.com\/lahoradelcampo.com.uy\/site\/wp-content\/uploads\/2021\/12\/INAC-acosta.jpg?fit=810%2C405&amp;ssl=1\" src=\"https:\/\/i0.wp.com\/lahoradelcampo.com.uy\/site\/wp-content\/uploads\/2021\/12\/INAC-acosta.jpg?resize=810%2C405\" alt=\"\" class=\"wp-image-37399\" srcset=\"https:\/\/i0.wp.com\/lahoradelcampo.com.uy\/site\/wp-content\/uploads\/2021\/12\/INAC-acosta.jpg?w=880&amp;ssl=1 880w, https:\/\/i0.wp.com\/lahoradelcampo.com.uy\/site\/wp-content\/uploads\/2021\/12\/INAC-acosta.jpg?resize=300%2C150&amp;ssl=1 300w, https:\/\/i0.wp.com\/lahoradelcampo.com.uy\/site\/wp-content\/uploads\/2021\/12\/INAC-acosta.jpg?resize=768%2C384&amp;ssl=1 768w, https:\/\/i0.wp.com\/lahoradelcampo.com.uy\/site\/wp-content\/uploads\/2021\/12\/INAC-acosta.jpg?resize=820%2C410&amp;ssl=1 820w\" sizes=\"auto, (max-width: 810px) 100vw, 810px\" \/><\/figure>\n\n\n\n<p>El Gerente de Informaci\u00f3n Jorge Acosta fue el responsable de brindar la s\u00edntesis del sector c\u00e1rnico.<\/p>\n\n\n\n<p>En materia de\u00a0faena, se aprecian niveles elevados que muestran r\u00e1pida recuperaci\u00f3n de la actividad.<\/p>\n\n\n\n<p>Con un crecimiento de m\u00e1s de 30%, la faena de bovinos cerrar\u00e1 el a\u00f1o en torno a los 2,6 millones de cabezas, producto de un primer semestre muy similar a 2019 pero un tercer trimestre con niveles hist\u00f3ricamente elevados (+50%).<\/p>\n\n\n\n<p>Todas las categor\u00edas mostraron recuperaci\u00f3n, destac\u00e1ndose el aumento en vacas adultas (8 dientes) algo por encima del promedio (+33%) y novillos j\u00f3venes (diente de leche +60% y 2-4d +44%) que nuevamente crecen y pasan a representar el 65% de una cifra elevada de faena de novillos que cerrar\u00e1 cercano a 1,3 millones de cabezas.<\/p>\n\n\n\n<p>Por su parte la faena de corral ser\u00e1 la mayor desde que se llevan registros alcanzando unas 350 mil cabezas; crece 23% (Novillos +37% y vaquillonas -16%) respecto a 2020 y representa m\u00e1s del 12,7% del total.<\/p>\n\n\n\n<p>La exportaci\u00f3n de bovinos en pie culminar\u00e1 en m\u00e1s de 200 mil cabezas, con disminuci\u00f3n de la demanda de Turqu\u00eda (machos) pero con elevada participaci\u00f3n de China (hembras).<\/p>\n\n\n\n<p>Considerando adem\u00e1s el consumo predial declarado al SNIG (38 mil), la extracci\u00f3n total ser\u00e1 alta y se ubicar\u00eda en 24%.<\/p>\n\n\n\n<p>La faena de ovinos culminar\u00e1 el a\u00f1o muy pr\u00f3xima a 1,4 millones de cabezas, cifra que no se observaba desde 2014. Considerando un stock menor y teniendo en cuenta el consumo y la exportaci\u00f3n en pie, la extracci\u00f3n total del rubro superar\u00eda 29%, con un destaque en la faena de hembras que llegar\u00edan a 380 mil lo cual significa el 11% del stock de ovejas de cr\u00eda.<\/p>\n\n\n\n<p>Por su parte, La faena de aves muestra un crecimiento de 10% a noviembre con una recuperaci\u00f3n que permite estimar una faena total en 2021 de m\u00e1s de 32 millones de aves aproxim\u00e1ndose a las cifras de 4 a\u00f1os atr\u00e1s.<\/p>\n\n\n\n<p>En materia de\u00a0ingresos del sector c\u00e1rnico,\u00a0se confirma que representar\u00e1n m\u00e1s del 25% de las exportaciones.<\/p>\n\n\n\n<p>La cadena completar\u00e1 ingresos totales por exportaciones de aproximadamente\u00a02.900 millones de USD\u00a0como consecuencia del aumento en los vol\u00famenes y los precios de pr\u00e1cticamente todos los productos de exportaci\u00f3n, que signific\u00f3 un incremento de m\u00e1s del 50% en el ingreso de divisas por parte del sector. La importante recuperaci\u00f3n del mercado Chino (+58% en USD) lo convierten en un socio comercial que superar\u00e1 los 1.600 millones de USD, seguido de UE y USMCA (Ex Nafta) con m\u00e1s de 330 millones cada uno, completan un 82% del total.<\/p>\n\n\n\n<p>La carne bovina alcanzar\u00eda un volumen hist\u00f3ricamente alto en 2021, de m\u00e1s de\u00a0530 mil toneladas pc\u00a0con un crecimiento mayor al 13% en el valor promedio por tonelada que cerrar\u00eda el a\u00f1o pr\u00f3ximo al valor actual de 4.260 USD\/ton pc.<\/p>\n\n\n\n<p>Con cambios en los mercados y un crecimiento desestacionalizado, la carne ovina mostr\u00f3 una orientaci\u00f3n muy importante hacia China, donde duplica su volumen y llega al 81% de las colocaciones. El crecimiento en el valor promedio por tonelada (+18,5%) lo ubican en 5.136 USD\/ton pc a la fecha, lo que determinar\u00eda ingresos totales del rubro por m\u00e1s de 120 millones de USD.<\/p>\n\n\n\n<p>Salto, 10 de diciembre de 2021<\/p>\n","protected":false},"excerpt":{"rendered":"<p>El Gerente de Informaci\u00f3n Jorge Acosta fue el responsable de brindar la s\u00edntesis del sector c\u00e1rnico. En materia de\u00a0faena, se aprecian niveles elevados que muestran r\u00e1pida recuperaci\u00f3n de la actividad. [&hellip;]<\/p>\n","protected":false},"author":5,"featured_media":37399,"comment_status":"open","ping_status":"open","sticky":false,"template":"","format":"standard","meta":{"_price":"","_stock":"","_tribe_ticket_header":"","_tribe_default_ticket_provider":"","_tribe_ticket_capacity":"0","_ticket_start_date":"","_ticket_end_date":"","_tribe_ticket_show_description":"","_tribe_ticket_show_not_going":false,"_tribe_ticket_use_global_stock":"","_tribe_ticket_global_stock_level":"","_global_stock_mode":"","_global_stock_cap":"","_tribe_rsvp_for_event":"","_tribe_ticket_going_count":"","_tribe_ticket_not_going_count":"","_tribe_tickets_list":"[]","_tribe_ticket_has_attendee_info_fields":false,"h5ap_radio_sources":[],"_jetpack_newsletter_access":"","_jetpack_dont_email_post_to_subs":false,"_jetpack_newsletter_tier_id":0,"_jetpack_memberships_contains_paywalled_content":false,"_jetpack_memberships_contains_paid_content":false,"footnotes":""},"categories":[21,5],"tags":[],"class_list":["post-37397","post","type-post","status-publish","format-standard","has-post-thumbnail","hentry","category-actualidad","category-ganaderia"],"jetpack_featured_media_url":"https:\/\/i0.wp.com\/lahoradelcampo.com.uy\/site\/wp-content\/uploads\/2021\/12\/INAC-acosta.jpg?fit=880%2C440&ssl=1","jetpack_sharing_enabled":true,"jetpack_shortlink":"https:\/\/wp.me\/p99IaT-9Jb","jetpack-related-posts":[{"id":54826,"url":"https:\/\/lahoradelcampo.com.uy\/site\/en-23-24-aumento-104-la-faena-y-113-el-volumen-exportado-de-carne-vacuna\/","url_meta":{"origin":37397,"position":0},"title":"En 23\/24 aument\u00f3 10,4% la faena y 11,3% el volumen exportado de carne vacuna","author":"La Hora del Campo","date":"8 octubre, 2024","format":false,"excerpt":"De acuerdo a los datos publicados por el Instituto Nacional de Carnes, en el ejercicio agr\u00edcola 2023\/2024 el sector bovino cerr\u00f3 con una recuperaci\u00f3n tanto en faena como en las exportaciones c\u00e1rnicas, superando el promedio de la \u00faltima d\u00e9cada. En total, se faenaron 2.379.530 cabezas de ganado al 30 de\u2026","rel":"","context":"En \u00abActualidad\u00bb","block_context":{"text":"Actualidad","link":"https:\/\/lahoradelcampo.com.uy\/site\/category\/actualidad\/"},"img":{"alt_text":"","src":"https:\/\/i0.wp.com\/lahoradelcampo.com.uy\/site\/wp-content\/uploads\/2024\/10\/inac-2023-2024-vacunos.jpg?fit=880%2C440&ssl=1&resize=350%2C200","width":350,"height":200,"srcset":"https:\/\/i0.wp.com\/lahoradelcampo.com.uy\/site\/wp-content\/uploads\/2024\/10\/inac-2023-2024-vacunos.jpg?fit=880%2C440&ssl=1&resize=350%2C200 1x, https:\/\/i0.wp.com\/lahoradelcampo.com.uy\/site\/wp-content\/uploads\/2024\/10\/inac-2023-2024-vacunos.jpg?fit=880%2C440&ssl=1&resize=525%2C300 1.5x, https:\/\/i0.wp.com\/lahoradelcampo.com.uy\/site\/wp-content\/uploads\/2024\/10\/inac-2023-2024-vacunos.jpg?fit=880%2C440&ssl=1&resize=700%2C400 2x"},"classes":[]},{"id":26140,"url":"https:\/\/lahoradelcampo.com.uy\/site\/faena-vacuna-cae-un-10-frente-a-2019\/","url_meta":{"origin":37397,"position":1},"title":"Faena vacuna cae un 10% frente a 2019","author":"La Hora del Campo","date":"16 diciembre, 2020","format":false,"excerpt":"El Instituto Nacional de Carnes (INAC) realiz\u00f3 la habitual puesta a punto de los principales indicadores de las carnes con vistas al fin del a\u00f1o. El Gerente de Informaci\u00f3n Jorge Acosta en el marco de la conferencia de prensa de cierre de a\u00f1o, brindo datos de la actividad c\u00e1rnica, entre\u2026","rel":"","context":"En \u00abActualidad\u00bb","block_context":{"text":"Actualidad","link":"https:\/\/lahoradelcampo.com.uy\/site\/category\/actualidad\/"},"img":{"alt_text":"","src":"https:\/\/i0.wp.com\/lahoradelcampo.com.uy\/site\/wp-content\/uploads\/2017\/10\/faena-vacuna.jpg?fit=880%2C440&ssl=1&resize=350%2C200","width":350,"height":200,"srcset":"https:\/\/i0.wp.com\/lahoradelcampo.com.uy\/site\/wp-content\/uploads\/2017\/10\/faena-vacuna.jpg?fit=880%2C440&ssl=1&resize=350%2C200 1x, https:\/\/i0.wp.com\/lahoradelcampo.com.uy\/site\/wp-content\/uploads\/2017\/10\/faena-vacuna.jpg?fit=880%2C440&ssl=1&resize=525%2C300 1.5x, https:\/\/i0.wp.com\/lahoradelcampo.com.uy\/site\/wp-content\/uploads\/2017\/10\/faena-vacuna.jpg?fit=880%2C440&ssl=1&resize=700%2C400 2x"},"classes":[]},{"id":20592,"url":"https:\/\/lahoradelcampo.com.uy\/site\/el-stock-de-novillos-adultos-se-mantiene-en-las-900-mil-cabezas\/","url_meta":{"origin":37397,"position":2},"title":"El stock de novillos adultos se mantiene en las 900 mil cabezas","author":"La Hora del Campo","date":"4 junio, 2020","format":false,"excerpt":"El Plan Agropecuario, present\u00f3 su an\u00e1lisis y proyecciones del stock vacuno para el ejercicio 2019\/2020, donde se estima un incremento de 500 mil cabezas, y un volumen de 900 mil cabezas de novillos adultos cuando la faena es de 600 mil cabezas. A continuaci\u00f3n le acercamos el informe con las\u2026","rel":"","context":"En \u00abActualidad\u00bb","block_context":{"text":"Actualidad","link":"https:\/\/lahoradelcampo.com.uy\/site\/category\/actualidad\/"},"img":{"alt_text":"","src":"https:\/\/i0.wp.com\/lahoradelcampo.com.uy\/site\/wp-content\/uploads\/2018\/04\/Esteban-web.jpg?fit=880%2C440&ssl=1&resize=350%2C200","width":350,"height":200,"srcset":"https:\/\/i0.wp.com\/lahoradelcampo.com.uy\/site\/wp-content\/uploads\/2018\/04\/Esteban-web.jpg?fit=880%2C440&ssl=1&resize=350%2C200 1x, https:\/\/i0.wp.com\/lahoradelcampo.com.uy\/site\/wp-content\/uploads\/2018\/04\/Esteban-web.jpg?fit=880%2C440&ssl=1&resize=525%2C300 1.5x, https:\/\/i0.wp.com\/lahoradelcampo.com.uy\/site\/wp-content\/uploads\/2018\/04\/Esteban-web.jpg?fit=880%2C440&ssl=1&resize=700%2C400 2x"},"classes":[]},{"id":32936,"url":"https:\/\/lahoradelcampo.com.uy\/site\/faena-vacuna-cede-por-la-ausencia-de-canelones-y-carrasco\/","url_meta":{"origin":37397,"position":3},"title":"Faena vacuna cede por la ausencia de Canelones y Carrasco","author":"La Hora del Campo","date":"10 agosto, 2021","format":false,"excerpt":"A pesar de visualizarse una baja del 14% en el volumen total de la faena vacuna de la \u00faltima semana, cerrada el 7 de agosto, la actividad se mantiene firme y estable respecto a la semana anterior seg\u00fan los datos del Instituto Nacional de Carnes. La faena que se posicion\u00f3\u2026","rel":"","context":"En \u00abActualidad\u00bb","block_context":{"text":"Actualidad","link":"https:\/\/lahoradelcampo.com.uy\/site\/category\/actualidad\/"},"img":{"alt_text":"","src":"https:\/\/i0.wp.com\/lahoradelcampo.com.uy\/site\/wp-content\/uploads\/2020\/06\/Faena-vacuna.jpg?fit=880%2C440&ssl=1&resize=350%2C200","width":350,"height":200,"srcset":"https:\/\/i0.wp.com\/lahoradelcampo.com.uy\/site\/wp-content\/uploads\/2020\/06\/Faena-vacuna.jpg?fit=880%2C440&ssl=1&resize=350%2C200 1x, https:\/\/i0.wp.com\/lahoradelcampo.com.uy\/site\/wp-content\/uploads\/2020\/06\/Faena-vacuna.jpg?fit=880%2C440&ssl=1&resize=525%2C300 1.5x, https:\/\/i0.wp.com\/lahoradelcampo.com.uy\/site\/wp-content\/uploads\/2020\/06\/Faena-vacuna.jpg?fit=880%2C440&ssl=1&resize=700%2C400 2x"},"classes":[]},{"id":16056,"url":"https:\/\/lahoradelcampo.com.uy\/site\/faena-vacuna-sigue-creciendo-y-supero-las-46-000-cabezas\/","url_meta":{"origin":37397,"position":4},"title":"Faena vacuna sigue creciendo y super\u00f3 las 46.000 cabezas","author":"La Hora del Campo","date":"27 noviembre, 2019","format":false,"excerpt":"La faena vacuna contin\u00faa creciendo, con los ganados de corral impuls\u00e1ndola ante la escasa de oferta de ganado de campo, que si bien va apareciendo a\u00fan lo hace sin alcanzar los requerimientos de la industria, lo que ha hecho que los precios se sigan manteniendo en el mercado interno. En\u2026","rel":"","context":"En \u00abActualidad\u00bb","block_context":{"text":"Actualidad","link":"https:\/\/lahoradelcampo.com.uy\/site\/category\/actualidad\/"},"img":{"alt_text":"","src":"https:\/\/i0.wp.com\/lahoradelcampo.com.uy\/site\/wp-content\/uploads\/2017\/11\/Faena.jpg?fit=880%2C440&ssl=1&resize=350%2C200","width":350,"height":200,"srcset":"https:\/\/i0.wp.com\/lahoradelcampo.com.uy\/site\/wp-content\/uploads\/2017\/11\/Faena.jpg?fit=880%2C440&ssl=1&resize=350%2C200 1x, https:\/\/i0.wp.com\/lahoradelcampo.com.uy\/site\/wp-content\/uploads\/2017\/11\/Faena.jpg?fit=880%2C440&ssl=1&resize=525%2C300 1.5x, https:\/\/i0.wp.com\/lahoradelcampo.com.uy\/site\/wp-content\/uploads\/2017\/11\/Faena.jpg?fit=880%2C440&ssl=1&resize=700%2C400 2x"},"classes":[]},{"id":54601,"url":"https:\/\/lahoradelcampo.com.uy\/site\/proyectan-bajas-en-el-stock-ovino-australiano-y-menor-produccion-de-lana\/","url_meta":{"origin":37397,"position":5},"title":"Proyectan bajas en el stock ovino australiano y menor producci\u00f3n de lana","author":"La Hora del Campo","date":"18 septiembre, 2024","format":false,"excerpt":"La analista senior de Meat and Livestock Australia (MLA), Erin Lukey, present\u00f3 las proyecciones para la industria ovina de mitad de a\u00f1o, donde se marca que el stock ovino australiano alcanz\u00f3 los 79,1 millones de cabezas en el mes de junio, el mayor volumen de ovinos desde 2007. Este stock\u2026","rel":"","context":"En \u00abActualidad\u00bb","block_context":{"text":"Actualidad","link":"https:\/\/lahoradelcampo.com.uy\/site\/category\/actualidad\/"},"img":{"alt_text":"","src":"https:\/\/i0.wp.com\/lahoradelcampo.com.uy\/site\/wp-content\/uploads\/2024\/09\/Merinoaustraliano-general.jpg?fit=880%2C440&ssl=1&resize=350%2C200","width":350,"height":200,"srcset":"https:\/\/i0.wp.com\/lahoradelcampo.com.uy\/site\/wp-content\/uploads\/2024\/09\/Merinoaustraliano-general.jpg?fit=880%2C440&ssl=1&resize=350%2C200 1x, https:\/\/i0.wp.com\/lahoradelcampo.com.uy\/site\/wp-content\/uploads\/2024\/09\/Merinoaustraliano-general.jpg?fit=880%2C440&ssl=1&resize=525%2C300 1.5x, https:\/\/i0.wp.com\/lahoradelcampo.com.uy\/site\/wp-content\/uploads\/2024\/09\/Merinoaustraliano-general.jpg?fit=880%2C440&ssl=1&resize=700%2C400 2x"},"classes":[]}],"jetpack_likes_enabled":true,"_links":{"self":[{"href":"https:\/\/lahoradelcampo.com.uy\/site\/wp-json\/wp\/v2\/posts\/37397","targetHints":{"allow":["GET"]}}],"collection":[{"href":"https:\/\/lahoradelcampo.com.uy\/site\/wp-json\/wp\/v2\/posts"}],"about":[{"href":"https:\/\/lahoradelcampo.com.uy\/site\/wp-json\/wp\/v2\/types\/post"}],"author":[{"embeddable":true,"href":"https:\/\/lahoradelcampo.com.uy\/site\/wp-json\/wp\/v2\/users\/5"}],"replies":[{"embeddable":true,"href":"https:\/\/lahoradelcampo.com.uy\/site\/wp-json\/wp\/v2\/comments?post=37397"}],"version-history":[{"count":1,"href":"https:\/\/lahoradelcampo.com.uy\/site\/wp-json\/wp\/v2\/posts\/37397\/revisions"}],"predecessor-version":[{"id":37401,"href":"https:\/\/lahoradelcampo.com.uy\/site\/wp-json\/wp\/v2\/posts\/37397\/revisions\/37401"}],"wp:featuredmedia":[{"embeddable":true,"href":"https:\/\/lahoradelcampo.com.uy\/site\/wp-json\/wp\/v2\/media\/37399"}],"wp:attachment":[{"href":"https:\/\/lahoradelcampo.com.uy\/site\/wp-json\/wp\/v2\/media?parent=37397"}],"wp:term":[{"taxonomy":"category","embeddable":true,"href":"https:\/\/lahoradelcampo.com.uy\/site\/wp-json\/wp\/v2\/categories?post=37397"},{"taxonomy":"post_tag","embeddable":true,"href":"https:\/\/lahoradelcampo.com.uy\/site\/wp-json\/wp\/v2\/tags?post=37397"}],"curies":[{"name":"wp","href":"https:\/\/api.w.org\/{rel}","templated":true}]}}