{"id":37391,"date":"2021-12-10T08:48:25","date_gmt":"2021-12-10T11:48:25","guid":{"rendered":"http:\/\/lahoradelcampo.com.uy\/site\/?p=37391"},"modified":"2021-12-10T08:48:30","modified_gmt":"2021-12-10T11:48:30","slug":"un-ano-excepcional-para-celebrar-con-toda-la-cadena-carnica","status":"publish","type":"post","link":"https:\/\/lahoradelcampo.com.uy\/site\/un-ano-excepcional-para-celebrar-con-toda-la-cadena-carnica\/","title":{"rendered":"Un a\u00f1o excepcional para celebrar con toda la cadena c\u00e1rnica"},"content":{"rendered":"\n<figure class=\"wp-block-image\"><img data-recalc-dims=\"1\" loading=\"lazy\" decoding=\"async\" width=\"810\" height=\"405\" data-attachment-id=\"37393\" data-permalink=\"https:\/\/lahoradelcampo.com.uy\/site\/un-ano-excepcional-para-celebrar-con-toda-la-cadena-carnica\/inac-mattosferber\/\" data-orig-file=\"https:\/\/i0.wp.com\/lahoradelcampo.com.uy\/site\/wp-content\/uploads\/2021\/12\/INAC-mattosferber.jpg?fit=880%2C440&amp;ssl=1\" data-orig-size=\"880,440\" data-comments-opened=\"1\" data-image-meta=\"{&quot;aperture&quot;:&quot;0&quot;,&quot;credit&quot;:&quot;&quot;,&quot;camera&quot;:&quot;&quot;,&quot;caption&quot;:&quot;&quot;,&quot;created_timestamp&quot;:&quot;0&quot;,&quot;copyright&quot;:&quot;&quot;,&quot;focal_length&quot;:&quot;0&quot;,&quot;iso&quot;:&quot;0&quot;,&quot;shutter_speed&quot;:&quot;0&quot;,&quot;title&quot;:&quot;&quot;,&quot;orientation&quot;:&quot;1&quot;}\" data-image-title=\"INAC-mattosferber\" data-image-description=\"\" data-image-caption=\"\" data-large-file=\"https:\/\/i0.wp.com\/lahoradelcampo.com.uy\/site\/wp-content\/uploads\/2021\/12\/INAC-mattosferber.jpg?fit=810%2C405&amp;ssl=1\" src=\"https:\/\/i0.wp.com\/lahoradelcampo.com.uy\/site\/wp-content\/uploads\/2021\/12\/INAC-mattosferber.jpg?resize=810%2C405\" alt=\"\" class=\"wp-image-37393\" srcset=\"https:\/\/i0.wp.com\/lahoradelcampo.com.uy\/site\/wp-content\/uploads\/2021\/12\/INAC-mattosferber.jpg?w=880&amp;ssl=1 880w, https:\/\/i0.wp.com\/lahoradelcampo.com.uy\/site\/wp-content\/uploads\/2021\/12\/INAC-mattosferber.jpg?resize=300%2C150&amp;ssl=1 300w, https:\/\/i0.wp.com\/lahoradelcampo.com.uy\/site\/wp-content\/uploads\/2021\/12\/INAC-mattosferber.jpg?resize=768%2C384&amp;ssl=1 768w, https:\/\/i0.wp.com\/lahoradelcampo.com.uy\/site\/wp-content\/uploads\/2021\/12\/INAC-mattosferber.jpg?resize=820%2C410&amp;ssl=1 820w\" sizes=\"auto, (max-width: 810px) 100vw, 810px\" \/><\/figure>\n\n\n\n<p>INAC present\u00f3 las cifras 2021 para el sector que muestran una recuperaci\u00f3n de actividad con niveles elevados de faena, ingresos que representan el 25 % de las exportaciones globales del pa\u00eds y una recuperaci\u00f3n del consumo de prote\u00ednas en Uruguay.<\/p>\n\n\n\n<p>Con la presencia del ministro de Ganader\u00eda Fernando Mattos, el Presidente de INAC Conrado Ferber y el equipo gerencial del Area de Negocios del Instituto, brindaron una conferencia de prensa de cierre del a\u00f1o.&nbsp;<\/p>\n\n\n\n<p>Los gerentes que acompa\u00f1aron a las autoridades son Pablo Caputi de Conocimiento, Lautaro P\u00e9rez de Marketing, Fernanda Cuervo de Mercado Interno, Jorge Acosta de Informaci\u00f3n y Natalia Barsanti de Calidad.<\/p>\n\n\n\n<p>El ministro Mattos indic\u00f3 que nos encaminamos a celebrar un a\u00f1o de r\u00e9cords y que el m\u00e9rito es del desempe\u00f1o de los integrantes de la cadena.<\/p>\n\n\n\n<p>Agreg\u00f3 que los mercados se est\u00e1n alineando y que existe una asociaci\u00f3n directa entre salud y nutrici\u00f3n, con consumidores que siguen con mayor atenci\u00f3n los aspectos que impulsan la inmunidad por lo que la nutrici\u00f3n de calidad pasa a ser importante.<\/p>\n\n\n\n<p>En tal sentido manifest\u00f3 el salto de preferencia y demanda que ha tenido el pa\u00eds con las carnes, con precios promedio destacados tanto en carne bovina como ovina.<\/p>\n\n\n\n<p>Los mercados externos tienen una demanda segura y a buen precio y apuntaremos a mejorar el valor, en la medida que sigamos haciendo un buen trabajo, indic\u00f3 el ministro.<\/p>\n\n\n\n<p>El Presidente del Instituto hizo una s\u00edntesis de lo desaf\u00edos que el sector debi\u00f3 enfrentar este a\u00f1o para mantener los mercados para las carnes uruguayas activos, entre ellos asuntos de log\u00edstica y otros vinculados a la pandemia que culminaron con una actividad muy importante con precios excelente y vol\u00famenes destacados.<\/p>\n\n\n\n<p>Asimismo resalt\u00f3 las actividades realizadas en el interior del pa\u00eds con los carniceros, con el fin de generar un mejor desarrollo del mercado interno a partir de la aplicaci\u00f3n del nuevo marco normativo y del nuevo registro para la comercializaci\u00f3n de carnes.<\/p>\n\n\n\n<p>En materia marketing internacional valor\u00f3 la participaci\u00f3n en ferias internacionales durante 2021 con el apoyo muy valorado de los embajadores de Uruguay en el mundo.<\/p>\n\n\n\n<p>Salto, 10 de diciembre de 2021<\/p>\n","protected":false},"excerpt":{"rendered":"<p>INAC present\u00f3 las cifras 2021 para el sector que muestran una recuperaci\u00f3n de actividad con niveles elevados de faena, ingresos que representan el 25 % de las exportaciones globales del [&hellip;]<\/p>\n","protected":false},"author":5,"featured_media":37393,"comment_status":"open","ping_status":"open","sticky":false,"template":"","format":"standard","meta":{"_price":"","_stock":"","_tribe_ticket_header":"","_tribe_default_ticket_provider":"","_tribe_ticket_capacity":"0","_ticket_start_date":"","_ticket_end_date":"","_tribe_ticket_show_description":"","_tribe_ticket_show_not_going":false,"_tribe_ticket_use_global_stock":"","_tribe_ticket_global_stock_level":"","_global_stock_mode":"","_global_stock_cap":"","_tribe_rsvp_for_event":"","_tribe_ticket_going_count":"","_tribe_ticket_not_going_count":"","_tribe_tickets_list":"[]","_tribe_ticket_has_attendee_info_fields":false,"h5ap_radio_sources":[],"_jetpack_newsletter_access":"","_jetpack_dont_email_post_to_subs":false,"_jetpack_newsletter_tier_id":0,"_jetpack_memberships_contains_paywalled_content":false,"_jetpack_memberships_contains_paid_content":false,"footnotes":""},"categories":[21,5],"tags":[],"class_list":["post-37391","post","type-post","status-publish","format-standard","has-post-thumbnail","hentry","category-actualidad","category-ganaderia"],"jetpack_featured_media_url":"https:\/\/i0.wp.com\/lahoradelcampo.com.uy\/site\/wp-content\/uploads\/2021\/12\/INAC-mattosferber.jpg?fit=880%2C440&ssl=1","jetpack_sharing_enabled":true,"jetpack_shortlink":"https:\/\/wp.me\/p99IaT-9J5","jetpack-related-posts":[{"id":18290,"url":"https:\/\/lahoradelcampo.com.uy\/site\/asumio-el-ing-fernando-mattos-al-frente-de-inac\/","url_meta":{"origin":37391,"position":0},"title":"Asumi\u00f3 el Ing. Fernando Mattos al frente de INAC","author":"La Hora del Campo","date":"24 marzo, 2020","format":false,"excerpt":"En ceremonia reservada ante el Ministro de Ganader\u00eda, Agricultura y Pesca, Ing. Agr. Carlos Maria Uriarte, el Subsecretario Ing. Agr. Juan Ignacio Buffa y miembros titulares de Junta, se realiz\u00f3 el traspaso de mando. Se llev\u00f3 a cabo de esta manera para tomar medidas preventivas ante la epidemia de coronovirus.\u2026","rel":"","context":"En \u00abActualidad\u00bb","block_context":{"text":"Actualidad","link":"https:\/\/lahoradelcampo.com.uy\/site\/category\/actualidad\/"},"img":{"alt_text":"","src":"https:\/\/i0.wp.com\/lahoradelcampo.com.uy\/site\/wp-content\/uploads\/2020\/03\/Inac-2.jpg?fit=880%2C440&ssl=1&resize=350%2C200","width":350,"height":200,"srcset":"https:\/\/i0.wp.com\/lahoradelcampo.com.uy\/site\/wp-content\/uploads\/2020\/03\/Inac-2.jpg?fit=880%2C440&ssl=1&resize=350%2C200 1x, https:\/\/i0.wp.com\/lahoradelcampo.com.uy\/site\/wp-content\/uploads\/2020\/03\/Inac-2.jpg?fit=880%2C440&ssl=1&resize=525%2C300 1.5x, https:\/\/i0.wp.com\/lahoradelcampo.com.uy\/site\/wp-content\/uploads\/2020\/03\/Inac-2.jpg?fit=880%2C440&ssl=1&resize=700%2C400 2x"},"classes":[]},{"id":31606,"url":"https:\/\/lahoradelcampo.com.uy\/site\/fernando-mattos-asume-como-ministro-de-ganaderia-agricultura-y-pesca\/","url_meta":{"origin":37391,"position":1},"title":"Fernando Mattos asume como Ministro de Ganader\u00eda, Agricultura y Pesca","author":"La Hora del Campo","date":"28 junio, 2021","format":false,"excerpt":"El s\u00e1bado por la tarde, Carlos Mar\u00eda Uriarte particip\u00f3 como ministro en el Congreso Anual de la Federaci\u00f3n Rural y realiz\u00f3 un racconto de los temas m\u00e1s importantes en su gesti\u00f3n durante el \u00faltimo a\u00f1o, donde marc\u00f3 avances en varios temas, otros que est\u00e1n en carpeta y tambi\u00e9n proyectos a\u2026","rel":"","context":"En \u00abActualidad\u00bb","block_context":{"text":"Actualidad","link":"https:\/\/lahoradelcampo.com.uy\/site\/category\/actualidad\/"},"img":{"alt_text":"","src":"https:\/\/i0.wp.com\/lahoradelcampo.com.uy\/site\/wp-content\/uploads\/2020\/03\/Fernando-Mattos.jpg?fit=880%2C440&ssl=1&resize=350%2C200","width":350,"height":200,"srcset":"https:\/\/i0.wp.com\/lahoradelcampo.com.uy\/site\/wp-content\/uploads\/2020\/03\/Fernando-Mattos.jpg?fit=880%2C440&ssl=1&resize=350%2C200 1x, https:\/\/i0.wp.com\/lahoradelcampo.com.uy\/site\/wp-content\/uploads\/2020\/03\/Fernando-Mattos.jpg?fit=880%2C440&ssl=1&resize=525%2C300 1.5x, https:\/\/i0.wp.com\/lahoradelcampo.com.uy\/site\/wp-content\/uploads\/2020\/03\/Fernando-Mattos.jpg?fit=880%2C440&ssl=1&resize=700%2C400 2x"},"classes":[]},{"id":21016,"url":"https:\/\/lahoradelcampo.com.uy\/site\/presidente-de-inac-defendio-en-el-parlamento-los-cambios-propuestos-en-la-luc\/","url_meta":{"origin":37391,"position":2},"title":"Presidente de INAC defendi\u00f3 en el Parlamento los cambios propuestos en la LUC","author":"La Hora del Campo","date":"17 junio, 2020","format":false,"excerpt":"El presidente de INAC, Fernando Mattos, integr\u00f3 la delegaci\u00f3n del Ministerio de Ganader\u00eda, Agricultura y Pesca, encabezada por el ministro Carlos Mar\u00eda Uriarte y el subsecretario Ignacio Buffa, que asisti\u00f3 a la Comisi\u00f3n Especial para el Estudio de la Ley de Urgente Consideraci\u00f3n del Parlamento. En conferencia de prensa y\u2026","rel":"","context":"En \u00abActualidad\u00bb","block_context":{"text":"Actualidad","link":"https:\/\/lahoradelcampo.com.uy\/site\/category\/actualidad\/"},"img":{"alt_text":"","src":"https:\/\/i0.wp.com\/lahoradelcampo.com.uy\/site\/wp-content\/uploads\/2020\/06\/INACLUC.jpg?fit=880%2C440&ssl=1&resize=350%2C200","width":350,"height":200,"srcset":"https:\/\/i0.wp.com\/lahoradelcampo.com.uy\/site\/wp-content\/uploads\/2020\/06\/INACLUC.jpg?fit=880%2C440&ssl=1&resize=350%2C200 1x, https:\/\/i0.wp.com\/lahoradelcampo.com.uy\/site\/wp-content\/uploads\/2020\/06\/INACLUC.jpg?fit=880%2C440&ssl=1&resize=525%2C300 1.5x, https:\/\/i0.wp.com\/lahoradelcampo.com.uy\/site\/wp-content\/uploads\/2020\/06\/INACLUC.jpg?fit=880%2C440&ssl=1&resize=700%2C400 2x"},"classes":[]},{"id":32528,"url":"https:\/\/lahoradelcampo.com.uy\/site\/las-cajas-negras-seran-el-primer-desafio-para-el-fondo-sectorial-de-la-carne\/","url_meta":{"origin":37391,"position":3},"title":"Las cajas negras ser\u00e1n el primer desaf\u00edo para el Fondo Sectorial de la Carne","author":"La Hora del Campo","date":"29 julio, 2021","format":false,"excerpt":"Con la firma del convenio entre ANII e INAC se habilitar\u00e1 desde hoy el llamado p\u00fablico para la renovaci\u00f3n del Sistema Electr\u00f3nico de Informaci\u00f3n de la Industria C\u00e1rnica SEIIC-Cajas negras. Dos son los proyectos que se han seleccionado para este Fondo que tiene el fin de generar mejores condiciones para\u2026","rel":"","context":"En \u00abActualidad\u00bb","block_context":{"text":"Actualidad","link":"https:\/\/lahoradelcampo.com.uy\/site\/category\/actualidad\/"},"img":{"alt_text":"","src":"https:\/\/i0.wp.com\/lahoradelcampo.com.uy\/site\/wp-content\/uploads\/2021\/07\/inac-cajasnegras.jpg?fit=880%2C440&ssl=1&resize=350%2C200","width":350,"height":200,"srcset":"https:\/\/i0.wp.com\/lahoradelcampo.com.uy\/site\/wp-content\/uploads\/2021\/07\/inac-cajasnegras.jpg?fit=880%2C440&ssl=1&resize=350%2C200 1x, https:\/\/i0.wp.com\/lahoradelcampo.com.uy\/site\/wp-content\/uploads\/2021\/07\/inac-cajasnegras.jpg?fit=880%2C440&ssl=1&resize=525%2C300 1.5x, https:\/\/i0.wp.com\/lahoradelcampo.com.uy\/site\/wp-content\/uploads\/2021\/07\/inac-cajasnegras.jpg?fit=880%2C440&ssl=1&resize=700%2C400 2x"},"classes":[]},{"id":52588,"url":"https:\/\/lahoradelcampo.com.uy\/site\/mattos-no-es-un-deficit-fiscal-estructural-sino-circunstancial-que-buscaremos-revertir\/","url_meta":{"origin":37391,"position":4},"title":"Mattos: \u00abNo es un d\u00e9ficit fiscal estructural sino circunstancial, que buscaremos revertir\u00bb","author":"La Hora del Campo","date":"18 septiembre, 2023","format":false,"excerpt":"El ministro de Ganader\u00eda, Agricultura y Pesca, Ing. Agr. Fernando Mattos, en representaci\u00f3n del Poder Ejecutivo, en su discurso resalt\u00f3 el compromiso del gobierno con el sector agropecuario uruguayo, especialmente en los momentos m\u00e1s desafiantes de la reciente sequ\u00eda que afect\u00f3 al pa\u00eds. El ministro record\u00f3 que la sequ\u00eda oblig\u00f3\u2026","rel":"","context":"En \u00abActualidad\u00bb","block_context":{"text":"Actualidad","link":"https:\/\/lahoradelcampo.com.uy\/site\/category\/actualidad\/"},"img":{"alt_text":"","src":"https:\/\/i0.wp.com\/lahoradelcampo.com.uy\/site\/wp-content\/uploads\/2023\/09\/discursosprado2.jpg?fit=880%2C440&ssl=1&resize=350%2C200","width":350,"height":200,"srcset":"https:\/\/i0.wp.com\/lahoradelcampo.com.uy\/site\/wp-content\/uploads\/2023\/09\/discursosprado2.jpg?fit=880%2C440&ssl=1&resize=350%2C200 1x, https:\/\/i0.wp.com\/lahoradelcampo.com.uy\/site\/wp-content\/uploads\/2023\/09\/discursosprado2.jpg?fit=880%2C440&ssl=1&resize=525%2C300 1.5x, https:\/\/i0.wp.com\/lahoradelcampo.com.uy\/site\/wp-content\/uploads\/2023\/09\/discursosprado2.jpg?fit=880%2C440&ssl=1&resize=700%2C400 2x"},"classes":[]},{"id":32254,"url":"https:\/\/lahoradelcampo.com.uy\/site\/mgap-coordina-con-inac-para-continuar-politicas-hacia-el-abasto-interno\/","url_meta":{"origin":37391,"position":5},"title":"MGAP coordina con INAC para continuar pol\u00edticas hacia el abasto interno","author":"La Hora del Campo","date":"21 julio, 2021","format":false,"excerpt":"En la jornada de este lunes, previo a la primera reuni\u00f3n de la Junta Directiva del Instituto Nacional de Carnes (INAC), presidida por Conrado Ferber, qui\u00e9n asumi\u00f3 en la pasada semana, la instituci\u00f3n recibi\u00f3 la visita del actual Ministro de Ganader\u00eda, Agricultura y Pesca (MGAP), Ing. Agr. Fernando Mattos, qui\u00e9n\u2026","rel":"","context":"En \u00abActualidad\u00bb","block_context":{"text":"Actualidad","link":"https:\/\/lahoradelcampo.com.uy\/site\/category\/actualidad\/"},"img":{"alt_text":"","src":"https:\/\/i0.wp.com\/lahoradelcampo.com.uy\/site\/wp-content\/uploads\/2021\/07\/inacmattos.jpg?fit=880%2C440&ssl=1&resize=350%2C200","width":350,"height":200,"srcset":"https:\/\/i0.wp.com\/lahoradelcampo.com.uy\/site\/wp-content\/uploads\/2021\/07\/inacmattos.jpg?fit=880%2C440&ssl=1&resize=350%2C200 1x, https:\/\/i0.wp.com\/lahoradelcampo.com.uy\/site\/wp-content\/uploads\/2021\/07\/inacmattos.jpg?fit=880%2C440&ssl=1&resize=525%2C300 1.5x, https:\/\/i0.wp.com\/lahoradelcampo.com.uy\/site\/wp-content\/uploads\/2021\/07\/inacmattos.jpg?fit=880%2C440&ssl=1&resize=700%2C400 2x"},"classes":[]}],"jetpack_likes_enabled":true,"_links":{"self":[{"href":"https:\/\/lahoradelcampo.com.uy\/site\/wp-json\/wp\/v2\/posts\/37391","targetHints":{"allow":["GET"]}}],"collection":[{"href":"https:\/\/lahoradelcampo.com.uy\/site\/wp-json\/wp\/v2\/posts"}],"about":[{"href":"https:\/\/lahoradelcampo.com.uy\/site\/wp-json\/wp\/v2\/types\/post"}],"author":[{"embeddable":true,"href":"https:\/\/lahoradelcampo.com.uy\/site\/wp-json\/wp\/v2\/users\/5"}],"replies":[{"embeddable":true,"href":"https:\/\/lahoradelcampo.com.uy\/site\/wp-json\/wp\/v2\/comments?post=37391"}],"version-history":[{"count":1,"href":"https:\/\/lahoradelcampo.com.uy\/site\/wp-json\/wp\/v2\/posts\/37391\/revisions"}],"predecessor-version":[{"id":37395,"href":"https:\/\/lahoradelcampo.com.uy\/site\/wp-json\/wp\/v2\/posts\/37391\/revisions\/37395"}],"wp:featuredmedia":[{"embeddable":true,"href":"https:\/\/lahoradelcampo.com.uy\/site\/wp-json\/wp\/v2\/media\/37393"}],"wp:attachment":[{"href":"https:\/\/lahoradelcampo.com.uy\/site\/wp-json\/wp\/v2\/media?parent=37391"}],"wp:term":[{"taxonomy":"category","embeddable":true,"href":"https:\/\/lahoradelcampo.com.uy\/site\/wp-json\/wp\/v2\/categories?post=37391"},{"taxonomy":"post_tag","embeddable":true,"href":"https:\/\/lahoradelcampo.com.uy\/site\/wp-json\/wp\/v2\/tags?post=37391"}],"curies":[{"name":"wp","href":"https:\/\/api.w.org\/{rel}","templated":true}]}}