{"id":37385,"date":"2021-12-10T08:45:33","date_gmt":"2021-12-10T11:45:33","guid":{"rendered":"http:\/\/lahoradelcampo.com.uy\/site\/?p=37385"},"modified":"2021-12-10T08:45:39","modified_gmt":"2021-12-10T11:45:39","slug":"inia-presento-nuevo-sistema-de-enmallado-en-el-citrus","status":"publish","type":"post","link":"https:\/\/lahoradelcampo.com.uy\/site\/inia-presento-nuevo-sistema-de-enmallado-en-el-citrus\/","title":{"rendered":"INIA present\u00f3 nuevo sistema de enmallado en el citrus"},"content":{"rendered":"\n<figure class=\"wp-block-image\"><img data-recalc-dims=\"1\" loading=\"lazy\" decoding=\"async\" width=\"810\" height=\"405\" data-attachment-id=\"37387\" data-permalink=\"https:\/\/lahoradelcampo.com.uy\/site\/inia-presento-nuevo-sistema-de-enmallado-en-el-citrus\/inia-enmallado\/\" data-orig-file=\"https:\/\/i0.wp.com\/lahoradelcampo.com.uy\/site\/wp-content\/uploads\/2021\/12\/INIA-Enmallado.jpg?fit=880%2C440&amp;ssl=1\" data-orig-size=\"880,440\" data-comments-opened=\"1\" data-image-meta=\"{&quot;aperture&quot;:&quot;0&quot;,&quot;credit&quot;:&quot;&quot;,&quot;camera&quot;:&quot;&quot;,&quot;caption&quot;:&quot;&quot;,&quot;created_timestamp&quot;:&quot;0&quot;,&quot;copyright&quot;:&quot;&quot;,&quot;focal_length&quot;:&quot;0&quot;,&quot;iso&quot;:&quot;0&quot;,&quot;shutter_speed&quot;:&quot;0&quot;,&quot;title&quot;:&quot;&quot;,&quot;orientation&quot;:&quot;1&quot;}\" data-image-title=\"INIA-Enmallado\" data-image-description=\"\" data-image-caption=\"\" data-large-file=\"https:\/\/i0.wp.com\/lahoradelcampo.com.uy\/site\/wp-content\/uploads\/2021\/12\/INIA-Enmallado.jpg?fit=810%2C405&amp;ssl=1\" src=\"https:\/\/i0.wp.com\/lahoradelcampo.com.uy\/site\/wp-content\/uploads\/2021\/12\/INIA-Enmallado.jpg?resize=810%2C405\" alt=\"\" class=\"wp-image-37387\" srcset=\"https:\/\/i0.wp.com\/lahoradelcampo.com.uy\/site\/wp-content\/uploads\/2021\/12\/INIA-Enmallado.jpg?w=880&amp;ssl=1 880w, https:\/\/i0.wp.com\/lahoradelcampo.com.uy\/site\/wp-content\/uploads\/2021\/12\/INIA-Enmallado.jpg?resize=300%2C150&amp;ssl=1 300w, https:\/\/i0.wp.com\/lahoradelcampo.com.uy\/site\/wp-content\/uploads\/2021\/12\/INIA-Enmallado.jpg?resize=768%2C384&amp;ssl=1 768w, https:\/\/i0.wp.com\/lahoradelcampo.com.uy\/site\/wp-content\/uploads\/2021\/12\/INIA-Enmallado.jpg?resize=820%2C410&amp;ssl=1 820w\" sizes=\"auto, (max-width: 810px) 100vw, 810px\" \/><\/figure>\n\n\n\n<p>El pasado 3 diciembre de 2021 se realiz\u00f3 la primera visita con productores y t\u00e9cnicos vinculados de la actividad citr\u00edcola al experimento sobre el sistema de producci\u00f3n bajo enmallado total y permanente en plantas adultas de c\u00edtricos en la zona de Zanja Honda, Salto.<br><\/p>\n\n\n\n<p>Este nuevo sistema de enmallado total es parte del proyecto \u201cSistemas Sustentables de Alta Eficiencia de Producci\u00f3n de Fruta C\u00edtrica de Exportaci\u00f3n\u201d financiado por el Fondo Sectorial Innovagro, en asociaci\u00f3n de instituciones de investigaci\u00f3n como INIA y Fagro-Udelar (Departamento de Suelos y Aguas) y el sector privado (Guarino Hnos. SA).<br><\/p>\n\n\n\n<p>El prop\u00f3sito de este trabajo es proporcionar informaci\u00f3n cient\u00edfica y t\u00e9cnica sobre el desempe\u00f1o productivo y de la calidad de la fruta de un nuevo sistema de producci\u00f3n de c\u00edtricos bajo cubierta total de mallas, poniendo \u00e9nfasis en el estudio de la din\u00e1mica del agua, los nutrientes, factores ambientales (temperatura, humedad relativa, viento, radiaci\u00f3n solar), la incidencia de plagas y enfermedades y la disminuci\u00f3n del uso de pesticidas.  <\/p>\n\n\n\n<p>El cerramiento consiste en parcelas de 1 hect\u00e1rea bajo la malla y se comparan el testigo sin malla y dos tipos de malla. Malla de 40 mesh que no permite el pasaje de Diaphorina citri y malla que no permite el pasaje de las abejas. <br><\/p>\n\n\n\n<p>En los dos primeros a\u00f1os de evaluaci\u00f3n se constat\u00f3 un cambio significativo en el ambiente bajo las mallas, con reducci\u00f3n de la velocidad del viento, aumento de la humedad relativa y la temperatura m\u00e1xima, as\u00ed como reducci\u00f3n en la radiaci\u00f3n solar de acuerdo al tipo de malla. Estos cambios en el ambiente han ocasionado cambios en la din\u00e1mica de los insectos y de las enfermedades, as\u00ed como en el crecimiento y desarrollo de las plantas c\u00edtricas.<br><\/p>\n\n\n\n<p>La calidad de la fruta, especialmente en la calidad externa, se increment\u00f3 en forma notoria, llegando a niveles del 85% de alta calidad de exportaci\u00f3n, especialmente por el menor rameado; con porcentaje de semillas en las frutas casi nula bajo las mallas. El consumo de agua por las plantas fue menor, con un incremento del volumen de la copa. El rendimiento ha sido m\u00e1s estable entre a\u00f1os bajo los dos tipos de mallas, aunque para evaluar esta caracter\u00edstica debemos espera otros a\u00f1os de evaluaci\u00f3n.<\/p>\n\n\n\n<p>Salto, 10 de diciembre de 2021<\/p>\n","protected":false},"excerpt":{"rendered":"<p>El pasado 3 diciembre de 2021 se realiz\u00f3 la primera visita con productores y t\u00e9cnicos vinculados de la actividad citr\u00edcola al experimento sobre el sistema de producci\u00f3n bajo enmallado total [&hellip;]<\/p>\n","protected":false},"author":5,"featured_media":37387,"comment_status":"open","ping_status":"open","sticky":false,"template":"","format":"standard","meta":{"_price":"","_stock":"","_tribe_ticket_header":"","_tribe_default_ticket_provider":"","_tribe_ticket_capacity":"0","_ticket_start_date":"","_ticket_end_date":"","_tribe_ticket_show_description":"","_tribe_ticket_show_not_going":false,"_tribe_ticket_use_global_stock":"","_tribe_ticket_global_stock_level":"","_global_stock_mode":"","_global_stock_cap":"","_tribe_rsvp_for_event":"","_tribe_ticket_going_count":"","_tribe_ticket_not_going_count":"","_tribe_tickets_list":"[]","_tribe_ticket_has_attendee_info_fields":false,"h5ap_radio_sources":[],"_jetpack_newsletter_access":"","_jetpack_dont_email_post_to_subs":false,"_jetpack_newsletter_tier_id":0,"_jetpack_memberships_contains_paywalled_content":false,"_jetpack_memberships_contains_paid_content":false,"footnotes":""},"categories":[21,9],"tags":[],"class_list":["post-37385","post","type-post","status-publish","format-standard","has-post-thumbnail","hentry","category-actualidad","category-granja"],"jetpack_featured_media_url":"https:\/\/i0.wp.com\/lahoradelcampo.com.uy\/site\/wp-content\/uploads\/2021\/12\/INIA-Enmallado.jpg?fit=880%2C440&ssl=1","jetpack_sharing_enabled":true,"jetpack_shortlink":"https:\/\/wp.me\/p99IaT-9IZ","jetpack-related-posts":[{"id":22560,"url":"https:\/\/lahoradelcampo.com.uy\/site\/el-sorgo-forrajero-en-la-recria-y-el-engorde-de-novillos-en-el-verano\/","url_meta":{"origin":37385,"position":0},"title":"El sorgo forrajero en la recr\u00eda y el engorde de novillos en el verano","author":"La Hora del Campo","date":"11 agosto, 2020","format":false,"excerpt":"El Instituto Nacional de Investigaci\u00f3n Agropecuaria (INIA) y el programa de Carne y Lana, comienza el pr\u00f3ximo jueves 27 de agosto un nuevo ciclo de charlas con propuestas tecnol\u00f3gicas para la ganader\u00eda de carne ovina y bovina. En este sentido el Ing. Agr. Fabio Montossi, integrante del programa de Carne\u2026","rel":"","context":"En \u00abActualidad\u00bb","block_context":{"text":"Actualidad","link":"https:\/\/lahoradelcampo.com.uy\/site\/category\/actualidad\/"},"img":{"alt_text":"","src":"https:\/\/i0.wp.com\/lahoradelcampo.com.uy\/site\/wp-content\/uploads\/2020\/08\/Novillossorgo.jpg?fit=880%2C440&ssl=1&resize=350%2C200","width":350,"height":200,"srcset":"https:\/\/i0.wp.com\/lahoradelcampo.com.uy\/site\/wp-content\/uploads\/2020\/08\/Novillossorgo.jpg?fit=880%2C440&ssl=1&resize=350%2C200 1x, https:\/\/i0.wp.com\/lahoradelcampo.com.uy\/site\/wp-content\/uploads\/2020\/08\/Novillossorgo.jpg?fit=880%2C440&ssl=1&resize=525%2C300 1.5x, https:\/\/i0.wp.com\/lahoradelcampo.com.uy\/site\/wp-content\/uploads\/2020\/08\/Novillossorgo.jpg?fit=880%2C440&ssl=1&resize=700%2C400 2x"},"classes":[]},{"id":26376,"url":"https:\/\/lahoradelcampo.com.uy\/site\/inia-y-rustikas-uy-trabajaran-en-el-desarrollo-de-nuevos-cultivares-de-papa\/","url_meta":{"origin":37385,"position":1},"title":"INIA y Rustikas.Uy trabajar\u00e1n en el desarrollo de cultivares de papa","author":"La Hora del Campo","date":"28 diciembre, 2020","format":false,"excerpt":"\u200bEl Instituto Nacional de Investigaci\u00f3n Agropecuaria (INIA) firm\u00f3 un convenio con la empresa local de agrobiotecnolog\u00eda Rustikas.Uy mediante el cual trabajar\u00e1n conjuntamente en la selecci\u00f3n, evaluaci\u00f3n, validaci\u00f3n y producci\u00f3n de semillas de nuevos cultivares de papa de origen uruguayo. El objetivo de la alianza es potenciar las capacidades de mejoramiento\u2026","rel":"","context":"En \u00abActualidad\u00bb","block_context":{"text":"Actualidad","link":"https:\/\/lahoradelcampo.com.uy\/site\/category\/actualidad\/"},"img":{"alt_text":"","src":"https:\/\/i0.wp.com\/lahoradelcampo.com.uy\/site\/wp-content\/uploads\/2018\/04\/Papa.jpg?fit=880%2C440&ssl=1&resize=350%2C200","width":350,"height":200,"srcset":"https:\/\/i0.wp.com\/lahoradelcampo.com.uy\/site\/wp-content\/uploads\/2018\/04\/Papa.jpg?fit=880%2C440&ssl=1&resize=350%2C200 1x, https:\/\/i0.wp.com\/lahoradelcampo.com.uy\/site\/wp-content\/uploads\/2018\/04\/Papa.jpg?fit=880%2C440&ssl=1&resize=525%2C300 1.5x, https:\/\/i0.wp.com\/lahoradelcampo.com.uy\/site\/wp-content\/uploads\/2018\/04\/Papa.jpg?fit=880%2C440&ssl=1&resize=700%2C400 2x"},"classes":[]},{"id":10417,"url":"https:\/\/lahoradelcampo.com.uy\/site\/inia-y-fucrea-apuntan-a-la-produccion-sustentable-del-vino\/","url_meta":{"origin":37385,"position":2},"title":"INIA y Fucrea apuntan a la producci\u00f3n sustentable del vino","author":"La Hora del Campo","date":"3 mayo, 2019","format":false,"excerpt":"El Instituto Nacional de Investigaci\u00f3n Agropecuaria (INIA) y la Federaci\u00f3n Uruguaya de Centros Regionales de Experimentaci\u00f3n Agropecuaria (FUCREA) firmaron un convenio de vinculaci\u00f3n tecnol\u00f3gica para llevar adelante el proyecto \"Ajuste, difusi\u00f3n y aplicaci\u00f3n de la normativa de producci\u00f3n integrada para uvas de vino, alineada con exigencias del mercado internacional de\u2026","rel":"","context":"En \u00abActualidad\u00bb","block_context":{"text":"Actualidad","link":"https:\/\/lahoradelcampo.com.uy\/site\/category\/actualidad\/"},"img":{"alt_text":"","src":"https:\/\/i0.wp.com\/lahoradelcampo.com.uy\/site\/wp-content\/uploads\/2019\/04\/Vinos.jpg?fit=880%2C440&ssl=1&resize=350%2C200","width":350,"height":200,"srcset":"https:\/\/i0.wp.com\/lahoradelcampo.com.uy\/site\/wp-content\/uploads\/2019\/04\/Vinos.jpg?fit=880%2C440&ssl=1&resize=350%2C200 1x, https:\/\/i0.wp.com\/lahoradelcampo.com.uy\/site\/wp-content\/uploads\/2019\/04\/Vinos.jpg?fit=880%2C440&ssl=1&resize=525%2C300 1.5x, https:\/\/i0.wp.com\/lahoradelcampo.com.uy\/site\/wp-content\/uploads\/2019\/04\/Vinos.jpg?fit=880%2C440&ssl=1&resize=700%2C400 2x"},"classes":[]},{"id":20540,"url":"https:\/\/lahoradelcampo.com.uy\/site\/inia-realiza-jornada-virtual-sobre-la-produccion-de-boniato-en-el-pais\/","url_meta":{"origin":37385,"position":3},"title":"INIA realiza jornada virtual sobre la producci\u00f3n de boniato en el pa\u00eds","author":"La Hora del Campo","date":"3 junio, 2020","format":false,"excerpt":"El \u00e1rea de producci\u00f3n hort\u00edcola del Instituto Nacional de Investigaci\u00f3n Agropecuaria (INIA) realizar\u00e1 una jornada sobre \"cultivares de boniato, el pr\u00f3ximo mi\u00e9rcoles 3 de junio a partir de las 18 horas. Actividad que ser\u00e1 virtual y se transmitir\u00e1 a trav\u00e9s del canal de Youtube de INIA. La actividad contar\u00e1 con\u2026","rel":"","context":"En \u00abActualidad\u00bb","block_context":{"text":"Actualidad","link":"https:\/\/lahoradelcampo.com.uy\/site\/category\/actualidad\/"},"img":{"alt_text":"","src":"https:\/\/i0.wp.com\/lahoradelcampo.com.uy\/site\/wp-content\/uploads\/2020\/04\/boniato.jpg?fit=880%2C440&ssl=1&resize=350%2C200","width":350,"height":200,"srcset":"https:\/\/i0.wp.com\/lahoradelcampo.com.uy\/site\/wp-content\/uploads\/2020\/04\/boniato.jpg?fit=880%2C440&ssl=1&resize=350%2C200 1x, https:\/\/i0.wp.com\/lahoradelcampo.com.uy\/site\/wp-content\/uploads\/2020\/04\/boniato.jpg?fit=880%2C440&ssl=1&resize=525%2C300 1.5x, https:\/\/i0.wp.com\/lahoradelcampo.com.uy\/site\/wp-content\/uploads\/2020\/04\/boniato.jpg?fit=880%2C440&ssl=1&resize=700%2C400 2x"},"classes":[]},{"id":3785,"url":"https:\/\/lahoradelcampo.com.uy\/site\/genetica-nacional-de-frutillas-funcionan-muy-bien-en-el-norte\/","url_meta":{"origin":37385,"position":4},"title":"Gen\u00e9tica nacional de frutillas funcionan muy bien en el norte","author":"La Hora del Campo","date":"9 noviembre, 2017","format":false,"excerpt":"En el pa\u00eds existen dos zonas productivas de frutilla muy importantes. La primera se encuentra en Salto y la otra en la zona de San Jos\u00e9 en el sur, pero con sistemas productivos diferentes lo que lleva a que la gen\u00e9tica nacional producida por el Instituto Nacional de Investigaci\u00f3n Agropecuaria\u2026","rel":"","context":"En \u00abActualidad\u00bb","block_context":{"text":"Actualidad","link":"https:\/\/lahoradelcampo.com.uy\/site\/category\/actualidad\/"},"img":{"alt_text":"","src":"https:\/\/i0.wp.com\/lahoradelcampo.com.uy\/site\/wp-content\/uploads\/2017\/11\/Vicente.jpg?fit=880%2C440&ssl=1&resize=350%2C200","width":350,"height":200,"srcset":"https:\/\/i0.wp.com\/lahoradelcampo.com.uy\/site\/wp-content\/uploads\/2017\/11\/Vicente.jpg?fit=880%2C440&ssl=1&resize=350%2C200 1x, https:\/\/i0.wp.com\/lahoradelcampo.com.uy\/site\/wp-content\/uploads\/2017\/11\/Vicente.jpg?fit=880%2C440&ssl=1&resize=525%2C300 1.5x, https:\/\/i0.wp.com\/lahoradelcampo.com.uy\/site\/wp-content\/uploads\/2017\/11\/Vicente.jpg?fit=880%2C440&ssl=1&resize=700%2C400 2x"},"classes":[]},{"id":56980,"url":"https:\/\/lahoradelcampo.com.uy\/site\/jornada-ovina-sobre-merino-dohne-en-inia-la-magnolia\/","url_meta":{"origin":37385,"position":5},"title":"Jornada ovina sobre Merino Dohne en INIA La Magnol\u00eda","author":"La Hora del Campo","date":"30 septiembre, 2025","format":false,"excerpt":"Ma\u00f1ana martes 30 de septiembre, a partir de las 9 horas, se desarrollar\u00e1 en el centro experimental INIA La Magnolia, en Tacuaremb\u00f3, una jornada de campo organizada en conjunto por el Instituto Nacional de Investigaci\u00f3n Agropecuaria (INIA) y el Secretariado Uruguayo de la Lana (SUL). La actividad est\u00e1 dirigida a\u2026","rel":"","context":"En \u00abActualidad\u00bb","block_context":{"text":"Actualidad","link":"https:\/\/lahoradelcampo.com.uy\/site\/category\/actualidad\/"},"img":{"alt_text":"","src":"https:\/\/i0.wp.com\/lahoradelcampo.com.uy\/site\/wp-content\/uploads\/2023\/07\/Ovinos-Dohne.jpg?fit=880%2C440&ssl=1&resize=350%2C200","width":350,"height":200,"srcset":"https:\/\/i0.wp.com\/lahoradelcampo.com.uy\/site\/wp-content\/uploads\/2023\/07\/Ovinos-Dohne.jpg?fit=880%2C440&ssl=1&resize=350%2C200 1x, https:\/\/i0.wp.com\/lahoradelcampo.com.uy\/site\/wp-content\/uploads\/2023\/07\/Ovinos-Dohne.jpg?fit=880%2C440&ssl=1&resize=525%2C300 1.5x, https:\/\/i0.wp.com\/lahoradelcampo.com.uy\/site\/wp-content\/uploads\/2023\/07\/Ovinos-Dohne.jpg?fit=880%2C440&ssl=1&resize=700%2C400 2x"},"classes":[]}],"jetpack_likes_enabled":true,"_links":{"self":[{"href":"https:\/\/lahoradelcampo.com.uy\/site\/wp-json\/wp\/v2\/posts\/37385","targetHints":{"allow":["GET"]}}],"collection":[{"href":"https:\/\/lahoradelcampo.com.uy\/site\/wp-json\/wp\/v2\/posts"}],"about":[{"href":"https:\/\/lahoradelcampo.com.uy\/site\/wp-json\/wp\/v2\/types\/post"}],"author":[{"embeddable":true,"href":"https:\/\/lahoradelcampo.com.uy\/site\/wp-json\/wp\/v2\/users\/5"}],"replies":[{"embeddable":true,"href":"https:\/\/lahoradelcampo.com.uy\/site\/wp-json\/wp\/v2\/comments?post=37385"}],"version-history":[{"count":1,"href":"https:\/\/lahoradelcampo.com.uy\/site\/wp-json\/wp\/v2\/posts\/37385\/revisions"}],"predecessor-version":[{"id":37389,"href":"https:\/\/lahoradelcampo.com.uy\/site\/wp-json\/wp\/v2\/posts\/37385\/revisions\/37389"}],"wp:featuredmedia":[{"embeddable":true,"href":"https:\/\/lahoradelcampo.com.uy\/site\/wp-json\/wp\/v2\/media\/37387"}],"wp:attachment":[{"href":"https:\/\/lahoradelcampo.com.uy\/site\/wp-json\/wp\/v2\/media?parent=37385"}],"wp:term":[{"taxonomy":"category","embeddable":true,"href":"https:\/\/lahoradelcampo.com.uy\/site\/wp-json\/wp\/v2\/categories?post=37385"},{"taxonomy":"post_tag","embeddable":true,"href":"https:\/\/lahoradelcampo.com.uy\/site\/wp-json\/wp\/v2\/tags?post=37385"}],"curies":[{"name":"wp","href":"https:\/\/api.w.org\/{rel}","templated":true}]}}