{"id":37367,"date":"2021-12-09T07:44:44","date_gmt":"2021-12-09T10:44:44","guid":{"rendered":"http:\/\/lahoradelcampo.com.uy\/site\/?p=37367"},"modified":"2021-12-09T07:44:49","modified_gmt":"2021-12-09T10:44:49","slug":"valdez-cia-buen-cierre-de-ano-en-las-ventas-de-valentin","status":"publish","type":"post","link":"https:\/\/lahoradelcampo.com.uy\/site\/valdez-cia-buen-cierre-de-ano-en-las-ventas-de-valentin\/","title":{"rendered":"Valdez &#038; C\u00eda: Buen cierre de a\u00f1o en las ventas de Valent\u00edn"},"content":{"rendered":"\n<figure class=\"wp-block-image\"><img data-recalc-dims=\"1\" loading=\"lazy\" decoding=\"async\" width=\"810\" height=\"405\" data-attachment-id=\"28000\" data-permalink=\"https:\/\/lahoradelcampo.com.uy\/site\/agilidad-y-colocacion-total-en-la-feria-de-valdez-cia-en-valentin\/valdez-2\/\" data-orig-file=\"https:\/\/i0.wp.com\/lahoradelcampo.com.uy\/site\/wp-content\/uploads\/2021\/02\/valdez.jpg?fit=880%2C440&amp;ssl=1\" data-orig-size=\"880,440\" data-comments-opened=\"1\" data-image-meta=\"{&quot;aperture&quot;:&quot;0&quot;,&quot;credit&quot;:&quot;&quot;,&quot;camera&quot;:&quot;&quot;,&quot;caption&quot;:&quot;&quot;,&quot;created_timestamp&quot;:&quot;0&quot;,&quot;copyright&quot;:&quot;&quot;,&quot;focal_length&quot;:&quot;0&quot;,&quot;iso&quot;:&quot;0&quot;,&quot;shutter_speed&quot;:&quot;0&quot;,&quot;title&quot;:&quot;&quot;,&quot;orientation&quot;:&quot;1&quot;}\" data-image-title=\"valdez\" data-image-description=\"\" data-image-caption=\"\" data-large-file=\"https:\/\/i0.wp.com\/lahoradelcampo.com.uy\/site\/wp-content\/uploads\/2021\/02\/valdez.jpg?fit=810%2C405&amp;ssl=1\" src=\"https:\/\/i0.wp.com\/lahoradelcampo.com.uy\/site\/wp-content\/uploads\/2021\/02\/valdez.jpg?resize=810%2C405\" alt=\"\" class=\"wp-image-28000\" srcset=\"https:\/\/i0.wp.com\/lahoradelcampo.com.uy\/site\/wp-content\/uploads\/2021\/02\/valdez.jpg?w=880&amp;ssl=1 880w, https:\/\/i0.wp.com\/lahoradelcampo.com.uy\/site\/wp-content\/uploads\/2021\/02\/valdez.jpg?resize=300%2C150&amp;ssl=1 300w, https:\/\/i0.wp.com\/lahoradelcampo.com.uy\/site\/wp-content\/uploads\/2021\/02\/valdez.jpg?resize=768%2C384&amp;ssl=1 768w, https:\/\/i0.wp.com\/lahoradelcampo.com.uy\/site\/wp-content\/uploads\/2021\/02\/valdez.jpg?resize=820%2C410&amp;ssl=1 820w\" sizes=\"auto, (max-width: 810px) 100vw, 810px\" \/><\/figure>\n\n\n\n<p>Ayer el escritorio Jos\u00e9 A. Valdez &amp; C\u00eda, realiz\u00f3 la \u00faltima venta del a\u00f1o en el local de la Asociaci\u00f3n Fomento Rural de Valent\u00edn, con muy buen nivel de colocaci\u00f3n  y valores en la pista. <br><\/p>\n\n\n\n<p>Los valores para el ovino fueron de US$ 56 a US$ 36 para las ovejas, con un promedio de US$ 44, en tanto que los capones hicieron entre US$ 45 y US$ 58, las piezas de cr\u00eda entre US$ 34 y US$ 42 y los corderos y corderas se pagaron entre US$ 38 y US$ 28. <br><\/p>\n\n\n\n<p>En el caso de los vacunos, las vacas gordas y preparadas hicieron de US$ 590 a US$ 702 y las vacas de invernar  se pagaron a US$ 524 de promedio. Las vaquillonas cotizaron entre 338 y 494 d\u00f3lares. Las piezas de cr\u00eda se pagaron entre US$ 360 y US$ 370, mientras que las terneras se pagaron entre US$ 180 a US$ 370 de promedio. <br><\/p>\n\n\n\n<p>En la escalera de machos, los terneros se pagaron de US$ 255 a US$ 401, mientras que los novillos de 1 a 2 a\u00f1os alcanzaron los US$ 470 de promedio, los novillos de 2 a 3 a\u00f1os US$ 544 y los novillos de m\u00e1s de 3 a\u00f1os se pagaron US$ 793 de promedio. <br><\/p>\n\n\n\n<p>Al finalizar las ventas, el martillero Alejandro \u00abNano\u00bb Nu\u00f1ez, dijo que \u00abValent\u00edn es un local que nos agrada mucho venir, la zona, los ganados, con poco m\u00e1s de 300 reses. Hab\u00eda una linda escalera de machos, terminando con novillos formados, es una categor\u00eda dif\u00edcil de conseguir, esa misma firma nos acompa\u00f1o con vaquillonas de a\u00f1o, dos a\u00f1os\u00bb. <br><\/p>\n\n\n\n<p>El rematador se\u00f1al\u00f3 que \u00abfue una linda actividad para despedir el a\u00f1o en todas las categor\u00edas, tanto en lanares como en vacunos, con precios que acompa\u00f1aron muy bien\u00bb.<br><\/p>\n\n\n\n<p>En diferentes momentos del remate, Nu\u00f1ez remarc\u00f3 que varios lotes de ganados deber\u00edan lograr un valor superior. En este sentido dijo que \u00aben lo personal creo que la reposici\u00f3n este a\u00f1o ha estado muy comprable, con referencia a los ganados gordos, un uno a uno y en algunos casos por debajo del uno. Ha sido un muy buen a\u00f1o para el que compra para invernar, para reponer\u00bb.<\/p>\n\n\n\n<p>Salto, 9 de diciembre de 2021<\/p>\n","protected":false},"excerpt":{"rendered":"<p>Ayer el escritorio Jos\u00e9 A. Valdez &amp; C\u00eda, realiz\u00f3 la \u00faltima venta del a\u00f1o en el local de la Asociaci\u00f3n Fomento Rural de Valent\u00edn, con muy buen nivel de colocaci\u00f3n [&hellip;]<\/p>\n","protected":false},"author":5,"featured_media":16120,"comment_status":"open","ping_status":"open","sticky":false,"template":"","format":"standard","meta":{"_price":"","_stock":"","_tribe_ticket_header":"","_tribe_default_ticket_provider":"","_tribe_ticket_capacity":"0","_ticket_start_date":"","_ticket_end_date":"","_tribe_ticket_show_description":"","_tribe_ticket_show_not_going":false,"_tribe_ticket_use_global_stock":"","_tribe_ticket_global_stock_level":"","_global_stock_mode":"","_global_stock_cap":"","_tribe_rsvp_for_event":"","_tribe_ticket_going_count":"","_tribe_ticket_not_going_count":"","_tribe_tickets_list":"[]","_tribe_ticket_has_attendee_info_fields":false,"h5ap_radio_sources":[],"_jetpack_newsletter_access":"","_jetpack_dont_email_post_to_subs":false,"_jetpack_newsletter_tier_id":0,"_jetpack_memberships_contains_paywalled_content":false,"_jetpack_memberships_contains_paid_content":false,"footnotes":""},"categories":[21,5],"tags":[],"class_list":["post-37367","post","type-post","status-publish","format-standard","has-post-thumbnail","hentry","category-actualidad","category-ganaderia"],"jetpack_featured_media_url":"https:\/\/i0.wp.com\/lahoradelcampo.com.uy\/site\/wp-content\/uploads\/2019\/11\/Valentinaaa.jpg?fit=880%2C440&ssl=1","jetpack_sharing_enabled":true,"jetpack_shortlink":"https:\/\/wp.me\/p99IaT-9IH","jetpack-related-posts":[{"id":27998,"url":"https:\/\/lahoradelcampo.com.uy\/site\/agilidad-y-colocacion-total-en-la-feria-de-valdez-cia-en-valentin\/","url_meta":{"origin":37367,"position":0},"title":"Agilidad y colocaci\u00f3n total en la feria de Valdez &#038; C\u00eda en Valent\u00edn","author":"La Hora del Campo","date":"25 febrero, 2021","format":false,"excerpt":"La firma Jos\u00e9 A. Vald\u00e9z & C\u00eda concret\u00f3 en la jornada de ayer su remate programado en el local Valent\u00edn, con una oferta reducida de ganados, pero que logr\u00f3 una r\u00e1pida, \u00e1gil y total colocaci\u00f3n en la pista, en las tres especies, vacunos, ovinos y yeguarizos. Las ventas comenzaron con\u2026","rel":"","context":"En \u00abActualidad\u00bb","block_context":{"text":"Actualidad","link":"https:\/\/lahoradelcampo.com.uy\/site\/category\/actualidad\/"},"img":{"alt_text":"","src":"https:\/\/i0.wp.com\/lahoradelcampo.com.uy\/site\/wp-content\/uploads\/2021\/02\/valdez.jpg?fit=880%2C440&ssl=1&resize=350%2C200","width":350,"height":200,"srcset":"https:\/\/i0.wp.com\/lahoradelcampo.com.uy\/site\/wp-content\/uploads\/2021\/02\/valdez.jpg?fit=880%2C440&ssl=1&resize=350%2C200 1x, https:\/\/i0.wp.com\/lahoradelcampo.com.uy\/site\/wp-content\/uploads\/2021\/02\/valdez.jpg?fit=880%2C440&ssl=1&resize=525%2C300 1.5x, https:\/\/i0.wp.com\/lahoradelcampo.com.uy\/site\/wp-content\/uploads\/2021\/02\/valdez.jpg?fit=880%2C440&ssl=1&resize=700%2C400 2x"},"classes":[]},{"id":24092,"url":"https:\/\/lahoradelcampo.com.uy\/site\/valdez-cia-coloco-el-100-de-los-vacunos-en-la-pista-de-valentin\/","url_meta":{"origin":37367,"position":1},"title":"Valdez &#038; C\u00eda coloc\u00f3 el 100% de los vacunos en la pista de Valent\u00edn","author":"La Hora del Campo","date":"28 septiembre, 2020","format":false,"excerpt":"En una tarde calurosa, con muy buen marco de p\u00fablico entorno a la pista del local de la Asociaci\u00f3n Fomento Rural de Valent\u00edn, la firma Jos\u00e9 A. Valdez & C\u00eda, coloc\u00f3 el 100% de la oferta que paso por pista, ya que debido a temas de fuerza mayor impidieron que\u2026","rel":"","context":"En \u00abActualidad\u00bb","block_context":{"text":"Actualidad","link":"https:\/\/lahoradelcampo.com.uy\/site\/category\/actualidad\/"},"img":{"alt_text":"","src":"https:\/\/i0.wp.com\/lahoradelcampo.com.uy\/site\/wp-content\/uploads\/2020\/09\/Valdezvalentina.jpg?fit=880%2C440&ssl=1&resize=350%2C200","width":350,"height":200,"srcset":"https:\/\/i0.wp.com\/lahoradelcampo.com.uy\/site\/wp-content\/uploads\/2020\/09\/Valdezvalentina.jpg?fit=880%2C440&ssl=1&resize=350%2C200 1x, https:\/\/i0.wp.com\/lahoradelcampo.com.uy\/site\/wp-content\/uploads\/2020\/09\/Valdezvalentina.jpg?fit=880%2C440&ssl=1&resize=525%2C300 1.5x, https:\/\/i0.wp.com\/lahoradelcampo.com.uy\/site\/wp-content\/uploads\/2020\/09\/Valdezvalentina.jpg?fit=880%2C440&ssl=1&resize=700%2C400 2x"},"classes":[]},{"id":16138,"url":"https:\/\/lahoradelcampo.com.uy\/site\/ventas-agiles-y-totales-en-valentin-con-valdez-cia\/","url_meta":{"origin":37367,"position":2},"title":"Ventas \u00e1giles y totales en Valent\u00edn con Vald\u00e9z &#038; C\u00eda","author":"La Hora del Campo","date":"28 noviembre, 2019","format":false,"excerpt":"En una jornada agradable en cuanto al clima y un muy n\u00famero de productores se realiz\u00f3 ayer la venta del escritorio Jos\u00e9 A. Valdez & C\u00eda en el local de la Asociaci\u00f3n Fomento Rural de Valent\u00edn, con colocaci\u00f3n total de la oferta tanto en ovinos como en vacunos. Las ventas\u2026","rel":"","context":"En \u00abActualidad\u00bb","block_context":{"text":"Actualidad","link":"https:\/\/lahoradelcampo.com.uy\/site\/category\/actualidad\/"},"img":{"alt_text":"","src":"https:\/\/i0.wp.com\/lahoradelcampo.com.uy\/site\/wp-content\/uploads\/2019\/11\/Valentinaaa.jpg?fit=880%2C440&ssl=1&resize=350%2C200","width":350,"height":200,"srcset":"https:\/\/i0.wp.com\/lahoradelcampo.com.uy\/site\/wp-content\/uploads\/2019\/11\/Valentinaaa.jpg?fit=880%2C440&ssl=1&resize=350%2C200 1x, https:\/\/i0.wp.com\/lahoradelcampo.com.uy\/site\/wp-content\/uploads\/2019\/11\/Valentinaaa.jpg?fit=880%2C440&ssl=1&resize=525%2C300 1.5x, https:\/\/i0.wp.com\/lahoradelcampo.com.uy\/site\/wp-content\/uploads\/2019\/11\/Valentinaaa.jpg?fit=880%2C440&ssl=1&resize=700%2C400 2x"},"classes":[]},{"id":14427,"url":"https:\/\/lahoradelcampo.com.uy\/site\/valdez-cia-coloco-el-100-de-la-oferta-en-local-valentin\/","url_meta":{"origin":37367,"position":3},"title":"Valdez &#038; C\u00eda coloc\u00f3 el 100%  de la oferta en local Valent\u00edn","author":"La Hora del Campo","date":"20 septiembre, 2019","format":false,"excerpt":"El escritorio Jos\u00e9 A. Valdez & C\u00eda. realiz\u00f3 en la jornada de ayer un nuevo remate en el local de la Asociaci\u00f3n Fomento Rural de Valent\u00edn, con colocaci\u00f3n total de la oferta. Un muy buen marc\u00f3 de p\u00fablico y varios clientes v\u00eda telef\u00f3nica llevaron adelante las pujas, lote a lote.\u2026","rel":"","context":"En \u00abActualidad\u00bb","block_context":{"text":"Actualidad","link":"https:\/\/lahoradelcampo.com.uy\/site\/category\/actualidad\/"},"img":{"alt_text":"","src":"https:\/\/i0.wp.com\/lahoradelcampo.com.uy\/site\/wp-content\/uploads\/2019\/09\/valentin-valdez.jpg?fit=880%2C440&ssl=1&resize=350%2C200","width":350,"height":200,"srcset":"https:\/\/i0.wp.com\/lahoradelcampo.com.uy\/site\/wp-content\/uploads\/2019\/09\/valentin-valdez.jpg?fit=880%2C440&ssl=1&resize=350%2C200 1x, https:\/\/i0.wp.com\/lahoradelcampo.com.uy\/site\/wp-content\/uploads\/2019\/09\/valentin-valdez.jpg?fit=880%2C440&ssl=1&resize=525%2C300 1.5x, https:\/\/i0.wp.com\/lahoradelcampo.com.uy\/site\/wp-content\/uploads\/2019\/09\/valentin-valdez.jpg?fit=880%2C440&ssl=1&resize=700%2C400 2x"},"classes":[]},{"id":3951,"url":"https:\/\/lahoradelcampo.com.uy\/site\/falto-ganado-ayer-en-el-local-valentin\/","url_meta":{"origin":37367,"position":4},"title":"Falt\u00f3 ganado ayer  en el Local Valent\u00edn","author":"La Hora del Campo","date":"15 noviembre, 2017","format":false,"excerpt":"La tarde de ayer se realiz\u00f3 una nueva venta del escritorio Jos\u00e9 A. Valdez & C\u00eda en el local Valent\u00edn, con la colocaci\u00f3n total de la oferta y compradores que quedaron sin operar. La oferta se vio disminuida en varios lotes, por lo que terminaron entrando a pista poco m\u00e1s\u2026","rel":"","context":"En \u00abActualidad\u00bb","block_context":{"text":"Actualidad","link":"https:\/\/lahoradelcampo.com.uy\/site\/category\/actualidad\/"},"img":{"alt_text":"","src":"https:\/\/i0.wp.com\/lahoradelcampo.com.uy\/site\/wp-content\/uploads\/2017\/11\/Valentin.jpg?fit=880%2C440&ssl=1&resize=350%2C200","width":350,"height":200,"srcset":"https:\/\/i0.wp.com\/lahoradelcampo.com.uy\/site\/wp-content\/uploads\/2017\/11\/Valentin.jpg?fit=880%2C440&ssl=1&resize=350%2C200 1x, https:\/\/i0.wp.com\/lahoradelcampo.com.uy\/site\/wp-content\/uploads\/2017\/11\/Valentin.jpg?fit=880%2C440&ssl=1&resize=525%2C300 1.5x, https:\/\/i0.wp.com\/lahoradelcampo.com.uy\/site\/wp-content\/uploads\/2017\/11\/Valentin.jpg?fit=880%2C440&ssl=1&resize=700%2C400 2x"},"classes":[]},{"id":32806,"url":"https:\/\/lahoradelcampo.com.uy\/site\/100-de-colocacion-en-la-feria-valdez-cia-en-el-local-valentin\/","url_meta":{"origin":37367,"position":5},"title":"100% de colocaci\u00f3n en la feria Valdez &#038; C\u00eda en el local Valent\u00edn","author":"La Hora del Campo","date":"6 agosto, 2021","format":false,"excerpt":"En la jornada de ayer, el escritorio Jos\u00e9 A. Valdez & C\u00eda, realiz\u00f3 su remate mensual en el local de la Asociaci\u00f3n Fomento Rural de Valent\u00edn, en Salto, con buenos valores y una demanda que se mantuvo activa en todas las categor\u00edas, con agilidad y dinamismo lote a lote. Las\u2026","rel":"","context":"En \u00abActualidad\u00bb","block_context":{"text":"Actualidad","link":"https:\/\/lahoradelcampo.com.uy\/site\/category\/actualidad\/"},"img":{"alt_text":"","src":"https:\/\/i0.wp.com\/lahoradelcampo.com.uy\/site\/wp-content\/uploads\/2021\/08\/Valdezvalentin.jpg?fit=880%2C440&ssl=1&resize=350%2C200","width":350,"height":200,"srcset":"https:\/\/i0.wp.com\/lahoradelcampo.com.uy\/site\/wp-content\/uploads\/2021\/08\/Valdezvalentin.jpg?fit=880%2C440&ssl=1&resize=350%2C200 1x, https:\/\/i0.wp.com\/lahoradelcampo.com.uy\/site\/wp-content\/uploads\/2021\/08\/Valdezvalentin.jpg?fit=880%2C440&ssl=1&resize=525%2C300 1.5x, https:\/\/i0.wp.com\/lahoradelcampo.com.uy\/site\/wp-content\/uploads\/2021\/08\/Valdezvalentin.jpg?fit=880%2C440&ssl=1&resize=700%2C400 2x"},"classes":[]}],"jetpack_likes_enabled":true,"_links":{"self":[{"href":"https:\/\/lahoradelcampo.com.uy\/site\/wp-json\/wp\/v2\/posts\/37367","targetHints":{"allow":["GET"]}}],"collection":[{"href":"https:\/\/lahoradelcampo.com.uy\/site\/wp-json\/wp\/v2\/posts"}],"about":[{"href":"https:\/\/lahoradelcampo.com.uy\/site\/wp-json\/wp\/v2\/types\/post"}],"author":[{"embeddable":true,"href":"https:\/\/lahoradelcampo.com.uy\/site\/wp-json\/wp\/v2\/users\/5"}],"replies":[{"embeddable":true,"href":"https:\/\/lahoradelcampo.com.uy\/site\/wp-json\/wp\/v2\/comments?post=37367"}],"version-history":[{"count":1,"href":"https:\/\/lahoradelcampo.com.uy\/site\/wp-json\/wp\/v2\/posts\/37367\/revisions"}],"predecessor-version":[{"id":37369,"href":"https:\/\/lahoradelcampo.com.uy\/site\/wp-json\/wp\/v2\/posts\/37367\/revisions\/37369"}],"wp:featuredmedia":[{"embeddable":true,"href":"https:\/\/lahoradelcampo.com.uy\/site\/wp-json\/wp\/v2\/media\/16120"}],"wp:attachment":[{"href":"https:\/\/lahoradelcampo.com.uy\/site\/wp-json\/wp\/v2\/media?parent=37367"}],"wp:term":[{"taxonomy":"category","embeddable":true,"href":"https:\/\/lahoradelcampo.com.uy\/site\/wp-json\/wp\/v2\/categories?post=37367"},{"taxonomy":"post_tag","embeddable":true,"href":"https:\/\/lahoradelcampo.com.uy\/site\/wp-json\/wp\/v2\/tags?post=37367"}],"curies":[{"name":"wp","href":"https:\/\/api.w.org\/{rel}","templated":true}]}}