{"id":37361,"date":"2021-12-09T07:36:45","date_gmt":"2021-12-09T10:36:45","guid":{"rendered":"http:\/\/lahoradelcampo.com.uy\/site\/?p=37361"},"modified":"2021-12-09T07:36:50","modified_gmt":"2021-12-09T10:36:50","slug":"el-hereford-y-angus-de-uruguay-son-los-mejores-de-sudamerica","status":"publish","type":"post","link":"https:\/\/lahoradelcampo.com.uy\/site\/el-hereford-y-angus-de-uruguay-son-los-mejores-de-sudamerica\/","title":{"rendered":"El Hereford y Angus de Uruguay son los mejores de Sudam\u00e9rica"},"content":{"rendered":"\n<figure class=\"wp-block-image\"><img data-recalc-dims=\"1\" loading=\"lazy\" decoding=\"async\" width=\"810\" height=\"405\" data-attachment-id=\"37363\" data-permalink=\"https:\/\/lahoradelcampo.com.uy\/site\/el-hereford-y-angus-de-uruguay-son-los-mejores-de-sudamerica\/angusbreeders\/\" data-orig-file=\"https:\/\/i0.wp.com\/lahoradelcampo.com.uy\/site\/wp-content\/uploads\/2021\/12\/Angusbreeders.jpg?fit=880%2C440&amp;ssl=1\" data-orig-size=\"880,440\" data-comments-opened=\"1\" data-image-meta=\"{&quot;aperture&quot;:&quot;0&quot;,&quot;credit&quot;:&quot;&quot;,&quot;camera&quot;:&quot;&quot;,&quot;caption&quot;:&quot;&quot;,&quot;created_timestamp&quot;:&quot;0&quot;,&quot;copyright&quot;:&quot;&quot;,&quot;focal_length&quot;:&quot;0&quot;,&quot;iso&quot;:&quot;0&quot;,&quot;shutter_speed&quot;:&quot;0&quot;,&quot;title&quot;:&quot;&quot;,&quot;orientation&quot;:&quot;1&quot;}\" data-image-title=\"Angusbreeders\" data-image-description=\"\" data-image-caption=\"\" data-large-file=\"https:\/\/i0.wp.com\/lahoradelcampo.com.uy\/site\/wp-content\/uploads\/2021\/12\/Angusbreeders.jpg?fit=810%2C405&amp;ssl=1\" src=\"https:\/\/i0.wp.com\/lahoradelcampo.com.uy\/site\/wp-content\/uploads\/2021\/12\/Angusbreeders.jpg?resize=810%2C405\" alt=\"\" class=\"wp-image-37363\" srcset=\"https:\/\/i0.wp.com\/lahoradelcampo.com.uy\/site\/wp-content\/uploads\/2021\/12\/Angusbreeders.jpg?w=880&amp;ssl=1 880w, https:\/\/i0.wp.com\/lahoradelcampo.com.uy\/site\/wp-content\/uploads\/2021\/12\/Angusbreeders.jpg?resize=300%2C150&amp;ssl=1 300w, https:\/\/i0.wp.com\/lahoradelcampo.com.uy\/site\/wp-content\/uploads\/2021\/12\/Angusbreeders.jpg?resize=768%2C384&amp;ssl=1 768w, https:\/\/i0.wp.com\/lahoradelcampo.com.uy\/site\/wp-content\/uploads\/2021\/12\/Angusbreeders.jpg?resize=820%2C410&amp;ssl=1 820w\" sizes=\"auto, (max-width: 810px) 100vw, 810px\" \/><\/figure>\n\n\n\n<p>Los grandes campeones de la Expo Prado 2021 se impusieron ante los mejores de los pa\u00edses de la regi\u00f3n en los concursos de Hereford Breeder y Angus Breeder. Los grandes campeones de la Expo Prado 2021 en Hereford y Aberdeen Angus fueron elegidos como los mejores de ambas razas en Sudam\u00e9rica.<br><\/p>\n\n\n\n<p>Las p\u00e1ginas Hereford Breeder y Angus Breeder realizan un concurso anual que abarca a los grandes campeones de cuatro continentes, donde expertos internacionales eligen en una primera instancia los mejores de cada regi\u00f3n, que luego compiten por el campeonato mundial.<br><\/p>\n\n\n\n<p>Hereford Breeder y Angus Breeder son proyectos dirigidos por el sudafricano JP Budler, experto en gen\u00e9tica radicado en Texas, Estados Unidos, quien se ha desempe\u00f1ado como jurado de ambas razas en las exposiciones del Prado y Durazno, en Uruguay.<br><\/p>\n\n\n\n<p>Esta vez, Capataz, Gran Campe\u00f3n Hereford de la Expo Prado, reproductor de caba\u00f1a El Baqueano, de Bordaberry, se coron\u00f3 Campe\u00f3n Sudamericano en esa raza.<br><\/p>\n\n\n\n<p>Mientras que el mismo galard\u00f3n logr\u00f3 en Angus el Gran Campe\u00f3n de la Expo Prado, Vicente, toro colorado de Sociedad Ganadera San Salvador.<br><\/p>\n\n\n\n<p>Hembras<br><\/p>\n\n\n\n<p>En el concurso de hembras tambi\u00e9n se destacaron las reproductoras uruguayas.<br><\/p>\n\n\n\n<p>Cuartetera, Gran Campeona Angus de la Expo Prado 2021, de San Gregorio Ganadera, logr\u00f3 la medalla de oro en Sudam\u00e9rica.<br><\/p>\n\n\n\n<p>Y la Gran Campeona Polled Hereford de la Expo Prado 2021, de Ganadera Inquieta, alcanz\u00f3 la medalla de plata.<br><\/p>\n\n\n\n<p>Los jurados Hereford fueron: Ezcurra (Argentina); Clark (Sud\u00e1frica); Thorne (Gales) y Serhienko (Canad\u00e1). Y el jurado Angus estuvo integrado por: Ezcurra (Argentina); Halliday (Australia); Hughes (Inglaterra); y Shike (Estados Unidos).<\/p>\n\n\n\n<p>Salto, 9 de diciembre de 2021<\/p>\n","protected":false},"excerpt":{"rendered":"<p>Los grandes campeones de la Expo Prado 2021 se impusieron ante los mejores de los pa\u00edses de la regi\u00f3n en los concursos de Hereford Breeder y Angus Breeder. Los grandes [&hellip;]<\/p>\n","protected":false},"author":5,"featured_media":37363,"comment_status":"open","ping_status":"open","sticky":false,"template":"","format":"standard","meta":{"_price":"","_stock":"","_tribe_ticket_header":"","_tribe_default_ticket_provider":"","_tribe_ticket_capacity":"0","_ticket_start_date":"","_ticket_end_date":"","_tribe_ticket_show_description":"","_tribe_ticket_show_not_going":false,"_tribe_ticket_use_global_stock":"","_tribe_ticket_global_stock_level":"","_global_stock_mode":"","_global_stock_cap":"","_tribe_rsvp_for_event":"","_tribe_ticket_going_count":"","_tribe_ticket_not_going_count":"","_tribe_tickets_list":"[]","_tribe_ticket_has_attendee_info_fields":false,"h5ap_radio_sources":[],"_jetpack_newsletter_access":"","_jetpack_dont_email_post_to_subs":false,"_jetpack_newsletter_tier_id":0,"_jetpack_memberships_contains_paywalled_content":false,"_jetpack_memberships_contains_paid_content":false,"footnotes":""},"categories":[21,5],"tags":[],"class_list":["post-37361","post","type-post","status-publish","format-standard","has-post-thumbnail","hentry","category-actualidad","category-ganaderia"],"jetpack_featured_media_url":"https:\/\/i0.wp.com\/lahoradelcampo.com.uy\/site\/wp-content\/uploads\/2021\/12\/Angusbreeders.jpg?fit=880%2C440&ssl=1","jetpack_sharing_enabled":true,"jetpack_shortlink":"https:\/\/wp.me\/p99IaT-9IB","jetpack-related-posts":[{"id":4445,"url":"https:\/\/lahoradelcampo.com.uy\/site\/medallas-de-plata-y-bronce-para-los-grandes-campeones-uruguayos\/","url_meta":{"origin":37361,"position":0},"title":"Medallas de plata y bronce para los Grandes Campeones uruguayos","author":"La Hora del Campo","date":"3 diciembre, 2017","format":false,"excerpt":"Luego de las exposiciones de primavera en Am\u00e9rica del Sur la p\u00e1gina web Thecattlemarket realiza una calificaci\u00f3n a nivel mundial de los Grandes Campeones de las razas vacunas de carne, donde Uruguay participa con las razas Aberdeen Angus, Charolais, Braford, Brangus, Limousin, Hereford y Shorthorn. Previo a la elecci\u00f3n a\u2026","rel":"","context":"En \u00abActualidad\u00bb","block_context":{"text":"Actualidad","link":"https:\/\/lahoradelcampo.com.uy\/site\/category\/actualidad\/"},"img":{"alt_text":"","src":"https:\/\/i0.wp.com\/lahoradelcampo.com.uy\/site\/wp-content\/uploads\/2017\/12\/Laloma.jpg?fit=880%2C440&ssl=1&resize=350%2C200","width":350,"height":200,"srcset":"https:\/\/i0.wp.com\/lahoradelcampo.com.uy\/site\/wp-content\/uploads\/2017\/12\/Laloma.jpg?fit=880%2C440&ssl=1&resize=350%2C200 1x, https:\/\/i0.wp.com\/lahoradelcampo.com.uy\/site\/wp-content\/uploads\/2017\/12\/Laloma.jpg?fit=880%2C440&ssl=1&resize=525%2C300 1.5x, https:\/\/i0.wp.com\/lahoradelcampo.com.uy\/site\/wp-content\/uploads\/2017\/12\/Laloma.jpg?fit=880%2C440&ssl=1&resize=700%2C400 2x"},"classes":[]},{"id":53275,"url":"https:\/\/lahoradelcampo.com.uy\/site\/uruguay-destaca-en-la-cima-de-la-genetica-bovina-sudamericana\/","url_meta":{"origin":37361,"position":1},"title":"Uruguay destaca en la cima de la gen\u00e9tica bovina sudamericana","author":"La Hora del Campo","date":"8 diciembre, 2023","format":false,"excerpt":"Uruguay vuelve a destacarse en la gen\u00e9tica Angus, Hereford y Braford de Sudam\u00e9rica, en el concurso celebrado por el portal Breeders.net. Este certamen, que destaca a los Grandes Campeones de cada pa\u00eds, ha colocado a Uruguay en lo m\u00e1s alto de la gen\u00e9tica sudamericana y lo clasific\u00f3 a la competencia\u2026","rel":"","context":"En \u00abActualidad\u00bb","block_context":{"text":"Actualidad","link":"https:\/\/lahoradelcampo.com.uy\/site\/category\/actualidad\/"},"img":{"alt_text":"","src":"https:\/\/i0.wp.com\/lahoradelcampo.com.uy\/site\/wp-content\/uploads\/2023\/12\/angusworld.jpg?fit=880%2C440&ssl=1&resize=350%2C200","width":350,"height":200,"srcset":"https:\/\/i0.wp.com\/lahoradelcampo.com.uy\/site\/wp-content\/uploads\/2023\/12\/angusworld.jpg?fit=880%2C440&ssl=1&resize=350%2C200 1x, https:\/\/i0.wp.com\/lahoradelcampo.com.uy\/site\/wp-content\/uploads\/2023\/12\/angusworld.jpg?fit=880%2C440&ssl=1&resize=525%2C300 1.5x, https:\/\/i0.wp.com\/lahoradelcampo.com.uy\/site\/wp-content\/uploads\/2023\/12\/angusworld.jpg?fit=880%2C440&ssl=1&resize=700%2C400 2x"},"classes":[]},{"id":16326,"url":"https:\/\/lahoradelcampo.com.uy\/site\/cardenal-es-el-mejor-reproductor-angus-de-latinoamerica\/","url_meta":{"origin":37361,"position":2},"title":"\u00abCardenal\u00bb es el mejor reproductor Angus de latinoam\u00e9rica","author":"La Hora del Campo","date":"9 diciembre, 2019","format":false,"excerpt":"Todos los a\u00f1os al cierre de las exposiciones a lo largo del mundo, se desarrolla la selecci\u00f3n de los mejores ejemplares, primero de cada regi\u00f3n y luego del mundo. Para nuestro pa\u00eds, como todos los a\u00f1os, participan los grandes campeones de la Expo Prado. Para la raza Aberdeen Angus, particularmente\u2026","rel":"","context":"En \u00abActualidad\u00bb","block_context":{"text":"Actualidad","link":"https:\/\/lahoradelcampo.com.uy\/site\/category\/actualidad\/"},"img":{"alt_text":"","src":"https:\/\/i0.wp.com\/lahoradelcampo.com.uy\/site\/wp-content\/uploads\/2019\/12\/Anguscardenal.jpg?fit=880%2C440&ssl=1&resize=350%2C200","width":350,"height":200,"srcset":"https:\/\/i0.wp.com\/lahoradelcampo.com.uy\/site\/wp-content\/uploads\/2019\/12\/Anguscardenal.jpg?fit=880%2C440&ssl=1&resize=350%2C200 1x, https:\/\/i0.wp.com\/lahoradelcampo.com.uy\/site\/wp-content\/uploads\/2019\/12\/Anguscardenal.jpg?fit=880%2C440&ssl=1&resize=525%2C300 1.5x, https:\/\/i0.wp.com\/lahoradelcampo.com.uy\/site\/wp-content\/uploads\/2019\/12\/Anguscardenal.jpg?fit=880%2C440&ssl=1&resize=700%2C400 2x"},"classes":[]},{"id":37299,"url":"https:\/\/lahoradelcampo.com.uy\/site\/pablo-zerbino-sera-el-jurado-angus-de-la-expo-prado-2022\/","url_meta":{"origin":37361,"position":3},"title":"Pablo Zerbino ser\u00e1 el Jurado Angus de la Expo Prado 2022","author":"La Hora del Campo","date":"7 diciembre, 2021","format":false,"excerpt":"Como es tradicional, los caba\u00f1eros realizaron la elecci\u00f3n del jurado para la Expo Prado 2022 mediante la votaci\u00f3n de los candidatos presentados por la gremial y los propios caba\u00f1eros. De acuerdo a la informaci\u00f3n brindada por la Sociedad de Criadores de Aberdeen Angus del Uruguay, el pasado lunes se realiz\u00f3\u2026","rel":"","context":"En \u00abActualidad\u00bb","block_context":{"text":"Actualidad","link":"https:\/\/lahoradelcampo.com.uy\/site\/category\/actualidad\/"},"img":{"alt_text":"","src":"https:\/\/i0.wp.com\/lahoradelcampo.com.uy\/site\/wp-content\/uploads\/2021\/12\/Angus-Zerbino.jpg?fit=880%2C440&ssl=1&resize=350%2C200","width":350,"height":200,"srcset":"https:\/\/i0.wp.com\/lahoradelcampo.com.uy\/site\/wp-content\/uploads\/2021\/12\/Angus-Zerbino.jpg?fit=880%2C440&ssl=1&resize=350%2C200 1x, https:\/\/i0.wp.com\/lahoradelcampo.com.uy\/site\/wp-content\/uploads\/2021\/12\/Angus-Zerbino.jpg?fit=880%2C440&ssl=1&resize=525%2C300 1.5x, https:\/\/i0.wp.com\/lahoradelcampo.com.uy\/site\/wp-content\/uploads\/2021\/12\/Angus-Zerbino.jpg?fit=880%2C440&ssl=1&resize=700%2C400 2x"},"classes":[]},{"id":35003,"url":"https:\/\/lahoradelcampo.com.uy\/site\/genetica-con-marca-registrada-disperso-los-toros-en-us-4-503\/","url_meta":{"origin":37361,"position":4},"title":"\u201cGen\u00e9tica con marca registrada\u201d dispers\u00f3 los toros en U$S 4.503","author":"La Hora del Campo","date":"3 octubre, 2021","format":false,"excerpt":"En el Centro de Ventas Ganaderas \u201cDon Tito\u201d, se realiz\u00f3 en la v\u00edspera el remate \u201cgen\u00e9tica con marca registrada\u201d de Frigor\u00edfico Modelo y Sociedad Ganaderas San Salvador, en subasta a cargo de Valdez y C\u00eda. Fue un muy destacado remate, de los mejores de lo que va de la zafra,\u2026","rel":"","context":"En \u00abActualidad\u00bb","block_context":{"text":"Actualidad","link":"https:\/\/lahoradelcampo.com.uy\/site\/category\/actualidad\/"},"img":{"alt_text":"","src":"https:\/\/i0.wp.com\/lahoradelcampo.com.uy\/site\/wp-content\/uploads\/2021\/10\/Zafra-Modelo-1.jpg?fit=880%2C440&ssl=1&resize=350%2C200","width":350,"height":200,"srcset":"https:\/\/i0.wp.com\/lahoradelcampo.com.uy\/site\/wp-content\/uploads\/2021\/10\/Zafra-Modelo-1.jpg?fit=880%2C440&ssl=1&resize=350%2C200 1x, https:\/\/i0.wp.com\/lahoradelcampo.com.uy\/site\/wp-content\/uploads\/2021\/10\/Zafra-Modelo-1.jpg?fit=880%2C440&ssl=1&resize=525%2C300 1.5x, https:\/\/i0.wp.com\/lahoradelcampo.com.uy\/site\/wp-content\/uploads\/2021\/10\/Zafra-Modelo-1.jpg?fit=880%2C440&ssl=1&resize=700%2C400 2x"},"classes":[]},{"id":15264,"url":"https:\/\/lahoradelcampo.com.uy\/site\/expo-artigas-la-magdalena-en-hereford-y-santa-isabel-en-angus\/","url_meta":{"origin":37361,"position":5},"title":"Expo Artigas: La Magdalena en Hereford  y Santa Isabel en Angus","author":"La Hora del Campo","date":"22 octubre, 2019","format":false,"excerpt":"En la pista de la Expo Chiflero 2019 en la jornada de ayer, con un clima nuboso en la ma\u00f1ana, se premiaron los grandes campeones de las razas Hereford y Angus. Las calificaciones quedaron a cargo de Mar\u00eda Mattos de caba\u00f1a Bayucu\u00e1 en Aberdeen Angus y de V\u00edctor \u00c1lvarez y\u2026","rel":"","context":"En \u00abActualidad\u00bb","block_context":{"text":"Actualidad","link":"https:\/\/lahoradelcampo.com.uy\/site\/category\/actualidad\/"},"img":{"alt_text":"","src":"https:\/\/i0.wp.com\/lahoradelcampo.com.uy\/site\/wp-content\/uploads\/2019\/10\/Angus-expoartigas.jpg?fit=880%2C440&ssl=1&resize=350%2C200","width":350,"height":200,"srcset":"https:\/\/i0.wp.com\/lahoradelcampo.com.uy\/site\/wp-content\/uploads\/2019\/10\/Angus-expoartigas.jpg?fit=880%2C440&ssl=1&resize=350%2C200 1x, https:\/\/i0.wp.com\/lahoradelcampo.com.uy\/site\/wp-content\/uploads\/2019\/10\/Angus-expoartigas.jpg?fit=880%2C440&ssl=1&resize=525%2C300 1.5x, https:\/\/i0.wp.com\/lahoradelcampo.com.uy\/site\/wp-content\/uploads\/2019\/10\/Angus-expoartigas.jpg?fit=880%2C440&ssl=1&resize=700%2C400 2x"},"classes":[]}],"jetpack_likes_enabled":true,"_links":{"self":[{"href":"https:\/\/lahoradelcampo.com.uy\/site\/wp-json\/wp\/v2\/posts\/37361","targetHints":{"allow":["GET"]}}],"collection":[{"href":"https:\/\/lahoradelcampo.com.uy\/site\/wp-json\/wp\/v2\/posts"}],"about":[{"href":"https:\/\/lahoradelcampo.com.uy\/site\/wp-json\/wp\/v2\/types\/post"}],"author":[{"embeddable":true,"href":"https:\/\/lahoradelcampo.com.uy\/site\/wp-json\/wp\/v2\/users\/5"}],"replies":[{"embeddable":true,"href":"https:\/\/lahoradelcampo.com.uy\/site\/wp-json\/wp\/v2\/comments?post=37361"}],"version-history":[{"count":1,"href":"https:\/\/lahoradelcampo.com.uy\/site\/wp-json\/wp\/v2\/posts\/37361\/revisions"}],"predecessor-version":[{"id":37365,"href":"https:\/\/lahoradelcampo.com.uy\/site\/wp-json\/wp\/v2\/posts\/37361\/revisions\/37365"}],"wp:featuredmedia":[{"embeddable":true,"href":"https:\/\/lahoradelcampo.com.uy\/site\/wp-json\/wp\/v2\/media\/37363"}],"wp:attachment":[{"href":"https:\/\/lahoradelcampo.com.uy\/site\/wp-json\/wp\/v2\/media?parent=37361"}],"wp:term":[{"taxonomy":"category","embeddable":true,"href":"https:\/\/lahoradelcampo.com.uy\/site\/wp-json\/wp\/v2\/categories?post=37361"},{"taxonomy":"post_tag","embeddable":true,"href":"https:\/\/lahoradelcampo.com.uy\/site\/wp-json\/wp\/v2\/tags?post=37361"}],"curies":[{"name":"wp","href":"https:\/\/api.w.org\/{rel}","templated":true}]}}