{"id":37357,"date":"2021-12-09T07:05:34","date_gmt":"2021-12-09T10:05:34","guid":{"rendered":"http:\/\/lahoradelcampo.com.uy\/site\/?p=37357"},"modified":"2021-12-09T07:05:39","modified_gmt":"2021-12-09T10:05:39","slug":"valor-del-novillo-en-brasil-quebro-la-tendencia-alcista","status":"publish","type":"post","link":"https:\/\/lahoradelcampo.com.uy\/site\/valor-del-novillo-en-brasil-quebro-la-tendencia-alcista\/","title":{"rendered":"Valor del novillo en Brasil quebr\u00f3 la tendencia alcista"},"content":{"rendered":"\n<figure class=\"wp-block-image\"><img data-recalc-dims=\"1\" loading=\"lazy\" decoding=\"async\" width=\"810\" height=\"405\" data-attachment-id=\"6937\" data-permalink=\"https:\/\/lahoradelcampo.com.uy\/site\/novillo-gordo-exportacion-cotiza-a-us-340\/consignatarios-gordo\/\" data-orig-file=\"https:\/\/i0.wp.com\/lahoradelcampo.com.uy\/site\/wp-content\/uploads\/2018\/05\/consignatarios-gordo.jpg?fit=880%2C440&amp;ssl=1\" data-orig-size=\"880,440\" data-comments-opened=\"1\" data-image-meta=\"{&quot;aperture&quot;:&quot;0&quot;,&quot;credit&quot;:&quot;&quot;,&quot;camera&quot;:&quot;&quot;,&quot;caption&quot;:&quot;&quot;,&quot;created_timestamp&quot;:&quot;0&quot;,&quot;copyright&quot;:&quot;&quot;,&quot;focal_length&quot;:&quot;0&quot;,&quot;iso&quot;:&quot;0&quot;,&quot;shutter_speed&quot;:&quot;0&quot;,&quot;title&quot;:&quot;&quot;,&quot;orientation&quot;:&quot;1&quot;}\" data-image-title=\"consignatarios gordo\" data-image-description=\"\" data-image-caption=\"\" data-large-file=\"https:\/\/i0.wp.com\/lahoradelcampo.com.uy\/site\/wp-content\/uploads\/2018\/05\/consignatarios-gordo.jpg?fit=810%2C405&amp;ssl=1\" src=\"https:\/\/i0.wp.com\/lahoradelcampo.com.uy\/site\/wp-content\/uploads\/2018\/05\/consignatarios-gordo.jpg?resize=810%2C405\" alt=\"\" class=\"wp-image-6937\" srcset=\"https:\/\/i0.wp.com\/lahoradelcampo.com.uy\/site\/wp-content\/uploads\/2018\/05\/consignatarios-gordo.jpg?w=880&amp;ssl=1 880w, https:\/\/i0.wp.com\/lahoradelcampo.com.uy\/site\/wp-content\/uploads\/2018\/05\/consignatarios-gordo.jpg?resize=300%2C150&amp;ssl=1 300w, https:\/\/i0.wp.com\/lahoradelcampo.com.uy\/site\/wp-content\/uploads\/2018\/05\/consignatarios-gordo.jpg?resize=768%2C384&amp;ssl=1 768w, https:\/\/i0.wp.com\/lahoradelcampo.com.uy\/site\/wp-content\/uploads\/2018\/05\/consignatarios-gordo.jpg?resize=820%2C410&amp;ssl=1 820w\" sizes=\"auto, (max-width: 810px) 100vw, 810px\" \/><\/figure>\n\n\n\n<p>De acuerdo al trabajo elaborado por la Consultora Tard\u00e1guila Agromercados, el indicador del novillo gordo en la regi\u00f3n se ha mantenido estable esta semana, con variaciones en los diferentes mercados. <br><\/p>\n\n\n\n<p>El Indice Faxcarne del Novillo Mercosur cerr\u00f3 con una suba de 1 centavo en el kilo de carcasa, que cotiz\u00f3 a US$ 3,90 esta semana. Es el valor m\u00e1s alto que se ha registrado desde la segunda semana de agosto. <br><\/p>\n\n\n\n<p>Brasil que tra\u00eda una fuerte tendencia al alza durante todo el mes de noviembre, principalmente, termin\u00f3 corrigiendo en los \u00faltimos d\u00edas a la baja, aunque levemente. <br><\/p>\n\n\n\n<p>En el contexto semanal, la referencia para el \u00abBoi Gordo\u00bb en las principales estados exportadores fue de US$ 3,61 por kilogramo de carcasa, lo que marc\u00f3 una suba de 1 centavo. <br><\/p>\n\n\n\n<p>Argentina, que se posiciona con el valor m\u00e1s alto del novillo en la regi\u00f3n, ha registrado tres semanas donde los valores se mantienen en pesos argentinos y descienden paulatinamente de la mano de una devaluaci\u00f3n del tipo de cambio oficial persistente. La referencia para el novillo exportaci\u00f3n es de US$ 4,59, bajando 3 centavos. <br><\/p>\n\n\n\n<p>Donde los precios se afirmaron en forma m\u00e1s pronunciada fue en Uruguay, que consolid\u00f3 la mejora insinuada la semana pasada, tras el levantamiento del conflicto sindical y la salida de los ganados de los corrales de la faena. Los novillos especiales de pradera cotizan a US$ 4,20-4,25.<br><\/p>\n\n\n\n<p>Tambi\u00e9n est\u00e1 en alza el precio en Paraguay, donde se pagan US$ 3,80 por las carcasas de los machos.<\/p>\n\n\n\n<p>Salto, 9 de diciembre de 2021<\/p>\n","protected":false},"excerpt":{"rendered":"<p>De acuerdo al trabajo elaborado por la Consultora Tard\u00e1guila Agromercados, el indicador del novillo gordo en la regi\u00f3n se ha mantenido estable esta semana, con variaciones en los diferentes mercados. [&hellip;]<\/p>\n","protected":false},"author":5,"featured_media":6937,"comment_status":"open","ping_status":"open","sticky":false,"template":"","format":"standard","meta":{"_price":"","_stock":"","_tribe_ticket_header":"","_tribe_default_ticket_provider":"","_tribe_ticket_capacity":"0","_ticket_start_date":"","_ticket_end_date":"","_tribe_ticket_show_description":"","_tribe_ticket_show_not_going":false,"_tribe_ticket_use_global_stock":"","_tribe_ticket_global_stock_level":"","_global_stock_mode":"","_global_stock_cap":"","_tribe_rsvp_for_event":"","_tribe_ticket_going_count":"","_tribe_ticket_not_going_count":"","_tribe_tickets_list":"[]","_tribe_ticket_has_attendee_info_fields":false,"h5ap_radio_sources":[],"_jetpack_newsletter_access":"","_jetpack_dont_email_post_to_subs":false,"_jetpack_newsletter_tier_id":0,"_jetpack_memberships_contains_paywalled_content":false,"_jetpack_memberships_contains_paid_content":false,"footnotes":""},"categories":[21,5],"tags":[],"class_list":["post-37357","post","type-post","status-publish","format-standard","has-post-thumbnail","hentry","category-actualidad","category-ganaderia"],"jetpack_featured_media_url":"https:\/\/i0.wp.com\/lahoradelcampo.com.uy\/site\/wp-content\/uploads\/2018\/05\/consignatarios-gordo.jpg?fit=880%2C440&ssl=1","jetpack_sharing_enabled":true,"jetpack_shortlink":"https:\/\/wp.me\/p99IaT-9Ix","jetpack-related-posts":[{"id":38323,"url":"https:\/\/lahoradelcampo.com.uy\/site\/novillo-mercosur-supero-los-us-4-por-primera-vez\/","url_meta":{"origin":37357,"position":0},"title":"Novillo Mercosur super\u00f3 los US$ 4 por primera vez","author":"La Hora del Campo","date":"13 enero, 2022","format":false,"excerpt":"El \u00cdndice Faxcarne del Novillo Mercosur (IFNM), comenz\u00f3 a publicarse por parte de la Consultora Tard\u00e1guila Agromercados, a principios del a\u00f1o 2011. Desde este momento el valor promedio del novillo gordo en la regi\u00f3n a\u00fan no hab\u00eda logrado superar los US$ 4,00, situaci\u00f3n que se registr\u00f3 esta semana, debido a\u2026","rel":"","context":"En \u00abActualidad\u00bb","block_context":{"text":"Actualidad","link":"https:\/\/lahoradelcampo.com.uy\/site\/category\/actualidad\/"},"img":{"alt_text":"","src":"https:\/\/i0.wp.com\/lahoradelcampo.com.uy\/site\/wp-content\/uploads\/2022\/01\/Novillogordopampa.jpg?fit=880%2C440&ssl=1&resize=350%2C200","width":350,"height":200,"srcset":"https:\/\/i0.wp.com\/lahoradelcampo.com.uy\/site\/wp-content\/uploads\/2022\/01\/Novillogordopampa.jpg?fit=880%2C440&ssl=1&resize=350%2C200 1x, https:\/\/i0.wp.com\/lahoradelcampo.com.uy\/site\/wp-content\/uploads\/2022\/01\/Novillogordopampa.jpg?fit=880%2C440&ssl=1&resize=525%2C300 1.5x, https:\/\/i0.wp.com\/lahoradelcampo.com.uy\/site\/wp-content\/uploads\/2022\/01\/Novillogordopampa.jpg?fit=880%2C440&ssl=1&resize=700%2C400 2x"},"classes":[]},{"id":37133,"url":"https:\/\/lahoradelcampo.com.uy\/site\/brasil-sigue-al-alza-y-argentina-con-el-novillo-gordo-mas-caro-de-la-region\/","url_meta":{"origin":37357,"position":1},"title":"Brasil sigue al alza y Argentina con el novillo m\u00e1s caro de la regi\u00f3n","author":"La Hora del Campo","date":"2 diciembre, 2021","format":false,"excerpt":"El \u00cdndice Faxcarne del Novillo Mercosur, elaborado por la consultora Tard\u00e1guila Agromercados, subi\u00f3 nuevamente esta semana, por cuarta vez consecutiva, debido al impulso de Brasil y Paraguay principalmente. Dicho indicador se posicion\u00f3 en US$ 3,89 por kilogramo de carcasa, el nivel m\u00e1s alto desde la segunda semana de agosto, tras\u2026","rel":"","context":"En \u00abActualidad\u00bb","block_context":{"text":"Actualidad","link":"https:\/\/lahoradelcampo.com.uy\/site\/category\/actualidad\/"},"img":{"alt_text":"","src":"https:\/\/i0.wp.com\/lahoradelcampo.com.uy\/site\/wp-content\/uploads\/2021\/10\/novillo-gordo.jpg?fit=880%2C440&ssl=1&resize=350%2C200","width":350,"height":200,"srcset":"https:\/\/i0.wp.com\/lahoradelcampo.com.uy\/site\/wp-content\/uploads\/2021\/10\/novillo-gordo.jpg?fit=880%2C440&ssl=1&resize=350%2C200 1x, https:\/\/i0.wp.com\/lahoradelcampo.com.uy\/site\/wp-content\/uploads\/2021\/10\/novillo-gordo.jpg?fit=880%2C440&ssl=1&resize=525%2C300 1.5x, https:\/\/i0.wp.com\/lahoradelcampo.com.uy\/site\/wp-content\/uploads\/2021\/10\/novillo-gordo.jpg?fit=880%2C440&ssl=1&resize=700%2C400 2x"},"classes":[]},{"id":33935,"url":"https:\/\/lahoradelcampo.com.uy\/site\/el-novillo-mercosur-cedio-un-centavo\/","url_meta":{"origin":37357,"position":2},"title":"El Novillo Mercosur cedi\u00f3 un centavo","author":"La Hora del Campo","date":"9 septiembre, 2021","format":false,"excerpt":"Los casos de vaca loca at\u00edpica, que generaron un fuerte rumor durante la \u00faltima semana con bajas de precios y que el fin de semana fueron confirmados por el Ministerio de Agricultura, Pecuaria y Abastecimiento (MAPA) de Brasil, se esperaba por parte del mercado que tuvieran un impacto negativo en\u2026","rel":"","context":"En \u00abActualidad\u00bb","block_context":{"text":"Actualidad","link":"https:\/\/lahoradelcampo.com.uy\/site\/category\/actualidad\/"},"img":{"alt_text":"","src":"https:\/\/i0.wp.com\/lahoradelcampo.com.uy\/site\/wp-content\/uploads\/2021\/09\/boigordo1.jpg?fit=880%2C440&ssl=1&resize=350%2C200","width":350,"height":200,"srcset":"https:\/\/i0.wp.com\/lahoradelcampo.com.uy\/site\/wp-content\/uploads\/2021\/09\/boigordo1.jpg?fit=880%2C440&ssl=1&resize=350%2C200 1x, https:\/\/i0.wp.com\/lahoradelcampo.com.uy\/site\/wp-content\/uploads\/2021\/09\/boigordo1.jpg?fit=880%2C440&ssl=1&resize=525%2C300 1.5x, https:\/\/i0.wp.com\/lahoradelcampo.com.uy\/site\/wp-content\/uploads\/2021\/09\/boigordo1.jpg?fit=880%2C440&ssl=1&resize=700%2C400 2x"},"classes":[]},{"id":49848,"url":"https:\/\/lahoradelcampo.com.uy\/site\/el-novillo-mercosur-en-su-valor-mas-alto-en-seis-meses\/","url_meta":{"origin":37357,"position":3},"title":"El Novillo Mercosur en su valor m\u00e1s alto en seis meses","author":"La Hora del Campo","date":"10 abril, 2023","format":false,"excerpt":"El valor del novillo en los pa\u00edses del Mercosur ha alcanzado su valor m\u00e1s alto en m\u00e1s de seis meses.Seg\u00fan el \u00cdndice Faxcarne del Novillo Mercosur, elaborado por la consultora Tard\u00e1guila Agromercados, el precio medio ha subido a US$ 3,74 el kilo carcasa. Esta recuperaci\u00f3n se debe a la mejora\u2026","rel":"","context":"En \u00abActualidad\u00bb","block_context":{"text":"Actualidad","link":"https:\/\/lahoradelcampo.com.uy\/site\/category\/actualidad\/"},"img":{"alt_text":"","src":"https:\/\/i0.wp.com\/lahoradelcampo.com.uy\/site\/wp-content\/uploads\/2017\/10\/Ganado-gordo.jpg?fit=880%2C440&ssl=1&resize=350%2C200","width":350,"height":200,"srcset":"https:\/\/i0.wp.com\/lahoradelcampo.com.uy\/site\/wp-content\/uploads\/2017\/10\/Ganado-gordo.jpg?fit=880%2C440&ssl=1&resize=350%2C200 1x, https:\/\/i0.wp.com\/lahoradelcampo.com.uy\/site\/wp-content\/uploads\/2017\/10\/Ganado-gordo.jpg?fit=880%2C440&ssl=1&resize=525%2C300 1.5x, https:\/\/i0.wp.com\/lahoradelcampo.com.uy\/site\/wp-content\/uploads\/2017\/10\/Ganado-gordo.jpg?fit=880%2C440&ssl=1&resize=700%2C400 2x"},"classes":[]},{"id":39721,"url":"https:\/\/lahoradelcampo.com.uy\/site\/nuevo-valor-maximo-para-el-novillo-mercosur\/","url_meta":{"origin":37357,"position":4},"title":"Nuevo valor m\u00e1ximo para el Novillo Mercosur","author":"La Hora del Campo","date":"10 marzo, 2022","format":false,"excerpt":"De acuerdo al informe semanal de la Consultora Tard\u00e1guila Agromercados, el \u00cdndice Faxcarne del Novillo Mercosur, marca un nuevo m\u00e1ximo hist\u00f3rico para el sector ganadero de la regi\u00f3n. El promedio para la presente semana se posicion\u00f3 en US$ 4,36 por kilogramo de carcasa, con un incremento de 8 centavos respecto\u2026","rel":"","context":"En \u00abActualidad\u00bb","block_context":{"text":"Actualidad","link":"https:\/\/lahoradelcampo.com.uy\/site\/category\/actualidad\/"},"img":{"alt_text":"","src":"https:\/\/i0.wp.com\/lahoradelcampo.com.uy\/site\/wp-content\/uploads\/2022\/03\/novillo-merco.jpg?fit=880%2C440&ssl=1&resize=350%2C200","width":350,"height":200,"srcset":"https:\/\/i0.wp.com\/lahoradelcampo.com.uy\/site\/wp-content\/uploads\/2022\/03\/novillo-merco.jpg?fit=880%2C440&ssl=1&resize=350%2C200 1x, https:\/\/i0.wp.com\/lahoradelcampo.com.uy\/site\/wp-content\/uploads\/2022\/03\/novillo-merco.jpg?fit=880%2C440&ssl=1&resize=525%2C300 1.5x, https:\/\/i0.wp.com\/lahoradelcampo.com.uy\/site\/wp-content\/uploads\/2022\/03\/novillo-merco.jpg?fit=880%2C440&ssl=1&resize=700%2C400 2x"},"classes":[]},{"id":32766,"url":"https:\/\/lahoradelcampo.com.uy\/site\/precios-firmes-y-alza-para-el-novillo-gordo-en-la-region\/","url_meta":{"origin":37357,"position":5},"title":"Precios firmes y alza para el novillo gordo  en la regi\u00f3n","author":"La Hora del Campo","date":"5 agosto, 2021","format":false,"excerpt":"El valor del \u00edndice Faxcarne del Novillo Mercosur volvi\u00f3 a subir por cuarta semana consecutiva debido a la firmeza de los valores y el alza generalizada en los distintos pa\u00edses del bloque. Seg\u00fan la consultora Tard\u00e1guila Agromercados, elaboradora del indicador, el precio promedio del novillo gordo en la regi\u00f3n est\u00e1\u2026","rel":"","context":"En \u00abActualidad\u00bb","block_context":{"text":"Actualidad","link":"https:\/\/lahoradelcampo.com.uy\/site\/category\/actualidad\/"},"img":{"alt_text":"","src":"https:\/\/i0.wp.com\/lahoradelcampo.com.uy\/site\/wp-content\/uploads\/2020\/06\/ganado-gordo-1.jpg?fit=880%2C440&ssl=1&resize=350%2C200","width":350,"height":200,"srcset":"https:\/\/i0.wp.com\/lahoradelcampo.com.uy\/site\/wp-content\/uploads\/2020\/06\/ganado-gordo-1.jpg?fit=880%2C440&ssl=1&resize=350%2C200 1x, https:\/\/i0.wp.com\/lahoradelcampo.com.uy\/site\/wp-content\/uploads\/2020\/06\/ganado-gordo-1.jpg?fit=880%2C440&ssl=1&resize=525%2C300 1.5x, https:\/\/i0.wp.com\/lahoradelcampo.com.uy\/site\/wp-content\/uploads\/2020\/06\/ganado-gordo-1.jpg?fit=880%2C440&ssl=1&resize=700%2C400 2x"},"classes":[]}],"jetpack_likes_enabled":true,"_links":{"self":[{"href":"https:\/\/lahoradelcampo.com.uy\/site\/wp-json\/wp\/v2\/posts\/37357","targetHints":{"allow":["GET"]}}],"collection":[{"href":"https:\/\/lahoradelcampo.com.uy\/site\/wp-json\/wp\/v2\/posts"}],"about":[{"href":"https:\/\/lahoradelcampo.com.uy\/site\/wp-json\/wp\/v2\/types\/post"}],"author":[{"embeddable":true,"href":"https:\/\/lahoradelcampo.com.uy\/site\/wp-json\/wp\/v2\/users\/5"}],"replies":[{"embeddable":true,"href":"https:\/\/lahoradelcampo.com.uy\/site\/wp-json\/wp\/v2\/comments?post=37357"}],"version-history":[{"count":1,"href":"https:\/\/lahoradelcampo.com.uy\/site\/wp-json\/wp\/v2\/posts\/37357\/revisions"}],"predecessor-version":[{"id":37359,"href":"https:\/\/lahoradelcampo.com.uy\/site\/wp-json\/wp\/v2\/posts\/37357\/revisions\/37359"}],"wp:featuredmedia":[{"embeddable":true,"href":"https:\/\/lahoradelcampo.com.uy\/site\/wp-json\/wp\/v2\/media\/6937"}],"wp:attachment":[{"href":"https:\/\/lahoradelcampo.com.uy\/site\/wp-json\/wp\/v2\/media?parent=37357"}],"wp:term":[{"taxonomy":"category","embeddable":true,"href":"https:\/\/lahoradelcampo.com.uy\/site\/wp-json\/wp\/v2\/categories?post=37357"},{"taxonomy":"post_tag","embeddable":true,"href":"https:\/\/lahoradelcampo.com.uy\/site\/wp-json\/wp\/v2\/tags?post=37357"}],"curies":[{"name":"wp","href":"https:\/\/api.w.org\/{rel}","templated":true}]}}