{"id":37353,"date":"2021-12-09T07:02:26","date_gmt":"2021-12-09T10:02:26","guid":{"rendered":"http:\/\/lahoradelcampo.com.uy\/site\/?p=37353"},"modified":"2021-12-09T07:02:30","modified_gmt":"2021-12-09T10:02:30","slug":"dgsg-suspendio-una-vacuna-para-el-control-de-brucelosis-bovina","status":"publish","type":"post","link":"https:\/\/lahoradelcampo.com.uy\/site\/dgsg-suspendio-una-vacuna-para-el-control-de-brucelosis-bovina\/","title":{"rendered":"DGSG suspendi\u00f3 una vacuna para el control de brucelosis bovina"},"content":{"rendered":"\n<figure class=\"wp-block-image\"><img data-recalc-dims=\"1\" loading=\"lazy\" decoding=\"async\" width=\"810\" height=\"405\" data-attachment-id=\"4859\" data-permalink=\"https:\/\/lahoradelcampo.com.uy\/site\/paysandu-en-2018-debera-vacunar-con-rb51\/cria\/\" data-orig-file=\"https:\/\/i0.wp.com\/lahoradelcampo.com.uy\/site\/wp-content\/uploads\/2017\/12\/cria.jpg?fit=880%2C440&amp;ssl=1\" data-orig-size=\"880,440\" data-comments-opened=\"1\" data-image-meta=\"{&quot;aperture&quot;:&quot;0&quot;,&quot;credit&quot;:&quot;Vicente-Manuel-Tort&quot;,&quot;camera&quot;:&quot;&quot;,&quot;caption&quot;:&quot;&quot;,&quot;created_timestamp&quot;:&quot;0&quot;,&quot;copyright&quot;:&quot;Presidencia de la Republica - Sec.Com.Inst.&quot;,&quot;focal_length&quot;:&quot;0&quot;,&quot;iso&quot;:&quot;0&quot;,&quot;shutter_speed&quot;:&quot;0&quot;,&quot;title&quot;:&quot;&quot;,&quot;orientation&quot;:&quot;1&quot;}\" data-image-title=\"cria\" data-image-description=\"\" data-image-caption=\"\" data-large-file=\"https:\/\/i0.wp.com\/lahoradelcampo.com.uy\/site\/wp-content\/uploads\/2017\/12\/cria.jpg?fit=810%2C405&amp;ssl=1\" src=\"https:\/\/i0.wp.com\/lahoradelcampo.com.uy\/site\/wp-content\/uploads\/2017\/12\/cria.jpg?resize=810%2C405\" alt=\"\" class=\"wp-image-4859\" srcset=\"https:\/\/i0.wp.com\/lahoradelcampo.com.uy\/site\/wp-content\/uploads\/2017\/12\/cria.jpg?w=880&amp;ssl=1 880w, https:\/\/i0.wp.com\/lahoradelcampo.com.uy\/site\/wp-content\/uploads\/2017\/12\/cria.jpg?resize=300%2C150&amp;ssl=1 300w, https:\/\/i0.wp.com\/lahoradelcampo.com.uy\/site\/wp-content\/uploads\/2017\/12\/cria.jpg?resize=768%2C384&amp;ssl=1 768w, https:\/\/i0.wp.com\/lahoradelcampo.com.uy\/site\/wp-content\/uploads\/2017\/12\/cria.jpg?resize=820%2C410&amp;ssl=1 820w\" sizes=\"auto, (max-width: 810px) 100vw, 810px\" \/><\/figure>\n\n\n\n<p>La Direcci\u00f3n General de Servicios Ganaderos (DGSG), en el marco de la vigilancia del Programa Sanitario para el control y erradicaci\u00f3n de la Brucelosis bovina que realiza, detect\u00f3 inconsistencias en resultados de algunas pruebas serol\u00f3gicas realizadas.<br><\/p>\n\n\n\n<p>En base a ello y a una prueba de campo realizada por el MGAP, la cual confirm\u00f3 dichas inconsistencias, se decidi\u00f3 emitir una resoluci\u00f3n en la que se suspende de manera preventiva la fabricaci\u00f3n, distribuci\u00f3n, comercializaci\u00f3n, uso y venta de la vacuna Brucelosan51, del laboratorio Virbac Uruguay SA.<br><\/p>\n\n\n\n<p>Al mismo tiempo, se indica que el laboratorio deber\u00e1 retirar de plaza las vacunas distribuidas e informar al Departamento de Control de Productos Veterinarios de la Divisi\u00f3n Laboratorios Veterinarios Miguel C. Rubino (DILAVE), dentro de un plazo de 5 d\u00edas h\u00e1biles, la cantidad de series y envases retirados.<br><\/p>\n\n\n\n<p>Desde el MGAP, a trav\u00e9s de la DGSG, se comunica que los ganados que recibieron el tratamiento de la vacuna referida no ser\u00e1n considerados como casos positivos, al tiempo que se continuar\u00e1 con la correspondiente vigilancia epidemiol\u00f3gica.<br><\/p>\n\n\n\n<p>Cabe destacar que esta medida no tiene ning\u00fan impacto en la campa\u00f1a sanitaria que se viene desarrollando, que no implica ning\u00fan riesgo para la salud p\u00fablica, ni de los animales inoculados, ni en el estatus sanitario del pa\u00eds.<br><\/p>\n\n\n\n<p>Medidas de este tipo son de car\u00e1cter preventivo gracias a los controles que realiza el ministerio.<br><\/p>\n\n\n\n<p>El MGAP trabaja junto al laboratorio para determinar cu\u00e1l fue la circunstancia que pudo haber generado esta situaci\u00f3n.<\/p>\n\n\n\n<p>Salto, 9 de diciembre de 2021<\/p>\n","protected":false},"excerpt":{"rendered":"<p>La Direcci\u00f3n General de Servicios Ganaderos (DGSG), en el marco de la vigilancia del Programa Sanitario para el control y erradicaci\u00f3n de la Brucelosis bovina que realiza, detect\u00f3 inconsistencias en [&hellip;]<\/p>\n","protected":false},"author":5,"featured_media":4859,"comment_status":"open","ping_status":"open","sticky":false,"template":"","format":"standard","meta":{"_price":"","_stock":"","_tribe_ticket_header":"","_tribe_default_ticket_provider":"","_tribe_ticket_capacity":"0","_ticket_start_date":"","_ticket_end_date":"","_tribe_ticket_show_description":"","_tribe_ticket_show_not_going":false,"_tribe_ticket_use_global_stock":"","_tribe_ticket_global_stock_level":"","_global_stock_mode":"","_global_stock_cap":"","_tribe_rsvp_for_event":"","_tribe_ticket_going_count":"","_tribe_ticket_not_going_count":"","_tribe_tickets_list":"[]","_tribe_ticket_has_attendee_info_fields":false,"h5ap_radio_sources":[],"_jetpack_newsletter_access":"","_jetpack_dont_email_post_to_subs":false,"_jetpack_newsletter_tier_id":0,"_jetpack_memberships_contains_paywalled_content":false,"_jetpack_memberships_contains_paid_content":false,"footnotes":""},"categories":[21,5],"tags":[],"class_list":["post-37353","post","type-post","status-publish","format-standard","has-post-thumbnail","hentry","category-actualidad","category-ganaderia"],"jetpack_featured_media_url":"https:\/\/i0.wp.com\/lahoradelcampo.com.uy\/site\/wp-content\/uploads\/2017\/12\/cria.jpg?fit=880%2C440&ssl=1","jetpack_sharing_enabled":true,"jetpack_shortlink":"https:\/\/wp.me\/p99IaT-9It","jetpack-related-posts":[{"id":36619,"url":"https:\/\/lahoradelcampo.com.uy\/site\/el-mgap-levanto-la-vacunacion-obligatoria-para-brucelosis-en-paysandu\/","url_meta":{"origin":37353,"position":0},"title":"El MGAP levant\u00f3 la vacunaci\u00f3n obligatoria para  Brucelosis en Paysand\u00fa","author":"La Hora del Campo","date":"16 noviembre, 2021","format":false,"excerpt":"La Direcci\u00f3n General de los Servicios Ganaderos del Ministerio de Ganader\u00eda, Agricultura y Pesca (MGAP), resolvi\u00f3 dejar sin efecto la vacunaci\u00f3n y revacunaci\u00f3n obligatorias contra la Brucelosis bovina con la vacuna Brucella abortus RB51, en el departamento de Paysand\u00fa. La medida era aplicada para todas las hembras bovinas mayores de\u2026","rel":"","context":"En \u00abActualidad\u00bb","block_context":{"text":"Actualidad","link":"https:\/\/lahoradelcampo.com.uy\/site\/category\/actualidad\/"},"img":{"alt_text":"","src":"https:\/\/i0.wp.com\/lahoradelcampo.com.uy\/site\/wp-content\/uploads\/2021\/11\/Defreitas.jpg?fit=880%2C440&ssl=1&resize=350%2C200","width":350,"height":200,"srcset":"https:\/\/i0.wp.com\/lahoradelcampo.com.uy\/site\/wp-content\/uploads\/2021\/11\/Defreitas.jpg?fit=880%2C440&ssl=1&resize=350%2C200 1x, https:\/\/i0.wp.com\/lahoradelcampo.com.uy\/site\/wp-content\/uploads\/2021\/11\/Defreitas.jpg?fit=880%2C440&ssl=1&resize=525%2C300 1.5x, https:\/\/i0.wp.com\/lahoradelcampo.com.uy\/site\/wp-content\/uploads\/2021\/11\/Defreitas.jpg?fit=880%2C440&ssl=1&resize=700%2C400 2x"},"classes":[]},{"id":46471,"url":"https:\/\/lahoradelcampo.com.uy\/site\/mgap-realizo-una-puesta-a-punto-sobre-brucelosis-bovina\/","url_meta":{"origin":37353,"position":1},"title":"MGAP realiz\u00f3 una puesta a punto sobre Brucelosis bovina","author":"La Hora del Campo","date":"20 octubre, 2022","format":false,"excerpt":"Debido a que en meses recientes la Brucelosis bovina present\u00f3 una mayor incidencia de casos, detectados a trav\u00e9s de la investigaci\u00f3n y monitoreo que realizan los servicios oficiales del MGAP, el ministro Fernando Mattos conjuntamente con autoridades de los Servicios Ganaderos llevaron adelante una conferencia de prensa para mostrar datos\u2026","rel":"","context":"En \u00abActualidad\u00bb","block_context":{"text":"Actualidad","link":"https:\/\/lahoradelcampo.com.uy\/site\/category\/actualidad\/"},"img":{"alt_text":"","src":"https:\/\/i0.wp.com\/lahoradelcampo.com.uy\/site\/wp-content\/uploads\/2022\/10\/MGAP-brucelosis.jpg?fit=880%2C440&ssl=1&resize=350%2C200","width":350,"height":200,"srcset":"https:\/\/i0.wp.com\/lahoradelcampo.com.uy\/site\/wp-content\/uploads\/2022\/10\/MGAP-brucelosis.jpg?fit=880%2C440&ssl=1&resize=350%2C200 1x, https:\/\/i0.wp.com\/lahoradelcampo.com.uy\/site\/wp-content\/uploads\/2022\/10\/MGAP-brucelosis.jpg?fit=880%2C440&ssl=1&resize=525%2C300 1.5x, https:\/\/i0.wp.com\/lahoradelcampo.com.uy\/site\/wp-content\/uploads\/2022\/10\/MGAP-brucelosis.jpg?fit=880%2C440&ssl=1&resize=700%2C400 2x"},"classes":[]},{"id":42869,"url":"https:\/\/lahoradelcampo.com.uy\/site\/eeuu-finalizo-su-auditoria-a-la-dgsg-del-mgap\/","url_meta":{"origin":37353,"position":2},"title":"EEUU finaliz\u00f3 su auditoria a la DGSG del MGAP","author":"La Hora del Campo","date":"16 junio, 2022","format":false,"excerpt":"La Direcci\u00f3n General de los Servicios Ganaderos del Ministerio de Ganader\u00eda, Agricultura y Pesca (DGSG-MGAP) confirm\u00f3 que en la ma\u00f1ana de ayer finaliz\u00f3 la auditor\u00eda que ven\u00eda desarrollando Estados Unidos, en dicha repartici\u00f3n del ministerio, como as\u00ed tambi\u00e9n a nivel de la cadena c\u00e1rnica. \"Se audit\u00f3 la equivalencia de nuestro\u2026","rel":"","context":"En \u00abActualidad\u00bb","block_context":{"text":"Actualidad","link":"https:\/\/lahoradelcampo.com.uy\/site\/category\/actualidad\/"},"img":{"alt_text":"","src":"https:\/\/i0.wp.com\/lahoradelcampo.com.uy\/site\/wp-content\/uploads\/2022\/06\/MGAP-auditoriaEEUU.jpg?fit=880%2C440&ssl=1&resize=350%2C200","width":350,"height":200,"srcset":"https:\/\/i0.wp.com\/lahoradelcampo.com.uy\/site\/wp-content\/uploads\/2022\/06\/MGAP-auditoriaEEUU.jpg?fit=880%2C440&ssl=1&resize=350%2C200 1x, https:\/\/i0.wp.com\/lahoradelcampo.com.uy\/site\/wp-content\/uploads\/2022\/06\/MGAP-auditoriaEEUU.jpg?fit=880%2C440&ssl=1&resize=525%2C300 1.5x, https:\/\/i0.wp.com\/lahoradelcampo.com.uy\/site\/wp-content\/uploads\/2022\/06\/MGAP-auditoriaEEUU.jpg?fit=880%2C440&ssl=1&resize=700%2C400 2x"},"classes":[]},{"id":3503,"url":"https:\/\/lahoradelcampo.com.uy\/site\/caso-de-brucelosis-humana-esta-relacionado-con-el-consumo-de-leche-cruda\/","url_meta":{"origin":37353,"position":3},"title":"Caso de brucelosis humana est\u00e1 relacionado con el consumo de leche cruda","author":"La Hora del Campo","date":"3 noviembre, 2017","format":false,"excerpt":"El d\u00eda 14 de agosto, el Departamento de Servicio de Salud del Estado de Texas emiti\u00f3 una alerta por causa de un caso de brucelosis. Una paciente fue diagnosticada y hospitalizada luego de presentar s\u00edntomas de fiebre, dolores musculares y en las articulaciones, y fatiga. La brucelosis es causada por\u2026","rel":"","context":"En \u00abLecher\u00eda\u00bb","block_context":{"text":"Lecher\u00eda","link":"https:\/\/lahoradelcampo.com.uy\/site\/category\/lecheria\/"},"img":{"alt_text":"","src":"https:\/\/i0.wp.com\/lahoradelcampo.com.uy\/site\/wp-content\/uploads\/2017\/11\/Leche-cruda.jpg?fit=880%2C440&ssl=1&resize=350%2C200","width":350,"height":200,"srcset":"https:\/\/i0.wp.com\/lahoradelcampo.com.uy\/site\/wp-content\/uploads\/2017\/11\/Leche-cruda.jpg?fit=880%2C440&ssl=1&resize=350%2C200 1x, https:\/\/i0.wp.com\/lahoradelcampo.com.uy\/site\/wp-content\/uploads\/2017\/11\/Leche-cruda.jpg?fit=880%2C440&ssl=1&resize=525%2C300 1.5x, https:\/\/i0.wp.com\/lahoradelcampo.com.uy\/site\/wp-content\/uploads\/2017\/11\/Leche-cruda.jpg?fit=880%2C440&ssl=1&resize=700%2C400 2x"},"classes":[]},{"id":44277,"url":"https:\/\/lahoradelcampo.com.uy\/site\/dgsg-trabaja-en-programa-nacional-de-control-de-salmonella\/","url_meta":{"origin":37353,"position":4},"title":"DGSG trabaja en Programa Nacional de Control de Salmonella","author":"La Hora del Campo","date":"28 julio, 2022","format":false,"excerpt":"La DGSG comenz\u00f3 el muestreo de granjas reproductoras en el marco del proyecto de estimaci\u00f3n de prevalencia de Salmonella en aves, financiado por del Programa de Apoyo a la Gesti\u00f3n P\u00fablica Agropecuaria (PAGPA) coordinado y ejecutado en forma conjunta con DIGEBIA. La informaci\u00f3n generada en este proyecto ser\u00e1 insumo para\u2026","rel":"","context":"En \u00abActualidad\u00bb","block_context":{"text":"Actualidad","link":"https:\/\/lahoradelcampo.com.uy\/site\/category\/actualidad\/"},"img":{"alt_text":"","src":"https:\/\/i0.wp.com\/lahoradelcampo.com.uy\/site\/wp-content\/uploads\/2022\/07\/mgap-salmonella.jpg?fit=880%2C440&ssl=1&resize=350%2C200","width":350,"height":200,"srcset":"https:\/\/i0.wp.com\/lahoradelcampo.com.uy\/site\/wp-content\/uploads\/2022\/07\/mgap-salmonella.jpg?fit=880%2C440&ssl=1&resize=350%2C200 1x, https:\/\/i0.wp.com\/lahoradelcampo.com.uy\/site\/wp-content\/uploads\/2022\/07\/mgap-salmonella.jpg?fit=880%2C440&ssl=1&resize=525%2C300 1.5x, https:\/\/i0.wp.com\/lahoradelcampo.com.uy\/site\/wp-content\/uploads\/2022\/07\/mgap-salmonella.jpg?fit=880%2C440&ssl=1&resize=700%2C400 2x"},"classes":[]},{"id":55948,"url":"https:\/\/lahoradelcampo.com.uy\/site\/paraguay-avanza-hacia-la-apertura-del-mercado-carnico-con-panama\/","url_meta":{"origin":37353,"position":5},"title":"Paraguay avanza hacia la apertura del mercado c\u00e1rnico con Panam\u00e1","author":"La Hora del Campo","date":"21 abril, 2025","format":false,"excerpt":"Del 21 al 25 de abril, autoridades paname\u00f1as realizar\u00e1n una auditor\u00eda en Paraguay, como paso clave para habilitar la exportaci\u00f3n de carne bovina al pa\u00eds centroamericano. La inspecci\u00f3n abarcar\u00e1 el laboratorio central de Senacsa, unidades zonales, frigor\u00edficos, puestos de control y establecimientos ganaderos. La visita estar\u00e1 a cargo del Ministerio\u2026","rel":"","context":"En \u00abActualidad\u00bb","block_context":{"text":"Actualidad","link":"https:\/\/lahoradelcampo.com.uy\/site\/category\/actualidad\/"},"img":{"alt_text":"","src":"https:\/\/i0.wp.com\/lahoradelcampo.com.uy\/site\/wp-content\/uploads\/2025\/04\/Paraguay-carne.jpg?fit=880%2C440&ssl=1&resize=350%2C200","width":350,"height":200,"srcset":"https:\/\/i0.wp.com\/lahoradelcampo.com.uy\/site\/wp-content\/uploads\/2025\/04\/Paraguay-carne.jpg?fit=880%2C440&ssl=1&resize=350%2C200 1x, https:\/\/i0.wp.com\/lahoradelcampo.com.uy\/site\/wp-content\/uploads\/2025\/04\/Paraguay-carne.jpg?fit=880%2C440&ssl=1&resize=525%2C300 1.5x, https:\/\/i0.wp.com\/lahoradelcampo.com.uy\/site\/wp-content\/uploads\/2025\/04\/Paraguay-carne.jpg?fit=880%2C440&ssl=1&resize=700%2C400 2x"},"classes":[]}],"jetpack_likes_enabled":true,"_links":{"self":[{"href":"https:\/\/lahoradelcampo.com.uy\/site\/wp-json\/wp\/v2\/posts\/37353","targetHints":{"allow":["GET"]}}],"collection":[{"href":"https:\/\/lahoradelcampo.com.uy\/site\/wp-json\/wp\/v2\/posts"}],"about":[{"href":"https:\/\/lahoradelcampo.com.uy\/site\/wp-json\/wp\/v2\/types\/post"}],"author":[{"embeddable":true,"href":"https:\/\/lahoradelcampo.com.uy\/site\/wp-json\/wp\/v2\/users\/5"}],"replies":[{"embeddable":true,"href":"https:\/\/lahoradelcampo.com.uy\/site\/wp-json\/wp\/v2\/comments?post=37353"}],"version-history":[{"count":1,"href":"https:\/\/lahoradelcampo.com.uy\/site\/wp-json\/wp\/v2\/posts\/37353\/revisions"}],"predecessor-version":[{"id":37355,"href":"https:\/\/lahoradelcampo.com.uy\/site\/wp-json\/wp\/v2\/posts\/37353\/revisions\/37355"}],"wp:featuredmedia":[{"embeddable":true,"href":"https:\/\/lahoradelcampo.com.uy\/site\/wp-json\/wp\/v2\/media\/4859"}],"wp:attachment":[{"href":"https:\/\/lahoradelcampo.com.uy\/site\/wp-json\/wp\/v2\/media?parent=37353"}],"wp:term":[{"taxonomy":"category","embeddable":true,"href":"https:\/\/lahoradelcampo.com.uy\/site\/wp-json\/wp\/v2\/categories?post=37353"},{"taxonomy":"post_tag","embeddable":true,"href":"https:\/\/lahoradelcampo.com.uy\/site\/wp-json\/wp\/v2\/tags?post=37353"}],"curies":[{"name":"wp","href":"https:\/\/api.w.org\/{rel}","templated":true}]}}