{"id":37345,"date":"2021-12-08T11:17:42","date_gmt":"2021-12-08T14:17:42","guid":{"rendered":"http:\/\/lahoradelcampo.com.uy\/site\/?p=37345"},"modified":"2021-12-08T11:17:47","modified_gmt":"2021-12-08T14:17:47","slug":"lista-1010-cerro-campana-con-productores-en-florida","status":"publish","type":"post","link":"https:\/\/lahoradelcampo.com.uy\/site\/lista-1010-cerro-campana-con-productores-en-florida\/","title":{"rendered":"Lista 1010 cerr\u00f3 campa\u00f1a con productores en Florida"},"content":{"rendered":"\n<figure class=\"wp-block-image\"><img data-recalc-dims=\"1\" loading=\"lazy\" decoding=\"async\" width=\"810\" height=\"405\" data-attachment-id=\"37347\" data-permalink=\"https:\/\/lahoradelcampo.com.uy\/site\/lista-1010-cerro-campana-con-productores-en-florida\/conaprole-lista-1010\/\" data-orig-file=\"https:\/\/i0.wp.com\/lahoradelcampo.com.uy\/site\/wp-content\/uploads\/2021\/12\/Conaprole-lista-1010.jpg?fit=880%2C440&amp;ssl=1\" data-orig-size=\"880,440\" data-comments-opened=\"1\" data-image-meta=\"{&quot;aperture&quot;:&quot;0&quot;,&quot;credit&quot;:&quot;&quot;,&quot;camera&quot;:&quot;&quot;,&quot;caption&quot;:&quot;&quot;,&quot;created_timestamp&quot;:&quot;0&quot;,&quot;copyright&quot;:&quot;&quot;,&quot;focal_length&quot;:&quot;0&quot;,&quot;iso&quot;:&quot;0&quot;,&quot;shutter_speed&quot;:&quot;0&quot;,&quot;title&quot;:&quot;&quot;,&quot;orientation&quot;:&quot;1&quot;}\" data-image-title=\"Conaprole &amp;#8211; lista 1010\" data-image-description=\"\" data-image-caption=\"\" data-large-file=\"https:\/\/i0.wp.com\/lahoradelcampo.com.uy\/site\/wp-content\/uploads\/2021\/12\/Conaprole-lista-1010.jpg?fit=810%2C405&amp;ssl=1\" src=\"https:\/\/i0.wp.com\/lahoradelcampo.com.uy\/site\/wp-content\/uploads\/2021\/12\/Conaprole-lista-1010.jpg?resize=810%2C405\" alt=\"\" class=\"wp-image-37347\" srcset=\"https:\/\/i0.wp.com\/lahoradelcampo.com.uy\/site\/wp-content\/uploads\/2021\/12\/Conaprole-lista-1010.jpg?w=880&amp;ssl=1 880w, https:\/\/i0.wp.com\/lahoradelcampo.com.uy\/site\/wp-content\/uploads\/2021\/12\/Conaprole-lista-1010.jpg?resize=300%2C150&amp;ssl=1 300w, https:\/\/i0.wp.com\/lahoradelcampo.com.uy\/site\/wp-content\/uploads\/2021\/12\/Conaprole-lista-1010.jpg?resize=768%2C384&amp;ssl=1 768w, https:\/\/i0.wp.com\/lahoradelcampo.com.uy\/site\/wp-content\/uploads\/2021\/12\/Conaprole-lista-1010.jpg?resize=820%2C410&amp;ssl=1 820w\" sizes=\"auto, (max-width: 810px) 100vw, 810px\" \/><\/figure>\n\n\n\n<p>El pasado martes 7 de diciembre, la lista 1010 \u201cUnidad y Compromiso Cooperativo\u201d de Conaprole llev\u00f3 adelante el acto de cierre de campa\u00f1a en la Asociaci\u00f3n Rural de Florida. <\/p>\n\n\n\n<p>Del encuentro participaron el candidato a la presidencia, Gabriel Fern\u00e1ndez (productor lechero de Florida y director de CONAPROLE desde 2016 hasta la fecha) y los candidatos al directorio Alejandro P\u00e9rez Viazzi (productor lechero de San Jos\u00e9, exdirector de CONAPROLE y vicepresidente del Directorio desde 2017 hasta la fecha); Ing. Agr. Juan Parra (productor lechero de Canelones y director de PROLESA desde 2017 hasta la fecha); Dr. Daniel Laborde (productor lechero de Flores, referente zonal de CONAPROLE entre los a\u00f1os 2000 al 2004 y director de PROLESA desde el 2020); y Carlos F\u00e9lix (productor lechero de Colonia y director de PROLECO desde 2016 hasta la fecha). Tambi\u00e9n estuvieron el presidente de Conaprole, \u00c1lvaro Ambrois, y el expresidente de la Cooperativa, Jorge Paniza. <\/p>\n\n\n\n<p>Durante el acto, los integrantes de la lista agradecieron a los cientos de productores que participaron de las distintas reuniones zonales en las \u00faltimas semanas y remarcaron la importancia de las votaciones de este 10 de diciembre. \u201cEs importante que todos los tamberos voten. Lo que est\u00e1 en juego en estas elecciones es la continuidad de las pol\u00edticas que ayudaron al fortalecimiento de la Cooperativa y del sector en los \u00faltimos a\u00f1os\u201d, indic\u00f3 Gabriel Fern\u00e1ndez tras el encuentro. <\/p>\n\n\n\n<p>Por su parte, Alejandro P\u00e9rez Viazzi, indic\u00f3 que la Cooperativa logr\u00f3 implementar diversas pol\u00edticas que ayudaron a la consolidaci\u00f3n econ\u00f3mica de la industria, al punto de ser la que paga el mejor precio por litro de leche remitida. \u201cEn los \u00faltimos diez a\u00f1os, con casi la misma cantidad de personal, la productividad aument\u00f3 en un 63%. Esto no es casualidad, sino el resultado de pol\u00edticas sostenidas y la proyecci\u00f3n al largo plazo\u201d, dijo. <\/p>\n\n\n\n<p>Consultado sobre la posibilidad de concretar un aumento en el precio de la leche al productor, el actual vice de Conaprole sostuvo que si bien es algo que \u201cdepende de m\u00faltiples variables\u201d se muestra \u201crazonablemente optimista\u201d en que los escenarios futuros permitan un aumento de este tipo. <\/p>\n\n\n\n<p>CERCAN\u00cdA. <\/p>\n\n\n\n<p>Otro de los focos program\u00e1ticos de la agrupaci\u00f3n est\u00e1 puesto en llevar pol\u00edticas que permitan profundizar a\u00fan m\u00e1s el v\u00ednculo con los tamberos. \u201cSomos conscientes que, en estos siete a\u00f1os dif\u00edciles para el sector, sostener el tim\u00f3n de la cooperativa no nos permiti\u00f3 acercarnos tanto a los productores como hubi\u00e9semos querido, y lo tenemos como un aspecto prioritario en nuestro programa de trabajo\u201d, indic\u00f3 Daniel Laborde, candidato a Directivo por la 1010, quien asegur\u00f3 que, de todas formas, los responsables zonales de la Cooperativa \u201cson una parte fundamental en lo que hace al asesoramiento de los productores\u201d. <\/p>\n\n\n\n<p>En esta misma l\u00ednea, Juan Parra remarc\u00f3 el rol de PROLESA en la facilitaci\u00f3n de insumos a precios accesibles para todos los productores de la Cooperativa. \u201cLas distintas alianzas de PROLESA facilitaron que los tamberos de Conaprole puedan acceder a semillas e insumos de primera calidad a precios sensiblemente menores  que los de mercado\u201d, indic\u00f3. \u201cA esto se suman las reliquidaciones por USD 14 millones en los \u00faltimos cinco a\u00f1os\u201d, agreg\u00f3. <\/p>\n\n\n\n<p>Por \u00faltimo, Carlos F\u00e9lix, destac\u00f3 la creaci\u00f3n del programa FFIEL, de PROLECO, creado recientemente. \u201cEste instrumento de financiamiento de largo plazo que tiene como objetivo financiar proyectos productivos sustentables, promoviendo la competitividad y el crecimiento de las empresas lecheras a tasas de inter\u00e9s preferenciales. A medida que vaya siendo utilizado marcar\u00e1 una gran diferencia en el sector\u201d, sentenci\u00f3 F\u00e9lix.  <\/p>\n\n\n\n<p>Salto 8 de diciembre de 2021<\/p>\n","protected":false},"excerpt":{"rendered":"<p>El pasado martes 7 de diciembre, la lista 1010 \u201cUnidad y Compromiso Cooperativo\u201d de Conaprole llev\u00f3 adelante el acto de cierre de campa\u00f1a en la Asociaci\u00f3n Rural de Florida. Del [&hellip;]<\/p>\n","protected":false},"author":5,"featured_media":37347,"comment_status":"open","ping_status":"open","sticky":false,"template":"","format":"standard","meta":{"_price":"","_stock":"","_tribe_ticket_header":"","_tribe_default_ticket_provider":"","_tribe_ticket_capacity":"0","_ticket_start_date":"","_ticket_end_date":"","_tribe_ticket_show_description":"","_tribe_ticket_show_not_going":false,"_tribe_ticket_use_global_stock":"","_tribe_ticket_global_stock_level":"","_global_stock_mode":"","_global_stock_cap":"","_tribe_rsvp_for_event":"","_tribe_ticket_going_count":"","_tribe_ticket_not_going_count":"","_tribe_tickets_list":"[]","_tribe_ticket_has_attendee_info_fields":false,"h5ap_radio_sources":[],"_jetpack_newsletter_access":"","_jetpack_dont_email_post_to_subs":false,"_jetpack_newsletter_tier_id":0,"_jetpack_memberships_contains_paywalled_content":false,"_jetpack_memberships_contains_paid_content":false,"footnotes":""},"categories":[21,11],"tags":[],"class_list":["post-37345","post","type-post","status-publish","format-standard","has-post-thumbnail","hentry","category-actualidad","category-lecheria"],"jetpack_featured_media_url":"https:\/\/i0.wp.com\/lahoradelcampo.com.uy\/site\/wp-content\/uploads\/2021\/12\/Conaprole-lista-1010.jpg?fit=880%2C440&ssl=1","jetpack_sharing_enabled":true,"jetpack_shortlink":"https:\/\/wp.me\/p99IaT-9Il","jetpack-related-posts":[{"id":17970,"url":"https:\/\/lahoradelcampo.com.uy\/site\/conaprole-definio-medidas-de-asistencia-para-productores\/","url_meta":{"origin":37345,"position":0},"title":"Conaprole defini\u00f3 medidas de asistencia para productores","author":"La Hora del Campo","date":"12 marzo, 2020","format":false,"excerpt":"Conaprole define medidas de asistencia a los productores ante el impacto del d\u00e9ficit de lluvias mientras Prolesa ya anunci\u00f3 acciones para darles respiro financiero. La semana pasada el directorio de Conaprole mantuvo para la remisi\u00f3n de febrero las mismas referencias de precio que para la de enero. La cooperativa y\u2026","rel":"","context":"En \u00abActualidad\u00bb","block_context":{"text":"Actualidad","link":"https:\/\/lahoradelcampo.com.uy\/site\/category\/actualidad\/"},"img":{"alt_text":"","src":"https:\/\/i0.wp.com\/lahoradelcampo.com.uy\/site\/wp-content\/uploads\/2019\/04\/Conaprole-1.jpg?fit=880%2C440&ssl=1&resize=350%2C200","width":350,"height":200,"srcset":"https:\/\/i0.wp.com\/lahoradelcampo.com.uy\/site\/wp-content\/uploads\/2019\/04\/Conaprole-1.jpg?fit=880%2C440&ssl=1&resize=350%2C200 1x, https:\/\/i0.wp.com\/lahoradelcampo.com.uy\/site\/wp-content\/uploads\/2019\/04\/Conaprole-1.jpg?fit=880%2C440&ssl=1&resize=525%2C300 1.5x, https:\/\/i0.wp.com\/lahoradelcampo.com.uy\/site\/wp-content\/uploads\/2019\/04\/Conaprole-1.jpg?fit=880%2C440&ssl=1&resize=700%2C400 2x"},"classes":[]},{"id":53878,"url":"https:\/\/lahoradelcampo.com.uy\/site\/la-semana-conaprole-en-junio-celebrara-los-30-anos-de-prolesa\/","url_meta":{"origin":37345,"position":1},"title":"La \u00abSemana Conaprole\u00bb en junio celebrar\u00e1 los 30 a\u00f1os de Prolesa","author":"La Hora del Campo","date":"16 mayo, 2024","format":false,"excerpt":"En el marco de los 30 a\u00f1os de la empresa Prolesa, las entidades del Grupo Cooperativo Conaprole se preparan para la realizaci\u00f3n de la \"Semana Conaprole\" que se desarrollar\u00e1 del lunes 10 al s\u00e1bado 15 de junio, en Ciudad del Plata, en San Jos\u00e9, donde converger\u00e1n temas comerciales, t\u00e9cnicos y\u2026","rel":"","context":"En \u00abActualidad\u00bb","block_context":{"text":"Actualidad","link":"https:\/\/lahoradelcampo.com.uy\/site\/category\/actualidad\/"},"img":{"alt_text":"","src":"https:\/\/i0.wp.com\/lahoradelcampo.com.uy\/site\/wp-content\/uploads\/2024\/05\/GrupoConaprole.jpg?fit=880%2C440&ssl=1&resize=350%2C200","width":350,"height":200,"srcset":"https:\/\/i0.wp.com\/lahoradelcampo.com.uy\/site\/wp-content\/uploads\/2024\/05\/GrupoConaprole.jpg?fit=880%2C440&ssl=1&resize=350%2C200 1x, https:\/\/i0.wp.com\/lahoradelcampo.com.uy\/site\/wp-content\/uploads\/2024\/05\/GrupoConaprole.jpg?fit=880%2C440&ssl=1&resize=525%2C300 1.5x, https:\/\/i0.wp.com\/lahoradelcampo.com.uy\/site\/wp-content\/uploads\/2024\/05\/GrupoConaprole.jpg?fit=880%2C440&ssl=1&resize=700%2C400 2x"},"classes":[]},{"id":29722,"url":"https:\/\/lahoradelcampo.com.uy\/site\/se-lanzo-herramienta-de-apoyo-a-las-inversiones-del-productor-de-conaprole\/","url_meta":{"origin":37345,"position":2},"title":"Se lanz\u00f3 herramienta de apoyo a las inversiones del productor de Conaprole","author":"La Hora del Campo","date":"6 mayo, 2021","format":false,"excerpt":"Fue lanzado en formato virtual el instrumento de financiamiento de largo plazo. Participaron del evento el presidente de Conaprole Ing. Agr. \u00c1lvaro Ambrois, el director Gabriel Fern\u00e1ndez, el presidente de Proleco Carlos F\u00e9lix y el representante de BID Invest James Scriven (CEO BID Invest, general manager) desde Estados Unidos. Fern\u00e1ndez\u2026","rel":"","context":"En \u00abActualidad\u00bb","block_context":{"text":"Actualidad","link":"https:\/\/lahoradelcampo.com.uy\/site\/category\/actualidad\/"},"img":{"alt_text":"","src":"https:\/\/i0.wp.com\/lahoradelcampo.com.uy\/site\/wp-content\/uploads\/2019\/04\/Conaprole.jpg?fit=880%2C440&ssl=1&resize=350%2C200","width":350,"height":200,"srcset":"https:\/\/i0.wp.com\/lahoradelcampo.com.uy\/site\/wp-content\/uploads\/2019\/04\/Conaprole.jpg?fit=880%2C440&ssl=1&resize=350%2C200 1x, https:\/\/i0.wp.com\/lahoradelcampo.com.uy\/site\/wp-content\/uploads\/2019\/04\/Conaprole.jpg?fit=880%2C440&ssl=1&resize=525%2C300 1.5x, https:\/\/i0.wp.com\/lahoradelcampo.com.uy\/site\/wp-content\/uploads\/2019\/04\/Conaprole.jpg?fit=880%2C440&ssl=1&resize=700%2C400 2x"},"classes":[]},{"id":15680,"url":"https:\/\/lahoradelcampo.com.uy\/site\/conaprole-exportara-2-000-toneladas-de-leche-en-polvo-a-china\/","url_meta":{"origin":37345,"position":3},"title":"Conaprole exportar\u00e1 2.000 toneladas de leche en polvo a China","author":"La Hora del Campo","date":"7 noviembre, 2019","format":false,"excerpt":"Conaprole firm\u00f3 un acuerdo con la empresa china New Hope Dairy por 2.000 toneladas de leche en polvo, por un valor cercano a los 6 millones de d\u00f3lares, negocio que se concretar\u00e1 el a\u00f1o pr\u00f3ximo, seg\u00fan inform\u00f3 el ministro de Ganader\u00eda, Agricultura y Pesca, Enzo Benech. Adem\u00e1s, Claldy suscribi\u00f3 un\u2026","rel":"","context":"En \u00abActualidad\u00bb","block_context":{"text":"Actualidad","link":"https:\/\/lahoradelcampo.com.uy\/site\/category\/actualidad\/"},"img":{"alt_text":"","src":"https:\/\/i0.wp.com\/lahoradelcampo.com.uy\/site\/wp-content\/uploads\/2017\/11\/Lecheria.jpg?fit=880%2C440&ssl=1&resize=350%2C200","width":350,"height":200,"srcset":"https:\/\/i0.wp.com\/lahoradelcampo.com.uy\/site\/wp-content\/uploads\/2017\/11\/Lecheria.jpg?fit=880%2C440&ssl=1&resize=350%2C200 1x, https:\/\/i0.wp.com\/lahoradelcampo.com.uy\/site\/wp-content\/uploads\/2017\/11\/Lecheria.jpg?fit=880%2C440&ssl=1&resize=525%2C300 1.5x, https:\/\/i0.wp.com\/lahoradelcampo.com.uy\/site\/wp-content\/uploads\/2017\/11\/Lecheria.jpg?fit=880%2C440&ssl=1&resize=700%2C400 2x"},"classes":[]},{"id":21292,"url":"https:\/\/lahoradelcampo.com.uy\/site\/funcionarios-de-conaprole-realizaron-una-asamblea-de-19-horas-sin-guardia\/","url_meta":{"origin":37345,"position":4},"title":"Funcionarios de Conaprole realizaron una Asamblea de 19 horas sin guardia","author":"La Hora del Campo","date":"25 junio, 2020","format":false,"excerpt":"La Asociaci\u00f3n Nacional de Productores de Leche denunci\u00f3 en la jornada de ayer, en un comunicado, que la Asociaci\u00f3n de Obreros y Empleados de Conaprole (AOEC) realizaron una Asamblea de 19 horas sin realizar las guardias correspondientes generando p\u00e9rdidas importantes para el sector lechero y desabastecimiento a la poblaci\u00f3n. Los\u2026","rel":"","context":"En \u00abActualidad\u00bb","block_context":{"text":"Actualidad","link":"https:\/\/lahoradelcampo.com.uy\/site\/category\/actualidad\/"},"img":{"alt_text":"","src":"https:\/\/i0.wp.com\/lahoradelcampo.com.uy\/site\/wp-content\/uploads\/2019\/04\/Conaprole.jpg?fit=880%2C440&ssl=1&resize=350%2C200","width":350,"height":200,"srcset":"https:\/\/i0.wp.com\/lahoradelcampo.com.uy\/site\/wp-content\/uploads\/2019\/04\/Conaprole.jpg?fit=880%2C440&ssl=1&resize=350%2C200 1x, https:\/\/i0.wp.com\/lahoradelcampo.com.uy\/site\/wp-content\/uploads\/2019\/04\/Conaprole.jpg?fit=880%2C440&ssl=1&resize=525%2C300 1.5x, https:\/\/i0.wp.com\/lahoradelcampo.com.uy\/site\/wp-content\/uploads\/2019\/04\/Conaprole.jpg?fit=880%2C440&ssl=1&resize=700%2C400 2x"},"classes":[]},{"id":3875,"url":"https:\/\/lahoradelcampo.com.uy\/site\/lecheros-daran-batalla-en-el-parlamento-para-cambiar-el-fondo-de-garantia\/","url_meta":{"origin":37345,"position":5},"title":"Lecheros dar\u00e1n batalla en el Parlamento para cambiar el Fondo de Garant\u00eda","author":"La Hora del Campo","date":"13 noviembre, 2017","format":false,"excerpt":"Luego de la inconformidad que gener\u00f3 las explicaciones del Cr. Danilo Astori, Ministro de Econom\u00eda y Finanzas, sobre el fideicomiso lechero que funcionar\u00eda como un Fondo de Garant\u00eda para el sector, en la reuni\u00f3n llevada adelante entre el jerarca y las gremiales lecheras, se ha tomado la decisi\u00f3n de dar\u2026","rel":"","context":"En \u00abActualidad\u00bb","block_context":{"text":"Actualidad","link":"https:\/\/lahoradelcampo.com.uy\/site\/category\/actualidad\/"},"img":{"alt_text":"","src":"https:\/\/i0.wp.com\/lahoradelcampo.com.uy\/site\/wp-content\/uploads\/2017\/11\/Ambrosoni.jpg?fit=880%2C440&ssl=1&resize=350%2C200","width":350,"height":200,"srcset":"https:\/\/i0.wp.com\/lahoradelcampo.com.uy\/site\/wp-content\/uploads\/2017\/11\/Ambrosoni.jpg?fit=880%2C440&ssl=1&resize=350%2C200 1x, https:\/\/i0.wp.com\/lahoradelcampo.com.uy\/site\/wp-content\/uploads\/2017\/11\/Ambrosoni.jpg?fit=880%2C440&ssl=1&resize=525%2C300 1.5x, https:\/\/i0.wp.com\/lahoradelcampo.com.uy\/site\/wp-content\/uploads\/2017\/11\/Ambrosoni.jpg?fit=880%2C440&ssl=1&resize=700%2C400 2x"},"classes":[]}],"jetpack_likes_enabled":true,"_links":{"self":[{"href":"https:\/\/lahoradelcampo.com.uy\/site\/wp-json\/wp\/v2\/posts\/37345","targetHints":{"allow":["GET"]}}],"collection":[{"href":"https:\/\/lahoradelcampo.com.uy\/site\/wp-json\/wp\/v2\/posts"}],"about":[{"href":"https:\/\/lahoradelcampo.com.uy\/site\/wp-json\/wp\/v2\/types\/post"}],"author":[{"embeddable":true,"href":"https:\/\/lahoradelcampo.com.uy\/site\/wp-json\/wp\/v2\/users\/5"}],"replies":[{"embeddable":true,"href":"https:\/\/lahoradelcampo.com.uy\/site\/wp-json\/wp\/v2\/comments?post=37345"}],"version-history":[{"count":1,"href":"https:\/\/lahoradelcampo.com.uy\/site\/wp-json\/wp\/v2\/posts\/37345\/revisions"}],"predecessor-version":[{"id":37349,"href":"https:\/\/lahoradelcampo.com.uy\/site\/wp-json\/wp\/v2\/posts\/37345\/revisions\/37349"}],"wp:featuredmedia":[{"embeddable":true,"href":"https:\/\/lahoradelcampo.com.uy\/site\/wp-json\/wp\/v2\/media\/37347"}],"wp:attachment":[{"href":"https:\/\/lahoradelcampo.com.uy\/site\/wp-json\/wp\/v2\/media?parent=37345"}],"wp:term":[{"taxonomy":"category","embeddable":true,"href":"https:\/\/lahoradelcampo.com.uy\/site\/wp-json\/wp\/v2\/categories?post=37345"},{"taxonomy":"post_tag","embeddable":true,"href":"https:\/\/lahoradelcampo.com.uy\/site\/wp-json\/wp\/v2\/tags?post=37345"}],"curies":[{"name":"wp","href":"https:\/\/api.w.org\/{rel}","templated":true}]}}