{"id":37331,"date":"2021-12-08T10:56:38","date_gmt":"2021-12-08T13:56:38","guid":{"rendered":"http:\/\/lahoradelcampo.com.uy\/site\/?p=37331"},"modified":"2021-12-08T10:56:43","modified_gmt":"2021-12-08T13:56:43","slug":"argentina-600-000-toneladas-seria-el-nuevo-tope-a-las-exportaciones","status":"publish","type":"post","link":"https:\/\/lahoradelcampo.com.uy\/site\/argentina-600-000-toneladas-seria-el-nuevo-tope-a-las-exportaciones\/","title":{"rendered":"Argentina: 600.000 toneladas ser\u00eda el nuevo tope a las exportaciones"},"content":{"rendered":"\n<figure class=\"wp-block-image\"><img data-recalc-dims=\"1\" loading=\"lazy\" decoding=\"async\" width=\"810\" height=\"405\" data-attachment-id=\"3809\" data-permalink=\"https:\/\/lahoradelcampo.com.uy\/site\/valor-promedio-de-la-tonelada-exportada-se-ubica-05-sobre-2016\/carne\/\" data-orig-file=\"https:\/\/i0.wp.com\/lahoradelcampo.com.uy\/site\/wp-content\/uploads\/2017\/11\/Carne.jpg?fit=880%2C440&amp;ssl=1\" data-orig-size=\"880,440\" data-comments-opened=\"1\" data-image-meta=\"{&quot;aperture&quot;:&quot;0&quot;,&quot;credit&quot;:&quot;Vicente-Manuel-Tort&quot;,&quot;camera&quot;:&quot;&quot;,&quot;caption&quot;:&quot;&quot;,&quot;created_timestamp&quot;:&quot;0&quot;,&quot;copyright&quot;:&quot;Presidencia de la Republica - Sec.Com.Inst.&quot;,&quot;focal_length&quot;:&quot;0&quot;,&quot;iso&quot;:&quot;0&quot;,&quot;shutter_speed&quot;:&quot;0&quot;,&quot;title&quot;:&quot;&quot;,&quot;orientation&quot;:&quot;1&quot;}\" data-image-title=\"Carne\" data-image-description=\"\" data-image-caption=\"\" data-large-file=\"https:\/\/i0.wp.com\/lahoradelcampo.com.uy\/site\/wp-content\/uploads\/2017\/11\/Carne.jpg?fit=810%2C405&amp;ssl=1\" src=\"https:\/\/i0.wp.com\/lahoradelcampo.com.uy\/site\/wp-content\/uploads\/2017\/11\/Carne.jpg?resize=810%2C405\" alt=\"\" class=\"wp-image-3809\" srcset=\"https:\/\/i0.wp.com\/lahoradelcampo.com.uy\/site\/wp-content\/uploads\/2017\/11\/Carne.jpg?w=880&amp;ssl=1 880w, https:\/\/i0.wp.com\/lahoradelcampo.com.uy\/site\/wp-content\/uploads\/2017\/11\/Carne.jpg?resize=300%2C150&amp;ssl=1 300w, https:\/\/i0.wp.com\/lahoradelcampo.com.uy\/site\/wp-content\/uploads\/2017\/11\/Carne.jpg?resize=768%2C384&amp;ssl=1 768w, https:\/\/i0.wp.com\/lahoradelcampo.com.uy\/site\/wp-content\/uploads\/2017\/11\/Carne.jpg?resize=820%2C410&amp;ssl=1 820w\" sizes=\"auto, (max-width: 810px) 100vw, 810px\" \/><\/figure>\n\n\n\n<p>600.000 toneladas ser\u00eda el nuevo tope para las exportaciones de carne bovina que intenta fijar el gobierno para 2022. <\/p>\n\n\n\n<p>Seg\u00fan la propuesta enviada por el ministro Juli\u00e1n Dom\u00ednguez a representantes de la Mesa de Enlace, el gobierno plantea establecer para 2022 un tope inicial de 600 mil toneladas exportables, n\u00famero que ser\u00eda revisado en el transcurso del a\u00f1o en base a la evoluci\u00f3n de la producci\u00f3n. <\/p>\n\n\n\n<p>Por otra parte, se garantizar\u00edan las exportaciones de las cuotas Hilton, 481, EE.UU y Colombia, as\u00ed como los env\u00edos a Israel, incorporando destino sin cupo la plaza chilena, as\u00ed como lo proveniente de un mill\u00f3n de toros y vacas categor\u00eda D y E. <\/p>\n\n\n\n<p>Durante esta semana se llevar\u00e1n a cabo las primeras reuniones de discusi\u00f3n entre el gobierno y representantes del sector de la carne.<\/p>\n\n\n\n<p>Salto, 8 de diciembre de 2021<\/p>\n","protected":false},"excerpt":{"rendered":"<p>600.000 toneladas ser\u00eda el nuevo tope para las exportaciones de carne bovina que intenta fijar el gobierno para 2022. Seg\u00fan la propuesta enviada por el ministro Juli\u00e1n Dom\u00ednguez a representantes [&hellip;]<\/p>\n","protected":false},"author":5,"featured_media":3809,"comment_status":"open","ping_status":"open","sticky":false,"template":"","format":"standard","meta":{"_price":"","_stock":"","_tribe_ticket_header":"","_tribe_default_ticket_provider":"","_tribe_ticket_capacity":"0","_ticket_start_date":"","_ticket_end_date":"","_tribe_ticket_show_description":"","_tribe_ticket_show_not_going":false,"_tribe_ticket_use_global_stock":"","_tribe_ticket_global_stock_level":"","_global_stock_mode":"","_global_stock_cap":"","_tribe_rsvp_for_event":"","_tribe_ticket_going_count":"","_tribe_ticket_not_going_count":"","_tribe_tickets_list":"[]","_tribe_ticket_has_attendee_info_fields":false,"h5ap_radio_sources":[],"_jetpack_newsletter_access":"","_jetpack_dont_email_post_to_subs":false,"_jetpack_newsletter_tier_id":0,"_jetpack_memberships_contains_paywalled_content":false,"_jetpack_memberships_contains_paid_content":false,"footnotes":""},"categories":[21,15],"tags":[],"class_list":["post-37331","post","type-post","status-publish","format-standard","has-post-thumbnail","hentry","category-actualidad","category-columnistas"],"jetpack_featured_media_url":"https:\/\/i0.wp.com\/lahoradelcampo.com.uy\/site\/wp-content\/uploads\/2017\/11\/Carne.jpg?fit=880%2C440&ssl=1","jetpack_sharing_enabled":true,"jetpack_shortlink":"https:\/\/wp.me\/p99IaT-9I7","jetpack-related-posts":[{"id":54369,"url":"https:\/\/lahoradelcampo.com.uy\/site\/india-estudia-la-flexibilizar-la-prohibicion-de-exportaciones-de-arroz-blanco-no-basmati\/","url_meta":{"origin":37331,"position":0},"title":"India estudia la flexibilizar la prohibici\u00f3n de exportaciones de arroz blanco no basmati","author":"La Hora del Campo","date":"2 septiembre, 2024","format":false,"excerpt":"La noticia m\u00e1s esperada del mercado arrocero es la decisi\u00f3n de India sobre la prohibici\u00f3n de exportaciones de arroz blanco no basmati, debido a que ha sido un factor determinante en la suba de los precios del cereal a nivel internacional. En la pasada semana, el Ministro de Asuntos del\u2026","rel":"","context":"En \u00abActualidad\u00bb","block_context":{"text":"Actualidad","link":"https:\/\/lahoradelcampo.com.uy\/site\/category\/actualidad\/"},"img":{"alt_text":"","src":"https:\/\/i0.wp.com\/lahoradelcampo.com.uy\/site\/wp-content\/uploads\/2023\/04\/arroz-plantacion.jpg?fit=880%2C440&ssl=1&resize=350%2C200","width":350,"height":200,"srcset":"https:\/\/i0.wp.com\/lahoradelcampo.com.uy\/site\/wp-content\/uploads\/2023\/04\/arroz-plantacion.jpg?fit=880%2C440&ssl=1&resize=350%2C200 1x, https:\/\/i0.wp.com\/lahoradelcampo.com.uy\/site\/wp-content\/uploads\/2023\/04\/arroz-plantacion.jpg?fit=880%2C440&ssl=1&resize=525%2C300 1.5x, https:\/\/i0.wp.com\/lahoradelcampo.com.uy\/site\/wp-content\/uploads\/2023\/04\/arroz-plantacion.jpg?fit=880%2C440&ssl=1&resize=700%2C400 2x"},"classes":[]},{"id":33175,"url":"https:\/\/lahoradelcampo.com.uy\/site\/argentina-habilito-3-500-toneladas-mensuales-de-carne-vacuna-a-israel\/","url_meta":{"origin":37331,"position":1},"title":"Argentina habilit\u00f3 3.500 toneladas mensuales de carne vacuna a Israel","author":"La Hora del Campo","date":"17 agosto, 2021","format":false,"excerpt":"Luego de todas las idas y vueltas del gobierno argentino con el cierre de las exportaciones c\u00e1rnicas para mejorar los valores en el mercado interno y luego la habilitaci\u00f3n parcial de las mismas, el gobierno de Israel conjuntamente con los exportadores realizaron gestiones para habilitar un contingente de carne para\u2026","rel":"","context":"En \u00abActualidad\u00bb","block_context":{"text":"Actualidad","link":"https:\/\/lahoradelcampo.com.uy\/site\/category\/actualidad\/"},"img":{"alt_text":"","src":"https:\/\/i0.wp.com\/lahoradelcampo.com.uy\/site\/wp-content\/uploads\/2021\/05\/carneargentina.jpg?fit=880%2C440&ssl=1&resize=350%2C200","width":350,"height":200,"srcset":"https:\/\/i0.wp.com\/lahoradelcampo.com.uy\/site\/wp-content\/uploads\/2021\/05\/carneargentina.jpg?fit=880%2C440&ssl=1&resize=350%2C200 1x, https:\/\/i0.wp.com\/lahoradelcampo.com.uy\/site\/wp-content\/uploads\/2021\/05\/carneargentina.jpg?fit=880%2C440&ssl=1&resize=525%2C300 1.5x, https:\/\/i0.wp.com\/lahoradelcampo.com.uy\/site\/wp-content\/uploads\/2021\/05\/carneargentina.jpg?fit=880%2C440&ssl=1&resize=700%2C400 2x"},"classes":[]},{"id":47739,"url":"https:\/\/lahoradelcampo.com.uy\/site\/aun-con-detracciones-las-exportaciones-carnicas-argentinas-suben-12\/","url_meta":{"origin":37331,"position":2},"title":"A\u00fan con detracciones, las exportaciones c\u00e1rnicas argentinas suben 12%","author":"La Hora del Campo","date":"29 diciembre, 2022","format":false,"excerpt":"El sector ganadero argentino, a\u00fan con las detracciones impuestas por el gobierno, ha incrementado el volumen de carne vacuna exportado en los primeros once meses de 2022, respecto a igual per\u00edodo de 2021. De acuerdo a los datos publicados por el INDEC, durante el mes de noviembre, las exportaciones de\u2026","rel":"","context":"En \u00abActualidad\u00bb","block_context":{"text":"Actualidad","link":"https:\/\/lahoradelcampo.com.uy\/site\/category\/actualidad\/"},"img":{"alt_text":"","src":"https:\/\/i0.wp.com\/lahoradelcampo.com.uy\/site\/wp-content\/uploads\/2020\/08\/carneargentina.jpg?fit=880%2C440&ssl=1&resize=350%2C200","width":350,"height":200,"srcset":"https:\/\/i0.wp.com\/lahoradelcampo.com.uy\/site\/wp-content\/uploads\/2020\/08\/carneargentina.jpg?fit=880%2C440&ssl=1&resize=350%2C200 1x, https:\/\/i0.wp.com\/lahoradelcampo.com.uy\/site\/wp-content\/uploads\/2020\/08\/carneargentina.jpg?fit=880%2C440&ssl=1&resize=525%2C300 1.5x, https:\/\/i0.wp.com\/lahoradelcampo.com.uy\/site\/wp-content\/uploads\/2020\/08\/carneargentina.jpg?fit=880%2C440&ssl=1&resize=700%2C400 2x"},"classes":[]},{"id":55370,"url":"https:\/\/lahoradelcampo.com.uy\/site\/facturacion-de-las-exportaciones-de-carne-ovina-cae-332\/","url_meta":{"origin":37331,"position":3},"title":"Facturaci\u00f3n de las exportaciones de carne ovina cae 33,2%","author":"La Hora del Campo","date":"3 enero, 2025","format":false,"excerpt":"Con la ca\u00edda de las compras de China, las exportaciones de carne ovina en 2024 descendieron tanto en volumen como en ingreso de divisas al pa\u00eds. En contrapartida, la diversificaci\u00f3n de mercados determin\u00f3 que el valor promedio de la tonelada exportada mejorar\u00e1 respecto a 2023. Seg\u00fan los datos del Instituto\u2026","rel":"","context":"En \u00abActualidad\u00bb","block_context":{"text":"Actualidad","link":"https:\/\/lahoradelcampo.com.uy\/site\/category\/actualidad\/"},"img":{"alt_text":"","src":"https:\/\/i0.wp.com\/lahoradelcampo.com.uy\/site\/wp-content\/uploads\/2020\/12\/carneovina.jpg?fit=880%2C440&ssl=1&resize=350%2C200","width":350,"height":200,"srcset":"https:\/\/i0.wp.com\/lahoradelcampo.com.uy\/site\/wp-content\/uploads\/2020\/12\/carneovina.jpg?fit=880%2C440&ssl=1&resize=350%2C200 1x, https:\/\/i0.wp.com\/lahoradelcampo.com.uy\/site\/wp-content\/uploads\/2020\/12\/carneovina.jpg?fit=880%2C440&ssl=1&resize=525%2C300 1.5x, https:\/\/i0.wp.com\/lahoradelcampo.com.uy\/site\/wp-content\/uploads\/2020\/12\/carneovina.jpg?fit=880%2C440&ssl=1&resize=700%2C400 2x"},"classes":[]},{"id":12665,"url":"https:\/\/lahoradelcampo.com.uy\/site\/las-exportaciones-de-carne-de-ovinos-adultos-australianas-crecieron-un-17\/","url_meta":{"origin":37331,"position":4},"title":"Las exportaciones de carne de ovinos adultos australianas crecieron un 17%","author":"La Hora del Campo","date":"13 julio, 2019","format":false,"excerpt":"Las exportaciones de carne ovina de adultos aumentaron un 17% en 2018-19, alcanzando 188,000 toneladas, mientras que las exportaciones de cordero alcanzaron un r\u00e9cord de 275,000 toneladas. El fuerte incremento de exportaciones durante el pasado a\u00f1o, no sorprendi\u00f3 a Australia debido a los altos niveles de faena de ovinos y\u2026","rel":"","context":"En \u00abActualidad\u00bb","block_context":{"text":"Actualidad","link":"https:\/\/lahoradelcampo.com.uy\/site\/category\/actualidad\/"},"img":{"alt_text":"","src":"https:\/\/i0.wp.com\/lahoradelcampo.com.uy\/site\/wp-content\/uploads\/2019\/07\/ovinos.jpg?fit=880%2C440&ssl=1&resize=350%2C200","width":350,"height":200,"srcset":"https:\/\/i0.wp.com\/lahoradelcampo.com.uy\/site\/wp-content\/uploads\/2019\/07\/ovinos.jpg?fit=880%2C440&ssl=1&resize=350%2C200 1x, https:\/\/i0.wp.com\/lahoradelcampo.com.uy\/site\/wp-content\/uploads\/2019\/07\/ovinos.jpg?fit=880%2C440&ssl=1&resize=525%2C300 1.5x, https:\/\/i0.wp.com\/lahoradelcampo.com.uy\/site\/wp-content\/uploads\/2019\/07\/ovinos.jpg?fit=880%2C440&ssl=1&resize=700%2C400 2x"},"classes":[]},{"id":1367,"url":"https:\/\/lahoradelcampo.com.uy\/site\/mas-trigo-en-rusia-y-el-mundo-segun-el-usda\/","url_meta":{"origin":37331,"position":5},"title":"M\u00e1s trigo en Rusia y el mundo, seg\u00fan el USDA","author":"La Hora del Campo","date":"18 septiembre, 2017","format":false,"excerpt":"El Departamento de Agricultura de EEUU (USDA por su sigla en ingl\u00e9s) ajust\u00f3 levemente al alza su proyecci\u00f3n de producci\u00f3n global de trigo 2017\/2018 a 744,85 millones de toneladas, por encima de los 743,18 millones del mes pasado. El trigo se mantuvo dentro de las expectativas, con un esperado incremento\u2026","rel":"","context":"En \u00abAgricultura\u00bb","block_context":{"text":"Agricultura","link":"https:\/\/lahoradelcampo.com.uy\/site\/category\/agricultura\/"},"img":{"alt_text":"","src":"https:\/\/i0.wp.com\/lahoradelcampo.com.uy\/site\/wp-content\/uploads\/2017\/09\/Trigo-cosecha.jpg?fit=880%2C440&ssl=1&resize=350%2C200","width":350,"height":200,"srcset":"https:\/\/i0.wp.com\/lahoradelcampo.com.uy\/site\/wp-content\/uploads\/2017\/09\/Trigo-cosecha.jpg?fit=880%2C440&ssl=1&resize=350%2C200 1x, https:\/\/i0.wp.com\/lahoradelcampo.com.uy\/site\/wp-content\/uploads\/2017\/09\/Trigo-cosecha.jpg?fit=880%2C440&ssl=1&resize=525%2C300 1.5x, https:\/\/i0.wp.com\/lahoradelcampo.com.uy\/site\/wp-content\/uploads\/2017\/09\/Trigo-cosecha.jpg?fit=880%2C440&ssl=1&resize=700%2C400 2x"},"classes":[]}],"jetpack_likes_enabled":true,"_links":{"self":[{"href":"https:\/\/lahoradelcampo.com.uy\/site\/wp-json\/wp\/v2\/posts\/37331","targetHints":{"allow":["GET"]}}],"collection":[{"href":"https:\/\/lahoradelcampo.com.uy\/site\/wp-json\/wp\/v2\/posts"}],"about":[{"href":"https:\/\/lahoradelcampo.com.uy\/site\/wp-json\/wp\/v2\/types\/post"}],"author":[{"embeddable":true,"href":"https:\/\/lahoradelcampo.com.uy\/site\/wp-json\/wp\/v2\/users\/5"}],"replies":[{"embeddable":true,"href":"https:\/\/lahoradelcampo.com.uy\/site\/wp-json\/wp\/v2\/comments?post=37331"}],"version-history":[{"count":1,"href":"https:\/\/lahoradelcampo.com.uy\/site\/wp-json\/wp\/v2\/posts\/37331\/revisions"}],"predecessor-version":[{"id":37333,"href":"https:\/\/lahoradelcampo.com.uy\/site\/wp-json\/wp\/v2\/posts\/37331\/revisions\/37333"}],"wp:featuredmedia":[{"embeddable":true,"href":"https:\/\/lahoradelcampo.com.uy\/site\/wp-json\/wp\/v2\/media\/3809"}],"wp:attachment":[{"href":"https:\/\/lahoradelcampo.com.uy\/site\/wp-json\/wp\/v2\/media?parent=37331"}],"wp:term":[{"taxonomy":"category","embeddable":true,"href":"https:\/\/lahoradelcampo.com.uy\/site\/wp-json\/wp\/v2\/categories?post=37331"},{"taxonomy":"post_tag","embeddable":true,"href":"https:\/\/lahoradelcampo.com.uy\/site\/wp-json\/wp\/v2\/tags?post=37331"}],"curies":[{"name":"wp","href":"https:\/\/api.w.org\/{rel}","templated":true}]}}