{"id":37327,"date":"2021-12-08T10:50:22","date_gmt":"2021-12-08T13:50:22","guid":{"rendered":"http:\/\/lahoradelcampo.com.uy\/site\/?p=37327"},"modified":"2021-12-08T10:50:27","modified_gmt":"2021-12-08T13:50:27","slug":"fonterra-subio-un-14-en-la-primera-licitacion-de-diciembre","status":"publish","type":"post","link":"https:\/\/lahoradelcampo.com.uy\/site\/fonterra-subio-un-14-en-la-primera-licitacion-de-diciembre\/","title":{"rendered":"Fonterra subi\u00f3 un 1,4% en la primera licitaci\u00f3n de diciembre"},"content":{"rendered":"\n<figure class=\"wp-block-image\"><img data-recalc-dims=\"1\" loading=\"lazy\" decoding=\"async\" width=\"810\" height=\"405\" data-attachment-id=\"28176\" data-permalink=\"https:\/\/lahoradelcampo.com.uy\/site\/fuerte-incremento-de-precios-de-fonterra-sorprendio-al-mercado-lechero\/fonterra-20\/\" data-orig-file=\"https:\/\/i0.wp.com\/lahoradelcampo.com.uy\/site\/wp-content\/uploads\/2021\/03\/fonterra.jpg?fit=880%2C440&amp;ssl=1\" data-orig-size=\"880,440\" data-comments-opened=\"1\" data-image-meta=\"{&quot;aperture&quot;:&quot;0&quot;,&quot;credit&quot;:&quot;&quot;,&quot;camera&quot;:&quot;&quot;,&quot;caption&quot;:&quot;&quot;,&quot;created_timestamp&quot;:&quot;0&quot;,&quot;copyright&quot;:&quot;&quot;,&quot;focal_length&quot;:&quot;0&quot;,&quot;iso&quot;:&quot;0&quot;,&quot;shutter_speed&quot;:&quot;0&quot;,&quot;title&quot;:&quot;&quot;,&quot;orientation&quot;:&quot;1&quot;}\" data-image-title=\"fonterra\" data-image-description=\"\" data-image-caption=\"\" data-large-file=\"https:\/\/i0.wp.com\/lahoradelcampo.com.uy\/site\/wp-content\/uploads\/2021\/03\/fonterra.jpg?fit=810%2C405&amp;ssl=1\" src=\"https:\/\/i0.wp.com\/lahoradelcampo.com.uy\/site\/wp-content\/uploads\/2021\/03\/fonterra.jpg?resize=810%2C405\" alt=\"\" class=\"wp-image-28176\" srcset=\"https:\/\/i0.wp.com\/lahoradelcampo.com.uy\/site\/wp-content\/uploads\/2021\/03\/fonterra.jpg?w=880&amp;ssl=1 880w, https:\/\/i0.wp.com\/lahoradelcampo.com.uy\/site\/wp-content\/uploads\/2021\/03\/fonterra.jpg?resize=300%2C150&amp;ssl=1 300w, https:\/\/i0.wp.com\/lahoradelcampo.com.uy\/site\/wp-content\/uploads\/2021\/03\/fonterra.jpg?resize=768%2C384&amp;ssl=1 768w, https:\/\/i0.wp.com\/lahoradelcampo.com.uy\/site\/wp-content\/uploads\/2021\/03\/fonterra.jpg?resize=820%2C410&amp;ssl=1 820w\" sizes=\"auto, (max-width: 810px) 100vw, 810px\" \/><\/figure>\n\n\n\n<p>En la jornada de ayer, se llev\u00f3 adelante la primera licitaci\u00f3n del mes de diciembre de la neozelandesa Fonterra, a trav\u00e9s de la plataforma electr\u00f3nica GlobalDairyTrade. <\/p>\n\n\n\n<p>El valor promedio de las exportaciones cotiz\u00f3 en US$ 4.290 por tonelada, una suba del 1,4%. <\/p>\n\n\n\n<p>Para los principales productos de exportaci\u00f3n de Uruguay tambi\u00e9n se observaron incrementos, con el valor promedio de la tonelada de Leche en Polvo Entera situado en US$ 4.008, con una suba del 0,6%. La Leche en Polvo Descremada subi\u00f3 un 1,3% y cerr\u00f3 a US$ 3.721. <\/p>\n\n\n\n<p>Por su parte los valores de la manteca subieron un 4,6% tras cotizar a US$ 5.791 por tonelada, en tanto que el Queso Cheddar cerr\u00f3 a US$ 5.220, con un aumento del 1%. <\/p>\n\n\n\n<p>Salto, 8 de diciembre de 2021<\/p>\n","protected":false},"excerpt":{"rendered":"<p>En la jornada de ayer, se llev\u00f3 adelante la primera licitaci\u00f3n del mes de diciembre de la neozelandesa Fonterra, a trav\u00e9s de la plataforma electr\u00f3nica GlobalDairyTrade. El valor promedio de [&hellip;]<\/p>\n","protected":false},"author":5,"featured_media":28176,"comment_status":"open","ping_status":"open","sticky":false,"template":"","format":"standard","meta":{"_price":"","_stock":"","_tribe_ticket_header":"","_tribe_default_ticket_provider":"","_tribe_ticket_capacity":"0","_ticket_start_date":"","_ticket_end_date":"","_tribe_ticket_show_description":"","_tribe_ticket_show_not_going":false,"_tribe_ticket_use_global_stock":"","_tribe_ticket_global_stock_level":"","_global_stock_mode":"","_global_stock_cap":"","_tribe_rsvp_for_event":"","_tribe_ticket_going_count":"","_tribe_ticket_not_going_count":"","_tribe_tickets_list":"[]","_tribe_ticket_has_attendee_info_fields":false,"h5ap_radio_sources":[],"_jetpack_newsletter_access":"","_jetpack_dont_email_post_to_subs":false,"_jetpack_newsletter_tier_id":0,"_jetpack_memberships_contains_paywalled_content":false,"_jetpack_memberships_contains_paid_content":false,"footnotes":""},"categories":[21,11],"tags":[],"class_list":["post-37327","post","type-post","status-publish","format-standard","has-post-thumbnail","hentry","category-actualidad","category-lecheria"],"jetpack_featured_media_url":"https:\/\/i0.wp.com\/lahoradelcampo.com.uy\/site\/wp-content\/uploads\/2021\/03\/fonterra.jpg?fit=880%2C440&ssl=1","jetpack_sharing_enabled":true,"jetpack_shortlink":"https:\/\/wp.me\/p99IaT-9I3","jetpack-related-posts":[{"id":5071,"url":"https:\/\/lahoradelcampo.com.uy\/site\/valor-promedio-anual-de-fonterra-subio-un-24\/","url_meta":{"origin":37327,"position":0},"title":"Valor promedio anual de Fonterra subi\u00f3 un 24%","author":"La Hora del Campo","date":"22 diciembre, 2017","format":false,"excerpt":"La neozelandesa Fonterra realiz\u00f3 la \u00faltima licitaci\u00f3n del a\u00f1o 2017 a trav\u00e9s de la plataforma electr\u00f3nica Global Dairy Trade, donde se volvi\u00f3 a registrar una baja del 3,9% en el promedio general de los l\u00e1cteos respecto a la primera licitaci\u00f3n del mes. Sin embargo en el balance global del a\u00f1o\u2026","rel":"","context":"En \u00abActualidad\u00bb","block_context":{"text":"Actualidad","link":"https:\/\/lahoradelcampo.com.uy\/site\/category\/actualidad\/"},"img":{"alt_text":"","src":"https:\/\/i0.wp.com\/lahoradelcampo.com.uy\/site\/wp-content\/uploads\/2017\/12\/Fonterra.jpg?fit=880%2C440&ssl=1&resize=350%2C200","width":350,"height":200,"srcset":"https:\/\/i0.wp.com\/lahoradelcampo.com.uy\/site\/wp-content\/uploads\/2017\/12\/Fonterra.jpg?fit=880%2C440&ssl=1&resize=350%2C200 1x, https:\/\/i0.wp.com\/lahoradelcampo.com.uy\/site\/wp-content\/uploads\/2017\/12\/Fonterra.jpg?fit=880%2C440&ssl=1&resize=525%2C300 1.5x, https:\/\/i0.wp.com\/lahoradelcampo.com.uy\/site\/wp-content\/uploads\/2017\/12\/Fonterra.jpg?fit=880%2C440&ssl=1&resize=700%2C400 2x"},"classes":[]},{"id":24876,"url":"https:\/\/lahoradelcampo.com.uy\/site\/fonterra-leve-mejora-en-la-segunda-licitacion-de-octubre\/","url_meta":{"origin":37327,"position":1},"title":"Fonterra: Leve mejora en la segunda licitaci\u00f3n de octubre","author":"La Hora del Campo","date":"21 octubre, 2020","format":false,"excerpt":"En la segunda licitaci\u00f3n del mes de octubre en la plataforma electr\u00f3nica GlobalDairyTrade, donde comercializa fundamentalmente la neocelandesa Fonterra, el mercado cerr\u00f3 con una leve suba en el indicador promedio de los l\u00e1cteos. Con un volumen de 34.648 toneladas comercializadas, un 1,3% menos que en la primera venta del mes,\u2026","rel":"","context":"En \u00abActualidad\u00bb","block_context":{"text":"Actualidad","link":"https:\/\/lahoradelcampo.com.uy\/site\/category\/actualidad\/"},"img":{"alt_text":"","src":"https:\/\/i0.wp.com\/lahoradelcampo.com.uy\/site\/wp-content\/uploads\/2017\/11\/Fonterra.jpg?fit=880%2C440&ssl=1&resize=350%2C200","width":350,"height":200,"srcset":"https:\/\/i0.wp.com\/lahoradelcampo.com.uy\/site\/wp-content\/uploads\/2017\/11\/Fonterra.jpg?fit=880%2C440&ssl=1&resize=350%2C200 1x, https:\/\/i0.wp.com\/lahoradelcampo.com.uy\/site\/wp-content\/uploads\/2017\/11\/Fonterra.jpg?fit=880%2C440&ssl=1&resize=525%2C300 1.5x, https:\/\/i0.wp.com\/lahoradelcampo.com.uy\/site\/wp-content\/uploads\/2017\/11\/Fonterra.jpg?fit=880%2C440&ssl=1&resize=700%2C400 2x"},"classes":[]},{"id":53272,"url":"https:\/\/lahoradelcampo.com.uy\/site\/lpe-volvio-a-subir-en-la-primera-venta-de-diciembre\/","url_meta":{"origin":37327,"position":2},"title":"LPE volvi\u00f3 a subir en la primera venta de diciembre","author":"La Hora del Campo","date":"8 diciembre, 2023","format":false,"excerpt":"La licitaci\u00f3n 345 de la plataforma electr\u00f3nica GlobalDairyTrade, de este martes cinco de diciembre, registr\u00f3 un incremento del 1,6% en el promedio de los l\u00e1cteos, tras la estabilidad registrada en la segunda venta de noviembre. El promedio ponderado de la plataforma de subasta, donde mayormente se comercializa productos de Fonterra,\u2026","rel":"","context":"En \u00abActualidad\u00bb","block_context":{"text":"Actualidad","link":"https:\/\/lahoradelcampo.com.uy\/site\/category\/actualidad\/"},"img":{"alt_text":"","src":"https:\/\/i0.wp.com\/lahoradelcampo.com.uy\/site\/wp-content\/uploads\/2023\/12\/Fonterra-GDT345.jpg?fit=880%2C440&ssl=1&resize=350%2C200","width":350,"height":200,"srcset":"https:\/\/i0.wp.com\/lahoradelcampo.com.uy\/site\/wp-content\/uploads\/2023\/12\/Fonterra-GDT345.jpg?fit=880%2C440&ssl=1&resize=350%2C200 1x, https:\/\/i0.wp.com\/lahoradelcampo.com.uy\/site\/wp-content\/uploads\/2023\/12\/Fonterra-GDT345.jpg?fit=880%2C440&ssl=1&resize=525%2C300 1.5x, https:\/\/i0.wp.com\/lahoradelcampo.com.uy\/site\/wp-content\/uploads\/2023\/12\/Fonterra-GDT345.jpg?fit=880%2C440&ssl=1&resize=700%2C400 2x"},"classes":[]},{"id":7189,"url":"https:\/\/lahoradelcampo.com.uy\/site\/lacteos-cerraron-abril-con-una-suba-del-14-en-las-ventas-de-globaldairytrade\/","url_meta":{"origin":37327,"position":3},"title":"L\u00e1cteos cerraron abril con una suba del 1,4% en las ventas de  Globaldairytrade","author":"La Hora del Campo","date":"16 mayo, 2018","format":false,"excerpt":"A pesar de las bajas en la primera licitaci\u00f3n de mayo, la recuperaci\u00f3n del indice medio de los l\u00e1cteos en la licitaci\u00f3n de ayer de Globaldairytrade, permiti\u00f3 una recuperaci\u00f3n respecto al cierre del mes de abril del 1,39%, con un valor promedio de US$ 3.637 por tonelada. Respecto a las\u2026","rel":"","context":"En \u00abLecher\u00eda\u00bb","block_context":{"text":"Lecher\u00eda","link":"https:\/\/lahoradelcampo.com.uy\/site\/category\/lecheria\/"},"img":{"alt_text":"","src":"https:\/\/i0.wp.com\/lahoradelcampo.com.uy\/site\/wp-content\/uploads\/2018\/05\/Fonterra.jpg?fit=880%2C440&ssl=1&resize=350%2C200","width":350,"height":200,"srcset":"https:\/\/i0.wp.com\/lahoradelcampo.com.uy\/site\/wp-content\/uploads\/2018\/05\/Fonterra.jpg?fit=880%2C440&ssl=1&resize=350%2C200 1x, https:\/\/i0.wp.com\/lahoradelcampo.com.uy\/site\/wp-content\/uploads\/2018\/05\/Fonterra.jpg?fit=880%2C440&ssl=1&resize=525%2C300 1.5x, https:\/\/i0.wp.com\/lahoradelcampo.com.uy\/site\/wp-content\/uploads\/2018\/05\/Fonterra.jpg?fit=880%2C440&ssl=1&resize=700%2C400 2x"},"classes":[]},{"id":53189,"url":"https:\/\/lahoradelcampo.com.uy\/site\/la-leche-en-polvo-entera-volvio-a-situarse-sobre-los-us-3-000\/","url_meta":{"origin":37327,"position":4},"title":"La leche en polvo entera volvi\u00f3 a situarse sobre los US$ 3.000","author":"La Hora del Campo","date":"22 noviembre, 2023","format":false,"excerpt":"La licitaci\u00f3n 344 de la plataforma electr\u00f3nica GlobalDairyTrade de este martes 21 de noviembre cerr\u00f3 sin cambios en el promedio de los l\u00e1cteos, tras la baja de la primera licitaci\u00f3n del mes. El promedio ponderado de la plataforma de subasta, donde mayormente se comercializa productos de Fonterra, cerr\u00f3 en US$\/ton\u2026","rel":"","context":"En \u00abActualidad\u00bb","block_context":{"text":"Actualidad","link":"https:\/\/lahoradelcampo.com.uy\/site\/category\/actualidad\/"},"img":{"alt_text":"","src":"https:\/\/i0.wp.com\/lahoradelcampo.com.uy\/site\/wp-content\/uploads\/2023\/11\/GDT344.jpg?fit=880%2C440&ssl=1&resize=350%2C200","width":350,"height":200,"srcset":"https:\/\/i0.wp.com\/lahoradelcampo.com.uy\/site\/wp-content\/uploads\/2023\/11\/GDT344.jpg?fit=880%2C440&ssl=1&resize=350%2C200 1x, https:\/\/i0.wp.com\/lahoradelcampo.com.uy\/site\/wp-content\/uploads\/2023\/11\/GDT344.jpg?fit=880%2C440&ssl=1&resize=525%2C300 1.5x, https:\/\/i0.wp.com\/lahoradelcampo.com.uy\/site\/wp-content\/uploads\/2023\/11\/GDT344.jpg?fit=880%2C440&ssl=1&resize=700%2C400 2x"},"classes":[]},{"id":15632,"url":"https:\/\/lahoradelcampo.com.uy\/site\/fonterra-abrio-las-ventas-de-noviembre-con-la-cuarta-suba-consecutiva\/","url_meta":{"origin":37327,"position":5},"title":"Fonterra abri\u00f3 las ventas de noviembre con la  cuarta suba consecutiva","author":"La Hora del Campo","date":"6 noviembre, 2019","format":false,"excerpt":"El valor promedio de los l\u00e1cteos subi\u00f3 un 3,7% en la primera licitaci\u00f3n del mes de noviembre, siendo esta la cuarta suba consecutiva que registra la plataforma electr\u00f3nica GlobalDairyTrade, donde comercializa mayormente la neozelandesa Fonterra. El volumen comercializado pr\u00e1cticamente se mantuvo estable, con un descenso m\u00ednimo del 0,1%, situ\u00e1ndose en\u2026","rel":"","context":"En \u00abActualidad\u00bb","block_context":{"text":"Actualidad","link":"https:\/\/lahoradelcampo.com.uy\/site\/category\/actualidad\/"},"img":{"alt_text":"","src":"https:\/\/i0.wp.com\/lahoradelcampo.com.uy\/site\/wp-content\/uploads\/2017\/12\/fonterra.jpg?fit=880%2C440&ssl=1&resize=350%2C200","width":350,"height":200,"srcset":"https:\/\/i0.wp.com\/lahoradelcampo.com.uy\/site\/wp-content\/uploads\/2017\/12\/fonterra.jpg?fit=880%2C440&ssl=1&resize=350%2C200 1x, https:\/\/i0.wp.com\/lahoradelcampo.com.uy\/site\/wp-content\/uploads\/2017\/12\/fonterra.jpg?fit=880%2C440&ssl=1&resize=525%2C300 1.5x, https:\/\/i0.wp.com\/lahoradelcampo.com.uy\/site\/wp-content\/uploads\/2017\/12\/fonterra.jpg?fit=880%2C440&ssl=1&resize=700%2C400 2x"},"classes":[]}],"jetpack_likes_enabled":true,"_links":{"self":[{"href":"https:\/\/lahoradelcampo.com.uy\/site\/wp-json\/wp\/v2\/posts\/37327","targetHints":{"allow":["GET"]}}],"collection":[{"href":"https:\/\/lahoradelcampo.com.uy\/site\/wp-json\/wp\/v2\/posts"}],"about":[{"href":"https:\/\/lahoradelcampo.com.uy\/site\/wp-json\/wp\/v2\/types\/post"}],"author":[{"embeddable":true,"href":"https:\/\/lahoradelcampo.com.uy\/site\/wp-json\/wp\/v2\/users\/5"}],"replies":[{"embeddable":true,"href":"https:\/\/lahoradelcampo.com.uy\/site\/wp-json\/wp\/v2\/comments?post=37327"}],"version-history":[{"count":1,"href":"https:\/\/lahoradelcampo.com.uy\/site\/wp-json\/wp\/v2\/posts\/37327\/revisions"}],"predecessor-version":[{"id":37329,"href":"https:\/\/lahoradelcampo.com.uy\/site\/wp-json\/wp\/v2\/posts\/37327\/revisions\/37329"}],"wp:featuredmedia":[{"embeddable":true,"href":"https:\/\/lahoradelcampo.com.uy\/site\/wp-json\/wp\/v2\/media\/28176"}],"wp:attachment":[{"href":"https:\/\/lahoradelcampo.com.uy\/site\/wp-json\/wp\/v2\/media?parent=37327"}],"wp:term":[{"taxonomy":"category","embeddable":true,"href":"https:\/\/lahoradelcampo.com.uy\/site\/wp-json\/wp\/v2\/categories?post=37327"},{"taxonomy":"post_tag","embeddable":true,"href":"https:\/\/lahoradelcampo.com.uy\/site\/wp-json\/wp\/v2\/tags?post=37327"}],"curies":[{"name":"wp","href":"https:\/\/api.w.org\/{rel}","templated":true}]}}