{"id":37313,"date":"2021-12-08T10:48:11","date_gmt":"2021-12-08T13:48:11","guid":{"rendered":"http:\/\/lahoradelcampo.com.uy\/site\/?p=37313"},"modified":"2021-12-08T10:48:16","modified_gmt":"2021-12-08T13:48:16","slug":"autoridades-le-dieron-cierre-al-proyecto-ganaderos-celestes","status":"publish","type":"post","link":"https:\/\/lahoradelcampo.com.uy\/site\/autoridades-le-dieron-cierre-al-proyecto-ganaderos-celestes\/","title":{"rendered":"Autoridades le dieron cierre al Proyecto Ganaderos Celestes"},"content":{"rendered":"\n<figure class=\"wp-block-image\"><img data-recalc-dims=\"1\" loading=\"lazy\" decoding=\"async\" width=\"810\" height=\"405\" data-attachment-id=\"37323\" data-permalink=\"https:\/\/lahoradelcampo.com.uy\/site\/autoridades-le-dieron-cierre-al-proyecto-ganaderos-celestes\/ganaderoceleste\/\" data-orig-file=\"https:\/\/i0.wp.com\/lahoradelcampo.com.uy\/site\/wp-content\/uploads\/2021\/12\/ganaderoceleste.jpg?fit=880%2C440&amp;ssl=1\" data-orig-size=\"880,440\" data-comments-opened=\"1\" data-image-meta=\"{&quot;aperture&quot;:&quot;0&quot;,&quot;credit&quot;:&quot;&quot;,&quot;camera&quot;:&quot;&quot;,&quot;caption&quot;:&quot;&quot;,&quot;created_timestamp&quot;:&quot;0&quot;,&quot;copyright&quot;:&quot;&quot;,&quot;focal_length&quot;:&quot;0&quot;,&quot;iso&quot;:&quot;0&quot;,&quot;shutter_speed&quot;:&quot;0&quot;,&quot;title&quot;:&quot;&quot;,&quot;orientation&quot;:&quot;1&quot;}\" data-image-title=\"ganaderoceleste\" data-image-description=\"\" data-image-caption=\"\" data-large-file=\"https:\/\/i0.wp.com\/lahoradelcampo.com.uy\/site\/wp-content\/uploads\/2021\/12\/ganaderoceleste.jpg?fit=810%2C405&amp;ssl=1\" src=\"https:\/\/i0.wp.com\/lahoradelcampo.com.uy\/site\/wp-content\/uploads\/2021\/12\/ganaderoceleste.jpg?resize=810%2C405\" alt=\"\" class=\"wp-image-37323\" srcset=\"https:\/\/i0.wp.com\/lahoradelcampo.com.uy\/site\/wp-content\/uploads\/2021\/12\/ganaderoceleste.jpg?w=880&amp;ssl=1 880w, https:\/\/i0.wp.com\/lahoradelcampo.com.uy\/site\/wp-content\/uploads\/2021\/12\/ganaderoceleste.jpg?resize=300%2C150&amp;ssl=1 300w, https:\/\/i0.wp.com\/lahoradelcampo.com.uy\/site\/wp-content\/uploads\/2021\/12\/ganaderoceleste.jpg?resize=768%2C384&amp;ssl=1 768w, https:\/\/i0.wp.com\/lahoradelcampo.com.uy\/site\/wp-content\/uploads\/2021\/12\/ganaderoceleste.jpg?resize=820%2C410&amp;ssl=1 820w\" sizes=\"auto, (max-width: 810px) 100vw, 810px\" \/><\/figure>\n\n\n\n<p>En el Ministerio de Ganader\u00eda, Agricultura y Pesca (MGAP), este jueves 2 de diciembre, tuvo lugar la \u00faltima etapa del proyecto Ganaderos Celestes. Se trat\u00f3 de una mesa redonda en la que las instituciones participantes realizaron una puesta a punto de los aportes metodol\u00f3gicos del proyecto y las posibilidades de su escalamiento. Cada instituci\u00f3n pudo transmitir su impresi\u00f3n acerca del impacto del proyecto y compartir ideas sobre una posible ampliaci\u00f3n de la experiencia a otras dimensiones tem\u00e1ticas, centros educativos y territorios del pa\u00eds. <\/p>\n\n\n\n<p>El ministro Mattos valor\u00f3 la importancia de trabajar sobre la conciencia agropecuaria y destac\u00f3 este tipo de proyectos como una necesidad del pa\u00eds. \u00abEstas acciones son una necesidad y debemos implementarlas como una pol\u00edtica de estado, generar una informaci\u00f3n para que toda la sociedad pueda valorar la importancia del sector m\u00e1s all\u00e1 de lo econ\u00f3mico\u00bb. <br><\/p>\n\n\n\n<p>Ariel Castro, decano de Facultad de Agronom\u00eda (Fagro), destac\u00f3 la importancia del abordaje que apost\u00f3 por el dialogo, el intercambio de saberes y experiencias como eje fundamental. \u201cEs un buen ejemplo de c\u00f3mo hay que hacer este tipo de cosas, en el sentido de que es una actividad que estaba planteada como un di\u00e1logo.\u201d<br><\/p>\n\n\n\n<p>As\u00ed mismo, Vicente Plata, oficial a cargo de la Organizaci\u00f3n de las Naciones Unidas para la Alimentaci\u00f3n y la Agricultura (FAO) en Uruguay, consider\u00f3 que este fue un proyecto muy exitoso y que plantea interesantes desaf\u00edos a futuro en una posible escalabilidad para aplicar estas din\u00e1micas de trabajo al resto del sistema alimentario. \u201cMe parece que es sumamente exitoso, pero me parece que tenemos un desaf\u00edo por delante, esto fue una primera prueba metodol\u00f3gica entre vincular j\u00f3venes urbanos con peque\u00f1os productores ganaderos de carne y lana, el sistema agropecuario es bastante m\u00e1s que eso\u201d. Enfatiz\u00f3 Plata haciendo referencia al importante trabajo que hay por delante para con estos temas.<br><\/p>\n\n\n\n<p>Por su parte, Robert Silva, presidente de ANEP, recalc\u00f3 la importancia del trabajo articulado y enfatiz\u00f3 sobre el compromiso de seguir trabajando estos temas. \u201cLo primero a recalcar es la importancia del trabajo mancomunado y articulado para la obtenci\u00f3n de un prop\u00f3sito de algo que le haga bien al pa\u00eds, que sobre todo apueste al futuro y que lo hagamos a trav\u00e9s de trabajo cooperativo. Nosotros somos conscientes de los desaf\u00edos que tenemos para trabajar en este tema y estamos comprometidos en hacerlo.\u201d<br><\/p>\n\n\n\n<p>Ganaderos Celestes<br><\/p>\n\n\n\n<p>En el proyecto participaron estudiantes de ense\u00f1anza media, pertenecientes a zonas urbanas de cuatro departamentos del pa\u00eds, junto a equipos universitarios (integrados por estudiantes y docentes), productores ganaderos familiares, maestros y alumnos de escuelas rurales. La iniciativa que busca generar conciencia agropecuaria poniendo en valor la ganader\u00eda familiar y favoreciendo el di\u00e1logo entre lo urbano y lo rural. El proyecto fue llevado adelante por la Fagro, de la Universidad de la Rep\u00fablica (Udelar), con apoyo del proyecto Conciencia Agropecuaria de la  FAO y el MGAP, en asociaci\u00f3n con la Comisi\u00f3n Nacional de Fomento Rural (CNFR). <br><\/p>\n\n\n\n<p>La din\u00e1mica planteada, para este plan piloto del 2021, incluy\u00f3 tutor\u00edas realizadas por estudiantes universitarios. En una primera instancia se realizar\u00e1n charlas introductorias y talleres en los centros educativos de ense\u00f1anza media, posteriormente visitas a establecimientos ganaderos familiares y organizaciones rurales donde se realizaron intercambios con productores, t\u00e9cnicos y j\u00f3venes de las sociedades de fomento referentes. Los tutores apoyaron a los equipos de estudiantes de ense\u00f1anza media en sus proyectos de investigaci\u00f3n y en la \u00faltima etapa, en la que presentaron sus trabajos en escuelas rurales de las zonas investigadas, generando un intercambio intergeneracional entre los distintos niveles educativos del campo y la ciudad.<\/p>\n\n\n\n<p>Salto, 8 de diciembre de 2021<\/p>\n","protected":false},"excerpt":{"rendered":"<p>En el Ministerio de Ganader\u00eda, Agricultura y Pesca (MGAP), este jueves 2 de diciembre, tuvo lugar la \u00faltima etapa del proyecto Ganaderos Celestes. Se trat\u00f3 de una mesa redonda en [&hellip;]<\/p>\n","protected":false},"author":5,"featured_media":37323,"comment_status":"open","ping_status":"open","sticky":false,"template":"","format":"standard","meta":{"_price":"","_stock":"","_tribe_ticket_header":"","_tribe_default_ticket_provider":"","_tribe_ticket_capacity":"0","_ticket_start_date":"","_ticket_end_date":"","_tribe_ticket_show_description":"","_tribe_ticket_show_not_going":false,"_tribe_ticket_use_global_stock":"","_tribe_ticket_global_stock_level":"","_global_stock_mode":"","_global_stock_cap":"","_tribe_rsvp_for_event":"","_tribe_ticket_going_count":"","_tribe_ticket_not_going_count":"","_tribe_tickets_list":"[]","_tribe_ticket_has_attendee_info_fields":false,"h5ap_radio_sources":[],"_jetpack_newsletter_access":"","_jetpack_dont_email_post_to_subs":false,"_jetpack_newsletter_tier_id":0,"_jetpack_memberships_contains_paywalled_content":false,"_jetpack_memberships_contains_paid_content":false,"footnotes":""},"categories":[21,5],"tags":[],"class_list":["post-37313","post","type-post","status-publish","format-standard","has-post-thumbnail","hentry","category-actualidad","category-ganaderia"],"jetpack_featured_media_url":"https:\/\/i0.wp.com\/lahoradelcampo.com.uy\/site\/wp-content\/uploads\/2021\/12\/ganaderoceleste.jpg?fit=880%2C440&ssl=1","jetpack_sharing_enabled":true,"jetpack_shortlink":"https:\/\/wp.me\/p99IaT-9HP","jetpack-related-posts":[{"id":56293,"url":"https:\/\/lahoradelcampo.com.uy\/site\/uruguay-participa-en-un-proyecto-regional-sobre-ganaderia-sustentable\/","url_meta":{"origin":37313,"position":0},"title":"Uruguay participa en un proyecto regional sobre ganader\u00eda sustentable","author":"La Hora del Campo","date":"10 julio, 2025","format":false,"excerpt":"Con una agenda cada vez m\u00e1s marcada por los desaf\u00edos clim\u00e1ticos, las exigencias internacionales y la necesidad de una producci\u00f3n responsable, Am\u00e9rica Latina avanza en la construcci\u00f3n de un marco com\u00fan para la ganader\u00eda sostenible. As\u00ed lo explic\u00f3 el Ing. Agr. Fabio Montossi, referente del Instituto Nacional de Investigaci\u00f3n Agropecuaria\u2026","rel":"","context":"En \u00abActualidad\u00bb","block_context":{"text":"Actualidad","link":"https:\/\/lahoradelcampo.com.uy\/site\/category\/actualidad\/"},"img":{"alt_text":"","src":"https:\/\/i0.wp.com\/lahoradelcampo.com.uy\/site\/wp-content\/uploads\/2017\/09\/Fabio-Montossi.jpg?fit=880%2C440&ssl=1&resize=350%2C200","width":350,"height":200,"srcset":"https:\/\/i0.wp.com\/lahoradelcampo.com.uy\/site\/wp-content\/uploads\/2017\/09\/Fabio-Montossi.jpg?fit=880%2C440&ssl=1&resize=350%2C200 1x, https:\/\/i0.wp.com\/lahoradelcampo.com.uy\/site\/wp-content\/uploads\/2017\/09\/Fabio-Montossi.jpg?fit=880%2C440&ssl=1&resize=525%2C300 1.5x, https:\/\/i0.wp.com\/lahoradelcampo.com.uy\/site\/wp-content\/uploads\/2017\/09\/Fabio-Montossi.jpg?fit=880%2C440&ssl=1&resize=700%2C400 2x"},"classes":[]},{"id":53737,"url":"https:\/\/lahoradelcampo.com.uy\/site\/se-presento-la-guia-para-sistemas-ganaderos-climaticamente-inteligentes\/","url_meta":{"origin":37313,"position":1},"title":"Se present\u00f3 la gu\u00eda para sistemas ganaderos clim\u00e1ticamente inteligentes","author":"La Hora del Campo","date":"10 abril, 2024","format":false,"excerpt":"El Instituto Nacional de Investigaci\u00f3n Agropecuaria (INIA), en colaboraci\u00f3n interinstitucional, ha lanzado una herramienta fundamental para la ganader\u00eda uruguaya: la gu\u00eda pr\u00e1ctica para el dise\u00f1o de sistemas ganaderos clim\u00e1ticamente inteligentes. Esta iniciativa surge como parte del Proyecto Ganader\u00eda y Clima, con el objetivo de mejorar y estabilizar los resultados productivos,\u2026","rel":"","context":"En \u00abActualidad\u00bb","block_context":{"text":"Actualidad","link":"https:\/\/lahoradelcampo.com.uy\/site\/category\/actualidad\/"},"img":{"alt_text":"","src":"https:\/\/i0.wp.com\/lahoradelcampo.com.uy\/site\/wp-content\/uploads\/2024\/04\/Guiaganadera.jpg?fit=880%2C440&ssl=1&resize=350%2C200","width":350,"height":200,"srcset":"https:\/\/i0.wp.com\/lahoradelcampo.com.uy\/site\/wp-content\/uploads\/2024\/04\/Guiaganadera.jpg?fit=880%2C440&ssl=1&resize=350%2C200 1x, https:\/\/i0.wp.com\/lahoradelcampo.com.uy\/site\/wp-content\/uploads\/2024\/04\/Guiaganadera.jpg?fit=880%2C440&ssl=1&resize=525%2C300 1.5x, https:\/\/i0.wp.com\/lahoradelcampo.com.uy\/site\/wp-content\/uploads\/2024\/04\/Guiaganadera.jpg?fit=880%2C440&ssl=1&resize=700%2C400 2x"},"classes":[]},{"id":49534,"url":"https:\/\/lahoradelcampo.com.uy\/site\/cnfr-e-inia-ejecutan-segunda-etapa-del-proyecto-ganaderia-familiar-resiliente\/","url_meta":{"origin":37313,"position":2},"title":"Ejecutan segunda etapa del proyecto Ganader\u00eda Familiar Resiliente","author":"La Hora del Campo","date":"29 marzo, 2023","format":false,"excerpt":"La Comisi\u00f3n Nacional de Fomento Rural (CNFR) y el Instituto Nacional de Investigaci\u00f3n Agropecuaria (INIA) comenzaron la segunda etapa del proyecto Ganader\u00eda Familiar Resiliente, financiada por la Fundaci\u00f3n Internacional y para Iberoam\u00e9rica de Administraci\u00f3n y Pol\u00edticas P\u00fablicas (Fiiapp) y el Instituto Nacional de Carnes (INAC). El proyecto tiene como objetivo\u2026","rel":"","context":"En \u00abActualidad\u00bb","block_context":{"text":"Actualidad","link":"https:\/\/lahoradelcampo.com.uy\/site\/category\/actualidad\/"},"img":{"alt_text":"","src":"https:\/\/i0.wp.com\/lahoradelcampo.com.uy\/site\/wp-content\/uploads\/2023\/03\/INIA-CNFR-Resilencia.jpg?fit=880%2C440&ssl=1&resize=350%2C200","width":350,"height":200,"srcset":"https:\/\/i0.wp.com\/lahoradelcampo.com.uy\/site\/wp-content\/uploads\/2023\/03\/INIA-CNFR-Resilencia.jpg?fit=880%2C440&ssl=1&resize=350%2C200 1x, https:\/\/i0.wp.com\/lahoradelcampo.com.uy\/site\/wp-content\/uploads\/2023\/03\/INIA-CNFR-Resilencia.jpg?fit=880%2C440&ssl=1&resize=525%2C300 1.5x, https:\/\/i0.wp.com\/lahoradelcampo.com.uy\/site\/wp-content\/uploads\/2023\/03\/INIA-CNFR-Resilencia.jpg?fit=880%2C440&ssl=1&resize=700%2C400 2x"},"classes":[]},{"id":55113,"url":"https:\/\/lahoradelcampo.com.uy\/site\/el-proyecto-gestion-del-pasto-una-herramienta-clave-para-enfrentar-los-efectos-de-la-sequia\/","url_meta":{"origin":37313,"position":3},"title":"El proyecto Gesti\u00f3n del Pasto: una herramienta clave para enfrentar los efectos de la sequ\u00eda","author":"La Hora del Campo","date":"14 noviembre, 2024","format":false,"excerpt":"En el marco del D\u00eda Nacional del Campo Natural, celebrado a inicios de semana en el establecimiento \u201cCerro del Bombero\u201d de la familia Bazzano Falcone en Merinos, Paysand\u00fa, la comunidad ganadera uruguaya reflexion\u00f3 sobre los logros del proyecto Gesti\u00f3n del Pasto. Este programa, que brind\u00f3 asistencia tecnol\u00f3gica y de manejo\u2026","rel":"","context":"En \u00abActualidad\u00bb","block_context":{"text":"Actualidad","link":"https:\/\/lahoradelcampo.com.uy\/site\/category\/actualidad\/"},"img":{"alt_text":"","src":"https:\/\/i0.wp.com\/lahoradelcampo.com.uy\/site\/wp-content\/uploads\/2024\/11\/Gestiondelpasto-1.jpg?fit=880%2C440&ssl=1&resize=350%2C200","width":350,"height":200,"srcset":"https:\/\/i0.wp.com\/lahoradelcampo.com.uy\/site\/wp-content\/uploads\/2024\/11\/Gestiondelpasto-1.jpg?fit=880%2C440&ssl=1&resize=350%2C200 1x, https:\/\/i0.wp.com\/lahoradelcampo.com.uy\/site\/wp-content\/uploads\/2024\/11\/Gestiondelpasto-1.jpg?fit=880%2C440&ssl=1&resize=525%2C300 1.5x, https:\/\/i0.wp.com\/lahoradelcampo.com.uy\/site\/wp-content\/uploads\/2024\/11\/Gestiondelpasto-1.jpg?fit=880%2C440&ssl=1&resize=700%2C400 2x"},"classes":[]},{"id":54662,"url":"https:\/\/lahoradelcampo.com.uy\/site\/plan-agropecuario-y-minerva-foods-impulsan-la-ganaderia-sostenible\/","url_meta":{"origin":37313,"position":4},"title":"Plan Agropecuario y Minerva Foods impulsan la ganader\u00eda sostenible","author":"La Hora del Campo","date":"25 septiembre, 2024","format":false,"excerpt":"El pasado martes 10 de septiembre, en el marco de la Expoprado 2024, se firm\u00f3 un acuerdo clave para la sostenibilidad de la producci\u00f3n ganadera en Uruguay. El convenio entre el Instituto Plan Agropecuario (IPA) y Minerva Foods, presentado por Esteban Carriquiry, Presidente del IPA, y Patricio Silveira, Presidente de\u2026","rel":"","context":"En \u00abActualidad\u00bb","block_context":{"text":"Actualidad","link":"https:\/\/lahoradelcampo.com.uy\/site\/category\/actualidad\/"},"img":{"alt_text":"","src":"https:\/\/i0.wp.com\/lahoradelcampo.com.uy\/site\/wp-content\/uploads\/2024\/09\/Planagropecuario-minerva.jpg?fit=880%2C440&ssl=1&resize=350%2C200","width":350,"height":200,"srcset":"https:\/\/i0.wp.com\/lahoradelcampo.com.uy\/site\/wp-content\/uploads\/2024\/09\/Planagropecuario-minerva.jpg?fit=880%2C440&ssl=1&resize=350%2C200 1x, https:\/\/i0.wp.com\/lahoradelcampo.com.uy\/site\/wp-content\/uploads\/2024\/09\/Planagropecuario-minerva.jpg?fit=880%2C440&ssl=1&resize=525%2C300 1.5x, https:\/\/i0.wp.com\/lahoradelcampo.com.uy\/site\/wp-content\/uploads\/2024\/09\/Planagropecuario-minerva.jpg?fit=880%2C440&ssl=1&resize=700%2C400 2x"},"classes":[]},{"id":28890,"url":"https:\/\/lahoradelcampo.com.uy\/site\/plan-agropecuario-convoca-a-productores-a-participar-del-proyecto-gestion-del-pasto\/","url_meta":{"origin":37313,"position":5},"title":"Plan Agropecuario convoca a productores a participar del proyecto \u00abGesti\u00f3n del Pasto\u00bb","author":"La Hora del Campo","date":"29 marzo, 2021","format":false,"excerpt":"En reiteradas oportunidades los t\u00e9cnicos, ya sean Plan Agropecuario u otra instituci\u00f3n, se\u00f1alan que el \u00e9xito de un buen sistema ganadero se basa en la mejor administraci\u00f3n del recurso m\u00e1s barato del establecimiento, como lo es pasto. En este sentido el Plan Agropecuario, con el Ing. Agr. Marcelo Pereira, ha\u2026","rel":"","context":"En \u00abActualidad\u00bb","block_context":{"text":"Actualidad","link":"https:\/\/lahoradelcampo.com.uy\/site\/category\/actualidad\/"},"img":{"alt_text":"","src":"https:\/\/i0.wp.com\/lahoradelcampo.com.uy\/site\/wp-content\/uploads\/2019\/07\/Pastoreo.jpg?fit=880%2C440&ssl=1&resize=350%2C200","width":350,"height":200,"srcset":"https:\/\/i0.wp.com\/lahoradelcampo.com.uy\/site\/wp-content\/uploads\/2019\/07\/Pastoreo.jpg?fit=880%2C440&ssl=1&resize=350%2C200 1x, https:\/\/i0.wp.com\/lahoradelcampo.com.uy\/site\/wp-content\/uploads\/2019\/07\/Pastoreo.jpg?fit=880%2C440&ssl=1&resize=525%2C300 1.5x, https:\/\/i0.wp.com\/lahoradelcampo.com.uy\/site\/wp-content\/uploads\/2019\/07\/Pastoreo.jpg?fit=880%2C440&ssl=1&resize=700%2C400 2x"},"classes":[]}],"jetpack_likes_enabled":true,"_links":{"self":[{"href":"https:\/\/lahoradelcampo.com.uy\/site\/wp-json\/wp\/v2\/posts\/37313","targetHints":{"allow":["GET"]}}],"collection":[{"href":"https:\/\/lahoradelcampo.com.uy\/site\/wp-json\/wp\/v2\/posts"}],"about":[{"href":"https:\/\/lahoradelcampo.com.uy\/site\/wp-json\/wp\/v2\/types\/post"}],"author":[{"embeddable":true,"href":"https:\/\/lahoradelcampo.com.uy\/site\/wp-json\/wp\/v2\/users\/5"}],"replies":[{"embeddable":true,"href":"https:\/\/lahoradelcampo.com.uy\/site\/wp-json\/wp\/v2\/comments?post=37313"}],"version-history":[{"count":1,"href":"https:\/\/lahoradelcampo.com.uy\/site\/wp-json\/wp\/v2\/posts\/37313\/revisions"}],"predecessor-version":[{"id":37325,"href":"https:\/\/lahoradelcampo.com.uy\/site\/wp-json\/wp\/v2\/posts\/37313\/revisions\/37325"}],"wp:featuredmedia":[{"embeddable":true,"href":"https:\/\/lahoradelcampo.com.uy\/site\/wp-json\/wp\/v2\/media\/37323"}],"wp:attachment":[{"href":"https:\/\/lahoradelcampo.com.uy\/site\/wp-json\/wp\/v2\/media?parent=37313"}],"wp:term":[{"taxonomy":"category","embeddable":true,"href":"https:\/\/lahoradelcampo.com.uy\/site\/wp-json\/wp\/v2\/categories?post=37313"},{"taxonomy":"post_tag","embeddable":true,"href":"https:\/\/lahoradelcampo.com.uy\/site\/wp-json\/wp\/v2\/tags?post=37313"}],"curies":[{"name":"wp","href":"https:\/\/api.w.org\/{rel}","templated":true}]}}