{"id":37299,"date":"2021-12-07T19:09:45","date_gmt":"2021-12-07T22:09:45","guid":{"rendered":"http:\/\/lahoradelcampo.com.uy\/site\/?p=37299"},"modified":"2021-12-07T19:09:51","modified_gmt":"2021-12-07T22:09:51","slug":"pablo-zerbino-sera-el-jurado-angus-de-la-expo-prado-2022","status":"publish","type":"post","link":"https:\/\/lahoradelcampo.com.uy\/site\/pablo-zerbino-sera-el-jurado-angus-de-la-expo-prado-2022\/","title":{"rendered":"Pablo Zerbino ser\u00e1 el Jurado Angus de la Expo Prado 2022"},"content":{"rendered":"\n<figure class=\"wp-block-image\"><img data-recalc-dims=\"1\" loading=\"lazy\" decoding=\"async\" width=\"810\" height=\"405\" data-attachment-id=\"37301\" data-permalink=\"https:\/\/lahoradelcampo.com.uy\/site\/pablo-zerbino-sera-el-jurado-angus-de-la-expo-prado-2022\/angus-zerbino\/\" data-orig-file=\"https:\/\/i0.wp.com\/lahoradelcampo.com.uy\/site\/wp-content\/uploads\/2021\/12\/Angus-Zerbino.jpg?fit=880%2C440&amp;ssl=1\" data-orig-size=\"880,440\" data-comments-opened=\"1\" data-image-meta=\"{&quot;aperture&quot;:&quot;0&quot;,&quot;credit&quot;:&quot;&quot;,&quot;camera&quot;:&quot;&quot;,&quot;caption&quot;:&quot;&quot;,&quot;created_timestamp&quot;:&quot;0&quot;,&quot;copyright&quot;:&quot;&quot;,&quot;focal_length&quot;:&quot;0&quot;,&quot;iso&quot;:&quot;0&quot;,&quot;shutter_speed&quot;:&quot;0&quot;,&quot;title&quot;:&quot;&quot;,&quot;orientation&quot;:&quot;1&quot;}\" data-image-title=\"Angus-Zerbino\" data-image-description=\"\" data-image-caption=\"\" data-large-file=\"https:\/\/i0.wp.com\/lahoradelcampo.com.uy\/site\/wp-content\/uploads\/2021\/12\/Angus-Zerbino.jpg?fit=810%2C405&amp;ssl=1\" src=\"https:\/\/i0.wp.com\/lahoradelcampo.com.uy\/site\/wp-content\/uploads\/2021\/12\/Angus-Zerbino.jpg?resize=810%2C405\" alt=\"\" class=\"wp-image-37301\" srcset=\"https:\/\/i0.wp.com\/lahoradelcampo.com.uy\/site\/wp-content\/uploads\/2021\/12\/Angus-Zerbino.jpg?w=880&amp;ssl=1 880w, https:\/\/i0.wp.com\/lahoradelcampo.com.uy\/site\/wp-content\/uploads\/2021\/12\/Angus-Zerbino.jpg?resize=300%2C150&amp;ssl=1 300w, https:\/\/i0.wp.com\/lahoradelcampo.com.uy\/site\/wp-content\/uploads\/2021\/12\/Angus-Zerbino.jpg?resize=768%2C384&amp;ssl=1 768w, https:\/\/i0.wp.com\/lahoradelcampo.com.uy\/site\/wp-content\/uploads\/2021\/12\/Angus-Zerbino.jpg?resize=820%2C410&amp;ssl=1 820w\" sizes=\"auto, (max-width: 810px) 100vw, 810px\" \/><\/figure>\n\n\n\n<p>Como es tradicional, los caba\u00f1eros realizaron la elecci\u00f3n del jurado para la Expo Prado 2022 mediante la votaci\u00f3n de los candidatos presentados por la gremial y los propios caba\u00f1eros. <\/p>\n\n\n\n<p>De acuerdo a la informaci\u00f3n brindada por la Sociedad de Criadores de Aberdeen Angus del Uruguay, el pasado lunes se realiz\u00f3 una reuni\u00f3n donde se presentaron los resultados de la votaci\u00f3n, d\u00e1ndose a conocer que el Dr. Pablo Zerbino Vanrell, es el elegido para calificar los mejores ejemplares de la raza en la pr\u00f3xima edici\u00f3n de la Expo Prado. <\/p>\n\n\n\n<p>Zerbino es el principal de la caba\u00f1a \u00abSan Jos\u00e9 del Yaguar\u00ed\u00bb, ubicada en el paraje Carpinter\u00eda, 5a Secci\u00f3n Judicial del departamento de Durazno. All\u00ed desarrolla la cr\u00eda de las razas Hereford y Polled Hereford desde sus or\u00edgenes, sumando el Aberdeen Angus en los \u00faltimos tiempos, pero con grandes resultados en las pistas.<\/p>\n\n\n\n<p>En el a\u00f1o 2012 la caba\u00f1a coron\u00f3 en las pistas del Prado, su primer Gran Campe\u00f3n Aberdeen Angus y en el 2020 obtuvo el reconocimiento internacional con \u00abBionica\u00bb, la Gran Campeona del Prado que fuera premiada como \u00abMiss Angus of the World\u00bb. <\/p>\n\n\n\n<p>Tal como ha venido sucediendo en los \u00faltimos a\u00f1os, el Dr. Pablo Zerbino tendr\u00e1 un gran trabajo por delante en las pistas de la Expo Prado, teniendo en cuenta la calidad y el volumen de animales que ha presentado los expositores Aberdeen Angus en la principal pista a nivel nacional. <\/p>\n\n\n\n<p>Salto, 7 de diciembre de 2021<\/p>\n","protected":false},"excerpt":{"rendered":"<p>Como es tradicional, los caba\u00f1eros realizaron la elecci\u00f3n del jurado para la Expo Prado 2022 mediante la votaci\u00f3n de los candidatos presentados por la gremial y los propios caba\u00f1eros. De [&hellip;]<\/p>\n","protected":false},"author":5,"featured_media":37301,"comment_status":"open","ping_status":"open","sticky":false,"template":"","format":"standard","meta":{"_price":"","_stock":"","_tribe_ticket_header":"","_tribe_default_ticket_provider":"","_tribe_ticket_capacity":"0","_ticket_start_date":"","_ticket_end_date":"","_tribe_ticket_show_description":"","_tribe_ticket_show_not_going":false,"_tribe_ticket_use_global_stock":"","_tribe_ticket_global_stock_level":"","_global_stock_mode":"","_global_stock_cap":"","_tribe_rsvp_for_event":"","_tribe_ticket_going_count":"","_tribe_ticket_not_going_count":"","_tribe_tickets_list":"[]","_tribe_ticket_has_attendee_info_fields":false,"h5ap_radio_sources":[],"_jetpack_newsletter_access":"","_jetpack_dont_email_post_to_subs":false,"_jetpack_newsletter_tier_id":0,"_jetpack_memberships_contains_paywalled_content":false,"_jetpack_memberships_contains_paid_content":false,"footnotes":""},"categories":[21,5],"tags":[],"class_list":["post-37299","post","type-post","status-publish","format-standard","has-post-thumbnail","hentry","category-actualidad","category-ganaderia"],"jetpack_featured_media_url":"https:\/\/i0.wp.com\/lahoradelcampo.com.uy\/site\/wp-content\/uploads\/2021\/12\/Angus-Zerbino.jpg?fit=880%2C440&ssl=1","jetpack_sharing_enabled":true,"jetpack_shortlink":"https:\/\/wp.me\/p99IaT-9HB","jetpack-related-posts":[{"id":43473,"url":"https:\/\/lahoradelcampo.com.uy\/site\/zerbino-y-penagaricano-calificaran-las-principales-razas-britanicas-en-el-prado\/","url_meta":{"origin":37299,"position":0},"title":"Zerbino y Pe\u00f1agaricano calificaran las principales  razas brit\u00e1nicas en el Prado","author":"La Hora del Campo","date":"5 julio, 2022","format":false,"excerpt":"El pasado 30 de agosto cerr\u00f3 el plazo para las preinscripciones de animales de cara a la 117\u00aa edici\u00f3n de la Exposici\u00f3n Internacional de Ganader\u00eda y Muestra Agro Industrial y Comercial, Expo Prado 2022, que se llevar\u00e1 a cabo entre el 9 y 18 de setiembre. Para esta edici\u00f3n se\u2026","rel":"","context":"En \u00abActualidad\u00bb","block_context":{"text":"Actualidad","link":"https:\/\/lahoradelcampo.com.uy\/site\/category\/actualidad\/"},"img":{"alt_text":"","src":"https:\/\/i0.wp.com\/lahoradelcampo.com.uy\/site\/wp-content\/uploads\/2021\/12\/Angus-Zerbino.jpg?fit=880%2C440&ssl=1&resize=350%2C200","width":350,"height":200,"srcset":"https:\/\/i0.wp.com\/lahoradelcampo.com.uy\/site\/wp-content\/uploads\/2021\/12\/Angus-Zerbino.jpg?fit=880%2C440&ssl=1&resize=350%2C200 1x, https:\/\/i0.wp.com\/lahoradelcampo.com.uy\/site\/wp-content\/uploads\/2021\/12\/Angus-Zerbino.jpg?fit=880%2C440&ssl=1&resize=525%2C300 1.5x, https:\/\/i0.wp.com\/lahoradelcampo.com.uy\/site\/wp-content\/uploads\/2021\/12\/Angus-Zerbino.jpg?fit=880%2C440&ssl=1&resize=700%2C400 2x"},"classes":[]},{"id":483,"url":"https:\/\/lahoradelcampo.com.uy\/site\/el-miercoles-comienza-una-nueva-edicion-de-la-expo-prado\/","url_meta":{"origin":37299,"position":1},"title":"El mi\u00e9rcoles comienza una nueva edici\u00f3n de la Expo Prado","author":"La Hora del Campo","date":"3 septiembre, 2017","format":false,"excerpt":"El pr\u00f3ximo mi\u00e9rcoles 6 de setiembre comienza una nueva edici\u00f3n de la Expo Prado baj\u00f3 el slogan \"El campo hace ciudad, hace el pa\u00eds\" donde la Asociaci\u00f3n Rural del Uruguay realiza una nueva apuesta al encuentro campo-ciudad en la m\u00e1xima expresi\u00f3n de la gen\u00e9tica nacional. En el lanzamiento de la\u2026","rel":"","context":"En \u00abActualidad\u00bb","block_context":{"text":"Actualidad","link":"https:\/\/lahoradelcampo.com.uy\/site\/category\/actualidad\/"},"img":{"alt_text":"","src":"https:\/\/i0.wp.com\/lahoradelcampo.com.uy\/site\/wp-content\/uploads\/2017\/09\/4.jpg?fit=1040%2C400&ssl=1&resize=350%2C200","width":350,"height":200,"srcset":"https:\/\/i0.wp.com\/lahoradelcampo.com.uy\/site\/wp-content\/uploads\/2017\/09\/4.jpg?fit=1040%2C400&ssl=1&resize=350%2C200 1x, https:\/\/i0.wp.com\/lahoradelcampo.com.uy\/site\/wp-content\/uploads\/2017\/09\/4.jpg?fit=1040%2C400&ssl=1&resize=525%2C300 1.5x, https:\/\/i0.wp.com\/lahoradelcampo.com.uy\/site\/wp-content\/uploads\/2017\/09\/4.jpg?fit=1040%2C400&ssl=1&resize=700%2C400 2x"},"classes":[]},{"id":23670,"url":"https:\/\/lahoradelcampo.com.uy\/site\/angus-mostro-todo-el-potencial-de-los-vientres-de-la-raza-en-la-pista-del-prado\/","url_meta":{"origin":37299,"position":2},"title":"Angus mostr\u00f3 todo el potencial de los  vientres de la raza en la pista del Prado","author":"La Hora del Campo","date":"16 septiembre, 2020","format":false,"excerpt":"En una gran exhibici\u00f3n de gen\u00e9tica que demuestra el excelente momento que pasa la raza Aberdeen Angus en el pa\u00eds, el ingeniero agr\u00f3nomo Alvaro D\u00edaz Nadal tuvo un extenso trabajo con los mejores vientres expuestos por las principales caba\u00f1as del pa\u00eds. En una pista algo m\u00e1s grande que lo habitual,\u2026","rel":"","context":"En \u00abActualidad\u00bb","block_context":{"text":"Actualidad","link":"https:\/\/lahoradelcampo.com.uy\/site\/category\/actualidad\/"},"img":{"alt_text":"","src":"https:\/\/i0.wp.com\/lahoradelcampo.com.uy\/site\/wp-content\/uploads\/2020\/09\/AngusGCH.jpg?fit=880%2C440&ssl=1&resize=350%2C200","width":350,"height":200,"srcset":"https:\/\/i0.wp.com\/lahoradelcampo.com.uy\/site\/wp-content\/uploads\/2020\/09\/AngusGCH.jpg?fit=880%2C440&ssl=1&resize=350%2C200 1x, https:\/\/i0.wp.com\/lahoradelcampo.com.uy\/site\/wp-content\/uploads\/2020\/09\/AngusGCH.jpg?fit=880%2C440&ssl=1&resize=525%2C300 1.5x, https:\/\/i0.wp.com\/lahoradelcampo.com.uy\/site\/wp-content\/uploads\/2020\/09\/AngusGCH.jpg?fit=880%2C440&ssl=1&resize=700%2C400 2x"},"classes":[]},{"id":753,"url":"https:\/\/lahoradelcampo.com.uy\/site\/expo-prado-aguerre-confirmo-que-no-estara-en-el-acto-de-cierre\/","url_meta":{"origin":37299,"position":3},"title":"\u00abHay un buen di\u00e1logo con el ministro Aguerre\u00bb dijo Zerbino","author":"La Hora del Campo","date":"10 septiembre, 2017","format":false,"excerpt":"El Dr. Pablo Zerbino, presidente de la Asociaci\u00f3n Rural del Uruguay, dijo que \"hay un buen di\u00e1logo con el ministro Aguerre\", luego del almuerzo de trabajo realizado en la Expo Prado 2017 entre la gremial y los integrantes del MGAP. El Ministro confirm\u00f3 a la directiva de la gremial que\u2026","rel":"","context":"En \u00abActualidad\u00bb","block_context":{"text":"Actualidad","link":"https:\/\/lahoradelcampo.com.uy\/site\/category\/actualidad\/"},"img":{"alt_text":"","src":"https:\/\/i0.wp.com\/lahoradelcampo.com.uy\/site\/wp-content\/uploads\/2017\/09\/Pablo-Zerbino-Aru.jpg?fit=880%2C440&ssl=1&resize=350%2C200","width":350,"height":200,"srcset":"https:\/\/i0.wp.com\/lahoradelcampo.com.uy\/site\/wp-content\/uploads\/2017\/09\/Pablo-Zerbino-Aru.jpg?fit=880%2C440&ssl=1&resize=350%2C200 1x, https:\/\/i0.wp.com\/lahoradelcampo.com.uy\/site\/wp-content\/uploads\/2017\/09\/Pablo-Zerbino-Aru.jpg?fit=880%2C440&ssl=1&resize=525%2C300 1.5x, https:\/\/i0.wp.com\/lahoradelcampo.com.uy\/site\/wp-content\/uploads\/2017\/09\/Pablo-Zerbino-Aru.jpg?fit=880%2C440&ssl=1&resize=700%2C400 2x"},"classes":[]},{"id":37361,"url":"https:\/\/lahoradelcampo.com.uy\/site\/el-hereford-y-angus-de-uruguay-son-los-mejores-de-sudamerica\/","url_meta":{"origin":37299,"position":4},"title":"El Hereford y Angus de Uruguay son los mejores de Sudam\u00e9rica","author":"La Hora del Campo","date":"9 diciembre, 2021","format":false,"excerpt":"Los grandes campeones de la Expo Prado 2021 se impusieron ante los mejores de los pa\u00edses de la regi\u00f3n en los concursos de Hereford Breeder y Angus Breeder. Los grandes campeones de la Expo Prado 2021 en Hereford y Aberdeen Angus fueron elegidos como los mejores de ambas razas en\u2026","rel":"","context":"En \u00abActualidad\u00bb","block_context":{"text":"Actualidad","link":"https:\/\/lahoradelcampo.com.uy\/site\/category\/actualidad\/"},"img":{"alt_text":"","src":"https:\/\/i0.wp.com\/lahoradelcampo.com.uy\/site\/wp-content\/uploads\/2021\/12\/Angusbreeders.jpg?fit=880%2C440&ssl=1&resize=350%2C200","width":350,"height":200,"srcset":"https:\/\/i0.wp.com\/lahoradelcampo.com.uy\/site\/wp-content\/uploads\/2021\/12\/Angusbreeders.jpg?fit=880%2C440&ssl=1&resize=350%2C200 1x, https:\/\/i0.wp.com\/lahoradelcampo.com.uy\/site\/wp-content\/uploads\/2021\/12\/Angusbreeders.jpg?fit=880%2C440&ssl=1&resize=525%2C300 1.5x, https:\/\/i0.wp.com\/lahoradelcampo.com.uy\/site\/wp-content\/uploads\/2021\/12\/Angusbreeders.jpg?fit=880%2C440&ssl=1&resize=700%2C400 2x"},"classes":[]},{"id":32906,"url":"https:\/\/lahoradelcampo.com.uy\/site\/bonino-sera-el-jurado-del-aberdeen-angus-en-el-prado\/","url_meta":{"origin":37299,"position":5},"title":"Bonino ser\u00e1 el jurado del Aberdeen Angus en el Prado","author":"La Hora del Campo","date":"10 agosto, 2021","format":false,"excerpt":"A medida que se va acercando la realizaci\u00f3n de la Expo Prado 2021, se van a ir conociendo los diferentes jurados, en las razas que participan de la muestra. En este sentido ya le nombramos aqu\u00ed en La Hora del Campo que el Dr. H\u00e9ctor Bonomi ser\u00e1 el jurado de\u2026","rel":"","context":"En \u00abActualidad\u00bb","block_context":{"text":"Actualidad","link":"https:\/\/lahoradelcampo.com.uy\/site\/category\/actualidad\/"},"img":{"alt_text":"","src":"https:\/\/i0.wp.com\/lahoradelcampo.com.uy\/site\/wp-content\/uploads\/2021\/08\/bichobonino.jpg?fit=880%2C440&ssl=1&resize=350%2C200","width":350,"height":200,"srcset":"https:\/\/i0.wp.com\/lahoradelcampo.com.uy\/site\/wp-content\/uploads\/2021\/08\/bichobonino.jpg?fit=880%2C440&ssl=1&resize=350%2C200 1x, https:\/\/i0.wp.com\/lahoradelcampo.com.uy\/site\/wp-content\/uploads\/2021\/08\/bichobonino.jpg?fit=880%2C440&ssl=1&resize=525%2C300 1.5x, https:\/\/i0.wp.com\/lahoradelcampo.com.uy\/site\/wp-content\/uploads\/2021\/08\/bichobonino.jpg?fit=880%2C440&ssl=1&resize=700%2C400 2x"},"classes":[]}],"jetpack_likes_enabled":true,"_links":{"self":[{"href":"https:\/\/lahoradelcampo.com.uy\/site\/wp-json\/wp\/v2\/posts\/37299","targetHints":{"allow":["GET"]}}],"collection":[{"href":"https:\/\/lahoradelcampo.com.uy\/site\/wp-json\/wp\/v2\/posts"}],"about":[{"href":"https:\/\/lahoradelcampo.com.uy\/site\/wp-json\/wp\/v2\/types\/post"}],"author":[{"embeddable":true,"href":"https:\/\/lahoradelcampo.com.uy\/site\/wp-json\/wp\/v2\/users\/5"}],"replies":[{"embeddable":true,"href":"https:\/\/lahoradelcampo.com.uy\/site\/wp-json\/wp\/v2\/comments?post=37299"}],"version-history":[{"count":1,"href":"https:\/\/lahoradelcampo.com.uy\/site\/wp-json\/wp\/v2\/posts\/37299\/revisions"}],"predecessor-version":[{"id":37303,"href":"https:\/\/lahoradelcampo.com.uy\/site\/wp-json\/wp\/v2\/posts\/37299\/revisions\/37303"}],"wp:featuredmedia":[{"embeddable":true,"href":"https:\/\/lahoradelcampo.com.uy\/site\/wp-json\/wp\/v2\/media\/37301"}],"wp:attachment":[{"href":"https:\/\/lahoradelcampo.com.uy\/site\/wp-json\/wp\/v2\/media?parent=37299"}],"wp:term":[{"taxonomy":"category","embeddable":true,"href":"https:\/\/lahoradelcampo.com.uy\/site\/wp-json\/wp\/v2\/categories?post=37299"},{"taxonomy":"post_tag","embeddable":true,"href":"https:\/\/lahoradelcampo.com.uy\/site\/wp-json\/wp\/v2\/tags?post=37299"}],"curies":[{"name":"wp","href":"https:\/\/api.w.org\/{rel}","templated":true}]}}