{"id":37279,"date":"2021-12-07T07:04:30","date_gmt":"2021-12-07T10:04:30","guid":{"rendered":"http:\/\/lahoradelcampo.com.uy\/site\/?p=37279"},"modified":"2021-12-07T07:08:06","modified_gmt":"2021-12-07T10:08:06","slug":"el-jueves-se-desarrolla-en-artigas-la-jornada-arroz-margen","status":"publish","type":"post","link":"https:\/\/lahoradelcampo.com.uy\/site\/el-jueves-se-desarrolla-en-artigas-la-jornada-arroz-margen\/","title":{"rendered":"El jueves se desarrolla en Artigas la jornada \u00ab+Arroz, +Margen\u00bb"},"content":{"rendered":"\n<figure class=\"wp-block-image\"><img data-recalc-dims=\"1\" loading=\"lazy\" decoding=\"async\" width=\"810\" height=\"405\" data-attachment-id=\"10811\" data-permalink=\"https:\/\/lahoradelcampo.com.uy\/site\/crecen-fuertemente-los-stocks-de-arroz-maiz-y-soja\/arroz-2-2\/\" data-orig-file=\"https:\/\/i0.wp.com\/lahoradelcampo.com.uy\/site\/wp-content\/uploads\/2019\/05\/arroz-2.jpg?fit=880%2C440&amp;ssl=1\" data-orig-size=\"880,440\" data-comments-opened=\"1\" data-image-meta=\"{&quot;aperture&quot;:&quot;0&quot;,&quot;credit&quot;:&quot;&quot;,&quot;camera&quot;:&quot;&quot;,&quot;caption&quot;:&quot;&quot;,&quot;created_timestamp&quot;:&quot;0&quot;,&quot;copyright&quot;:&quot;&quot;,&quot;focal_length&quot;:&quot;0&quot;,&quot;iso&quot;:&quot;0&quot;,&quot;shutter_speed&quot;:&quot;0&quot;,&quot;title&quot;:&quot;&quot;,&quot;orientation&quot;:&quot;1&quot;}\" data-image-title=\"arroz 2\" data-image-description=\"\" data-image-caption=\"\" data-large-file=\"https:\/\/i0.wp.com\/lahoradelcampo.com.uy\/site\/wp-content\/uploads\/2019\/05\/arroz-2.jpg?fit=810%2C405&amp;ssl=1\" src=\"https:\/\/i0.wp.com\/lahoradelcampo.com.uy\/site\/wp-content\/uploads\/2019\/05\/arroz-2.jpg?resize=810%2C405\" alt=\"\" class=\"wp-image-10811\" srcset=\"https:\/\/i0.wp.com\/lahoradelcampo.com.uy\/site\/wp-content\/uploads\/2019\/05\/arroz-2.jpg?w=880&amp;ssl=1 880w, https:\/\/i0.wp.com\/lahoradelcampo.com.uy\/site\/wp-content\/uploads\/2019\/05\/arroz-2.jpg?resize=300%2C150&amp;ssl=1 300w, https:\/\/i0.wp.com\/lahoradelcampo.com.uy\/site\/wp-content\/uploads\/2019\/05\/arroz-2.jpg?resize=768%2C384&amp;ssl=1 768w, https:\/\/i0.wp.com\/lahoradelcampo.com.uy\/site\/wp-content\/uploads\/2019\/05\/arroz-2.jpg?resize=820%2C410&amp;ssl=1 820w\" sizes=\"auto, (max-width: 810px) 100vw, 810px\" \/><\/figure>\n\n\n\n<p>La Asociaci\u00f3n de Cultivadores de Arroz del Uruguay (ACA) est\u00e1 convocando a una serie de jornadas de campo a nivel pa\u00eds, enmarcadas en el proyecto Transferencia de Tecnolog\u00eda 2021-2022. Dichas actividades son coordinadas con la Gremial de Molinos Arroceros, el Instituto Nacional de Investigaci\u00f3n Agropecuaria (INIA) y el Fondo Latinoamericano para Arroz de Riego (Flar).<br><\/p>\n\n\n\n<p>En el norte del pa\u00eds, la actividad se desarrollar\u00e1 en el departamento de Artigas, el jueves 9 de diciembre desde las 7:30 horas, comenzando en el establecimiento de Pilmen S.A. en Colonia Palma y posteriormente a las 11 horas en la zona de Paso Far\u00edas en el establecimiento La Tortuga. <br><\/p>\n\n\n\n<p>O&#8217;brien record\u00f3 que \u00abla herramienta que puede manejar el productor son las bolsas que saca de cada hect\u00e1rea, las dem\u00e1s se da vuelta y las recibe, en un rubro netamente exportador\u00bb. En este sentido indic\u00f3 que la suba de los insumos ha generado que los rendimiento de equilibrio en esta zafra sean superiores a los de a\u00f1os anteriores. <br><\/p>\n\n\n\n<p>El arrocero se\u00f1al\u00f3 que presentaran resultados en trabajos que se realizan desde la investigaci\u00f3n a nivel comercial. A modo de ejemplo se\u00f1al\u00f3 la prueba de nuevas variedades, as\u00ed como tambi\u00e9n variaciones en el riego o fertilizaci\u00f3n de los cultivos para lograr un mayor margen por hect\u00e1rea. <\/p>\n\n\n<p><!--EndFragment-->Salto, 7 de diciembre de 2021<br \/><br \/><\/p>","protected":false},"excerpt":{"rendered":"<p>La Asociaci\u00f3n de Cultivadores de Arroz del Uruguay (ACA) est\u00e1 convocando a una serie de jornadas de campo a nivel pa\u00eds, enmarcadas en el proyecto Transferencia de Tecnolog\u00eda 2021-2022. Dichas [&hellip;]<\/p>\n","protected":false},"author":5,"featured_media":10811,"comment_status":"open","ping_status":"open","sticky":false,"template":"","format":"standard","meta":{"_price":"","_stock":"","_tribe_ticket_header":"","_tribe_default_ticket_provider":"","_tribe_ticket_capacity":"0","_ticket_start_date":"","_ticket_end_date":"","_tribe_ticket_show_description":"","_tribe_ticket_show_not_going":false,"_tribe_ticket_use_global_stock":"","_tribe_ticket_global_stock_level":"","_global_stock_mode":"","_global_stock_cap":"","_tribe_rsvp_for_event":"","_tribe_ticket_going_count":"","_tribe_ticket_not_going_count":"","_tribe_tickets_list":"[]","_tribe_ticket_has_attendee_info_fields":false,"h5ap_radio_sources":[],"_jetpack_newsletter_access":"","_jetpack_dont_email_post_to_subs":false,"_jetpack_newsletter_tier_id":0,"_jetpack_memberships_contains_paywalled_content":false,"_jetpack_memberships_contains_paid_content":false,"footnotes":""},"categories":[21,7],"tags":[],"class_list":["post-37279","post","type-post","status-publish","format-standard","has-post-thumbnail","hentry","category-actualidad","category-agricultura"],"jetpack_featured_media_url":"https:\/\/i0.wp.com\/lahoradelcampo.com.uy\/site\/wp-content\/uploads\/2019\/05\/arroz-2.jpg?fit=880%2C440&ssl=1","jetpack_sharing_enabled":true,"jetpack_shortlink":"https:\/\/wp.me\/p99IaT-9Hh","jetpack-related-posts":[{"id":49842,"url":"https:\/\/lahoradelcampo.com.uy\/site\/cosecha-de-arroz-en-el-norte-del-pais-muestra-buenos-rendimientos\/","url_meta":{"origin":37279,"position":0},"title":"Cosecha de arroz en el norte del pa\u00eds muestra buenos rendimientos","author":"La Hora del Campo","date":"10 abril, 2023","format":false,"excerpt":"El arroz uruguayo se encuentra en proceso de cosecha, y las perspectivas son alentadoras. Con el cultivo sembrado en tiempo y forma, y con agua en las represas, se espera que los rendimientos se ubiquen dentro de las cinco zafras de punta en producci\u00f3n del pa\u00eds.Avance de la cosechaEl Ing.\u2026","rel":"","context":"En \u00abActualidad\u00bb","block_context":{"text":"Actualidad","link":"https:\/\/lahoradelcampo.com.uy\/site\/category\/actualidad\/"},"img":{"alt_text":"","src":"https:\/\/i0.wp.com\/lahoradelcampo.com.uy\/site\/wp-content\/uploads\/2023\/04\/arroz-plantacion.jpg?fit=880%2C440&ssl=1&resize=350%2C200","width":350,"height":200,"srcset":"https:\/\/i0.wp.com\/lahoradelcampo.com.uy\/site\/wp-content\/uploads\/2023\/04\/arroz-plantacion.jpg?fit=880%2C440&ssl=1&resize=350%2C200 1x, https:\/\/i0.wp.com\/lahoradelcampo.com.uy\/site\/wp-content\/uploads\/2023\/04\/arroz-plantacion.jpg?fit=880%2C440&ssl=1&resize=525%2C300 1.5x, https:\/\/i0.wp.com\/lahoradelcampo.com.uy\/site\/wp-content\/uploads\/2023\/04\/arroz-plantacion.jpg?fit=880%2C440&ssl=1&resize=700%2C400 2x"},"classes":[]},{"id":19064,"url":"https:\/\/lahoradelcampo.com.uy\/site\/artigas-es-el-departamento-con-mayor-stock-de-arroz-segun-el-mgap\/","url_meta":{"origin":37279,"position":1},"title":"Artigas es el departamento con  mayor stock de arroz seg\u00fan el MGAP","author":"La Hora del Campo","date":"22 abril, 2020","format":false,"excerpt":"El Registro Nacional de Operadores de Instalaciones de Acopio de Granos del Ministerio de Ganader\u00eda, Agricultura y Pesca (MGAP) public\u00f3 la existencia de granos al 1\u00ba de abril. Los datos informan que en arroz, las existencias totalizan 411.860 toneladas, Artigas es el departamento con m\u00e1s registro (107.166 toneladas). El ma\u00edz\u2026","rel":"","context":"En \u00abActualidad\u00bb","block_context":{"text":"Actualidad","link":"https:\/\/lahoradelcampo.com.uy\/site\/category\/actualidad\/"},"img":{"alt_text":"","src":"https:\/\/i0.wp.com\/lahoradelcampo.com.uy\/site\/wp-content\/uploads\/2018\/04\/Arroz.jpg?fit=880%2C440&ssl=1&resize=350%2C200","width":350,"height":200,"srcset":"https:\/\/i0.wp.com\/lahoradelcampo.com.uy\/site\/wp-content\/uploads\/2018\/04\/Arroz.jpg?fit=880%2C440&ssl=1&resize=350%2C200 1x, https:\/\/i0.wp.com\/lahoradelcampo.com.uy\/site\/wp-content\/uploads\/2018\/04\/Arroz.jpg?fit=880%2C440&ssl=1&resize=525%2C300 1.5x, https:\/\/i0.wp.com\/lahoradelcampo.com.uy\/site\/wp-content\/uploads\/2018\/04\/Arroz.jpg?fit=880%2C440&ssl=1&resize=700%2C400 2x"},"classes":[]},{"id":3003,"url":"https:\/\/lahoradelcampo.com.uy\/site\/la-siembra-del-arroz-esta-atrasada-en-uruguay\/","url_meta":{"origin":37279,"position":2},"title":"La siembra del arroz est\u00e1 atrasada en Uruguay","author":"La Hora del Campo","date":"20 octubre, 2017","format":false,"excerpt":"La Asociaci\u00f3n de Cultivadores de Arroz del Uruguay, emiti\u00f3 un informe del avance de la siembra del cultivo en nuestro pa\u00eds, donde se nota claramente un atraso importante en la siembra. El sector arrocero tiene hasta finales de la primera quincena del mes de noviembre para sembrar el cereal, a\u2026","rel":"","context":"En \u00abActualidad\u00bb","block_context":{"text":"Actualidad","link":"https:\/\/lahoradelcampo.com.uy\/site\/category\/actualidad\/"},"img":{"alt_text":"","src":"https:\/\/i0.wp.com\/lahoradelcampo.com.uy\/site\/wp-content\/uploads\/2017\/10\/Arroz-siembra-1.jpg?fit=880%2C440&ssl=1&resize=350%2C200","width":350,"height":200,"srcset":"https:\/\/i0.wp.com\/lahoradelcampo.com.uy\/site\/wp-content\/uploads\/2017\/10\/Arroz-siembra-1.jpg?fit=880%2C440&ssl=1&resize=350%2C200 1x, https:\/\/i0.wp.com\/lahoradelcampo.com.uy\/site\/wp-content\/uploads\/2017\/10\/Arroz-siembra-1.jpg?fit=880%2C440&ssl=1&resize=525%2C300 1.5x, https:\/\/i0.wp.com\/lahoradelcampo.com.uy\/site\/wp-content\/uploads\/2017\/10\/Arroz-siembra-1.jpg?fit=880%2C440&ssl=1&resize=700%2C400 2x"},"classes":[]},{"id":52980,"url":"https:\/\/lahoradelcampo.com.uy\/site\/gira-braford-2023-la-resiliencia-de-una-raza-en-tiempos-de-cambio-climatico\/","url_meta":{"origin":37279,"position":3},"title":"Gira Braford 2023: La resiliencia de una raza en tiempos de cambio clim\u00e1tico","author":"La Hora del Campo","date":"31 octubre, 2023","format":false,"excerpt":"El pr\u00f3ximo jueves 16 y viernes 17 de noviembre, se realizar\u00e1 en Salto y Artigas, la Gira Braford 2023. Este evento, promete ser una experiencia enriquecedora sobre la adaptaci\u00f3n de la raza a la variabilidad clim\u00e1tica. La gira se inicia el jueves 16 a las 11 horas en el Establecimiento\u2026","rel":"","context":"En \u00abActualidad\u00bb","block_context":{"text":"Actualidad","link":"https:\/\/lahoradelcampo.com.uy\/site\/category\/actualidad\/"},"img":{"alt_text":"","src":"https:\/\/i0.wp.com\/lahoradelcampo.com.uy\/site\/wp-content\/uploads\/2023\/10\/Braford.jpg?fit=880%2C440&ssl=1&resize=350%2C200","width":350,"height":200,"srcset":"https:\/\/i0.wp.com\/lahoradelcampo.com.uy\/site\/wp-content\/uploads\/2023\/10\/Braford.jpg?fit=880%2C440&ssl=1&resize=350%2C200 1x, https:\/\/i0.wp.com\/lahoradelcampo.com.uy\/site\/wp-content\/uploads\/2023\/10\/Braford.jpg?fit=880%2C440&ssl=1&resize=525%2C300 1.5x, https:\/\/i0.wp.com\/lahoradelcampo.com.uy\/site\/wp-content\/uploads\/2023\/10\/Braford.jpg?fit=880%2C440&ssl=1&resize=700%2C400 2x"},"classes":[]},{"id":30600,"url":"https:\/\/lahoradelcampo.com.uy\/site\/diea-confirmo-que-en-el-norte-se-supero-los-9-600-kilos-de-arroz-por-hectarea\/","url_meta":{"origin":37279,"position":4},"title":"DIEA confirm\u00f3 que en el norte se super\u00f3 los 9.600 kilos de arroz por hect\u00e1rea","author":"La Hora del Campo","date":"28 mayo, 2021","format":false,"excerpt":"D\u00eda atr\u00e1s la Asociaci\u00f3n de Cultivadores de Arroz inform\u00f3 que cerrada la cosecha se alcanz\u00f3 un rendimiento de 9.400 kilos por hect\u00e1rea a nivel pa\u00eds. El 26 de mayo la DIEA (MGAP) present\u00f3 los resultados de la encuesta arrocera 2020\/21, donde confirm\u00f3 el promedio se\u00f1alado por la gremial. Adem\u00e1s detallo\u2026","rel":"","context":"En \u00abActualidad\u00bb","block_context":{"text":"Actualidad","link":"https:\/\/lahoradelcampo.com.uy\/site\/category\/actualidad\/"},"img":{"alt_text":"","src":"https:\/\/i0.wp.com\/lahoradelcampo.com.uy\/site\/wp-content\/uploads\/2019\/05\/arroz-2.jpg?fit=880%2C440&ssl=1&resize=350%2C200","width":350,"height":200,"srcset":"https:\/\/i0.wp.com\/lahoradelcampo.com.uy\/site\/wp-content\/uploads\/2019\/05\/arroz-2.jpg?fit=880%2C440&ssl=1&resize=350%2C200 1x, https:\/\/i0.wp.com\/lahoradelcampo.com.uy\/site\/wp-content\/uploads\/2019\/05\/arroz-2.jpg?fit=880%2C440&ssl=1&resize=525%2C300 1.5x, https:\/\/i0.wp.com\/lahoradelcampo.com.uy\/site\/wp-content\/uploads\/2019\/05\/arroz-2.jpg?fit=880%2C440&ssl=1&resize=700%2C400 2x"},"classes":[]},{"id":47019,"url":"https:\/\/lahoradelcampo.com.uy\/site\/costos-del-arroz-superan-los-ingresos-actuales-del-cereal\/","url_meta":{"origin":37279,"position":5},"title":"Costos del arroz superan los ingresos actuales del cereal","author":"La Hora del Campo","date":"16 noviembre, 2022","format":false,"excerpt":"El inicio de la zafra arrocera 2022-2023 augura nuevamente altos niveles de producci\u00f3n, con una siembra r\u00e9cord dentro de la ventana \u00f3ptima para el cultivo, con mayor disponibilidad de agua respecto a la zafra anterior, pero con preocupaci\u00f3n con los altos costos con los cuales se ha sembrado el cereal.\u2026","rel":"","context":"En \u00abActualidad\u00bb","block_context":{"text":"Actualidad","link":"https:\/\/lahoradelcampo.com.uy\/site\/category\/actualidad\/"},"img":{"alt_text":"","src":"https:\/\/i0.wp.com\/lahoradelcampo.com.uy\/site\/wp-content\/uploads\/2022\/08\/Guillermo-Obrien.jpg?fit=880%2C440&ssl=1&resize=350%2C200","width":350,"height":200,"srcset":"https:\/\/i0.wp.com\/lahoradelcampo.com.uy\/site\/wp-content\/uploads\/2022\/08\/Guillermo-Obrien.jpg?fit=880%2C440&ssl=1&resize=350%2C200 1x, https:\/\/i0.wp.com\/lahoradelcampo.com.uy\/site\/wp-content\/uploads\/2022\/08\/Guillermo-Obrien.jpg?fit=880%2C440&ssl=1&resize=525%2C300 1.5x, https:\/\/i0.wp.com\/lahoradelcampo.com.uy\/site\/wp-content\/uploads\/2022\/08\/Guillermo-Obrien.jpg?fit=880%2C440&ssl=1&resize=700%2C400 2x"},"classes":[]}],"jetpack_likes_enabled":true,"_links":{"self":[{"href":"https:\/\/lahoradelcampo.com.uy\/site\/wp-json\/wp\/v2\/posts\/37279","targetHints":{"allow":["GET"]}}],"collection":[{"href":"https:\/\/lahoradelcampo.com.uy\/site\/wp-json\/wp\/v2\/posts"}],"about":[{"href":"https:\/\/lahoradelcampo.com.uy\/site\/wp-json\/wp\/v2\/types\/post"}],"author":[{"embeddable":true,"href":"https:\/\/lahoradelcampo.com.uy\/site\/wp-json\/wp\/v2\/users\/5"}],"replies":[{"embeddable":true,"href":"https:\/\/lahoradelcampo.com.uy\/site\/wp-json\/wp\/v2\/comments?post=37279"}],"version-history":[{"count":2,"href":"https:\/\/lahoradelcampo.com.uy\/site\/wp-json\/wp\/v2\/posts\/37279\/revisions"}],"predecessor-version":[{"id":37283,"href":"https:\/\/lahoradelcampo.com.uy\/site\/wp-json\/wp\/v2\/posts\/37279\/revisions\/37283"}],"wp:featuredmedia":[{"embeddable":true,"href":"https:\/\/lahoradelcampo.com.uy\/site\/wp-json\/wp\/v2\/media\/10811"}],"wp:attachment":[{"href":"https:\/\/lahoradelcampo.com.uy\/site\/wp-json\/wp\/v2\/media?parent=37279"}],"wp:term":[{"taxonomy":"category","embeddable":true,"href":"https:\/\/lahoradelcampo.com.uy\/site\/wp-json\/wp\/v2\/categories?post=37279"},{"taxonomy":"post_tag","embeddable":true,"href":"https:\/\/lahoradelcampo.com.uy\/site\/wp-json\/wp\/v2\/tags?post=37279"}],"curies":[{"name":"wp","href":"https:\/\/api.w.org\/{rel}","templated":true}]}}