{"id":37275,"date":"2021-12-07T07:00:20","date_gmt":"2021-12-07T10:00:20","guid":{"rendered":"http:\/\/lahoradelcampo.com.uy\/site\/?p=37275"},"modified":"2021-12-07T07:00:30","modified_gmt":"2021-12-07T10:00:30","slug":"uruguay-tendra-un-carry-over-de-un-25-de-la-ultima-zafra-de-arroz","status":"publish","type":"post","link":"https:\/\/lahoradelcampo.com.uy\/site\/uruguay-tendra-un-carry-over-de-un-25-de-la-ultima-zafra-de-arroz\/","title":{"rendered":"Uruguay tendr\u00e1 un carry over de un 25% de la \u00faltima zafra de arroz"},"content":{"rendered":"\n<figure class=\"wp-block-image\"><img data-recalc-dims=\"1\" loading=\"lazy\" decoding=\"async\" width=\"810\" height=\"405\" data-attachment-id=\"30166\" data-permalink=\"https:\/\/lahoradelcampo.com.uy\/site\/arroceros-superaron-los-9-600-kilos-por-hectarea-de-promedio-en-el-norte\/guillermoobrien-2\/\" data-orig-file=\"https:\/\/i0.wp.com\/lahoradelcampo.com.uy\/site\/wp-content\/uploads\/2021\/05\/Guillermoobrien.jpg?fit=880%2C440&amp;ssl=1\" data-orig-size=\"880,440\" data-comments-opened=\"1\" data-image-meta=\"{&quot;aperture&quot;:&quot;0&quot;,&quot;credit&quot;:&quot;&quot;,&quot;camera&quot;:&quot;&quot;,&quot;caption&quot;:&quot;&quot;,&quot;created_timestamp&quot;:&quot;0&quot;,&quot;copyright&quot;:&quot;&quot;,&quot;focal_length&quot;:&quot;0&quot;,&quot;iso&quot;:&quot;0&quot;,&quot;shutter_speed&quot;:&quot;0&quot;,&quot;title&quot;:&quot;&quot;,&quot;orientation&quot;:&quot;1&quot;}\" data-image-title=\"Guillermoobrien\" data-image-description=\"\" data-image-caption=\"\" data-large-file=\"https:\/\/i0.wp.com\/lahoradelcampo.com.uy\/site\/wp-content\/uploads\/2021\/05\/Guillermoobrien.jpg?fit=810%2C405&amp;ssl=1\" src=\"https:\/\/i0.wp.com\/lahoradelcampo.com.uy\/site\/wp-content\/uploads\/2021\/05\/Guillermoobrien.jpg?resize=810%2C405\" alt=\"\" class=\"wp-image-30166\" srcset=\"https:\/\/i0.wp.com\/lahoradelcampo.com.uy\/site\/wp-content\/uploads\/2021\/05\/Guillermoobrien.jpg?w=880&amp;ssl=1 880w, https:\/\/i0.wp.com\/lahoradelcampo.com.uy\/site\/wp-content\/uploads\/2021\/05\/Guillermoobrien.jpg?resize=300%2C150&amp;ssl=1 300w, https:\/\/i0.wp.com\/lahoradelcampo.com.uy\/site\/wp-content\/uploads\/2021\/05\/Guillermoobrien.jpg?resize=768%2C384&amp;ssl=1 768w, https:\/\/i0.wp.com\/lahoradelcampo.com.uy\/site\/wp-content\/uploads\/2021\/05\/Guillermoobrien.jpg?resize=820%2C410&amp;ssl=1 820w\" sizes=\"auto, (max-width: 810px) 100vw, 810px\" \/><\/figure>\n\n\n\n<p>Luego de varios a\u00f1os de preocupaci\u00f3n, con n\u00fameros muy ajustados y un importante n\u00famero de productores que fueron quedando por el camino, el sector arrocero obtuvo una zafra 2020-2021 m\u00e1s que importante en rendimientos y que comenz\u00f3 con importantes vol\u00famenes colocados en el exterior y valores al alza, sin embargo las problem\u00e1ticas log\u00edsticas gener\u00f3 un enlentecimiento en las exportaciones y por ende quedar\u00e1 un remanente importante para sumarse a la comercializaci\u00f3n de la zafra en curso. <br><\/p>\n\n\n\n<p>Guillermo O&#8217;brien, productor arrocero e integrante de la Asociaci\u00f3n de Cultivadores de Arroz del Uruguay, dijo que se lleva comercializado el 72% de la zafra arrocera pasada. En este sentido record\u00f3 que existe una clausula fijada en el 75% de comercializaci\u00f3n para realizar un ajuste en el valor de referencia que fue fijado en US$ 12,30 por bolsa de 50 kilos de arroz c\u00e1scara. <br><\/p>\n\n\n\n<p>Seg\u00fan explic\u00f3, lo comercializado hasta el momento permite una expectativa de una mejora de 15 o 20 centavos sobre el valor acordado previamente. <br><\/p>\n\n\n\n<p>O&#8217;brien se\u00f1al\u00f3 que la comercializaci\u00f3n se desarrolla de forma muy lenta, debido a los problemas log\u00edsticos a nivel mar\u00edtimo. El incremento en los valores de los fletes en containers, ha llevado que en los \u00faltimos cuatro meses las ventas sean muy lentas, pero manteniendo los valores que se ven\u00edan registrando.  Indic\u00f3 que \u00abcon el diario del lunes\u00bb la decisi\u00f3n de la industria de ralentizar la comercializaci\u00f3n ha sido una \u00abbuena pol\u00edtica\u00bb tendiendo en cuenta el sostenimiento de los precios. <br><\/p>\n\n\n\n<p>Esta situaci\u00f3n trae aparejado que los vol\u00famenes comercializados a esta altura de la zafra sean inferiores a a\u00f1os anteriores, por lo que genera preocupaci\u00f3n ante un posible 20% o 25% del volumen disponible de arroz sin comercializar, \u00abeso es un carry over importante\u00bb dijo O&#8217;brien. <br><\/p>\n\n\n\n<p>El arrocero explic\u00f3 que con una siembra de 20.000 hect\u00e1reas m\u00e1s sobre la zafra pasada y con un 25% de arroz aun sin comercializar, \u00aby en un pa\u00eds que exporta el 95% son m\u00e1s vol\u00famenes a colocar\u00bb. A pesar de ello indic\u00f3 que la demanda no ha disminuido, lo que ha ca\u00eddo son las ventas debido a los problemas mencionados. <\/p>\n\n\n\n<p>Salto, 7 de diciembre de 2021<\/p>\n","protected":false},"excerpt":{"rendered":"<p>Luego de varios a\u00f1os de preocupaci\u00f3n, con n\u00fameros muy ajustados y un importante n\u00famero de productores que fueron quedando por el camino, el sector arrocero obtuvo una zafra 2020-2021 m\u00e1s [&hellip;]<\/p>\n","protected":false},"author":5,"featured_media":30166,"comment_status":"open","ping_status":"open","sticky":false,"template":"","format":"standard","meta":{"_price":"","_stock":"","_tribe_ticket_header":"","_tribe_default_ticket_provider":"","_tribe_ticket_capacity":"0","_ticket_start_date":"","_ticket_end_date":"","_tribe_ticket_show_description":"","_tribe_ticket_show_not_going":false,"_tribe_ticket_use_global_stock":"","_tribe_ticket_global_stock_level":"","_global_stock_mode":"","_global_stock_cap":"","_tribe_rsvp_for_event":"","_tribe_ticket_going_count":"","_tribe_ticket_not_going_count":"","_tribe_tickets_list":"[]","_tribe_ticket_has_attendee_info_fields":false,"h5ap_radio_sources":[],"_jetpack_newsletter_access":"","_jetpack_dont_email_post_to_subs":false,"_jetpack_newsletter_tier_id":0,"_jetpack_memberships_contains_paywalled_content":false,"_jetpack_memberships_contains_paid_content":false,"footnotes":""},"categories":[21,7],"tags":[],"class_list":["post-37275","post","type-post","status-publish","format-standard","has-post-thumbnail","hentry","category-actualidad","category-agricultura"],"jetpack_featured_media_url":"https:\/\/i0.wp.com\/lahoradelcampo.com.uy\/site\/wp-content\/uploads\/2021\/05\/Guillermoobrien.jpg?fit=880%2C440&ssl=1","jetpack_sharing_enabled":true,"jetpack_shortlink":"https:\/\/wp.me\/p99IaT-9Hd","jetpack-related-posts":[{"id":30164,"url":"https:\/\/lahoradelcampo.com.uy\/site\/arroceros-superaron-los-9-600-kilos-por-hectarea-de-promedio-en-el-norte\/","url_meta":{"origin":37275,"position":0},"title":"Arroceros superaron los 9.600 kilos por hect\u00e1rea de promedio en el norte","author":"La Hora del Campo","date":"17 mayo, 2021","format":false,"excerpt":"La Asociaci\u00f3n de Cultivadores de Arroz del Uruguay (ACA) inform\u00f3 que la cosecha de arroz alcanz\u00f3 el 99% al 10 de mayo, sobre un total de 143.247 hect\u00e1reas sembradas con el cereal. En el norte del pa\u00eds (Salto y Artigas) se sembr\u00f3 32.947 hect\u00e1reas, que responden por el 23% del\u2026","rel":"","context":"En \u00abActualidad\u00bb","block_context":{"text":"Actualidad","link":"https:\/\/lahoradelcampo.com.uy\/site\/category\/actualidad\/"},"img":{"alt_text":"","src":"https:\/\/i0.wp.com\/lahoradelcampo.com.uy\/site\/wp-content\/uploads\/2021\/05\/Guillermoobrien.jpg?fit=880%2C440&ssl=1&resize=350%2C200","width":350,"height":200,"srcset":"https:\/\/i0.wp.com\/lahoradelcampo.com.uy\/site\/wp-content\/uploads\/2021\/05\/Guillermoobrien.jpg?fit=880%2C440&ssl=1&resize=350%2C200 1x, https:\/\/i0.wp.com\/lahoradelcampo.com.uy\/site\/wp-content\/uploads\/2021\/05\/Guillermoobrien.jpg?fit=880%2C440&ssl=1&resize=525%2C300 1.5x, https:\/\/i0.wp.com\/lahoradelcampo.com.uy\/site\/wp-content\/uploads\/2021\/05\/Guillermoobrien.jpg?fit=880%2C440&ssl=1&resize=700%2C400 2x"},"classes":[]},{"id":50919,"url":"https:\/\/lahoradelcampo.com.uy\/site\/diea-informo-un-promedio-de-9-336-kilos-por-hectarea-parala-zafra-arrocera-2022-23\/","url_meta":{"origin":37275,"position":1},"title":"DIEA inform\u00f3 un promedio de 9.336 kilos por hect\u00e1rea parala zafra arrocera 2022\/23","author":"La Hora del Campo","date":"31 mayo, 2023","format":false,"excerpt":"El Ministerio de Ganader\u00eda, Agricultura y Pesca, a trav\u00e9s de Estad\u00edsticas Agropecuarias (DIEA), ha dado a conocer los resultados de la Encuesta de Arroz correspondiente a la zafra 2022\/23, realizada en mayo de 2023. El objetivo principal fue obtener estimaciones de \u00e1rea sembrada y producci\u00f3n a nivel nacional para las\u2026","rel":"","context":"En \u00abActualidad\u00bb","block_context":{"text":"Actualidad","link":"https:\/\/lahoradelcampo.com.uy\/site\/category\/actualidad\/"},"img":{"alt_text":"","src":"https:\/\/i0.wp.com\/lahoradelcampo.com.uy\/site\/wp-content\/uploads\/2023\/05\/DIEA-ARROZ.jpg?fit=880%2C440&ssl=1&resize=350%2C200","width":350,"height":200,"srcset":"https:\/\/i0.wp.com\/lahoradelcampo.com.uy\/site\/wp-content\/uploads\/2023\/05\/DIEA-ARROZ.jpg?fit=880%2C440&ssl=1&resize=350%2C200 1x, https:\/\/i0.wp.com\/lahoradelcampo.com.uy\/site\/wp-content\/uploads\/2023\/05\/DIEA-ARROZ.jpg?fit=880%2C440&ssl=1&resize=525%2C300 1.5x, https:\/\/i0.wp.com\/lahoradelcampo.com.uy\/site\/wp-content\/uploads\/2023\/05\/DIEA-ARROZ.jpg?fit=880%2C440&ssl=1&resize=700%2C400 2x"},"classes":[]},{"id":5127,"url":"https:\/\/lahoradelcampo.com.uy\/site\/costos-en-suba-y-el-clima-son-factores-determinantes-para-la-zafra-arrocera\/","url_meta":{"origin":37275,"position":2},"title":"Costos en suba y el clima son factores determinantes para la zafra arrocera","author":"La Hora del Campo","date":"25 diciembre, 2017","format":false,"excerpt":"La situaci\u00f3n de siembra del cultivo no fue la mejor este a\u00f1o, partiendo de un 30% del \u00e1rea sembrada en la primera quincena del mes de octubre, en tanto un poco m\u00e1s del 50% fue plantado entre el 15 de octubre y el 10 de noviembre y el \u00e1rea restante\u2026","rel":"","context":"En \u00abActualidad\u00bb","block_context":{"text":"Actualidad","link":"https:\/\/lahoradelcampo.com.uy\/site\/category\/actualidad\/"},"img":{"alt_text":"","src":"https:\/\/i0.wp.com\/lahoradelcampo.com.uy\/site\/wp-content\/uploads\/2017\/12\/Arroceros.jpg?fit=880%2C440&ssl=1&resize=350%2C200","width":350,"height":200,"srcset":"https:\/\/i0.wp.com\/lahoradelcampo.com.uy\/site\/wp-content\/uploads\/2017\/12\/Arroceros.jpg?fit=880%2C440&ssl=1&resize=350%2C200 1x, https:\/\/i0.wp.com\/lahoradelcampo.com.uy\/site\/wp-content\/uploads\/2017\/12\/Arroceros.jpg?fit=880%2C440&ssl=1&resize=525%2C300 1.5x, https:\/\/i0.wp.com\/lahoradelcampo.com.uy\/site\/wp-content\/uploads\/2017\/12\/Arroceros.jpg?fit=880%2C440&ssl=1&resize=700%2C400 2x"},"classes":[]},{"id":55457,"url":"https:\/\/lahoradelcampo.com.uy\/site\/el-arroz-viene-bien-pero-falta-vender-el-10-del-cereal-de-la-zafra-pasada\/","url_meta":{"origin":37275,"position":3},"title":"El arroz viene bien, pero falta vender el 10% del cereal de la zafra pasada","author":"La Hora del Campo","date":"10 enero, 2025","format":false,"excerpt":"El sector arrocero increment\u00f3 su \u00e1rea de siembra para la presente zafra, pasando de las 150 mil de 2023-2024, para las 183 mil que se alcanzaron este a\u00f1o, debido principalmente a la mejora en la capacidad de riego, teniendo en cuenta que los eventos de \"La ni\u00f1a\", en los \u00faltimos\u2026","rel":"","context":"En \u00abActualidad\u00bb","block_context":{"text":"Actualidad","link":"https:\/\/lahoradelcampo.com.uy\/site\/category\/actualidad\/"},"img":{"alt_text":"","src":"https:\/\/i0.wp.com\/lahoradelcampo.com.uy\/site\/wp-content\/uploads\/2025\/01\/Guillermo-Obrien1.jpg?fit=880%2C440&ssl=1&resize=350%2C200","width":350,"height":200,"srcset":"https:\/\/i0.wp.com\/lahoradelcampo.com.uy\/site\/wp-content\/uploads\/2025\/01\/Guillermo-Obrien1.jpg?fit=880%2C440&ssl=1&resize=350%2C200 1x, https:\/\/i0.wp.com\/lahoradelcampo.com.uy\/site\/wp-content\/uploads\/2025\/01\/Guillermo-Obrien1.jpg?fit=880%2C440&ssl=1&resize=525%2C300 1.5x, https:\/\/i0.wp.com\/lahoradelcampo.com.uy\/site\/wp-content\/uploads\/2025\/01\/Guillermo-Obrien1.jpg?fit=880%2C440&ssl=1&resize=700%2C400 2x"},"classes":[]},{"id":40885,"url":"https:\/\/lahoradelcampo.com.uy\/site\/avanza-la-cosecha-de-arroz-y-continua-el-dialogo-por-el-precio-del-cereal-en-uruguay\/","url_meta":{"origin":37275,"position":4},"title":"Avanza la cosecha de arroz y contin\u00faa el di\u00e1logo por el precio del cereal en Uruguay","author":"La Hora del Campo","date":"19 abril, 2022","format":false,"excerpt":"La cosecha del arroz viene a avanzando r\u00e1pidamente, dado que las condiciones clim\u00e1ticas as\u00ed lo permiten en gran parte del pa\u00eds, con el norte y el este por encima de los porcentajes de \u00e1rea cosechados en este mismo per\u00edodo del a\u00f1o pasado. Seg\u00fan datos de la ACA, hasta el momento\u2026","rel":"","context":"En \u00abActualidad\u00bb","block_context":{"text":"Actualidad","link":"https:\/\/lahoradelcampo.com.uy\/site\/category\/actualidad\/"},"img":{"alt_text":"","src":"https:\/\/i0.wp.com\/lahoradelcampo.com.uy\/site\/wp-content\/uploads\/2021\/06\/arroz-merin.jpg?fit=880%2C440&ssl=1&resize=350%2C200","width":350,"height":200,"srcset":"https:\/\/i0.wp.com\/lahoradelcampo.com.uy\/site\/wp-content\/uploads\/2021\/06\/arroz-merin.jpg?fit=880%2C440&ssl=1&resize=350%2C200 1x, https:\/\/i0.wp.com\/lahoradelcampo.com.uy\/site\/wp-content\/uploads\/2021\/06\/arroz-merin.jpg?fit=880%2C440&ssl=1&resize=525%2C300 1.5x, https:\/\/i0.wp.com\/lahoradelcampo.com.uy\/site\/wp-content\/uploads\/2021\/06\/arroz-merin.jpg?fit=880%2C440&ssl=1&resize=700%2C400 2x"},"classes":[]},{"id":56359,"url":"https:\/\/lahoradelcampo.com.uy\/site\/exportacion-de-arroz-cascara-supera-el-45-en-esta-zafra\/","url_meta":{"origin":37275,"position":5},"title":"Exportaci\u00f3n de arroz c\u00e1scara supera el 45% en esta zafra","author":"La Hora del Campo","date":"23 julio, 2025","format":false,"excerpt":"El mercado internacional del arroz atraviesa un escenario complejo, por lo que la exportaci\u00f3n de arroz c\u00e1scara ha ganado terreno como una v\u00eda de escape frente a la baja de precios, el aumento de los costos internos y las dificultades de comercializaci\u00f3n. Frente a este escenario, los anuncios del Ministro\u2026","rel":"","context":"En \u00abActualidad\u00bb","block_context":{"text":"Actualidad","link":"https:\/\/lahoradelcampo.com.uy\/site\/category\/actualidad\/"},"img":{"alt_text":"","src":"https:\/\/i0.wp.com\/lahoradelcampo.com.uy\/site\/wp-content\/uploads\/2024\/07\/GuillermoObrien2.jpg?fit=880%2C440&ssl=1&resize=350%2C200","width":350,"height":200,"srcset":"https:\/\/i0.wp.com\/lahoradelcampo.com.uy\/site\/wp-content\/uploads\/2024\/07\/GuillermoObrien2.jpg?fit=880%2C440&ssl=1&resize=350%2C200 1x, https:\/\/i0.wp.com\/lahoradelcampo.com.uy\/site\/wp-content\/uploads\/2024\/07\/GuillermoObrien2.jpg?fit=880%2C440&ssl=1&resize=525%2C300 1.5x, https:\/\/i0.wp.com\/lahoradelcampo.com.uy\/site\/wp-content\/uploads\/2024\/07\/GuillermoObrien2.jpg?fit=880%2C440&ssl=1&resize=700%2C400 2x"},"classes":[]}],"jetpack_likes_enabled":true,"_links":{"self":[{"href":"https:\/\/lahoradelcampo.com.uy\/site\/wp-json\/wp\/v2\/posts\/37275","targetHints":{"allow":["GET"]}}],"collection":[{"href":"https:\/\/lahoradelcampo.com.uy\/site\/wp-json\/wp\/v2\/posts"}],"about":[{"href":"https:\/\/lahoradelcampo.com.uy\/site\/wp-json\/wp\/v2\/types\/post"}],"author":[{"embeddable":true,"href":"https:\/\/lahoradelcampo.com.uy\/site\/wp-json\/wp\/v2\/users\/5"}],"replies":[{"embeddable":true,"href":"https:\/\/lahoradelcampo.com.uy\/site\/wp-json\/wp\/v2\/comments?post=37275"}],"version-history":[{"count":2,"href":"https:\/\/lahoradelcampo.com.uy\/site\/wp-json\/wp\/v2\/posts\/37275\/revisions"}],"predecessor-version":[{"id":37311,"href":"https:\/\/lahoradelcampo.com.uy\/site\/wp-json\/wp\/v2\/posts\/37275\/revisions\/37311"}],"wp:featuredmedia":[{"embeddable":true,"href":"https:\/\/lahoradelcampo.com.uy\/site\/wp-json\/wp\/v2\/media\/30166"}],"wp:attachment":[{"href":"https:\/\/lahoradelcampo.com.uy\/site\/wp-json\/wp\/v2\/media?parent=37275"}],"wp:term":[{"taxonomy":"category","embeddable":true,"href":"https:\/\/lahoradelcampo.com.uy\/site\/wp-json\/wp\/v2\/categories?post=37275"},{"taxonomy":"post_tag","embeddable":true,"href":"https:\/\/lahoradelcampo.com.uy\/site\/wp-json\/wp\/v2\/tags?post=37275"}],"curies":[{"name":"wp","href":"https:\/\/api.w.org\/{rel}","templated":true}]}}