{"id":37269,"date":"2021-12-07T06:56:55","date_gmt":"2021-12-07T09:56:55","guid":{"rendered":"http:\/\/lahoradelcampo.com.uy\/site\/?p=37269"},"modified":"2021-12-07T06:57:00","modified_gmt":"2021-12-07T09:57:00","slug":"valor-de-la-hectarea-arrendada-subio-un-15-a-nivel-nacional","status":"publish","type":"post","link":"https:\/\/lahoradelcampo.com.uy\/site\/valor-de-la-hectarea-arrendada-subio-un-15-a-nivel-nacional\/","title":{"rendered":"Valor de la hect\u00e1rea arrendada subi\u00f3 un 15% a nivel nacional"},"content":{"rendered":"\n<figure class=\"wp-block-image\"><img data-recalc-dims=\"1\" loading=\"lazy\" decoding=\"async\" width=\"810\" height=\"405\" data-attachment-id=\"37271\" data-permalink=\"https:\/\/lahoradelcampo.com.uy\/site\/valor-de-la-hectarea-arrendada-subio-un-15-a-nivel-nacional\/tierras-arrendamientos\/\" data-orig-file=\"https:\/\/i0.wp.com\/lahoradelcampo.com.uy\/site\/wp-content\/uploads\/2021\/12\/Tierras-Arrendamientos.jpg?fit=880%2C440&amp;ssl=1\" data-orig-size=\"880,440\" data-comments-opened=\"1\" data-image-meta=\"{&quot;aperture&quot;:&quot;0&quot;,&quot;credit&quot;:&quot;&quot;,&quot;camera&quot;:&quot;&quot;,&quot;caption&quot;:&quot;&quot;,&quot;created_timestamp&quot;:&quot;0&quot;,&quot;copyright&quot;:&quot;&quot;,&quot;focal_length&quot;:&quot;0&quot;,&quot;iso&quot;:&quot;0&quot;,&quot;shutter_speed&quot;:&quot;0&quot;,&quot;title&quot;:&quot;&quot;,&quot;orientation&quot;:&quot;1&quot;}\" data-image-title=\"Tierras-Arrendamientos\" data-image-description=\"\" data-image-caption=\"\" data-large-file=\"https:\/\/i0.wp.com\/lahoradelcampo.com.uy\/site\/wp-content\/uploads\/2021\/12\/Tierras-Arrendamientos.jpg?fit=810%2C405&amp;ssl=1\" src=\"https:\/\/i0.wp.com\/lahoradelcampo.com.uy\/site\/wp-content\/uploads\/2021\/12\/Tierras-Arrendamientos.jpg?resize=810%2C405\" alt=\"\" class=\"wp-image-37271\" srcset=\"https:\/\/i0.wp.com\/lahoradelcampo.com.uy\/site\/wp-content\/uploads\/2021\/12\/Tierras-Arrendamientos.jpg?w=880&amp;ssl=1 880w, https:\/\/i0.wp.com\/lahoradelcampo.com.uy\/site\/wp-content\/uploads\/2021\/12\/Tierras-Arrendamientos.jpg?resize=300%2C150&amp;ssl=1 300w, https:\/\/i0.wp.com\/lahoradelcampo.com.uy\/site\/wp-content\/uploads\/2021\/12\/Tierras-Arrendamientos.jpg?resize=768%2C384&amp;ssl=1 768w, https:\/\/i0.wp.com\/lahoradelcampo.com.uy\/site\/wp-content\/uploads\/2021\/12\/Tierras-Arrendamientos.jpg?resize=820%2C410&amp;ssl=1 820w\" sizes=\"auto, (max-width: 810px) 100vw, 810px\" \/><\/figure>\n\n\n\n<p>La Direcci\u00f3n de Informaci\u00f3n y Estad\u00edsticas (DIEA) del Ministerio de Ganader\u00eda, Agricultura y Pesca, present\u00f3 el an\u00e1lisis de los negocios de arrendamientos de tierras a nivel pa\u00eds, durante el primer semestre de este a\u00f1o. Recordemos que este trabajo se basa en las transacciones realizadas entre enero y junio de este a\u00f1o, con un \u00e1rea de 10 o m\u00e1s hect\u00e1reas. <br><\/p>\n\n\n\n<p>De acuerdo a la publicaci\u00f3n oficial, se realizaron en el primer semestre del a\u00f1o 1.206 operaciones de arrendamientos en el pa\u00eds, con una superficie de 436 mil hect\u00e1reas. El monto generado es de 48 millones de d\u00f3lares, con un valor promedio de US$ 112 por hect\u00e1rea por a\u00f1o. Este valor muestra un crecimiento del 15% respecto a lo registrado en el primer semestre de 2020. <br><\/p>\n\n\n\n<p>El segundo trimestre (abril &#8211; junio) fue el que concentro el mayor n\u00famero de operaciones, superficie arrendada, y monto total operado; con un precio promedio trimestral de US$ 116 por hect\u00e1rea por a\u00f1o. <br><\/p>\n\n\n\n<p>Destino productivo<br><\/p>\n\n\n\n<p>El 90% del \u00e1rea negociada se destino a sistemas productivos de ganader\u00eda, agr\u00edcolas-ganaderos y agricultura de secano sumando algo m\u00e1s de 391 mil hect\u00e1reas. Para la ganader\u00eda las rentas fueron de US$ 67 en promedio, mientras que los campos agr\u00edcolas-ganaderos cotizaron a US$ 146 y los agr\u00edcolas a US$ 332. <br><\/p>\n\n\n\n<p>Las operaciones agr\u00edcolas apreciaron sus contratos en un 61% pasando de 200 a 322 d\u00f3lares por hect\u00e1rea, por a\u00f1o, en tanto las operaciones agr\u00edcola-ganaderas y agr\u00edcola-lecheras aumentaron su valor un 24% y un 12% respectivamente. <br><\/p>\n\n\n\n<p>No todos los destinos productivos aumentaron sus rentas. La ganader\u00eda y la lecher\u00eda mantuvieron sus valores con una leve correcci\u00f3n a la baja en el orden de 3% y 2%.<br><\/p>\n\n\n\n<p>Departamentos<br><\/p>\n\n\n\n<p>Los departamentos con m\u00e1s superficie arrendada fueron, por su orden, Paysand\u00fa, Artigas y Soriano con una presencia importante de operaciones enfocadas a la ganader\u00eda para los dos primeros, ocupando el 76% del \u00e1rea. Mientras que para Soriano el 50% de la superficie fue  destinada a la agricultura de secano. <br><\/p>\n\n\n\n<p>Soriano, Colonia y Canelones, departamentos con importante presencia de producci\u00f3n agr\u00edcola, registran los precios medios de renta m\u00e1s altos: US$ 259, US$ 194 y US$ 189 por hect\u00e1rea, por a\u00f1o. Para los departamnentos de Paysand\u00fa y Artigas, las rentas promedio se ubicaron en US$ 92 y US$ 78 respectivamente. <br><\/p>\n\n\n\n<p>Salto<br><\/p>\n\n\n\n<p>Particularmente en el departamento de Salto se han concretado 53 contratos de arrendamiento, por un \u00e1rea de 27,4 mil hect\u00e1reas, generando negocios por 2 millones de d\u00f3lares. El valor promedio por hect\u00e1rea se ubic\u00f3 en US$ 73 lo que marca un aumento de 3 d\u00f3lares respecto al primer semestre de 2020. <br><\/p>\n\n\n\n<p>Los contratos de tierras destinadas a la agricultura de secano registraron un incremento del 28,4% en el valor promedio del primer semestre, tras cotizar a US$ 122 por hect\u00e1rea, por a\u00f1o. Siendo este el \u00fanico destino productivo que mejor\u00f3 su cotizaci\u00f3n frente al primer semestre de 2020. <br><\/p>\n\n\n\n<p>En el caso de los campos agr\u00edcolas-ganaderos, el promedio por hect\u00e1rea fue de US$ 114, una ca\u00edda del 7,3%. Los campos netamente ganaderos cotizaron a US$ 67 por hect\u00e1rea, con una ca\u00edda de 1,5% y los campos destinados a la producci\u00f3n arrocera pasaron de US$ 125 en 2020 a US$ 123 en 2021.<\/p>\n\n\n\n<p>Salto, 7 de diciembre de 2021<\/p>\n","protected":false},"excerpt":{"rendered":"<p>La Direcci\u00f3n de Informaci\u00f3n y Estad\u00edsticas (DIEA) del Ministerio de Ganader\u00eda, Agricultura y Pesca, present\u00f3 el an\u00e1lisis de los negocios de arrendamientos de tierras a nivel pa\u00eds, durante el primer [&hellip;]<\/p>\n","protected":false},"author":5,"featured_media":37271,"comment_status":"open","ping_status":"open","sticky":false,"template":"","format":"standard","meta":{"_price":"","_stock":"","_tribe_ticket_header":"","_tribe_default_ticket_provider":"","_tribe_ticket_capacity":"0","_ticket_start_date":"","_ticket_end_date":"","_tribe_ticket_show_description":"","_tribe_ticket_show_not_going":false,"_tribe_ticket_use_global_stock":"","_tribe_ticket_global_stock_level":"","_global_stock_mode":"","_global_stock_cap":"","_tribe_rsvp_for_event":"","_tribe_ticket_going_count":"","_tribe_ticket_not_going_count":"","_tribe_tickets_list":"[]","_tribe_ticket_has_attendee_info_fields":false,"h5ap_radio_sources":[],"_jetpack_newsletter_access":"","_jetpack_dont_email_post_to_subs":false,"_jetpack_newsletter_tier_id":0,"_jetpack_memberships_contains_paywalled_content":false,"_jetpack_memberships_contains_paid_content":false,"footnotes":""},"categories":[21,5],"tags":[],"class_list":["post-37269","post","type-post","status-publish","format-standard","has-post-thumbnail","hentry","category-actualidad","category-ganaderia"],"jetpack_featured_media_url":"https:\/\/i0.wp.com\/lahoradelcampo.com.uy\/site\/wp-content\/uploads\/2021\/12\/Tierras-Arrendamientos.jpg?fit=880%2C440&ssl=1","jetpack_sharing_enabled":true,"jetpack_shortlink":"https:\/\/wp.me\/p99IaT-9H7","jetpack-related-posts":[{"id":15636,"url":"https:\/\/lahoradelcampo.com.uy\/site\/las-rentas-agricolas-cayeron-un-21-en-el-primer-semestre\/","url_meta":{"origin":37269,"position":0},"title":"Las rentas agr\u00edcolas cayeron  un 21% en el primer semestre","author":"La Hora del Campo","date":"6 noviembre, 2019","format":false,"excerpt":"Durante el primer semestre del a\u00f1o 2019 los contratos de arrendamientos de \u00e1reas agr\u00edcolas de secano registrados muestran un descenso de 21% en el valor promedio respecto a igual per\u00edodo de 2018, en tanto que los negocios de \u00e1reas agr\u00edcolas ganaderas mejoro un 1%. En el contexto general el valor\u2026","rel":"","context":"En \u00abActualidad\u00bb","block_context":{"text":"Actualidad","link":"https:\/\/lahoradelcampo.com.uy\/site\/category\/actualidad\/"},"img":{"alt_text":"","src":"https:\/\/i0.wp.com\/lahoradelcampo.com.uy\/site\/wp-content\/uploads\/2017\/10\/Arrendamientos.jpg?fit=880%2C440&ssl=1&resize=350%2C200","width":350,"height":200,"srcset":"https:\/\/i0.wp.com\/lahoradelcampo.com.uy\/site\/wp-content\/uploads\/2017\/10\/Arrendamientos.jpg?fit=880%2C440&ssl=1&resize=350%2C200 1x, https:\/\/i0.wp.com\/lahoradelcampo.com.uy\/site\/wp-content\/uploads\/2017\/10\/Arrendamientos.jpg?fit=880%2C440&ssl=1&resize=525%2C300 1.5x, https:\/\/i0.wp.com\/lahoradelcampo.com.uy\/site\/wp-content\/uploads\/2017\/10\/Arrendamientos.jpg?fit=880%2C440&ssl=1&resize=700%2C400 2x"},"classes":[]},{"id":56670,"url":"https:\/\/lahoradelcampo.com.uy\/site\/arrendamientos-mas-contratos-mas-areapero-menor-valor-promedio-en-2024\/","url_meta":{"origin":37269,"position":1},"title":"Arrendamientos: M\u00e1s contratos, m\u00e1s \u00e1rea,pero menor valor promedio en 2024","author":"La Hora del Campo","date":"1 septiembre, 2025","format":false,"excerpt":"El Ministerio de Ganader\u00eda, Agricultura y Pesca (MGAP) dio a conocer el an\u00e1lisis del mercado de arrendamientos de tierras agropecuarias durante el a\u00f1o 2024, donde se observa un incremento del 18% en el volumen de hect\u00e1reas involucradas en los negocios respecto a 2023, en tanto que el valor promedio descendi\u00f3\u2026","rel":"","context":"En \u00abActualidad\u00bb","block_context":{"text":"Actualidad","link":"https:\/\/lahoradelcampo.com.uy\/site\/category\/actualidad\/"},"img":{"alt_text":"","src":"https:\/\/i0.wp.com\/lahoradelcampo.com.uy\/site\/wp-content\/uploads\/2025\/09\/arrendamietnos.jpg?fit=880%2C440&ssl=1&resize=350%2C200","width":350,"height":200,"srcset":"https:\/\/i0.wp.com\/lahoradelcampo.com.uy\/site\/wp-content\/uploads\/2025\/09\/arrendamietnos.jpg?fit=880%2C440&ssl=1&resize=350%2C200 1x, https:\/\/i0.wp.com\/lahoradelcampo.com.uy\/site\/wp-content\/uploads\/2025\/09\/arrendamietnos.jpg?fit=880%2C440&ssl=1&resize=525%2C300 1.5x, https:\/\/i0.wp.com\/lahoradelcampo.com.uy\/site\/wp-content\/uploads\/2025\/09\/arrendamietnos.jpg?fit=880%2C440&ssl=1&resize=700%2C400 2x"},"classes":[]},{"id":53560,"url":"https:\/\/lahoradelcampo.com.uy\/site\/los-arrendamientos-se-mantuvieron-estables-en-el-primer-semestre-de-2023\/","url_meta":{"origin":37269,"position":2},"title":"Los arrendamientos se mantuvieron estables en el primer semestre de 2023","author":"La Hora del Campo","date":"6 marzo, 2024","format":false,"excerpt":"El Ministerio de Ganader\u00eda, Agricultura y Pesca, a trav\u00e9s de la Oficina de Estad\u00edsticas Agropecuarias (DIEA), present\u00f3 el an\u00e1lisis de los arrendamientos de tierras destinadas a uso agropecuario en el primer semestre de 2023, donde se marca una baja en el volumen del \u00e1rea arrendada, pero con un valor estable\u2026","rel":"","context":"En \u00abActualidad\u00bb","block_context":{"text":"Actualidad","link":"https:\/\/lahoradelcampo.com.uy\/site\/category\/actualidad\/"},"img":{"alt_text":"","src":"https:\/\/i0.wp.com\/lahoradelcampo.com.uy\/site\/wp-content\/uploads\/2023\/06\/Ganadoycampo.jpg?fit=880%2C440&ssl=1&resize=350%2C200","width":350,"height":200,"srcset":"https:\/\/i0.wp.com\/lahoradelcampo.com.uy\/site\/wp-content\/uploads\/2023\/06\/Ganadoycampo.jpg?fit=880%2C440&ssl=1&resize=350%2C200 1x, https:\/\/i0.wp.com\/lahoradelcampo.com.uy\/site\/wp-content\/uploads\/2023\/06\/Ganadoycampo.jpg?fit=880%2C440&ssl=1&resize=525%2C300 1.5x, https:\/\/i0.wp.com\/lahoradelcampo.com.uy\/site\/wp-content\/uploads\/2023\/06\/Ganadoycampo.jpg?fit=880%2C440&ssl=1&resize=700%2C400 2x"},"classes":[]},{"id":23258,"url":"https:\/\/lahoradelcampo.com.uy\/site\/en-salto-se-realizaron-79-operaciones-de-arrendamientos-a-us-70\/","url_meta":{"origin":37269,"position":3},"title":"Arrendamientos del primer semestre en Salto promediario US$ 70 la h\u00e1.","author":"La Hora del Campo","date":"5 septiembre, 2020","format":false,"excerpt":"En el primer semestre del a\u00f1o 2020 se realizaron 968 contratos de arrendamientos a nivel de todo el pa\u00eds, seg\u00fan el informe realizado por la Direcci\u00f3n de Informaci\u00f3n y Estad\u00edsticas del Ministerio de Ganader\u00eda, Agricultura y Pesca (DIEA-MGAP). Este volumen de negocio signific\u00f3 un 5% m\u00e1s que los celebrados al\u2026","rel":"","context":"En \u00abActualidad\u00bb","block_context":{"text":"Actualidad","link":"https:\/\/lahoradelcampo.com.uy\/site\/category\/actualidad\/"},"img":{"alt_text":"","src":"https:\/\/i0.wp.com\/lahoradelcampo.com.uy\/site\/wp-content\/uploads\/2020\/04\/campossemiseco.jpg?fit=880%2C440&ssl=1&resize=350%2C200","width":350,"height":200,"srcset":"https:\/\/i0.wp.com\/lahoradelcampo.com.uy\/site\/wp-content\/uploads\/2020\/04\/campossemiseco.jpg?fit=880%2C440&ssl=1&resize=350%2C200 1x, https:\/\/i0.wp.com\/lahoradelcampo.com.uy\/site\/wp-content\/uploads\/2020\/04\/campossemiseco.jpg?fit=880%2C440&ssl=1&resize=525%2C300 1.5x, https:\/\/i0.wp.com\/lahoradelcampo.com.uy\/site\/wp-content\/uploads\/2020\/04\/campossemiseco.jpg?fit=880%2C440&ssl=1&resize=700%2C400 2x"},"classes":[]},{"id":53209,"url":"https:\/\/lahoradelcampo.com.uy\/site\/valor-promedio-de-la-tierra-subio-un-18-en-el-primer-semestre-de-2023\/","url_meta":{"origin":37269,"position":4},"title":"Valor promedio de la tierra, subi\u00f3 un 18% en el primer semestre de 2023","author":"La Hora del Campo","date":"24 noviembre, 2023","format":false,"excerpt":"En un escenario variable, con ajustes de valores en el primer semestre del a\u00f1o, el valor de la tierra en el Uruguay ha tenido un crecimiento interanual del 18%, aun registrando bajas respecto al segundo semestre de 2022. Seg\u00fan el informe de la Direcci\u00f3n de Estad\u00edsticas Agropecuarias (DIEA) del Ministerio\u2026","rel":"","context":"En \u00abActualidad\u00bb","block_context":{"text":"Actualidad","link":"https:\/\/lahoradelcampo.com.uy\/site\/category\/actualidad\/"},"img":{"alt_text":"","src":"https:\/\/i0.wp.com\/lahoradelcampo.com.uy\/site\/wp-content\/uploads\/2023\/11\/tierra-precioscompraventa.jpg?fit=880%2C440&ssl=1&resize=350%2C200","width":350,"height":200,"srcset":"https:\/\/i0.wp.com\/lahoradelcampo.com.uy\/site\/wp-content\/uploads\/2023\/11\/tierra-precioscompraventa.jpg?fit=880%2C440&ssl=1&resize=350%2C200 1x, https:\/\/i0.wp.com\/lahoradelcampo.com.uy\/site\/wp-content\/uploads\/2023\/11\/tierra-precioscompraventa.jpg?fit=880%2C440&ssl=1&resize=525%2C300 1.5x, https:\/\/i0.wp.com\/lahoradelcampo.com.uy\/site\/wp-content\/uploads\/2023\/11\/tierra-precioscompraventa.jpg?fit=880%2C440&ssl=1&resize=700%2C400 2x"},"classes":[]},{"id":34739,"url":"https:\/\/lahoradelcampo.com.uy\/site\/la-hectarea-en-salto-subio-un-101-en-el-primer-semestre\/","url_meta":{"origin":37269,"position":5},"title":"La hect\u00e1rea en Salto subi\u00f3 un 10,1% en el primer semestre","author":"La Hora del Campo","date":"28 septiembre, 2021","format":false,"excerpt":"La Direcci\u00f3n de Estad\u00edsticas Agropecuarias del Ministerio de Ganader\u00eda, Agricultura y Pesca (DIEA\/MGAP) dio a conocer su an\u00e1lisis de la compra-venta de tierras durante el primer semestre de 2021, donde se registraron 536 operaciones de campos con 10 o m\u00e1s hect\u00e1reas de uso agropecuario a nivel pa\u00eds. En total se\u2026","rel":"","context":"En \u00abActualidad\u00bb","block_context":{"text":"Actualidad","link":"https:\/\/lahoradelcampo.com.uy\/site\/category\/actualidad\/"},"img":{"alt_text":"","src":"https:\/\/i0.wp.com\/lahoradelcampo.com.uy\/site\/wp-content\/uploads\/2021\/09\/Campo-tierras.jpg?fit=880%2C440&ssl=1&resize=350%2C200","width":350,"height":200,"srcset":"https:\/\/i0.wp.com\/lahoradelcampo.com.uy\/site\/wp-content\/uploads\/2021\/09\/Campo-tierras.jpg?fit=880%2C440&ssl=1&resize=350%2C200 1x, https:\/\/i0.wp.com\/lahoradelcampo.com.uy\/site\/wp-content\/uploads\/2021\/09\/Campo-tierras.jpg?fit=880%2C440&ssl=1&resize=525%2C300 1.5x, https:\/\/i0.wp.com\/lahoradelcampo.com.uy\/site\/wp-content\/uploads\/2021\/09\/Campo-tierras.jpg?fit=880%2C440&ssl=1&resize=700%2C400 2x"},"classes":[]}],"jetpack_likes_enabled":true,"_links":{"self":[{"href":"https:\/\/lahoradelcampo.com.uy\/site\/wp-json\/wp\/v2\/posts\/37269","targetHints":{"allow":["GET"]}}],"collection":[{"href":"https:\/\/lahoradelcampo.com.uy\/site\/wp-json\/wp\/v2\/posts"}],"about":[{"href":"https:\/\/lahoradelcampo.com.uy\/site\/wp-json\/wp\/v2\/types\/post"}],"author":[{"embeddable":true,"href":"https:\/\/lahoradelcampo.com.uy\/site\/wp-json\/wp\/v2\/users\/5"}],"replies":[{"embeddable":true,"href":"https:\/\/lahoradelcampo.com.uy\/site\/wp-json\/wp\/v2\/comments?post=37269"}],"version-history":[{"count":1,"href":"https:\/\/lahoradelcampo.com.uy\/site\/wp-json\/wp\/v2\/posts\/37269\/revisions"}],"predecessor-version":[{"id":37273,"href":"https:\/\/lahoradelcampo.com.uy\/site\/wp-json\/wp\/v2\/posts\/37269\/revisions\/37273"}],"wp:featuredmedia":[{"embeddable":true,"href":"https:\/\/lahoradelcampo.com.uy\/site\/wp-json\/wp\/v2\/media\/37271"}],"wp:attachment":[{"href":"https:\/\/lahoradelcampo.com.uy\/site\/wp-json\/wp\/v2\/media?parent=37269"}],"wp:term":[{"taxonomy":"category","embeddable":true,"href":"https:\/\/lahoradelcampo.com.uy\/site\/wp-json\/wp\/v2\/categories?post=37269"},{"taxonomy":"post_tag","embeddable":true,"href":"https:\/\/lahoradelcampo.com.uy\/site\/wp-json\/wp\/v2\/tags?post=37269"}],"curies":[{"name":"wp","href":"https:\/\/api.w.org\/{rel}","templated":true}]}}