{"id":37259,"date":"2021-12-07T06:46:49","date_gmt":"2021-12-07T09:46:49","guid":{"rendered":"http:\/\/lahoradelcampo.com.uy\/site\/?p=37259"},"modified":"2021-12-07T06:46:54","modified_gmt":"2021-12-07T09:46:54","slug":"dgdr-y-fr-firmaron-un-acuerdo-para-impulsar-propuestas-de-genero","status":"publish","type":"post","link":"https:\/\/lahoradelcampo.com.uy\/site\/dgdr-y-fr-firmaron-un-acuerdo-para-impulsar-propuestas-de-genero\/","title":{"rendered":"DGDR y FR firmaron un acuerdo para impulsar propuestas  de g\u00e9nero"},"content":{"rendered":"\n<figure class=\"wp-block-image\"><img data-recalc-dims=\"1\" loading=\"lazy\" decoding=\"async\" width=\"810\" height=\"405\" data-attachment-id=\"37261\" data-permalink=\"https:\/\/lahoradelcampo.com.uy\/site\/dgdr-y-fr-firmaron-un-acuerdo-para-impulsar-propuestas-de-genero\/fr-dgdr\/\" data-orig-file=\"https:\/\/i0.wp.com\/lahoradelcampo.com.uy\/site\/wp-content\/uploads\/2021\/12\/FR-DGDR.jpg?fit=880%2C440&amp;ssl=1\" data-orig-size=\"880,440\" data-comments-opened=\"1\" data-image-meta=\"{&quot;aperture&quot;:&quot;0&quot;,&quot;credit&quot;:&quot;&quot;,&quot;camera&quot;:&quot;&quot;,&quot;caption&quot;:&quot;&quot;,&quot;created_timestamp&quot;:&quot;0&quot;,&quot;copyright&quot;:&quot;&quot;,&quot;focal_length&quot;:&quot;0&quot;,&quot;iso&quot;:&quot;0&quot;,&quot;shutter_speed&quot;:&quot;0&quot;,&quot;title&quot;:&quot;&quot;,&quot;orientation&quot;:&quot;1&quot;}\" data-image-title=\"FR-DGDR\" data-image-description=\"\" data-image-caption=\"\" data-large-file=\"https:\/\/i0.wp.com\/lahoradelcampo.com.uy\/site\/wp-content\/uploads\/2021\/12\/FR-DGDR.jpg?fit=810%2C405&amp;ssl=1\" src=\"https:\/\/i0.wp.com\/lahoradelcampo.com.uy\/site\/wp-content\/uploads\/2021\/12\/FR-DGDR.jpg?resize=810%2C405\" alt=\"\" class=\"wp-image-37261\" srcset=\"https:\/\/i0.wp.com\/lahoradelcampo.com.uy\/site\/wp-content\/uploads\/2021\/12\/FR-DGDR.jpg?w=880&amp;ssl=1 880w, https:\/\/i0.wp.com\/lahoradelcampo.com.uy\/site\/wp-content\/uploads\/2021\/12\/FR-DGDR.jpg?resize=300%2C150&amp;ssl=1 300w, https:\/\/i0.wp.com\/lahoradelcampo.com.uy\/site\/wp-content\/uploads\/2021\/12\/FR-DGDR.jpg?resize=768%2C384&amp;ssl=1 768w, https:\/\/i0.wp.com\/lahoradelcampo.com.uy\/site\/wp-content\/uploads\/2021\/12\/FR-DGDR.jpg?resize=820%2C410&amp;ssl=1 820w\" sizes=\"auto, (max-width: 810px) 100vw, 810px\" \/><\/figure>\n\n\n\n<p>La Direcci\u00f3n General de Desarrollo Rural del MGAP (DGDR) y Federaci\u00f3n Rural (FR) firmaron un convenio por el cual Desarrollo Rural canalizar\u00e1 su apoyo a trav\u00e9s del financiamiento hasta por un total de 600 mil pesos, en una \u00fanica partida, para hacer efectiva una propuesta de la Federaci\u00f3n Rural que tiene como objetivo \u201ccontribuir a la sensibilizaci\u00f3n del enfoque de g\u00e9nero, el empoderamiento y la activa participaci\u00f3n de las mujeres y de los j\u00f3venes, en el \u00e1mbito de la Federaci\u00f3n Rural y en los que esta tenga incidencia\u201d.<br><\/p>\n\n\n\n<p>De esta manera se busca fortalecer la participaci\u00f3n de mujeres rurales integrantes de la Federaci\u00f3n Rural (FR) en \u00e1mbitos internos y en espacios de di\u00e1logo e incidencia; generar acciones de comunicaci\u00f3n y de articulaci\u00f3n interinstitucional; y fomentar la participaci\u00f3n de j\u00f3venes rurales integrantes de la FR en \u00e1mbitos internos y en espacios de di\u00e1logo e incidencia.<br><\/p>\n\n\n\n<p>El plazo de ejecuci\u00f3n del presente convenio es de 12 meses a contar desde su suscripci\u00f3n.<br><\/p>\n\n\n\n<p>El Comit\u00e9 de Gesti\u00f3n y Seguimiento del Proyecto ser\u00e1 el instrumento fundamental del seguimiento de este acuerdo. Estar\u00e1 integrado por miembros designados por las partes en un Acuerdo de Gesti\u00f3n y sus funciones ser\u00e1n: i) Ser el espacio formal de di\u00e1logo y toma de decisiones en forma conjunta entre MGAP-DGDR y la organizaci\u00f3n, con respecto a la gesti\u00f3n y seguimiento del mismo; ii) Realizar ajustes a las actividades a desarrollarse; iii) Avalar los informes t\u00e9cnicos de ejecuci\u00f3n realizados; iv) Avalar los informes administrativos de ejecuci\u00f3n de actividades realizadas.<br><\/p>\n\n\n\n<p>Por DGDR, firm\u00f3 este convenio el director de Desarrollo Rural, Carlos Rydstr\u00f6m, y por Federaci\u00f3n Rural, su presidente, M\u00f3nica Silva Etcheverriborda.<br><\/p>\n\n\n\n<p>La Federaci\u00f3n Rural es una instituci\u00f3n federativa de asociaciones de productores rurales que se fund\u00f3 en 1915 representando a todos los rubros de la producci\u00f3n agropecuaria, cuya misi\u00f3n es el fomento, el aumento y la mejora de la producci\u00f3n agropecuaria para lograr su car\u00e1cter intensivo, el cuidado y la conservaci\u00f3n del sue\u00f1o, la radicaci\u00f3n     de la familia en el medio rural y una distribuci\u00f3n equilibrada de la producci\u00f3n del pa\u00eds, entre los medios urbanos y rurales.<\/p>\n\n\n\n<p>Salto, 7 de diciembre de 2021<\/p>\n","protected":false},"excerpt":{"rendered":"<p>La Direcci\u00f3n General de Desarrollo Rural del MGAP (DGDR) y Federaci\u00f3n Rural (FR) firmaron un convenio por el cual Desarrollo Rural canalizar\u00e1 su apoyo a trav\u00e9s del financiamiento hasta por [&hellip;]<\/p>\n","protected":false},"author":5,"featured_media":37261,"comment_status":"open","ping_status":"open","sticky":false,"template":"","format":"standard","meta":{"_price":"","_stock":"","_tribe_ticket_header":"","_tribe_default_ticket_provider":"","_tribe_ticket_capacity":"0","_ticket_start_date":"","_ticket_end_date":"","_tribe_ticket_show_description":"","_tribe_ticket_show_not_going":false,"_tribe_ticket_use_global_stock":"","_tribe_ticket_global_stock_level":"","_global_stock_mode":"","_global_stock_cap":"","_tribe_rsvp_for_event":"","_tribe_ticket_going_count":"","_tribe_ticket_not_going_count":"","_tribe_tickets_list":"[]","_tribe_ticket_has_attendee_info_fields":false,"h5ap_radio_sources":[],"_jetpack_newsletter_access":"","_jetpack_dont_email_post_to_subs":false,"_jetpack_newsletter_tier_id":0,"_jetpack_memberships_contains_paywalled_content":false,"_jetpack_memberships_contains_paid_content":false,"footnotes":""},"categories":[21,5],"tags":[],"class_list":["post-37259","post","type-post","status-publish","format-standard","has-post-thumbnail","hentry","category-actualidad","category-ganaderia"],"jetpack_featured_media_url":"https:\/\/i0.wp.com\/lahoradelcampo.com.uy\/site\/wp-content\/uploads\/2021\/12\/FR-DGDR.jpg?fit=880%2C440&ssl=1","jetpack_sharing_enabled":true,"jetpack_shortlink":"https:\/\/wp.me\/p99IaT-9GX","jetpack-related-posts":[{"id":31600,"url":"https:\/\/lahoradelcampo.com.uy\/site\/monica-silva-es-la-primer-mujer-en-asumir-la-fr\/","url_meta":{"origin":37259,"position":0},"title":"M\u00f3nica Silva es la primer mujer en  asumir la FR","author":"La Hora del Campo","date":"28 junio, 2021","format":false,"excerpt":"El s\u00e1bado fue hist\u00f3rico en la Federaci\u00f3n Rural del Uruguay, porqu\u00e9 en el marco del Congreso Anual de la gremial lleg\u00f3 a su fin la campa\u00f1a eleccionaria entre dos listas encabezadas por mujeres, que comenz\u00f3 el pasado 8 de marzo, D\u00eda Internacional de la Mujer, y de esta manera la\u2026","rel":"","context":"En \u00abActualidad\u00bb","block_context":{"text":"Actualidad","link":"https:\/\/lahoradelcampo.com.uy\/site\/category\/actualidad\/"},"img":{"alt_text":"","src":"https:\/\/i0.wp.com\/lahoradelcampo.com.uy\/site\/wp-content\/uploads\/2021\/06\/Federaci%C3%B3nMonica.jpg?fit=880%2C440&ssl=1&resize=350%2C200","width":350,"height":200,"srcset":"https:\/\/i0.wp.com\/lahoradelcampo.com.uy\/site\/wp-content\/uploads\/2021\/06\/Federaci%C3%B3nMonica.jpg?fit=880%2C440&ssl=1&resize=350%2C200 1x, https:\/\/i0.wp.com\/lahoradelcampo.com.uy\/site\/wp-content\/uploads\/2021\/06\/Federaci%C3%B3nMonica.jpg?fit=880%2C440&ssl=1&resize=525%2C300 1.5x, https:\/\/i0.wp.com\/lahoradelcampo.com.uy\/site\/wp-content\/uploads\/2021\/06\/Federaci%C3%B3nMonica.jpg?fit=880%2C440&ssl=1&resize=700%2C400 2x"},"classes":[]},{"id":52765,"url":"https:\/\/lahoradelcampo.com.uy\/site\/federacion-rural-de-jovenes-renovo-su-directiva\/","url_meta":{"origin":37259,"position":1},"title":"Federaci\u00f3n Rural de J\u00f3venes renov\u00f3 su directiva","author":"La Hora del Campo","date":"13 octubre, 2023","format":false,"excerpt":"El lunes 9 de octubre, la Federaci\u00f3n Rural de J\u00f3venes llev\u00f3 a cabo la renovaci\u00f3n de su Directiva, en un acto que cont\u00f3 con la participaci\u00f3n del ministro interino de Ganader\u00eda, Agricultura y Pesca, Ignacio Buffa, el director de Desarrollo Rural, Carlos Rydstr\u00f6m, y el presidente de la Federaci\u00f3n Rural,\u2026","rel":"","context":"En \u00abActualidad\u00bb","block_context":{"text":"Actualidad","link":"https:\/\/lahoradelcampo.com.uy\/site\/category\/actualidad\/"},"img":{"alt_text":"","src":"https:\/\/i0.wp.com\/lahoradelcampo.com.uy\/site\/wp-content\/uploads\/2023\/10\/Federacionruraljovenes.jpg?fit=880%2C440&ssl=1&resize=350%2C200","width":350,"height":200,"srcset":"https:\/\/i0.wp.com\/lahoradelcampo.com.uy\/site\/wp-content\/uploads\/2023\/10\/Federacionruraljovenes.jpg?fit=880%2C440&ssl=1&resize=350%2C200 1x, https:\/\/i0.wp.com\/lahoradelcampo.com.uy\/site\/wp-content\/uploads\/2023\/10\/Federacionruraljovenes.jpg?fit=880%2C440&ssl=1&resize=525%2C300 1.5x, https:\/\/i0.wp.com\/lahoradelcampo.com.uy\/site\/wp-content\/uploads\/2023\/10\/Federacionruraljovenes.jpg?fit=880%2C440&ssl=1&resize=700%2C400 2x"},"classes":[]},{"id":50405,"url":"https:\/\/lahoradelcampo.com.uy\/site\/congreso-anual-de-la-fr-recuperacion-productiva-competitiva-y-sustentable\/","url_meta":{"origin":37259,"position":2},"title":"Congreso anual de la FR: \u00abRecuperaci\u00f3n productiva, competitiva y sustentable\u00bb","author":"La Hora del Campo","date":"17 mayo, 2023","format":false,"excerpt":"El 26 y 27 de mayo se llevar\u00e1 a cabo en Santa Bernardina-Durazno el esperado 106 Congreso Anual de la Federaci\u00f3n Rural. Bajo el lema \"Por la recuperaci\u00f3n productiva, competitiva y sustentable\", este evento contar\u00e1 con una variedad de actividades y debates de inter\u00e9s para el sector agropecuario. El viernes\u2026","rel":"","context":"En \u00abActualidad\u00bb","block_context":{"text":"Actualidad","link":"https:\/\/lahoradelcampo.com.uy\/site\/category\/actualidad\/"},"img":{"alt_text":"","src":"https:\/\/i0.wp.com\/lahoradelcampo.com.uy\/site\/wp-content\/uploads\/2019\/05\/Federacion-Rural-1.jpg?fit=880%2C440&ssl=1&resize=350%2C200","width":350,"height":200,"srcset":"https:\/\/i0.wp.com\/lahoradelcampo.com.uy\/site\/wp-content\/uploads\/2019\/05\/Federacion-Rural-1.jpg?fit=880%2C440&ssl=1&resize=350%2C200 1x, https:\/\/i0.wp.com\/lahoradelcampo.com.uy\/site\/wp-content\/uploads\/2019\/05\/Federacion-Rural-1.jpg?fit=880%2C440&ssl=1&resize=525%2C300 1.5x, https:\/\/i0.wp.com\/lahoradelcampo.com.uy\/site\/wp-content\/uploads\/2019\/05\/Federacion-Rural-1.jpg?fit=880%2C440&ssl=1&resize=700%2C400 2x"},"classes":[]},{"id":56182,"url":"https:\/\/lahoradelcampo.com.uy\/site\/la-federacion-rural-esta-unida-en-la-diversidad-dijo-rafael-normey\/","url_meta":{"origin":37259,"position":3},"title":"La Federaci\u00f3n Rural \u00abest\u00e1 unida en la diversidad\u00bb dijo Rafael Normey","author":"La Hora del Campo","date":"8 junio, 2025","format":false,"excerpt":"Rafael Normey asumir\u00e1 como presidente de la Federaci\u00f3n Rural el lunes 9 de junio a las 17:00 horas en la sede de la instituci\u00f3n, luego de su elecci\u00f3n en el 108\u00b0 Congreso celebrado en San Jos\u00e9. El productor valor\u00f3 positivamente el encuentro y destac\u00f3 la importancia de continuar el trabajo\u2026","rel":"","context":"En \u00abActualidad\u00bb","block_context":{"text":"Actualidad","link":"https:\/\/lahoradelcampo.com.uy\/site\/category\/actualidad\/"},"img":{"alt_text":"","src":"https:\/\/i0.wp.com\/lahoradelcampo.com.uy\/site\/wp-content\/uploads\/2025\/06\/RafaelNormey.jpg?fit=880%2C440&ssl=1&resize=350%2C200","width":350,"height":200,"srcset":"https:\/\/i0.wp.com\/lahoradelcampo.com.uy\/site\/wp-content\/uploads\/2025\/06\/RafaelNormey.jpg?fit=880%2C440&ssl=1&resize=350%2C200 1x, https:\/\/i0.wp.com\/lahoradelcampo.com.uy\/site\/wp-content\/uploads\/2025\/06\/RafaelNormey.jpg?fit=880%2C440&ssl=1&resize=525%2C300 1.5x, https:\/\/i0.wp.com\/lahoradelcampo.com.uy\/site\/wp-content\/uploads\/2025\/06\/RafaelNormey.jpg?fit=880%2C440&ssl=1&resize=700%2C400 2x"},"classes":[]},{"id":50743,"url":"https:\/\/lahoradelcampo.com.uy\/site\/jorge-andres-rodriguez-presidira-la-federacion-rural\/","url_meta":{"origin":37259,"position":4},"title":"Jorge Andr\u00e9s Rodr\u00edguez presidir\u00e1 la Federaci\u00f3n Rural","author":"La Hora del Campo","date":"25 mayo, 2023","format":false,"excerpt":"La Federaci\u00f3n Rural est\u00e1 lista para llevar a cabo su tradicional Congreso Anual los d\u00edas viernes 26 y s\u00e1bado 27 en el local Santa Bernardina de la Sociedad Rural de Durazno. En una reuni\u00f3n celebrada ayer, la gremial decidi\u00f3 presentar una lista \u00fanica de consenso encabezada por Jorge Andr\u00e9s Rodr\u00edguez.\u2026","rel":"","context":"En \u00abActualidad\u00bb","block_context":{"text":"Actualidad","link":"https:\/\/lahoradelcampo.com.uy\/site\/category\/actualidad\/"},"img":{"alt_text":"","src":"https:\/\/i0.wp.com\/lahoradelcampo.com.uy\/site\/wp-content\/uploads\/2023\/05\/jorge-andres-rodriguez-1.jpg?fit=880%2C440&ssl=1&resize=350%2C200","width":350,"height":200,"srcset":"https:\/\/i0.wp.com\/lahoradelcampo.com.uy\/site\/wp-content\/uploads\/2023\/05\/jorge-andres-rodriguez-1.jpg?fit=880%2C440&ssl=1&resize=350%2C200 1x, https:\/\/i0.wp.com\/lahoradelcampo.com.uy\/site\/wp-content\/uploads\/2023\/05\/jorge-andres-rodriguez-1.jpg?fit=880%2C440&ssl=1&resize=525%2C300 1.5x, https:\/\/i0.wp.com\/lahoradelcampo.com.uy\/site\/wp-content\/uploads\/2023\/05\/jorge-andres-rodriguez-1.jpg?fit=880%2C440&ssl=1&resize=700%2C400 2x"},"classes":[]},{"id":28380,"url":"https:\/\/lahoradelcampo.com.uy\/site\/monica-silva-es-candidata-a-presidir-la-federacion-rural\/","url_meta":{"origin":37259,"position":5},"title":"M\u00f3nica Silva es candidata a presidir  la Federaci\u00f3n Rural","author":"La Hora del Campo","date":"10 marzo, 2021","format":false,"excerpt":"Desde la noche del lunes 8 de marzo, d\u00eda internacional de la mujer, la Federaci\u00f3n Rural del Uruguay ha comenzado a vivir una etapa hist\u00f3rica para la instituci\u00f3n, ya que se presentaron las dos listas que pugnaran por la presidencia de la gremial en las pr\u00f3ximas elecciones, y ambas est\u00e1n\u2026","rel":"","context":"En \u00abActualidad\u00bb","block_context":{"text":"Actualidad","link":"https:\/\/lahoradelcampo.com.uy\/site\/category\/actualidad\/"},"img":{"alt_text":"","src":"https:\/\/i0.wp.com\/lahoradelcampo.com.uy\/site\/wp-content\/uploads\/2021\/03\/M%C3%B3nica-Silva.jpg?fit=880%2C440&ssl=1&resize=350%2C200","width":350,"height":200,"srcset":"https:\/\/i0.wp.com\/lahoradelcampo.com.uy\/site\/wp-content\/uploads\/2021\/03\/M%C3%B3nica-Silva.jpg?fit=880%2C440&ssl=1&resize=350%2C200 1x, https:\/\/i0.wp.com\/lahoradelcampo.com.uy\/site\/wp-content\/uploads\/2021\/03\/M%C3%B3nica-Silva.jpg?fit=880%2C440&ssl=1&resize=525%2C300 1.5x, https:\/\/i0.wp.com\/lahoradelcampo.com.uy\/site\/wp-content\/uploads\/2021\/03\/M%C3%B3nica-Silva.jpg?fit=880%2C440&ssl=1&resize=700%2C400 2x"},"classes":[]}],"jetpack_likes_enabled":true,"_links":{"self":[{"href":"https:\/\/lahoradelcampo.com.uy\/site\/wp-json\/wp\/v2\/posts\/37259","targetHints":{"allow":["GET"]}}],"collection":[{"href":"https:\/\/lahoradelcampo.com.uy\/site\/wp-json\/wp\/v2\/posts"}],"about":[{"href":"https:\/\/lahoradelcampo.com.uy\/site\/wp-json\/wp\/v2\/types\/post"}],"author":[{"embeddable":true,"href":"https:\/\/lahoradelcampo.com.uy\/site\/wp-json\/wp\/v2\/users\/5"}],"replies":[{"embeddable":true,"href":"https:\/\/lahoradelcampo.com.uy\/site\/wp-json\/wp\/v2\/comments?post=37259"}],"version-history":[{"count":1,"href":"https:\/\/lahoradelcampo.com.uy\/site\/wp-json\/wp\/v2\/posts\/37259\/revisions"}],"predecessor-version":[{"id":37263,"href":"https:\/\/lahoradelcampo.com.uy\/site\/wp-json\/wp\/v2\/posts\/37259\/revisions\/37263"}],"wp:featuredmedia":[{"embeddable":true,"href":"https:\/\/lahoradelcampo.com.uy\/site\/wp-json\/wp\/v2\/media\/37261"}],"wp:attachment":[{"href":"https:\/\/lahoradelcampo.com.uy\/site\/wp-json\/wp\/v2\/media?parent=37259"}],"wp:term":[{"taxonomy":"category","embeddable":true,"href":"https:\/\/lahoradelcampo.com.uy\/site\/wp-json\/wp\/v2\/categories?post=37259"},{"taxonomy":"post_tag","embeddable":true,"href":"https:\/\/lahoradelcampo.com.uy\/site\/wp-json\/wp\/v2\/tags?post=37259"}],"curies":[{"name":"wp","href":"https:\/\/api.w.org\/{rel}","templated":true}]}}