{"id":37255,"date":"2021-12-07T06:29:23","date_gmt":"2021-12-07T09:29:23","guid":{"rendered":"http:\/\/lahoradelcampo.com.uy\/site\/?p=37255"},"modified":"2021-12-07T06:29:29","modified_gmt":"2021-12-07T09:29:29","slug":"oiv-estimo-una-baja-historica-en-la-produccion-mundial-de-vino","status":"publish","type":"post","link":"https:\/\/lahoradelcampo.com.uy\/site\/oiv-estimo-una-baja-historica-en-la-produccion-mundial-de-vino\/","title":{"rendered":"OIV estim\u00f3 una baja hist\u00f3rica en la producci\u00f3n mundial de vino"},"content":{"rendered":"\n<figure class=\"wp-block-image\"><img data-recalc-dims=\"1\" loading=\"lazy\" decoding=\"async\" width=\"810\" height=\"405\" data-attachment-id=\"5083\" data-permalink=\"https:\/\/lahoradelcampo.com.uy\/site\/uruguay-exporto-46-millones-de-litros-de-vino-embotellado\/uva-2\/\" data-orig-file=\"https:\/\/i0.wp.com\/lahoradelcampo.com.uy\/site\/wp-content\/uploads\/2017\/12\/uva.jpg?fit=880%2C440&amp;ssl=1\" data-orig-size=\"880,440\" data-comments-opened=\"1\" data-image-meta=\"{&quot;aperture&quot;:&quot;0&quot;,&quot;credit&quot;:&quot;Vicente-Manuel-Tort&quot;,&quot;camera&quot;:&quot;&quot;,&quot;caption&quot;:&quot;&quot;,&quot;created_timestamp&quot;:&quot;0&quot;,&quot;copyright&quot;:&quot;Presidencia de la Republica - Sec.Com.Inst.&quot;,&quot;focal_length&quot;:&quot;0&quot;,&quot;iso&quot;:&quot;0&quot;,&quot;shutter_speed&quot;:&quot;0&quot;,&quot;title&quot;:&quot;&quot;,&quot;orientation&quot;:&quot;1&quot;}\" data-image-title=\"uva\" data-image-description=\"\" data-image-caption=\"\" data-large-file=\"https:\/\/i0.wp.com\/lahoradelcampo.com.uy\/site\/wp-content\/uploads\/2017\/12\/uva.jpg?fit=810%2C405&amp;ssl=1\" src=\"https:\/\/i0.wp.com\/lahoradelcampo.com.uy\/site\/wp-content\/uploads\/2017\/12\/uva.jpg?resize=810%2C405\" alt=\"\" class=\"wp-image-5083\" srcset=\"https:\/\/i0.wp.com\/lahoradelcampo.com.uy\/site\/wp-content\/uploads\/2017\/12\/uva.jpg?w=880&amp;ssl=1 880w, https:\/\/i0.wp.com\/lahoradelcampo.com.uy\/site\/wp-content\/uploads\/2017\/12\/uva.jpg?resize=300%2C150&amp;ssl=1 300w, https:\/\/i0.wp.com\/lahoradelcampo.com.uy\/site\/wp-content\/uploads\/2017\/12\/uva.jpg?resize=768%2C384&amp;ssl=1 768w, https:\/\/i0.wp.com\/lahoradelcampo.com.uy\/site\/wp-content\/uploads\/2017\/12\/uva.jpg?resize=820%2C410&amp;ssl=1 820w\" sizes=\"auto, (max-width: 810px) 100vw, 810px\" \/><\/figure>\n\n\n\n<p>Durante la rueda de prensa que se llev\u00f3 a cabo en la sede de la Organizaci\u00f3n Internacional de la Vi\u00f1a y el Vino, el director general de la OIV, Pau Roca, present\u00f3 las primeras estimaciones sobre la producci\u00f3n mundial de vino en 2021.<br><\/p>\n\n\n\n<p>Se anticipa un bajo volumen de producci\u00f3n en la UE, principalmente en Italia, Espa\u00f1a y Francia que, en conjunto, perdieron aproximadamente 22 Mill. hL con respecto a 2020 debido a las heladas tard\u00edas de primavera y a las condiciones clim\u00e1ticas desfavorables.<br><\/p>\n\n\n\n<p>Los \u00fanicos grandes productores de vino de la UE que registraron cosechas mayores que en 2020 son Alemania, Portugal, Ruman\u00eda y Hungr\u00eda.<br> Las primeras previsiones de cosecha en EE.UU. indican vol\u00famenes ligeramente superiores a los de 2020.<br><\/p>\n\n\n\n<p>Un a\u00f1o muy positivo para los vi\u00f1edos del hemisferio sur donde las condiciones clim\u00e1ticas relativamente favorables llevaron a registrar altos niveles de producci\u00f3n en pa\u00edses de Am\u00e9rica del Sur, Sud\u00e1frica y Australia, mientras que Nueva Zelanda fue la \u00fanica excepci\u00f3n.<\/p>\n\n\n\n<p>Salto, 7 de diciembre de 2021<\/p>\n","protected":false},"excerpt":{"rendered":"<p>Durante la rueda de prensa que se llev\u00f3 a cabo en la sede de la Organizaci\u00f3n Internacional de la Vi\u00f1a y el Vino, el director general de la OIV, Pau [&hellip;]<\/p>\n","protected":false},"author":5,"featured_media":5083,"comment_status":"open","ping_status":"open","sticky":false,"template":"","format":"standard","meta":{"_price":"","_stock":"","_tribe_ticket_header":"","_tribe_default_ticket_provider":"","_tribe_ticket_capacity":"0","_ticket_start_date":"","_ticket_end_date":"","_tribe_ticket_show_description":"","_tribe_ticket_show_not_going":false,"_tribe_ticket_use_global_stock":"","_tribe_ticket_global_stock_level":"","_global_stock_mode":"","_global_stock_cap":"","_tribe_rsvp_for_event":"","_tribe_ticket_going_count":"","_tribe_ticket_not_going_count":"","_tribe_tickets_list":"[]","_tribe_ticket_has_attendee_info_fields":false,"h5ap_radio_sources":[],"_jetpack_newsletter_access":"","_jetpack_dont_email_post_to_subs":false,"_jetpack_newsletter_tier_id":0,"_jetpack_memberships_contains_paywalled_content":false,"_jetpack_memberships_contains_paid_content":false,"footnotes":""},"categories":[21,9],"tags":[],"class_list":["post-37255","post","type-post","status-publish","format-standard","has-post-thumbnail","hentry","category-actualidad","category-granja"],"jetpack_featured_media_url":"https:\/\/i0.wp.com\/lahoradelcampo.com.uy\/site\/wp-content\/uploads\/2017\/12\/uva.jpg?fit=880%2C440&ssl=1","jetpack_sharing_enabled":true,"jetpack_shortlink":"https:\/\/wp.me\/p99IaT-9GT","jetpack-related-posts":[{"id":53187,"url":"https:\/\/lahoradelcampo.com.uy\/site\/la-produccion-mundial-de-vino-retrocede-a-1961\/","url_meta":{"origin":37255,"position":0},"title":"La producci\u00f3n mundial de vino retrocede a 1961","author":"La Hora del Campo","date":"22 noviembre, 2023","format":false,"excerpt":"La Organizaci\u00f3n Internacional de la Vi\u00f1a y el Vino (OIV) ha revelado previsiones desalentadoras para la campa\u00f1a 2023\/24, situando la producci\u00f3n mundial de vino entre 241,7 y 246,6 millones de hectolitros, con una cifra promedio de 244,1 millones. Este dato marca una disminuci\u00f3n del 7% en comparaci\u00f3n con la campa\u00f1a\u2026","rel":"","context":"En \u00abActualidad\u00bb","block_context":{"text":"Actualidad","link":"https:\/\/lahoradelcampo.com.uy\/site\/category\/actualidad\/"},"img":{"alt_text":"","src":"https:\/\/i0.wp.com\/lahoradelcampo.com.uy\/site\/wp-content\/uploads\/2023\/04\/INAVI-Tannat.jpg?fit=880%2C440&ssl=1&resize=350%2C200","width":350,"height":200,"srcset":"https:\/\/i0.wp.com\/lahoradelcampo.com.uy\/site\/wp-content\/uploads\/2023\/04\/INAVI-Tannat.jpg?fit=880%2C440&ssl=1&resize=350%2C200 1x, https:\/\/i0.wp.com\/lahoradelcampo.com.uy\/site\/wp-content\/uploads\/2023\/04\/INAVI-Tannat.jpg?fit=880%2C440&ssl=1&resize=525%2C300 1.5x, https:\/\/i0.wp.com\/lahoradelcampo.com.uy\/site\/wp-content\/uploads\/2023\/04\/INAVI-Tannat.jpg?fit=880%2C440&ssl=1&resize=700%2C400 2x"},"classes":[]},{"id":55930,"url":"https:\/\/lahoradelcampo.com.uy\/site\/consumo-y-produccion-mundial-de-vino-en-minimos-historicos\/","url_meta":{"origin":37255,"position":1},"title":"Consumo y producci\u00f3n mundial de vino en m\u00ednimos hist\u00f3ricos","author":"La Hora del Campo","date":"18 abril, 2025","format":false,"excerpt":"El consumo mundial de vino alcanz\u00f3 en 2024 los 214,2 millones de hectolitros, el nivel m\u00e1s bajo desde 1961, con una ca\u00edda del 3,3% respecto al a\u00f1o anterior, seg\u00fan datos de la OIV. Estados Unidos y Francia, los mayores mercados, tambi\u00e9n redujeron su consumo en un 6% y un 4%\u2026","rel":"","context":"En \u00abActualidad\u00bb","block_context":{"text":"Actualidad","link":"https:\/\/lahoradelcampo.com.uy\/site\/category\/actualidad\/"},"img":{"alt_text":"","src":"https:\/\/i0.wp.com\/lahoradelcampo.com.uy\/site\/wp-content\/uploads\/2025\/04\/Vinos-Stagnari.jpg?fit=880%2C440&ssl=1&resize=350%2C200","width":350,"height":200,"srcset":"https:\/\/i0.wp.com\/lahoradelcampo.com.uy\/site\/wp-content\/uploads\/2025\/04\/Vinos-Stagnari.jpg?fit=880%2C440&ssl=1&resize=350%2C200 1x, https:\/\/i0.wp.com\/lahoradelcampo.com.uy\/site\/wp-content\/uploads\/2025\/04\/Vinos-Stagnari.jpg?fit=880%2C440&ssl=1&resize=525%2C300 1.5x, https:\/\/i0.wp.com\/lahoradelcampo.com.uy\/site\/wp-content\/uploads\/2025\/04\/Vinos-Stagnari.jpg?fit=880%2C440&ssl=1&resize=700%2C400 2x"},"classes":[]},{"id":7247,"url":"https:\/\/lahoradelcampo.com.uy\/site\/uruguay-sera-sede-del-41o-congreso-mundial-del-vino\/","url_meta":{"origin":37255,"position":2},"title":"Uruguay ser\u00e1 sede  del 41\u00ba Congreso Mundial del Vino","author":"La Hora del Campo","date":"17 mayo, 2018","format":false,"excerpt":"El pasado 13 de abril en la Embajada de Uruguay en Par\u00eds, Francia, se realiz\u00f3 el lanzamiento oficial del 41\u00ba Congreso Mundial de la Vi\u00f1a y el Vino y 16\u00aa Asamblea General de la OIV, eventos que tendr\u00e1n lugar en Punta del Este del 18 al 23 de noviembre pr\u00f3ximos.\u2026","rel":"","context":"En \u00abActualidad\u00bb","block_context":{"text":"Actualidad","link":"https:\/\/lahoradelcampo.com.uy\/site\/category\/actualidad\/"},"img":{"alt_text":"","src":"https:\/\/i0.wp.com\/lahoradelcampo.com.uy\/site\/wp-content\/uploads\/2018\/05\/congreso-oiv-web.jpg?fit=670%2C360&ssl=1&resize=350%2C200","width":350,"height":200,"srcset":"https:\/\/i0.wp.com\/lahoradelcampo.com.uy\/site\/wp-content\/uploads\/2018\/05\/congreso-oiv-web.jpg?fit=670%2C360&ssl=1&resize=350%2C200 1x, https:\/\/i0.wp.com\/lahoradelcampo.com.uy\/site\/wp-content\/uploads\/2018\/05\/congreso-oiv-web.jpg?fit=670%2C360&ssl=1&resize=525%2C300 1.5x"},"classes":[]},{"id":9877,"url":"https:\/\/lahoradelcampo.com.uy\/site\/produccion-mundial-de-vino-es-casi-record\/","url_meta":{"origin":37255,"position":3},"title":"Producci\u00f3n mundial de vino es casi r\u00e9cord","author":"La Hora del Campo","date":"17 abril, 2019","format":false,"excerpt":"El director general de la Organizaci\u00f3n Internacional de la Vi\u00f1a y el Vino (OIV), el espa\u00f1ol Pau Roca, se estren\u00f3 en su cargo con un nivel excepcional de producci\u00f3n mundial de vino en la campa\u00f1a 2018\/19, de 292,3 de hectol\u00edtros, unos 42,5 millones m\u00e1s que en la hist\u00f3ricamente baja campa\u00f1a\u2026","rel":"","context":"En \u00abActualidad\u00bb","block_context":{"text":"Actualidad","link":"https:\/\/lahoradelcampo.com.uy\/site\/category\/actualidad\/"},"img":{"alt_text":"","src":"https:\/\/i0.wp.com\/lahoradelcampo.com.uy\/site\/wp-content\/uploads\/2019\/04\/Vinos.jpg?fit=880%2C440&ssl=1&resize=350%2C200","width":350,"height":200,"srcset":"https:\/\/i0.wp.com\/lahoradelcampo.com.uy\/site\/wp-content\/uploads\/2019\/04\/Vinos.jpg?fit=880%2C440&ssl=1&resize=350%2C200 1x, https:\/\/i0.wp.com\/lahoradelcampo.com.uy\/site\/wp-content\/uploads\/2019\/04\/Vinos.jpg?fit=880%2C440&ssl=1&resize=525%2C300 1.5x, https:\/\/i0.wp.com\/lahoradelcampo.com.uy\/site\/wp-content\/uploads\/2019\/04\/Vinos.jpg?fit=880%2C440&ssl=1&resize=700%2C400 2x"},"classes":[]},{"id":19848,"url":"https:\/\/lahoradelcampo.com.uy\/site\/consumo-mundial-del-vino-crecera-un-01-en-2019-segun-oiv\/","url_meta":{"origin":37255,"position":4},"title":"Consumo mundial del vino crecer\u00e1 un 0,1% en 2019 seg\u00fan OIV","author":"La Hora del Campo","date":"18 mayo, 2020","format":false,"excerpt":"La Organizaci\u00f3n Internacional de la Vi\u00f1a y el Vino (OIV) present\u00f3 en Par\u00eds y por videoconferencia, la situaci\u00f3n actual del sector vitivin\u00edcola a nivel mundial. En este contexto el consumo mundial de vino en 2019 se estima en 244 Millones de hectolitros, registrando un aumento del 0,1 % en comparaci\u00f3n\u2026","rel":"","context":"En \u00abActualidad\u00bb","block_context":{"text":"Actualidad","link":"https:\/\/lahoradelcampo.com.uy\/site\/category\/actualidad\/"},"img":{"alt_text":"","src":"https:\/\/i0.wp.com\/lahoradelcampo.com.uy\/site\/wp-content\/uploads\/2019\/04\/Vinos.jpg?fit=880%2C440&ssl=1&resize=350%2C200","width":350,"height":200,"srcset":"https:\/\/i0.wp.com\/lahoradelcampo.com.uy\/site\/wp-content\/uploads\/2019\/04\/Vinos.jpg?fit=880%2C440&ssl=1&resize=350%2C200 1x, https:\/\/i0.wp.com\/lahoradelcampo.com.uy\/site\/wp-content\/uploads\/2019\/04\/Vinos.jpg?fit=880%2C440&ssl=1&resize=525%2C300 1.5x, https:\/\/i0.wp.com\/lahoradelcampo.com.uy\/site\/wp-content\/uploads\/2019\/04\/Vinos.jpg?fit=880%2C440&ssl=1&resize=700%2C400 2x"},"classes":[]},{"id":5159,"url":"https:\/\/lahoradelcampo.com.uy\/site\/demanda-por-carne-continuara-estable-en-la-ue-hasta-2030\/","url_meta":{"origin":37255,"position":5},"title":"Demanda por carne continuar\u00e1 estable en la UE hasta 2030","author":"La Hora del Campo","date":"26 diciembre, 2017","format":false,"excerpt":"El informe \"Agricultural Outlook\" presentado por la Comisi\u00f3n Europea prev\u00e9, en l\u00edneas generales, estima que la volatilidad en los precios de la leche continuar\u00e1 y que la demanda de carne seguir\u00e1 estable en el bloque europeo. Al tiempo que los cereales incrementaran su producci\u00f3n un 13% entre 2017 y 2030.\u2026","rel":"","context":"En \u00abActualidad\u00bb","block_context":{"text":"Actualidad","link":"https:\/\/lahoradelcampo.com.uy\/site\/category\/actualidad\/"},"img":{"alt_text":"","src":"https:\/\/i0.wp.com\/lahoradelcampo.com.uy\/site\/wp-content\/uploads\/2017\/12\/Carne.jpg?fit=880%2C440&ssl=1&resize=350%2C200","width":350,"height":200,"srcset":"https:\/\/i0.wp.com\/lahoradelcampo.com.uy\/site\/wp-content\/uploads\/2017\/12\/Carne.jpg?fit=880%2C440&ssl=1&resize=350%2C200 1x, https:\/\/i0.wp.com\/lahoradelcampo.com.uy\/site\/wp-content\/uploads\/2017\/12\/Carne.jpg?fit=880%2C440&ssl=1&resize=525%2C300 1.5x, https:\/\/i0.wp.com\/lahoradelcampo.com.uy\/site\/wp-content\/uploads\/2017\/12\/Carne.jpg?fit=880%2C440&ssl=1&resize=700%2C400 2x"},"classes":[]}],"jetpack_likes_enabled":true,"_links":{"self":[{"href":"https:\/\/lahoradelcampo.com.uy\/site\/wp-json\/wp\/v2\/posts\/37255","targetHints":{"allow":["GET"]}}],"collection":[{"href":"https:\/\/lahoradelcampo.com.uy\/site\/wp-json\/wp\/v2\/posts"}],"about":[{"href":"https:\/\/lahoradelcampo.com.uy\/site\/wp-json\/wp\/v2\/types\/post"}],"author":[{"embeddable":true,"href":"https:\/\/lahoradelcampo.com.uy\/site\/wp-json\/wp\/v2\/users\/5"}],"replies":[{"embeddable":true,"href":"https:\/\/lahoradelcampo.com.uy\/site\/wp-json\/wp\/v2\/comments?post=37255"}],"version-history":[{"count":1,"href":"https:\/\/lahoradelcampo.com.uy\/site\/wp-json\/wp\/v2\/posts\/37255\/revisions"}],"predecessor-version":[{"id":37257,"href":"https:\/\/lahoradelcampo.com.uy\/site\/wp-json\/wp\/v2\/posts\/37255\/revisions\/37257"}],"wp:featuredmedia":[{"embeddable":true,"href":"https:\/\/lahoradelcampo.com.uy\/site\/wp-json\/wp\/v2\/media\/5083"}],"wp:attachment":[{"href":"https:\/\/lahoradelcampo.com.uy\/site\/wp-json\/wp\/v2\/media?parent=37255"}],"wp:term":[{"taxonomy":"category","embeddable":true,"href":"https:\/\/lahoradelcampo.com.uy\/site\/wp-json\/wp\/v2\/categories?post=37255"},{"taxonomy":"post_tag","embeddable":true,"href":"https:\/\/lahoradelcampo.com.uy\/site\/wp-json\/wp\/v2\/tags?post=37255"}],"curies":[{"name":"wp","href":"https:\/\/api.w.org\/{rel}","templated":true}]}}