{"id":37251,"date":"2021-12-07T06:19:58","date_gmt":"2021-12-07T09:19:58","guid":{"rendered":"http:\/\/lahoradelcampo.com.uy\/site\/?p=37251"},"modified":"2021-12-07T06:20:04","modified_gmt":"2021-12-07T09:20:04","slug":"chile-sera-el-punto-de-encuentro-del-arandano-en-2022","status":"publish","type":"post","link":"https:\/\/lahoradelcampo.com.uy\/site\/chile-sera-el-punto-de-encuentro-del-arandano-en-2022\/","title":{"rendered":"Chile ser\u00e1 el punto de encuentro del ar\u00e1ndano en 2022"},"content":{"rendered":"\n<figure class=\"wp-block-image\"><img data-recalc-dims=\"1\" loading=\"lazy\" decoding=\"async\" width=\"810\" height=\"405\" data-attachment-id=\"28444\" data-permalink=\"https:\/\/lahoradelcampo.com.uy\/site\/ingresan-las-primeras-partidas-de-arandanos-a-670-el-kilo\/arandanos-2\/\" data-orig-file=\"https:\/\/i0.wp.com\/lahoradelcampo.com.uy\/site\/wp-content\/uploads\/2021\/03\/ar%C3%A1ndanos.jpg?fit=880%2C440&amp;ssl=1\" data-orig-size=\"880,440\" data-comments-opened=\"1\" data-image-meta=\"{&quot;aperture&quot;:&quot;0&quot;,&quot;credit&quot;:&quot;&quot;,&quot;camera&quot;:&quot;&quot;,&quot;caption&quot;:&quot;&quot;,&quot;created_timestamp&quot;:&quot;0&quot;,&quot;copyright&quot;:&quot;&quot;,&quot;focal_length&quot;:&quot;0&quot;,&quot;iso&quot;:&quot;0&quot;,&quot;shutter_speed&quot;:&quot;0&quot;,&quot;title&quot;:&quot;&quot;,&quot;orientation&quot;:&quot;1&quot;}\" data-image-title=\"ar\u00e1ndanos\" data-image-description=\"\" data-image-caption=\"\" data-large-file=\"https:\/\/i0.wp.com\/lahoradelcampo.com.uy\/site\/wp-content\/uploads\/2021\/03\/ar%C3%A1ndanos.jpg?fit=810%2C405&amp;ssl=1\" src=\"https:\/\/i0.wp.com\/lahoradelcampo.com.uy\/site\/wp-content\/uploads\/2021\/03\/ar%C3%A1ndanos.jpg?resize=810%2C405\" alt=\"\" class=\"wp-image-28444\" srcset=\"https:\/\/i0.wp.com\/lahoradelcampo.com.uy\/site\/wp-content\/uploads\/2021\/03\/ar%C3%A1ndanos.jpg?w=880&amp;ssl=1 880w, https:\/\/i0.wp.com\/lahoradelcampo.com.uy\/site\/wp-content\/uploads\/2021\/03\/ar%C3%A1ndanos.jpg?resize=300%2C150&amp;ssl=1 300w, https:\/\/i0.wp.com\/lahoradelcampo.com.uy\/site\/wp-content\/uploads\/2021\/03\/ar%C3%A1ndanos.jpg?resize=768%2C384&amp;ssl=1 768w, https:\/\/i0.wp.com\/lahoradelcampo.com.uy\/site\/wp-content\/uploads\/2021\/03\/ar%C3%A1ndanos.jpg?resize=820%2C410&amp;ssl=1 820w\" sizes=\"auto, (max-width: 810px) 100vw, 810px\" \/><\/figure>\n\n\n\n<p>Chile ser\u00e1 el centro de atenci\u00f3n de la producci\u00f3n sudamericana del ar\u00e1ndano en 2022, debido a que se realizar\u00e1 el 21 de abril, en en el Centro de Conferencias Sun Monticello, al sur de Santiago, el primer evento centrado en la industria del ar\u00e1ndano. El South American Blueberry Convention reunir\u00e1 a miembros de la industria global del ar\u00e1ndano con un enfoque en los pa\u00edses del Cono Sur: Argentina, Chile, Per\u00fa y Uruguay. <br><\/p>\n\n\n\n<p>El evento cuenta con el patrocinio de la Organizaci\u00f3n Internacional de Ar\u00e1ndanos (IBO) y se organiza en colaboraci\u00f3n del Comit\u00e9 de Ar\u00e1ndanos de Chile, la Asociaci\u00f3n de Productores de Ar\u00e1ndanos del Per\u00fa, el Comit\u00e9 de Ar\u00e1ndanos de Argentina y el Uni\u00f3n de Productores y Exportadores de Frutas de Uruguay (UPEFRUY).<br><\/p>\n\n\n\n<p>South American Blueberry Convention ser\u00e1 una oportunidad \u00fanica para recopilar, aprender y compartir informaci\u00f3n sobre los desaf\u00edos y oportunidades que afectan a esta regi\u00f3n clave, de donde se originan alrededor del 60% de las exportaciones mundiales de ar\u00e1ndanos.<br><\/p>\n\n\n\n<p>Las variables globales que afectan a Chile, Per\u00fa, Argentina y Uruguay son las mismas. Se discutir\u00e1 una amplia variedad de temas de relevancia para la industria regional, incluida una perspectiva de la pr\u00f3xima temporada, tendencias del mercado y oportunidades de exportaci\u00f3n.<\/p>\n\n\n\n<p>Salto, 7 de diciembre de 2021<\/p>\n","protected":false},"excerpt":{"rendered":"<p>Chile ser\u00e1 el centro de atenci\u00f3n de la producci\u00f3n sudamericana del ar\u00e1ndano en 2022, debido a que se realizar\u00e1 el 21 de abril, en en el Centro de Conferencias Sun [&hellip;]<\/p>\n","protected":false},"author":5,"featured_media":28444,"comment_status":"open","ping_status":"open","sticky":false,"template":"","format":"standard","meta":{"_price":"","_stock":"","_tribe_ticket_header":"","_tribe_default_ticket_provider":"","_tribe_ticket_capacity":"0","_ticket_start_date":"","_ticket_end_date":"","_tribe_ticket_show_description":"","_tribe_ticket_show_not_going":false,"_tribe_ticket_use_global_stock":"","_tribe_ticket_global_stock_level":"","_global_stock_mode":"","_global_stock_cap":"","_tribe_rsvp_for_event":"","_tribe_ticket_going_count":"","_tribe_ticket_not_going_count":"","_tribe_tickets_list":"[]","_tribe_ticket_has_attendee_info_fields":false,"h5ap_radio_sources":[],"_jetpack_newsletter_access":"","_jetpack_dont_email_post_to_subs":false,"_jetpack_newsletter_tier_id":0,"_jetpack_memberships_contains_paywalled_content":false,"_jetpack_memberships_contains_paid_content":false,"footnotes":""},"categories":[21,9],"tags":[],"class_list":["post-37251","post","type-post","status-publish","format-standard","has-post-thumbnail","hentry","category-actualidad","category-granja"],"jetpack_featured_media_url":"https:\/\/i0.wp.com\/lahoradelcampo.com.uy\/site\/wp-content\/uploads\/2021\/03\/ar%C3%A1ndanos.jpg?fit=880%2C440&ssl=1","jetpack_sharing_enabled":true,"jetpack_shortlink":"https:\/\/wp.me\/p99IaT-9GP","jetpack-related-posts":[{"id":48149,"url":"https:\/\/lahoradelcampo.com.uy\/site\/chile-sera-la-sede-del-blueberry-south-convention\/","url_meta":{"origin":37251,"position":0},"title":"Chile ser\u00e1  la sede del Blueberry South Convention","author":"La Hora del Campo","date":"19 enero, 2023","format":false,"excerpt":"\u00bfC\u00f3mo impulsar efectivamente los desaf\u00edos y detectar a tiempo las oportunidades que presenta la producci\u00f3n de ar\u00e1ndanos en la regi\u00f3n? ser\u00e1 la gran interrogante que congregar\u00e1 a las empresas, productores y t\u00e9cnicos de la producci\u00f3n de ar\u00e1ndanos de Am\u00e9rica del Sur en Chile, este a\u00f1o. La II versi\u00f3n del South\u2026","rel":"","context":"En \u00abActualidad\u00bb","block_context":{"text":"Actualidad","link":"https:\/\/lahoradelcampo.com.uy\/site\/category\/actualidad\/"},"img":{"alt_text":"","src":"https:\/\/i0.wp.com\/lahoradelcampo.com.uy\/site\/wp-content\/uploads\/2019\/11\/arandanos.jpg?fit=880%2C440&ssl=1&resize=350%2C200","width":350,"height":200,"srcset":"https:\/\/i0.wp.com\/lahoradelcampo.com.uy\/site\/wp-content\/uploads\/2019\/11\/arandanos.jpg?fit=880%2C440&ssl=1&resize=350%2C200 1x, https:\/\/i0.wp.com\/lahoradelcampo.com.uy\/site\/wp-content\/uploads\/2019\/11\/arandanos.jpg?fit=880%2C440&ssl=1&resize=525%2C300 1.5x, https:\/\/i0.wp.com\/lahoradelcampo.com.uy\/site\/wp-content\/uploads\/2019\/11\/arandanos.jpg?fit=880%2C440&ssl=1&resize=700%2C400 2x"},"classes":[]},{"id":54226,"url":"https:\/\/lahoradelcampo.com.uy\/site\/peru-exportaciones-de-arandano-cayeron-en-el-segundo-trimestre-de-2024\/","url_meta":{"origin":37251,"position":1},"title":"Per\u00fa: Exportaciones de ar\u00e1ndano cayeron en el segundo trimestre de 2024","author":"La Hora del Campo","date":"15 agosto, 2024","format":false,"excerpt":"Las exportaciones de ar\u00e1ndano peruano registraron un descenso durante el segundo trimestre de 2024, con 5.329 toneladas exportadas por un valor de US$ 29.7 millones. Esto representa una disminuci\u00f3n del 42% en volumen y del 25% en valor en comparaci\u00f3n con el mismo per\u00edodo del a\u00f1o anterior. A pesar de\u2026","rel":"","context":"En \u00abActualidad\u00bb","block_context":{"text":"Actualidad","link":"https:\/\/lahoradelcampo.com.uy\/site\/category\/actualidad\/"},"img":{"alt_text":"","src":"https:\/\/i0.wp.com\/lahoradelcampo.com.uy\/site\/wp-content\/uploads\/2019\/11\/arandanos.jpg?fit=880%2C440&ssl=1&resize=350%2C200","width":350,"height":200,"srcset":"https:\/\/i0.wp.com\/lahoradelcampo.com.uy\/site\/wp-content\/uploads\/2019\/11\/arandanos.jpg?fit=880%2C440&ssl=1&resize=350%2C200 1x, https:\/\/i0.wp.com\/lahoradelcampo.com.uy\/site\/wp-content\/uploads\/2019\/11\/arandanos.jpg?fit=880%2C440&ssl=1&resize=525%2C300 1.5x, https:\/\/i0.wp.com\/lahoradelcampo.com.uy\/site\/wp-content\/uploads\/2019\/11\/arandanos.jpg?fit=880%2C440&ssl=1&resize=700%2C400 2x"},"classes":[]},{"id":43711,"url":"https:\/\/lahoradelcampo.com.uy\/site\/se-abrio-un-nuevo-mercado-para-el-arandano-uruguayo\/","url_meta":{"origin":37251,"position":2},"title":"Se abri\u00f3 un nuevo mercado para el ar\u00e1ndano uruguayo","author":"La Hora del Campo","date":"11 julio, 2022","format":false,"excerpt":"La producci\u00f3n de ar\u00e1ndanos ha encontrado un nuevo canal de comercializaci\u00f3n en la pasada semana, con la apertura de Israel, como un destino de alto poder adquisitivo y al mismo tiempo muy exigente. De acuerdo al Ministerio de Relaciones Exteriores, dicho mercado ha quedado habilitado para la comercializaci\u00f3n de ar\u00e1ndanos\u2026","rel":"","context":"En \u00abActualidad\u00bb","block_context":{"text":"Actualidad","link":"https:\/\/lahoradelcampo.com.uy\/site\/category\/actualidad\/"},"img":{"alt_text":"","src":"https:\/\/i0.wp.com\/lahoradelcampo.com.uy\/site\/wp-content\/uploads\/2022\/07\/Arandanos-gamorel.jpg?fit=880%2C440&ssl=1&resize=350%2C200","width":350,"height":200,"srcset":"https:\/\/i0.wp.com\/lahoradelcampo.com.uy\/site\/wp-content\/uploads\/2022\/07\/Arandanos-gamorel.jpg?fit=880%2C440&ssl=1&resize=350%2C200 1x, https:\/\/i0.wp.com\/lahoradelcampo.com.uy\/site\/wp-content\/uploads\/2022\/07\/Arandanos-gamorel.jpg?fit=880%2C440&ssl=1&resize=525%2C300 1.5x, https:\/\/i0.wp.com\/lahoradelcampo.com.uy\/site\/wp-content\/uploads\/2022\/07\/Arandanos-gamorel.jpg?fit=880%2C440&ssl=1&resize=700%2C400 2x"},"classes":[]},{"id":24470,"url":"https:\/\/lahoradelcampo.com.uy\/site\/canasta-inteligente-destaca-los-arandanos-la-naranja-y-el-limon\/","url_meta":{"origin":37251,"position":3},"title":"Canasta inteligente destaca los Ar\u00e1ndanos, la naranja y el lim\u00f3n","author":"La Hora del Campo","date":"9 octubre, 2020","format":false,"excerpt":"En el caso del ar\u00e1ndano, la Canasta Inteligente del Mercado modelo destaca que esta peque\u00f1a fruta de la familia de las Ericaceae contiene un alto contenido de antioxidantes, lo que la hace muy interesante entre los alimentos saludables. Pertenece al grupo de los frutos rojos junto con la frutilla, la\u2026","rel":"","context":"En \u00abActualidad\u00bb","block_context":{"text":"Actualidad","link":"https:\/\/lahoradelcampo.com.uy\/site\/category\/actualidad\/"},"img":{"alt_text":"","src":"https:\/\/i0.wp.com\/lahoradelcampo.com.uy\/site\/wp-content\/uploads\/2019\/11\/arandanos.jpg?fit=880%2C440&ssl=1&resize=350%2C200","width":350,"height":200,"srcset":"https:\/\/i0.wp.com\/lahoradelcampo.com.uy\/site\/wp-content\/uploads\/2019\/11\/arandanos.jpg?fit=880%2C440&ssl=1&resize=350%2C200 1x, https:\/\/i0.wp.com\/lahoradelcampo.com.uy\/site\/wp-content\/uploads\/2019\/11\/arandanos.jpg?fit=880%2C440&ssl=1&resize=525%2C300 1.5x, https:\/\/i0.wp.com\/lahoradelcampo.com.uy\/site\/wp-content\/uploads\/2019\/11\/arandanos.jpg?fit=880%2C440&ssl=1&resize=700%2C400 2x"},"classes":[]},{"id":17348,"url":"https:\/\/lahoradelcampo.com.uy\/site\/uruguay-exporto-mas-de-72-millones-de-dolares-en-frutas\/","url_meta":{"origin":37251,"position":4},"title":"Uruguay export\u00f3 m\u00e1s de 72 millones de d\u00f3lares en frutas","author":"La Hora del Campo","date":"11 febrero, 2020","format":false,"excerpt":"En la feria Fruit Logistica Uruguay se posicion\u00f3 \u201ccomo un pa\u00eds hortifrut\u00edcola de alta calidad y nos afirmamos, en particular, en la producci\u00f3n familiar\u201d, dijo ayer el director ejecutivo de Uruguay XX, Antonio Car\u00e1mbula al cierre de la muestra que se extendi\u00f3 por tres d\u00edas. Uruguay export\u00f3 el a\u00f1o pasado\u2026","rel":"","context":"En \u00abActualidad\u00bb","block_context":{"text":"Actualidad","link":"https:\/\/lahoradelcampo.com.uy\/site\/category\/actualidad\/"},"img":{"alt_text":"","src":"https:\/\/i0.wp.com\/lahoradelcampo.com.uy\/site\/wp-content\/uploads\/2017\/10\/naranjas.jpg?fit=880%2C440&ssl=1&resize=350%2C200","width":350,"height":200,"srcset":"https:\/\/i0.wp.com\/lahoradelcampo.com.uy\/site\/wp-content\/uploads\/2017\/10\/naranjas.jpg?fit=880%2C440&ssl=1&resize=350%2C200 1x, https:\/\/i0.wp.com\/lahoradelcampo.com.uy\/site\/wp-content\/uploads\/2017\/10\/naranjas.jpg?fit=880%2C440&ssl=1&resize=525%2C300 1.5x, https:\/\/i0.wp.com\/lahoradelcampo.com.uy\/site\/wp-content\/uploads\/2017\/10\/naranjas.jpg?fit=880%2C440&ssl=1&resize=700%2C400 2x"},"classes":[]},{"id":45037,"url":"https:\/\/lahoradelcampo.com.uy\/site\/esperan-una-produccion-record-de-arandanos-en-ee-uu\/","url_meta":{"origin":37251,"position":5},"title":"Esperan una producci\u00f3n r\u00e9cord de ar\u00e1ndanos en EE.UU.","author":"La Hora del Campo","date":"29 agosto, 2022","format":false,"excerpt":"El estado de Washington en Estados Unidos, es el mayor productor de ar\u00e1ndanos del pa\u00eds, el 40% para consumo de fruta fresca y 60% como congelado, para su consumo durante todo el a\u00f1o. Para la presente zafra, la Comisi\u00f3n de Ar\u00e1ndanos de Washington prev\u00e9 la mayor cosecha que jam\u00e1s haya\u2026","rel":"","context":"En \u00abActualidad\u00bb","block_context":{"text":"Actualidad","link":"https:\/\/lahoradelcampo.com.uy\/site\/category\/actualidad\/"},"img":{"alt_text":"","src":"https:\/\/i0.wp.com\/lahoradelcampo.com.uy\/site\/wp-content\/uploads\/2021\/03\/ar%C3%A1ndanos.jpg?fit=880%2C440&ssl=1&resize=350%2C200","width":350,"height":200,"srcset":"https:\/\/i0.wp.com\/lahoradelcampo.com.uy\/site\/wp-content\/uploads\/2021\/03\/ar%C3%A1ndanos.jpg?fit=880%2C440&ssl=1&resize=350%2C200 1x, https:\/\/i0.wp.com\/lahoradelcampo.com.uy\/site\/wp-content\/uploads\/2021\/03\/ar%C3%A1ndanos.jpg?fit=880%2C440&ssl=1&resize=525%2C300 1.5x, https:\/\/i0.wp.com\/lahoradelcampo.com.uy\/site\/wp-content\/uploads\/2021\/03\/ar%C3%A1ndanos.jpg?fit=880%2C440&ssl=1&resize=700%2C400 2x"},"classes":[]}],"jetpack_likes_enabled":true,"_links":{"self":[{"href":"https:\/\/lahoradelcampo.com.uy\/site\/wp-json\/wp\/v2\/posts\/37251","targetHints":{"allow":["GET"]}}],"collection":[{"href":"https:\/\/lahoradelcampo.com.uy\/site\/wp-json\/wp\/v2\/posts"}],"about":[{"href":"https:\/\/lahoradelcampo.com.uy\/site\/wp-json\/wp\/v2\/types\/post"}],"author":[{"embeddable":true,"href":"https:\/\/lahoradelcampo.com.uy\/site\/wp-json\/wp\/v2\/users\/5"}],"replies":[{"embeddable":true,"href":"https:\/\/lahoradelcampo.com.uy\/site\/wp-json\/wp\/v2\/comments?post=37251"}],"version-history":[{"count":1,"href":"https:\/\/lahoradelcampo.com.uy\/site\/wp-json\/wp\/v2\/posts\/37251\/revisions"}],"predecessor-version":[{"id":37253,"href":"https:\/\/lahoradelcampo.com.uy\/site\/wp-json\/wp\/v2\/posts\/37251\/revisions\/37253"}],"wp:featuredmedia":[{"embeddable":true,"href":"https:\/\/lahoradelcampo.com.uy\/site\/wp-json\/wp\/v2\/media\/28444"}],"wp:attachment":[{"href":"https:\/\/lahoradelcampo.com.uy\/site\/wp-json\/wp\/v2\/media?parent=37251"}],"wp:term":[{"taxonomy":"category","embeddable":true,"href":"https:\/\/lahoradelcampo.com.uy\/site\/wp-json\/wp\/v2\/categories?post=37251"},{"taxonomy":"post_tag","embeddable":true,"href":"https:\/\/lahoradelcampo.com.uy\/site\/wp-json\/wp\/v2\/tags?post=37251"}],"curies":[{"name":"wp","href":"https:\/\/api.w.org\/{rel}","templated":true}]}}