{"id":37223,"date":"2021-12-06T07:19:57","date_gmt":"2021-12-06T10:19:57","guid":{"rendered":"http:\/\/lahoradelcampo.com.uy\/site\/?p=37223"},"modified":"2021-12-06T07:20:04","modified_gmt":"2021-12-06T10:20:04","slug":"exportaciones-de-lacteos-tuvieron-un-crecimiento-del-29-interanual","status":"publish","type":"post","link":"https:\/\/lahoradelcampo.com.uy\/site\/exportaciones-de-lacteos-tuvieron-un-crecimiento-del-29-interanual\/","title":{"rendered":"Exportaciones de l\u00e1cteos tuvieron un crecimiento del 29% interanual"},"content":{"rendered":"\n<figure class=\"wp-block-image\"><img data-recalc-dims=\"1\" loading=\"lazy\" decoding=\"async\" width=\"810\" height=\"405\" data-attachment-id=\"3573\" data-permalink=\"https:\/\/lahoradelcampo.com.uy\/site\/el-cordero-es-hasta-6-meses-eso-es-calidad-elite\/lecheria-6\/\" data-orig-file=\"https:\/\/i0.wp.com\/lahoradelcampo.com.uy\/site\/wp-content\/uploads\/2017\/11\/Lecheria.jpg?fit=880%2C440&amp;ssl=1\" data-orig-size=\"880,440\" data-comments-opened=\"1\" data-image-meta=\"{&quot;aperture&quot;:&quot;0&quot;,&quot;credit&quot;:&quot;Vicente-Manuel-Tort&quot;,&quot;camera&quot;:&quot;&quot;,&quot;caption&quot;:&quot;&quot;,&quot;created_timestamp&quot;:&quot;0&quot;,&quot;copyright&quot;:&quot;Presidencia de la Republica - Sec.Com.Inst.&quot;,&quot;focal_length&quot;:&quot;0&quot;,&quot;iso&quot;:&quot;0&quot;,&quot;shutter_speed&quot;:&quot;0&quot;,&quot;title&quot;:&quot;&quot;,&quot;orientation&quot;:&quot;1&quot;}\" data-image-title=\"Lecheria\" data-image-description=\"\" data-image-caption=\"\" data-large-file=\"https:\/\/i0.wp.com\/lahoradelcampo.com.uy\/site\/wp-content\/uploads\/2017\/11\/Lecheria.jpg?fit=810%2C405&amp;ssl=1\" src=\"https:\/\/i0.wp.com\/lahoradelcampo.com.uy\/site\/wp-content\/uploads\/2017\/11\/Lecheria.jpg?resize=810%2C405\" alt=\"\" class=\"wp-image-3573\" srcset=\"https:\/\/i0.wp.com\/lahoradelcampo.com.uy\/site\/wp-content\/uploads\/2017\/11\/Lecheria.jpg?w=880&amp;ssl=1 880w, https:\/\/i0.wp.com\/lahoradelcampo.com.uy\/site\/wp-content\/uploads\/2017\/11\/Lecheria.jpg?resize=300%2C150&amp;ssl=1 300w, https:\/\/i0.wp.com\/lahoradelcampo.com.uy\/site\/wp-content\/uploads\/2017\/11\/Lecheria.jpg?resize=768%2C384&amp;ssl=1 768w, https:\/\/i0.wp.com\/lahoradelcampo.com.uy\/site\/wp-content\/uploads\/2017\/11\/Lecheria.jpg?resize=820%2C410&amp;ssl=1 820w\" sizes=\"auto, (max-width: 810px) 100vw, 810px\" \/><\/figure>\n\n\n\n<p>Las ventas de productos l\u00e1cteos durante el pasado mes de noviembre, crecieron 29% en t\u00e9rminos interanuales, seg\u00fan el balance de las exportaciones durante el pasado mes de acuerdo al Instituto Uruguay XXI. <br><\/p>\n\n\n\n<p>Durante el 2021, en el acumulado de los 11 meses, las exportaciones crecieron un 14%. Seg\u00fan el trabajo mensual del instituto, los productos l\u00e1cteos son el cuarto rubro de exportaci\u00f3n del Uruguay, en este 2021.<br><\/p>\n\n\n\n<p>China fue el principal mercado en noviembre con una participaci\u00f3n del 27%, totalizando US$ 21 millones. <br><\/p>\n\n\n\n<p>Argelia se ubic\u00f3 en segundo lugar, con una participaci\u00f3n del 21%, alcanzando US$ 16 millones. <br><\/p>\n\n\n\n<p>Por su parte, Brasil tuvo una participaci\u00f3n del 17%. Las ventas alcanzaron los US$ 13 millones, registrando una  ca\u00edda de 53% en t\u00e9rminos interanuales. <br><\/p>\n\n\n\n<p>En particular, los productos l\u00e1cteos con mayor incidencia positiva en la variaci\u00f3n interanual fueron: leche con adici\u00f3n de az\u00facar (NCM 0402), cuya variaci\u00f3n mensual fue de 37%, leche sin adici\u00f3n de az\u00facar (0401) cuya variaci\u00f3n fue de 68%, manteca (NCM 0405) con una variaci\u00f3n de 41% y suero de manteca (NCM 0403) cuyo aumento fue de 3577%.<\/p>\n\n\n\n<p>Salto, 6 de diciembre de 2021<\/p>\n","protected":false},"excerpt":{"rendered":"<p>Las ventas de productos l\u00e1cteos durante el pasado mes de noviembre, crecieron 29% en t\u00e9rminos interanuales, seg\u00fan el balance de las exportaciones durante el pasado mes de acuerdo al Instituto [&hellip;]<\/p>\n","protected":false},"author":5,"featured_media":3573,"comment_status":"open","ping_status":"open","sticky":false,"template":"","format":"standard","meta":{"_price":"","_stock":"","_tribe_ticket_header":"","_tribe_default_ticket_provider":"","_tribe_ticket_capacity":"0","_ticket_start_date":"","_ticket_end_date":"","_tribe_ticket_show_description":"","_tribe_ticket_show_not_going":false,"_tribe_ticket_use_global_stock":"","_tribe_ticket_global_stock_level":"","_global_stock_mode":"","_global_stock_cap":"","_tribe_rsvp_for_event":"","_tribe_ticket_going_count":"","_tribe_ticket_not_going_count":"","_tribe_tickets_list":"[]","_tribe_ticket_has_attendee_info_fields":false,"h5ap_radio_sources":[],"_jetpack_newsletter_access":"","_jetpack_dont_email_post_to_subs":false,"_jetpack_newsletter_tier_id":0,"_jetpack_memberships_contains_paywalled_content":false,"_jetpack_memberships_contains_paid_content":false,"footnotes":""},"categories":[21,11],"tags":[],"class_list":["post-37223","post","type-post","status-publish","format-standard","has-post-thumbnail","hentry","category-actualidad","category-lecheria"],"jetpack_featured_media_url":"https:\/\/i0.wp.com\/lahoradelcampo.com.uy\/site\/wp-content\/uploads\/2017\/11\/Lecheria.jpg?fit=880%2C440&ssl=1","jetpack_sharing_enabled":true,"jetpack_shortlink":"https:\/\/wp.me\/p99IaT-9Gn","jetpack-related-posts":[{"id":2399,"url":"https:\/\/lahoradelcampo.com.uy\/site\/exportaciones-lacteas-crecieron-3-en-setiembre\/","url_meta":{"origin":37223,"position":0},"title":"Exportaciones l\u00e1cteas crecieron 3% en setiembre","author":"La Hora del Campo","date":"9 octubre, 2017","format":false,"excerpt":"Las exportaciones de l\u00e1cteos crecieron 3% en relaci\u00f3n a setiembre 2016 y se ubicaron como cuarto rubro de exportaci\u00f3n. El monto exportado rond\u00f3 los U$S 55 millones, y tuvo a Argelia como principal destino, con 36% de las colocaciones mensuales, relegando a Brasil que ven\u00eda siendo el principal destino para\u2026","rel":"","context":"En \u00abLecher\u00eda\u00bb","block_context":{"text":"Lecher\u00eda","link":"https:\/\/lahoradelcampo.com.uy\/site\/category\/lecheria\/"},"img":{"alt_text":"","src":"https:\/\/i0.wp.com\/lahoradelcampo.com.uy\/site\/wp-content\/uploads\/2017\/10\/Conaprole.jpg?fit=880%2C440&ssl=1&resize=350%2C200","width":350,"height":200,"srcset":"https:\/\/i0.wp.com\/lahoradelcampo.com.uy\/site\/wp-content\/uploads\/2017\/10\/Conaprole.jpg?fit=880%2C440&ssl=1&resize=350%2C200 1x, https:\/\/i0.wp.com\/lahoradelcampo.com.uy\/site\/wp-content\/uploads\/2017\/10\/Conaprole.jpg?fit=880%2C440&ssl=1&resize=525%2C300 1.5x, https:\/\/i0.wp.com\/lahoradelcampo.com.uy\/site\/wp-content\/uploads\/2017\/10\/Conaprole.jpg?fit=880%2C440&ssl=1&resize=700%2C400 2x"},"classes":[]},{"id":55379,"url":"https:\/\/lahoradelcampo.com.uy\/site\/facturacion-de-las-exportaciones-de-bienes-de-uruguay-crecieron-un-13\/","url_meta":{"origin":37223,"position":1},"title":"Facturaci\u00f3n de las exportaciones de bienes de Uruguay crecieron un 13%","author":"La Hora del Campo","date":"6 enero, 2025","format":false,"excerpt":"Cerrado el mes de diciembre, las exportaciones de bienes de Uruguay alcanzaron una facturaci\u00f3n de US$ 12.845 millones, lo que representa el segundo registr\u00f3 m\u00e1s alto de la \u00faltima d\u00e9cada y un crecimiento del 13% respecto a lo exportado durante 2023, seg\u00fan los datos de la Direcci\u00f3n Nacional de Aduanas,\u2026","rel":"","context":"En \u00abActualidad\u00bb","block_context":{"text":"Actualidad","link":"https:\/\/lahoradelcampo.com.uy\/site\/category\/actualidad\/"},"img":{"alt_text":"","src":"https:\/\/i0.wp.com\/lahoradelcampo.com.uy\/site\/wp-content\/uploads\/2025\/01\/Exportaciones2024.jpg?fit=880%2C440&ssl=1&resize=350%2C200","width":350,"height":200,"srcset":"https:\/\/i0.wp.com\/lahoradelcampo.com.uy\/site\/wp-content\/uploads\/2025\/01\/Exportaciones2024.jpg?fit=880%2C440&ssl=1&resize=350%2C200 1x, https:\/\/i0.wp.com\/lahoradelcampo.com.uy\/site\/wp-content\/uploads\/2025\/01\/Exportaciones2024.jpg?fit=880%2C440&ssl=1&resize=525%2C300 1.5x, https:\/\/i0.wp.com\/lahoradelcampo.com.uy\/site\/wp-content\/uploads\/2025\/01\/Exportaciones2024.jpg?fit=880%2C440&ssl=1&resize=700%2C400 2x"},"classes":[]},{"id":45225,"url":"https:\/\/lahoradelcampo.com.uy\/site\/exportaciones-crecieron-28-en-agosto-en-el-ano-un-375\/","url_meta":{"origin":37223,"position":2},"title":"Exportaciones crecieron 28% en agosto; en el a\u00f1o un 37,5%.","author":"La Hora del Campo","date":"5 septiembre, 2022","format":false,"excerpt":"En agosto las exportaciones volvieron a crecer, esta vez en un 28%, inform\u00f3 la Uni\u00f3n de Exportadores del Uruguay (UEU), en su \u00faltimo informe. El aumento acumulado en los \u00faltimos 8 meses es de 37,5%. En el desarrollo del informe de la UEU se se\u00f1ala que las solicitudes de exportaci\u00f3n\u2026","rel":"","context":"En \u00abActualidad\u00bb","block_context":{"text":"Actualidad","link":"https:\/\/lahoradelcampo.com.uy\/site\/category\/actualidad\/"},"img":{"alt_text":"","src":"https:\/\/i0.wp.com\/lahoradelcampo.com.uy\/site\/wp-content\/uploads\/2019\/05\/exportaciones.jpg?fit=880%2C440&ssl=1&resize=350%2C200","width":350,"height":200,"srcset":"https:\/\/i0.wp.com\/lahoradelcampo.com.uy\/site\/wp-content\/uploads\/2019\/05\/exportaciones.jpg?fit=880%2C440&ssl=1&resize=350%2C200 1x, https:\/\/i0.wp.com\/lahoradelcampo.com.uy\/site\/wp-content\/uploads\/2019\/05\/exportaciones.jpg?fit=880%2C440&ssl=1&resize=525%2C300 1.5x, https:\/\/i0.wp.com\/lahoradelcampo.com.uy\/site\/wp-content\/uploads\/2019\/05\/exportaciones.jpg?fit=880%2C440&ssl=1&resize=700%2C400 2x"},"classes":[]},{"id":4833,"url":"https:\/\/lahoradelcampo.com.uy\/site\/exportacion-de-lacteos-crecio-un-4-en-2017\/","url_meta":{"origin":37223,"position":3},"title":"Exportaci\u00f3n de l\u00e1cteos creci\u00f3 un 4% en 2017","author":"La Hora del Campo","date":"12 diciembre, 2017","format":false,"excerpt":"Los datos aportados por el Instituto Nacional de la Leche muestran un incremento del 4% en la facturaci\u00f3n final por la exportaci\u00f3n de productos l\u00e1cteos de Uruguay, que alcanza los U$S 587,8 millones entre los meses de enero y noviembre de 2017. A pesar de la ca\u00edda en los vol\u00famenes\u2026","rel":"","context":"En \u00abLecher\u00eda\u00bb","block_context":{"text":"Lecher\u00eda","link":"https:\/\/lahoradelcampo.com.uy\/site\/category\/lecheria\/"},"img":{"alt_text":"","src":"https:\/\/i0.wp.com\/lahoradelcampo.com.uy\/site\/wp-content\/uploads\/2017\/12\/Lacteos.jpg?fit=880%2C440&ssl=1&resize=350%2C200","width":350,"height":200,"srcset":"https:\/\/i0.wp.com\/lahoradelcampo.com.uy\/site\/wp-content\/uploads\/2017\/12\/Lacteos.jpg?fit=880%2C440&ssl=1&resize=350%2C200 1x, https:\/\/i0.wp.com\/lahoradelcampo.com.uy\/site\/wp-content\/uploads\/2017\/12\/Lacteos.jpg?fit=880%2C440&ssl=1&resize=525%2C300 1.5x, https:\/\/i0.wp.com\/lahoradelcampo.com.uy\/site\/wp-content\/uploads\/2017\/12\/Lacteos.jpg?fit=880%2C440&ssl=1&resize=700%2C400 2x"},"classes":[]},{"id":55090,"url":"https:\/\/lahoradelcampo.com.uy\/site\/facturacion-de-las-exportaciones-de-lacteos-cayeron-un-2-en-octubre\/","url_meta":{"origin":37223,"position":4},"title":"Facturaci\u00f3n de las exportaciones de l\u00e1cteos cayeron un 2% en octubre","author":"La Hora del Campo","date":"11 noviembre, 2024","format":false,"excerpt":"En octubre de 2024, la facturaci\u00f3n por exportaciones l\u00e1cteas de Uruguay registr\u00f3 una ca\u00edda del 2% en comparaci\u00f3n con el mismo mes del a\u00f1o anterior, reflejando la disminuci\u00f3n de los precios de los principales productos exportados, seg\u00fan el informe del Instituto Nacional de la Leche (INALE). La reducci\u00f3n se concentr\u00f3\u2026","rel":"","context":"En \u00abActualidad\u00bb","block_context":{"text":"Actualidad","link":"https:\/\/lahoradelcampo.com.uy\/site\/category\/actualidad\/"},"img":{"alt_text":"","src":"https:\/\/i0.wp.com\/lahoradelcampo.com.uy\/site\/wp-content\/uploads\/2017\/12\/Lacteos.jpg?fit=880%2C440&ssl=1&resize=350%2C200","width":350,"height":200,"srcset":"https:\/\/i0.wp.com\/lahoradelcampo.com.uy\/site\/wp-content\/uploads\/2017\/12\/Lacteos.jpg?fit=880%2C440&ssl=1&resize=350%2C200 1x, https:\/\/i0.wp.com\/lahoradelcampo.com.uy\/site\/wp-content\/uploads\/2017\/12\/Lacteos.jpg?fit=880%2C440&ssl=1&resize=525%2C300 1.5x, https:\/\/i0.wp.com\/lahoradelcampo.com.uy\/site\/wp-content\/uploads\/2017\/12\/Lacteos.jpg?fit=880%2C440&ssl=1&resize=700%2C400 2x"},"classes":[]},{"id":53843,"url":"https:\/\/lahoradelcampo.com.uy\/site\/descenso-en-las-exportaciones-de-lacteos-de-uruguay-durante-abril\/","url_meta":{"origin":37223,"position":5},"title":"Descenso en las exportaciones de l\u00e1cteos de Uruguay durante abril","author":"La Hora del Campo","date":"10 mayo, 2024","format":false,"excerpt":"El Instituto Nacional de la Leche (INALE) ha revelado cifras preocupantes respecto a las exportaciones l\u00e1cteas de Uruguay durante el mes de abril del a\u00f1o en curso. Seg\u00fan el informe presentado, la facturaci\u00f3n recibida por exportaciones ha experimentado un descenso del 16%, lo que refleja una notable disminuci\u00f3n en los\u2026","rel":"","context":"En \u00abActualidad\u00bb","block_context":{"text":"Actualidad","link":"https:\/\/lahoradelcampo.com.uy\/site\/category\/actualidad\/"},"img":{"alt_text":"","src":"https:\/\/i0.wp.com\/lahoradelcampo.com.uy\/site\/wp-content\/uploads\/2024\/05\/Exportacioneslacteasabril.jpg?fit=880%2C440&ssl=1&resize=350%2C200","width":350,"height":200,"srcset":"https:\/\/i0.wp.com\/lahoradelcampo.com.uy\/site\/wp-content\/uploads\/2024\/05\/Exportacioneslacteasabril.jpg?fit=880%2C440&ssl=1&resize=350%2C200 1x, https:\/\/i0.wp.com\/lahoradelcampo.com.uy\/site\/wp-content\/uploads\/2024\/05\/Exportacioneslacteasabril.jpg?fit=880%2C440&ssl=1&resize=525%2C300 1.5x, https:\/\/i0.wp.com\/lahoradelcampo.com.uy\/site\/wp-content\/uploads\/2024\/05\/Exportacioneslacteasabril.jpg?fit=880%2C440&ssl=1&resize=700%2C400 2x"},"classes":[]}],"jetpack_likes_enabled":true,"_links":{"self":[{"href":"https:\/\/lahoradelcampo.com.uy\/site\/wp-json\/wp\/v2\/posts\/37223","targetHints":{"allow":["GET"]}}],"collection":[{"href":"https:\/\/lahoradelcampo.com.uy\/site\/wp-json\/wp\/v2\/posts"}],"about":[{"href":"https:\/\/lahoradelcampo.com.uy\/site\/wp-json\/wp\/v2\/types\/post"}],"author":[{"embeddable":true,"href":"https:\/\/lahoradelcampo.com.uy\/site\/wp-json\/wp\/v2\/users\/5"}],"replies":[{"embeddable":true,"href":"https:\/\/lahoradelcampo.com.uy\/site\/wp-json\/wp\/v2\/comments?post=37223"}],"version-history":[{"count":1,"href":"https:\/\/lahoradelcampo.com.uy\/site\/wp-json\/wp\/v2\/posts\/37223\/revisions"}],"predecessor-version":[{"id":37225,"href":"https:\/\/lahoradelcampo.com.uy\/site\/wp-json\/wp\/v2\/posts\/37223\/revisions\/37225"}],"wp:featuredmedia":[{"embeddable":true,"href":"https:\/\/lahoradelcampo.com.uy\/site\/wp-json\/wp\/v2\/media\/3573"}],"wp:attachment":[{"href":"https:\/\/lahoradelcampo.com.uy\/site\/wp-json\/wp\/v2\/media?parent=37223"}],"wp:term":[{"taxonomy":"category","embeddable":true,"href":"https:\/\/lahoradelcampo.com.uy\/site\/wp-json\/wp\/v2\/categories?post=37223"},{"taxonomy":"post_tag","embeddable":true,"href":"https:\/\/lahoradelcampo.com.uy\/site\/wp-json\/wp\/v2\/tags?post=37223"}],"curies":[{"name":"wp","href":"https:\/\/api.w.org\/{rel}","templated":true}]}}