{"id":37213,"date":"2021-12-06T07:15:12","date_gmt":"2021-12-06T10:15:12","guid":{"rendered":"http:\/\/lahoradelcampo.com.uy\/site\/?p=37213"},"modified":"2021-12-06T07:15:16","modified_gmt":"2021-12-06T10:15:16","slug":"llego-a-la-uam-las-primeras-partidas-de-sandia-de-rivera","status":"publish","type":"post","link":"https:\/\/lahoradelcampo.com.uy\/site\/llego-a-la-uam-las-primeras-partidas-de-sandia-de-rivera\/","title":{"rendered":"Lleg\u00f3 a la UAM las primeras partidas de Sand\u00eda de Rivera"},"content":{"rendered":"\n<figure class=\"wp-block-image\"><img data-recalc-dims=\"1\" loading=\"lazy\" decoding=\"async\" width=\"810\" height=\"405\" data-attachment-id=\"37215\" data-permalink=\"https:\/\/lahoradelcampo.com.uy\/site\/llego-a-la-uam-las-primeras-partidas-de-sandia-de-rivera\/sandias-rivera\/\" data-orig-file=\"https:\/\/i0.wp.com\/lahoradelcampo.com.uy\/site\/wp-content\/uploads\/2021\/12\/Sandias-Rivera.jpg?fit=880%2C440&amp;ssl=1\" data-orig-size=\"880,440\" data-comments-opened=\"1\" data-image-meta=\"{&quot;aperture&quot;:&quot;0&quot;,&quot;credit&quot;:&quot;&quot;,&quot;camera&quot;:&quot;&quot;,&quot;caption&quot;:&quot;&quot;,&quot;created_timestamp&quot;:&quot;0&quot;,&quot;copyright&quot;:&quot;&quot;,&quot;focal_length&quot;:&quot;0&quot;,&quot;iso&quot;:&quot;0&quot;,&quot;shutter_speed&quot;:&quot;0&quot;,&quot;title&quot;:&quot;&quot;,&quot;orientation&quot;:&quot;1&quot;}\" data-image-title=\"Sandias-Rivera\" data-image-description=\"\" data-image-caption=\"\" data-large-file=\"https:\/\/i0.wp.com\/lahoradelcampo.com.uy\/site\/wp-content\/uploads\/2021\/12\/Sandias-Rivera.jpg?fit=810%2C405&amp;ssl=1\" src=\"https:\/\/i0.wp.com\/lahoradelcampo.com.uy\/site\/wp-content\/uploads\/2021\/12\/Sandias-Rivera.jpg?resize=810%2C405\" alt=\"\" class=\"wp-image-37215\" srcset=\"https:\/\/i0.wp.com\/lahoradelcampo.com.uy\/site\/wp-content\/uploads\/2021\/12\/Sandias-Rivera.jpg?w=880&amp;ssl=1 880w, https:\/\/i0.wp.com\/lahoradelcampo.com.uy\/site\/wp-content\/uploads\/2021\/12\/Sandias-Rivera.jpg?resize=300%2C150&amp;ssl=1 300w, https:\/\/i0.wp.com\/lahoradelcampo.com.uy\/site\/wp-content\/uploads\/2021\/12\/Sandias-Rivera.jpg?resize=768%2C384&amp;ssl=1 768w, https:\/\/i0.wp.com\/lahoradelcampo.com.uy\/site\/wp-content\/uploads\/2021\/12\/Sandias-Rivera.jpg?resize=820%2C410&amp;ssl=1 820w\" sizes=\"auto, (max-width: 810px) 100vw, 810px\" \/><\/figure>\n\n\n\n<p>La pasada semana se instalaron los primeros dos productores de sand\u00edas de la zona de Tranqueras, departamento de Rivera, lo que signific\u00f3 el inicio de la zafra de esta fruta. <br><\/p>\n\n\n\n<p>Esta semana se completar\u00eda la llegada de la totalidad de los productores que ya tiene asignado un puesto en la Plaza de Sand\u00edas.<br><\/p>\n\n\n\n<p>Los valores informados al cierre de la semana, posicionan las referencias de precios entre $ 20 y $ 24 el kilogramo al mayorista, lo que representa una baja del 31,4% respecto a la semana anterior. <\/p>\n\n\n\n<p>Salto, 6 de diciembre de 2021<\/p>\n","protected":false},"excerpt":{"rendered":"<p>La pasada semana se instalaron los primeros dos productores de sand\u00edas de la zona de Tranqueras, departamento de Rivera, lo que signific\u00f3 el inicio de la zafra de esta fruta. [&hellip;]<\/p>\n","protected":false},"author":5,"featured_media":37215,"comment_status":"open","ping_status":"open","sticky":false,"template":"","format":"standard","meta":{"_price":"","_stock":"","_tribe_ticket_header":"","_tribe_default_ticket_provider":"","_tribe_ticket_capacity":"0","_ticket_start_date":"","_ticket_end_date":"","_tribe_ticket_show_description":"","_tribe_ticket_show_not_going":false,"_tribe_ticket_use_global_stock":"","_tribe_ticket_global_stock_level":"","_global_stock_mode":"","_global_stock_cap":"","_tribe_rsvp_for_event":"","_tribe_ticket_going_count":"","_tribe_ticket_not_going_count":"","_tribe_tickets_list":"[]","_tribe_ticket_has_attendee_info_fields":false,"h5ap_radio_sources":[],"_jetpack_newsletter_access":"","_jetpack_dont_email_post_to_subs":false,"_jetpack_newsletter_tier_id":0,"_jetpack_memberships_contains_paywalled_content":false,"_jetpack_memberships_contains_paid_content":false,"footnotes":""},"categories":[21,9],"tags":[],"class_list":["post-37213","post","type-post","status-publish","format-standard","has-post-thumbnail","hentry","category-actualidad","category-granja"],"jetpack_featured_media_url":"https:\/\/i0.wp.com\/lahoradelcampo.com.uy\/site\/wp-content\/uploads\/2021\/12\/Sandias-Rivera.jpg?fit=880%2C440&ssl=1","jetpack_sharing_enabled":true,"jetpack_shortlink":"https:\/\/wp.me\/p99IaT-9Gd","jetpack-related-posts":[{"id":55179,"url":"https:\/\/lahoradelcampo.com.uy\/site\/comenzo-la-zafra-de-sandias-con-la-llegada-de-las-primeras-partidas-desde-rivera\/","url_meta":{"origin":37213,"position":0},"title":"Comenz\u00f3 la zafra de sand\u00edas con la llegada de las primeras partidas desde Rivera","author":"La Hora del Campo","date":"30 noviembre, 2024","format":false,"excerpt":"El inicio de la zafra de sand\u00edas en la Unidad Agroalimentaria Metropolitana (UAM) marca un cambio en la din\u00e1mica del mercado de frutas esta semana, con el ingreso del primer productor de Tranqueras, Rivera, el pasado jueves. La llegada de la producci\u00f3n riverense impulsa la oferta de sand\u00edas del tipo\u2026","rel":"","context":"En \u00abActualidad\u00bb","block_context":{"text":"Actualidad","link":"https:\/\/lahoradelcampo.com.uy\/site\/category\/actualidad\/"},"img":{"alt_text":"","src":"https:\/\/i0.wp.com\/lahoradelcampo.com.uy\/site\/wp-content\/uploads\/2024\/11\/Sandias-UAM.jpg?fit=880%2C440&ssl=1&resize=350%2C200","width":350,"height":200,"srcset":"https:\/\/i0.wp.com\/lahoradelcampo.com.uy\/site\/wp-content\/uploads\/2024\/11\/Sandias-UAM.jpg?fit=880%2C440&ssl=1&resize=350%2C200 1x, https:\/\/i0.wp.com\/lahoradelcampo.com.uy\/site\/wp-content\/uploads\/2024\/11\/Sandias-UAM.jpg?fit=880%2C440&ssl=1&resize=525%2C300 1.5x, https:\/\/i0.wp.com\/lahoradelcampo.com.uy\/site\/wp-content\/uploads\/2024\/11\/Sandias-UAM.jpg?fit=880%2C440&ssl=1&resize=700%2C400 2x"},"classes":[]},{"id":24938,"url":"https:\/\/lahoradelcampo.com.uy\/site\/ingresaron-esta-semana-las-primeras-partidas-de-sandias-al-mercado-salteno\/","url_meta":{"origin":37213,"position":1},"title":"Ingresaron esta semana las primeras partidas de sand\u00edas al mercado salte\u00f1o","author":"La Hora del Campo","date":"23 octubre, 2020","format":false,"excerpt":"El buen clima de la semana enlentenci\u00f3 la operativa del mercado granjero salte\u00f1o, que present\u00f3 las primeras partidas de sand\u00edas y de durazno, dando comienzo a la zafra de ambas frutas. En el caso del durazno fue con partidas de mediana calidad. Como es habitual los compradores llegaron desde las\u2026","rel":"","context":"En \u00abActualidad\u00bb","block_context":{"text":"Actualidad","link":"https:\/\/lahoradelcampo.com.uy\/site\/category\/actualidad\/"},"img":{"alt_text":"","src":"https:\/\/i0.wp.com\/lahoradelcampo.com.uy\/site\/wp-content\/uploads\/2017\/12\/Sandia.jpg?fit=880%2C440&ssl=1&resize=350%2C200","width":350,"height":200,"srcset":"https:\/\/i0.wp.com\/lahoradelcampo.com.uy\/site\/wp-content\/uploads\/2017\/12\/Sandia.jpg?fit=880%2C440&ssl=1&resize=350%2C200 1x, https:\/\/i0.wp.com\/lahoradelcampo.com.uy\/site\/wp-content\/uploads\/2017\/12\/Sandia.jpg?fit=880%2C440&ssl=1&resize=525%2C300 1.5x, https:\/\/i0.wp.com\/lahoradelcampo.com.uy\/site\/wp-content\/uploads\/2017\/12\/Sandia.jpg?fit=880%2C440&ssl=1&resize=700%2C400 2x"},"classes":[]},{"id":46703,"url":"https:\/\/lahoradelcampo.com.uy\/site\/se-incrementa-la-oferta-de-frutas-con-las-altas-temperaturas\/","url_meta":{"origin":37213,"position":2},"title":"Se incrementa la oferta de frutas  con las altas temperaturas","author":"La Hora del Campo","date":"31 octubre, 2022","format":false,"excerpt":"Las temperaturas en aumento, ha generado un incremento en la oferta de frutas de estaci\u00f3n, principalmente en la llegada de nuevas partidas de diferentes frutas, en la Unidad Agroalimentaria Metropolitana (UAM) como puede ser el caso de la frutilla, el durazno, el mel\u00f3n y la sand\u00eda. La zafra de frutillas\u2026","rel":"","context":"En \u00abActualidad\u00bb","block_context":{"text":"Actualidad","link":"https:\/\/lahoradelcampo.com.uy\/site\/category\/actualidad\/"},"img":{"alt_text":"","src":"https:\/\/i0.wp.com\/lahoradelcampo.com.uy\/site\/wp-content\/uploads\/2019\/04\/Frutillas.jpg?fit=880%2C440&ssl=1&resize=350%2C200","width":350,"height":200,"srcset":"https:\/\/i0.wp.com\/lahoradelcampo.com.uy\/site\/wp-content\/uploads\/2019\/04\/Frutillas.jpg?fit=880%2C440&ssl=1&resize=350%2C200 1x, https:\/\/i0.wp.com\/lahoradelcampo.com.uy\/site\/wp-content\/uploads\/2019\/04\/Frutillas.jpg?fit=880%2C440&ssl=1&resize=525%2C300 1.5x, https:\/\/i0.wp.com\/lahoradelcampo.com.uy\/site\/wp-content\/uploads\/2019\/04\/Frutillas.jpg?fit=880%2C440&ssl=1&resize=700%2C400 2x"},"classes":[]},{"id":55124,"url":"https:\/\/lahoradelcampo.com.uy\/site\/crece-la-oferta-de-frutas-de-estacion-y-bajan-los-precios\/","url_meta":{"origin":37213,"position":3},"title":"Crece la oferta de frutas de estaci\u00f3n y bajan los precios","author":"La Hora del Campo","date":"16 noviembre, 2024","format":false,"excerpt":"Durante la semana del 9 al 15 de noviembre de 2024, el reporte de la Unidad Agroalimentaria Metropolitana (UAM) destac\u00f3 importantes cambios en el mercado de frutas y hortalizas en Uruguay. Este per\u00edodo estuvo marcado por el ingreso masivo de frutas de estaci\u00f3n, como berries y frutas de huerta, as\u00ed\u2026","rel":"","context":"En \u00abActualidad\u00bb","block_context":{"text":"Actualidad","link":"https:\/\/lahoradelcampo.com.uy\/site\/category\/actualidad\/"},"img":{"alt_text":"","src":"https:\/\/i0.wp.com\/lahoradelcampo.com.uy\/site\/wp-content\/uploads\/2024\/11\/frutasdeestacion.jpg?fit=880%2C440&ssl=1&resize=350%2C200","width":350,"height":200,"srcset":"https:\/\/i0.wp.com\/lahoradelcampo.com.uy\/site\/wp-content\/uploads\/2024\/11\/frutasdeestacion.jpg?fit=880%2C440&ssl=1&resize=350%2C200 1x, https:\/\/i0.wp.com\/lahoradelcampo.com.uy\/site\/wp-content\/uploads\/2024\/11\/frutasdeestacion.jpg?fit=880%2C440&ssl=1&resize=525%2C300 1.5x, https:\/\/i0.wp.com\/lahoradelcampo.com.uy\/site\/wp-content\/uploads\/2024\/11\/frutasdeestacion.jpg?fit=880%2C440&ssl=1&resize=700%2C400 2x"},"classes":[]},{"id":18770,"url":"https:\/\/lahoradelcampo.com.uy\/site\/mercado-lanero-australiano-cambio-la-tendencia-y-cerro-al-alza-esta-semana\/","url_meta":{"origin":37213,"position":4},"title":"Mercado lanero australiano cambi\u00f3 la tendencia y cerr\u00f3 al alza esta semana","author":"La Hora del Campo","date":"9 abril, 2020","format":false,"excerpt":"Luego de registrar cuatro remates consecutivos a la baja, que ha llevado al Indicador de Mercados del Este (IME) por debajo de los US$ 8,00, esta semana el mercado lanero australiano cerr\u00f3 en terreno positivo recuperando ocho centavos en la suma de los dos d\u00edas de ventas. Este quiebre en\u2026","rel":"","context":"En \u00abActualidad\u00bb","block_context":{"text":"Actualidad","link":"https:\/\/lahoradelcampo.com.uy\/site\/category\/actualidad\/"},"img":{"alt_text":"","src":"https:\/\/i0.wp.com\/lahoradelcampo.com.uy\/site\/wp-content\/uploads\/2017\/09\/Lanas-a.jpg?fit=880%2C440&ssl=1&resize=350%2C200","width":350,"height":200,"srcset":"https:\/\/i0.wp.com\/lahoradelcampo.com.uy\/site\/wp-content\/uploads\/2017\/09\/Lanas-a.jpg?fit=880%2C440&ssl=1&resize=350%2C200 1x, https:\/\/i0.wp.com\/lahoradelcampo.com.uy\/site\/wp-content\/uploads\/2017\/09\/Lanas-a.jpg?fit=880%2C440&ssl=1&resize=525%2C300 1.5x, https:\/\/i0.wp.com\/lahoradelcampo.com.uy\/site\/wp-content\/uploads\/2017\/09\/Lanas-a.jpg?fit=880%2C440&ssl=1&resize=700%2C400 2x"},"classes":[]},{"id":21354,"url":"https:\/\/lahoradelcampo.com.uy\/site\/alta-oferta-y-poca-demanda-de-frutilla-en-la-ultima-semana\/","url_meta":{"origin":37213,"position":5},"title":"Alta oferta y poca demanda  de frutilla en la \u00faltima semana","author":"La Hora del Campo","date":"29 junio, 2020","format":false,"excerpt":"De acuerdo al informe elaborado por Avanza Salto Hort\u00edcola para la pasada semana del mercado granjero salte\u00f1o, indica una operativa lenta debido principalmente al clima en la zona. A medida que cambio el clima y se acerc\u00f3 el fin de semana las ventas comenzaron a mejorar, con compradores habituales de\u2026","rel":"","context":"En \u00abActualidad\u00bb","block_context":{"text":"Actualidad","link":"https:\/\/lahoradelcampo.com.uy\/site\/category\/actualidad\/"},"img":{"alt_text":"","src":"https:\/\/i0.wp.com\/lahoradelcampo.com.uy\/site\/wp-content\/uploads\/2017\/11\/Frutilla.jpg?fit=880%2C440&ssl=1&resize=350%2C200","width":350,"height":200,"srcset":"https:\/\/i0.wp.com\/lahoradelcampo.com.uy\/site\/wp-content\/uploads\/2017\/11\/Frutilla.jpg?fit=880%2C440&ssl=1&resize=350%2C200 1x, https:\/\/i0.wp.com\/lahoradelcampo.com.uy\/site\/wp-content\/uploads\/2017\/11\/Frutilla.jpg?fit=880%2C440&ssl=1&resize=525%2C300 1.5x, https:\/\/i0.wp.com\/lahoradelcampo.com.uy\/site\/wp-content\/uploads\/2017\/11\/Frutilla.jpg?fit=880%2C440&ssl=1&resize=700%2C400 2x"},"classes":[]}],"jetpack_likes_enabled":true,"_links":{"self":[{"href":"https:\/\/lahoradelcampo.com.uy\/site\/wp-json\/wp\/v2\/posts\/37213","targetHints":{"allow":["GET"]}}],"collection":[{"href":"https:\/\/lahoradelcampo.com.uy\/site\/wp-json\/wp\/v2\/posts"}],"about":[{"href":"https:\/\/lahoradelcampo.com.uy\/site\/wp-json\/wp\/v2\/types\/post"}],"author":[{"embeddable":true,"href":"https:\/\/lahoradelcampo.com.uy\/site\/wp-json\/wp\/v2\/users\/5"}],"replies":[{"embeddable":true,"href":"https:\/\/lahoradelcampo.com.uy\/site\/wp-json\/wp\/v2\/comments?post=37213"}],"version-history":[{"count":1,"href":"https:\/\/lahoradelcampo.com.uy\/site\/wp-json\/wp\/v2\/posts\/37213\/revisions"}],"predecessor-version":[{"id":37217,"href":"https:\/\/lahoradelcampo.com.uy\/site\/wp-json\/wp\/v2\/posts\/37213\/revisions\/37217"}],"wp:featuredmedia":[{"embeddable":true,"href":"https:\/\/lahoradelcampo.com.uy\/site\/wp-json\/wp\/v2\/media\/37215"}],"wp:attachment":[{"href":"https:\/\/lahoradelcampo.com.uy\/site\/wp-json\/wp\/v2\/media?parent=37213"}],"wp:term":[{"taxonomy":"category","embeddable":true,"href":"https:\/\/lahoradelcampo.com.uy\/site\/wp-json\/wp\/v2\/categories?post=37213"},{"taxonomy":"post_tag","embeddable":true,"href":"https:\/\/lahoradelcampo.com.uy\/site\/wp-json\/wp\/v2\/tags?post=37213"}],"curies":[{"name":"wp","href":"https:\/\/api.w.org\/{rel}","templated":true}]}}