{"id":37207,"date":"2021-12-06T07:12:24","date_gmt":"2021-12-06T10:12:24","guid":{"rendered":"http:\/\/lahoradelcampo.com.uy\/site\/?p=37207"},"modified":"2021-12-06T07:12:29","modified_gmt":"2021-12-06T10:12:29","slug":"lanas-acondicionadas-grifa-verde-superan-10-millones-de-kilos","status":"publish","type":"post","link":"https:\/\/lahoradelcampo.com.uy\/site\/lanas-acondicionadas-grifa-verde-superan-10-millones-de-kilos\/","title":{"rendered":"Lanas acondicionadas grifa verde superan 10 millones de kilos"},"content":{"rendered":"\n<figure class=\"wp-block-image\"><img data-recalc-dims=\"1\" loading=\"lazy\" decoding=\"async\" width=\"810\" height=\"405\" data-attachment-id=\"37209\" data-permalink=\"https:\/\/lahoradelcampo.com.uy\/site\/lanas-acondicionadas-grifa-verde-superan-10-millones-de-kilos\/lana-esquilas\/\" data-orig-file=\"https:\/\/i0.wp.com\/lahoradelcampo.com.uy\/site\/wp-content\/uploads\/2021\/12\/Lana-Esquilas.jpg?fit=880%2C440&amp;ssl=1\" data-orig-size=\"880,440\" data-comments-opened=\"1\" data-image-meta=\"{&quot;aperture&quot;:&quot;0&quot;,&quot;credit&quot;:&quot;&quot;,&quot;camera&quot;:&quot;&quot;,&quot;caption&quot;:&quot;&quot;,&quot;created_timestamp&quot;:&quot;0&quot;,&quot;copyright&quot;:&quot;&quot;,&quot;focal_length&quot;:&quot;0&quot;,&quot;iso&quot;:&quot;0&quot;,&quot;shutter_speed&quot;:&quot;0&quot;,&quot;title&quot;:&quot;&quot;,&quot;orientation&quot;:&quot;1&quot;}\" data-image-title=\"Lana-Esquilas\" data-image-description=\"\" data-image-caption=\"\" data-large-file=\"https:\/\/i0.wp.com\/lahoradelcampo.com.uy\/site\/wp-content\/uploads\/2021\/12\/Lana-Esquilas.jpg?fit=810%2C405&amp;ssl=1\" src=\"https:\/\/i0.wp.com\/lahoradelcampo.com.uy\/site\/wp-content\/uploads\/2021\/12\/Lana-Esquilas.jpg?resize=810%2C405\" alt=\"\" class=\"wp-image-37209\" srcset=\"https:\/\/i0.wp.com\/lahoradelcampo.com.uy\/site\/wp-content\/uploads\/2021\/12\/Lana-Esquilas.jpg?w=880&amp;ssl=1 880w, https:\/\/i0.wp.com\/lahoradelcampo.com.uy\/site\/wp-content\/uploads\/2021\/12\/Lana-Esquilas.jpg?resize=300%2C150&amp;ssl=1 300w, https:\/\/i0.wp.com\/lahoradelcampo.com.uy\/site\/wp-content\/uploads\/2021\/12\/Lana-Esquilas.jpg?resize=768%2C384&amp;ssl=1 768w, https:\/\/i0.wp.com\/lahoradelcampo.com.uy\/site\/wp-content\/uploads\/2021\/12\/Lana-Esquilas.jpg?resize=820%2C410&amp;ssl=1 820w\" sizes=\"auto, (max-width: 810px) 100vw, 810px\" \/><\/figure>\n\n\n\n<p>De acuerdo al Sistema Integral del Rubro Ovino (SIRO) la esquila para la zafra 2021-2022 lleva cosechados 10.409.290 kilos de lanas, bajo el protocolo de acondicionamiento grifa verde, ya que \u00fanicamente est\u00e1n habilitadas para cargar la informaci\u00f3n las m\u00e1quinas acreditadas para realizar dicho acondicionamiento.<\/p>\n\n\n\n<p>En la zafra anterior se hab\u00edan cosechado poco m\u00e1s de 12 millones de kilogramos, seg\u00fan inform\u00f3 el T\u00e9cnico Agropecuario Carlos Piovani, coordinador del \u00e1rea de esquilas del Secretariado Uruguayo de la Lana (SUL). El t\u00e9cnico explic\u00f3 que en esta zafra se han encontrado con m\u00e1quinas que no pose\u00edan balanzas para el pesaje de los fardos, por lo que existen registros en el sistema, sin el volumen. Ante esta situaci\u00f3n estimo que los vol\u00famenes actuales serian muy similares a los de la zafra pasada. <br><\/p>\n\n\n\n<p>Salto representa el 30,88% del total esquilado, Artigas el 22,41% y Paysand\u00fa el 18,54%, siendo estos los tres principales departamentos con ovinos a nivel pa\u00eds.<br><\/p>\n\n\n\n<p>La informaci\u00f3n publicada por el SUL a trav\u00e9s de dicha plataforma indica que se han cosechado 5 millones de kilos de lana de la raza Merino Australiano, en tanto que las lanas Corriedale son 2,2 millones y la Ideal 1,3 millones de kilogramos.<br><\/p>\n\n\n\n<p>En Salto, se han cosechado 3.214.463 kilogramos, con 2 millones de kilos de lana Merino Australiano, 522,4 mil kilos de lana Ideal y 352 mil kilos de lana Corriedale.<br><\/p>\n\n\n\n<p>Negocios de lana<br><\/p>\n\n\n\n<p>En otro orden, el SUL inform\u00f3 varios negocios en lanas finas durante la \u00faltima semana, en un mercado, seg\u00fan se indica en el informe, continua con el movimiento en lanas superfinas aunque se enlentece respecto a semanas anteriores mientras que en lanas finas se realizan negocios pero para lanas m\u00e1s gruesas todav\u00eda son muy escasos.<br><\/p>\n\n\n\n<p>Lote de 20.5 a US$ 6.00\/1.00 subproductos grifa verde.<br><\/p>\n\n\n\n<p>Lote de 20.5 a US$ 7.00\/1.00 subproductos grifa verde RWS<br><\/p>\n\n\n\n<p>Lote compuesto de una parte de 20.9 micras y otra de 21.6 micras a US$ 5.80 m\u00e1s US$ 1.00 subproducto grifa verde.<br><\/p>\n\n\n\n<p>Lotes en el eje de 21.5 micras a US$ 4.20\/4.30 sin acondicionar.<br><\/p>\n\n\n\n<p>Lote de 22.5 a US$ 5.30\/1.00 subproductos grifa verde.<br><\/p>\n\n\n\n<p>Lote de 23 a US$ 5.00\/1.00 subproductos grifa verde.<br><\/p>\n\n\n\n<p>Lote de 23.5 micras a US$ 4.80 con US$ 1.00 subproducto grifa verde con rendimiento del 79.5%.<br><\/p>\n\n\n\n<p>Lote de 23.8 a US$ 5.00\/1.00 subproductos, grifa verde.<br><\/p>\n\n\n\n<p>Varios lotes entre 28 y 29 micras a US$ 1.30 sin acondicionar. <\/p>\n\n\n\n<p>Salto, 6 de diciembre de 2021<\/p>\n","protected":false},"excerpt":{"rendered":"<p>De acuerdo al Sistema Integral del Rubro Ovino (SIRO) la esquila para la zafra 2021-2022 lleva cosechados 10.409.290 kilos de lanas, bajo el protocolo de acondicionamiento grifa verde, ya que [&hellip;]<\/p>\n","protected":false},"author":5,"featured_media":37209,"comment_status":"open","ping_status":"open","sticky":false,"template":"","format":"standard","meta":{"_price":"","_stock":"","_tribe_ticket_header":"","_tribe_default_ticket_provider":"","_tribe_ticket_capacity":"0","_ticket_start_date":"","_ticket_end_date":"","_tribe_ticket_show_description":"","_tribe_ticket_show_not_going":false,"_tribe_ticket_use_global_stock":"","_tribe_ticket_global_stock_level":"","_global_stock_mode":"","_global_stock_cap":"","_tribe_rsvp_for_event":"","_tribe_ticket_going_count":"","_tribe_ticket_not_going_count":"","_tribe_tickets_list":"[]","_tribe_ticket_has_attendee_info_fields":false,"h5ap_radio_sources":[],"_jetpack_newsletter_access":"","_jetpack_dont_email_post_to_subs":false,"_jetpack_newsletter_tier_id":0,"_jetpack_memberships_contains_paywalled_content":false,"_jetpack_memberships_contains_paid_content":false,"footnotes":""},"categories":[21,13],"tags":[],"class_list":["post-37207","post","type-post","status-publish","format-standard","has-post-thumbnail","hentry","category-actualidad","category-ovinos"],"jetpack_featured_media_url":"https:\/\/i0.wp.com\/lahoradelcampo.com.uy\/site\/wp-content\/uploads\/2021\/12\/Lana-Esquilas.jpg?fit=880%2C440&ssl=1","jetpack_sharing_enabled":true,"jetpack_shortlink":"https:\/\/wp.me\/p99IaT-9G7","jetpack-related-posts":[{"id":35927,"url":"https:\/\/lahoradelcampo.com.uy\/site\/la-esquila-2021-2022-suma-7-402-887-kilos-grifa-verde\/","url_meta":{"origin":37207,"position":0},"title":"La esquila 2021-2022 suma 7.402.887 kilos grifa verde","author":"La Hora del Campo","date":"26 octubre, 2021","format":false,"excerpt":"De acuerdo al Sistema Integral del Rubro Ovino (SIRO) la esquila para la zafra 2021-2022 lleva cosechados 7.402.887 kilos de lanas, bajo el protocolo de acondicionamiento grifa verde, ya que \u00fanicamente est\u00e1n habilitadas para cargar la informaci\u00f3n las m\u00e1quinas acreditadas para realizar dicho acondicionamiento. Salto representa el 29,24% del total\u2026","rel":"","context":"En \u00abActualidad\u00bb","block_context":{"text":"Actualidad","link":"https:\/\/lahoradelcampo.com.uy\/site\/category\/actualidad\/"},"img":{"alt_text":"","src":"https:\/\/i0.wp.com\/lahoradelcampo.com.uy\/site\/wp-content\/uploads\/2021\/10\/Lanamerino.jpg?fit=880%2C440&ssl=1&resize=350%2C200","width":350,"height":200,"srcset":"https:\/\/i0.wp.com\/lahoradelcampo.com.uy\/site\/wp-content\/uploads\/2021\/10\/Lanamerino.jpg?fit=880%2C440&ssl=1&resize=350%2C200 1x, https:\/\/i0.wp.com\/lahoradelcampo.com.uy\/site\/wp-content\/uploads\/2021\/10\/Lanamerino.jpg?fit=880%2C440&ssl=1&resize=525%2C300 1.5x, https:\/\/i0.wp.com\/lahoradelcampo.com.uy\/site\/wp-content\/uploads\/2021\/10\/Lanamerino.jpg?fit=880%2C440&ssl=1&resize=700%2C400 2x"},"classes":[]},{"id":44341,"url":"https:\/\/lahoradelcampo.com.uy\/site\/en-2021-22-se-cosecho-115-millones-de-kilos-de-lana-grifa-verde\/","url_meta":{"origin":37207,"position":1},"title":"En 2021-22 se cosech\u00f3 11,5 millones  de kilos de lana grifa verde","author":"La Hora del Campo","date":"29 julio, 2022","format":false,"excerpt":"De acuerdo a los datos publicados por el Sistema Integral del Rubro Ovino (SIRO), durante la zafra 2021-22 se cosecharon a nivel pa\u00eds 11.508.144 kilos de lana acondicionada grifa verde. El departamento de Salto responde por el 30,66% del total, es decir 3.528.814 kilogramos. Las lanas merinas son la predominantes\u2026","rel":"","context":"En \u00abActualidad\u00bb","block_context":{"text":"Actualidad","link":"https:\/\/lahoradelcampo.com.uy\/site\/category\/actualidad\/"},"img":{"alt_text":"","src":"https:\/\/i0.wp.com\/lahoradelcampo.com.uy\/site\/wp-content\/uploads\/2021\/06\/lanasul.jpg?fit=880%2C440&ssl=1&resize=350%2C200","width":350,"height":200,"srcset":"https:\/\/i0.wp.com\/lahoradelcampo.com.uy\/site\/wp-content\/uploads\/2021\/06\/lanasul.jpg?fit=880%2C440&ssl=1&resize=350%2C200 1x, https:\/\/i0.wp.com\/lahoradelcampo.com.uy\/site\/wp-content\/uploads\/2021\/06\/lanasul.jpg?fit=880%2C440&ssl=1&resize=525%2C300 1.5x, https:\/\/i0.wp.com\/lahoradelcampo.com.uy\/site\/wp-content\/uploads\/2021\/06\/lanasul.jpg?fit=880%2C440&ssl=1&resize=700%2C400 2x"},"classes":[]},{"id":39873,"url":"https:\/\/lahoradelcampo.com.uy\/site\/11-352-944-kilos-de-lana-fueron-cosechadas-grifa-verde\/","url_meta":{"origin":37207,"position":2},"title":"11.352.944 kilos de lana fueron cosechadas grifa verde","author":"La Hora del Campo","date":"15 marzo, 2022","format":false,"excerpt":"En la presente zafra 2021-2022 el Secretariado Uruguayo de la Lana (SUL) puso en marcha el Sistema Integral del Rubro Ovino (SIRO), donde se actualiza peri\u00f3dicamente la informaci\u00f3n de la cosecha de lana por parte de las m\u00e1quinas de esquila con acondicionamiento grifa verde. Hasta la jornada de ayer, lunes\u2026","rel":"","context":"En \u00abActualidad\u00bb","block_context":{"text":"Actualidad","link":"https:\/\/lahoradelcampo.com.uy\/site\/category\/actualidad\/"},"img":{"alt_text":"","src":"https:\/\/i0.wp.com\/lahoradelcampo.com.uy\/site\/wp-content\/uploads\/2021\/06\/LanasItalianStyle.jpg?fit=880%2C440&ssl=1&resize=350%2C200","width":350,"height":200,"srcset":"https:\/\/i0.wp.com\/lahoradelcampo.com.uy\/site\/wp-content\/uploads\/2021\/06\/LanasItalianStyle.jpg?fit=880%2C440&ssl=1&resize=350%2C200 1x, https:\/\/i0.wp.com\/lahoradelcampo.com.uy\/site\/wp-content\/uploads\/2021\/06\/LanasItalianStyle.jpg?fit=880%2C440&ssl=1&resize=525%2C300 1.5x, https:\/\/i0.wp.com\/lahoradelcampo.com.uy\/site\/wp-content\/uploads\/2021\/06\/LanasItalianStyle.jpg?fit=880%2C440&ssl=1&resize=700%2C400 2x"},"classes":[]},{"id":56414,"url":"https:\/\/lahoradelcampo.com.uy\/site\/la-esquila-grifa-verde-cayo-225-en-2024-segun-el-siro\/","url_meta":{"origin":37207,"position":3},"title":"La esquila grifa verde cay\u00f3 22,5% en 2024 seg\u00fan el SIRO","author":"La Hora del Campo","date":"31 julio, 2025","format":false,"excerpt":"Hoy viernes 1 de agosto, se realizar\u00e1 en el predio de la Asociaci\u00f3n Agropecuaria de Cerro Largo, el lanzamiento de la zafra ovina 2025, con la presencia de autoridades nacionales y departamentales. La actividad es simb\u00f3lica, debido a que las esquilas ya han comenzado en distintos puntos del pa\u00eds donde\u2026","rel":"","context":"En \u00abActualidad\u00bb","block_context":{"text":"Actualidad","link":"https:\/\/lahoradelcampo.com.uy\/site\/category\/actualidad\/"},"img":{"alt_text":"","src":"https:\/\/i0.wp.com\/lahoradelcampo.com.uy\/site\/wp-content\/uploads\/2025\/08\/lanagrifaverde.jpg?fit=880%2C440&ssl=1&resize=350%2C200","width":350,"height":200,"srcset":"https:\/\/i0.wp.com\/lahoradelcampo.com.uy\/site\/wp-content\/uploads\/2025\/08\/lanagrifaverde.jpg?fit=880%2C440&ssl=1&resize=350%2C200 1x, https:\/\/i0.wp.com\/lahoradelcampo.com.uy\/site\/wp-content\/uploads\/2025\/08\/lanagrifaverde.jpg?fit=880%2C440&ssl=1&resize=525%2C300 1.5x, https:\/\/i0.wp.com\/lahoradelcampo.com.uy\/site\/wp-content\/uploads\/2025\/08\/lanagrifaverde.jpg?fit=880%2C440&ssl=1&resize=700%2C400 2x"},"classes":[]},{"id":41647,"url":"https:\/\/lahoradelcampo.com.uy\/site\/el-585-de-los-ovinos-del-pais-se-esquilan-grifa-verde\/","url_meta":{"origin":37207,"position":4},"title":"El 58,5% de los ovinos del pa\u00eds se esquilan grifa verde","author":"La Hora del Campo","date":"10 mayo, 2022","format":false,"excerpt":"De acuerdo al relevamiento que realiza el Secretariado Uruguayo de la Lana (SUL), en la \u00faltima zafra de esquila el 58,5% de los ovinos en el pa\u00eds han pasado por las empresas acreditadas para realizar las esquilas grifa verde, a lo que se debe sumar el volumen procesado por las\u2026","rel":"","context":"En \u00abActualidad\u00bb","block_context":{"text":"Actualidad","link":"https:\/\/lahoradelcampo.com.uy\/site\/category\/actualidad\/"},"img":{"alt_text":"","src":"https:\/\/i0.wp.com\/lahoradelcampo.com.uy\/site\/wp-content\/uploads\/2019\/06\/Esquiladores.jpg?fit=880%2C440&ssl=1&resize=350%2C200","width":350,"height":200,"srcset":"https:\/\/i0.wp.com\/lahoradelcampo.com.uy\/site\/wp-content\/uploads\/2019\/06\/Esquiladores.jpg?fit=880%2C440&ssl=1&resize=350%2C200 1x, https:\/\/i0.wp.com\/lahoradelcampo.com.uy\/site\/wp-content\/uploads\/2019\/06\/Esquiladores.jpg?fit=880%2C440&ssl=1&resize=525%2C300 1.5x, https:\/\/i0.wp.com\/lahoradelcampo.com.uy\/site\/wp-content\/uploads\/2019\/06\/Esquiladores.jpg?fit=880%2C440&ssl=1&resize=700%2C400 2x"},"classes":[]},{"id":54071,"url":"https:\/\/lahoradelcampo.com.uy\/site\/la-zafra-ovina-se-inauguraen-el-tercer-departamento-mas-ovejero\/","url_meta":{"origin":37207,"position":5},"title":"La zafra ovina se inaugura en el tercer departamento m\u00e1s ovejero","author":"La Hora del Campo","date":"27 julio, 2024","format":false,"excerpt":"El viernes 2 de agosto el Secretariado Uruguayo de la Lana (SUL) realizar\u00e1 la inauguraci\u00f3n de la zafra ovina 2024\/25 en el tercer departamento m\u00e1s ovejero del pa\u00eds y el que responde por el 16,6% del total de lanas esquiladas grifa verde durante el a\u00f1o 2023, seg\u00fan los datos del\u2026","rel":"","context":"En \u00abActualidad\u00bb","block_context":{"text":"Actualidad","link":"https:\/\/lahoradelcampo.com.uy\/site\/category\/actualidad\/"},"img":{"alt_text":"","src":"https:\/\/i0.wp.com\/lahoradelcampo.com.uy\/site\/wp-content\/uploads\/2024\/07\/merino-lana.jpg?fit=880%2C440&ssl=1&resize=350%2C200","width":350,"height":200,"srcset":"https:\/\/i0.wp.com\/lahoradelcampo.com.uy\/site\/wp-content\/uploads\/2024\/07\/merino-lana.jpg?fit=880%2C440&ssl=1&resize=350%2C200 1x, https:\/\/i0.wp.com\/lahoradelcampo.com.uy\/site\/wp-content\/uploads\/2024\/07\/merino-lana.jpg?fit=880%2C440&ssl=1&resize=525%2C300 1.5x, https:\/\/i0.wp.com\/lahoradelcampo.com.uy\/site\/wp-content\/uploads\/2024\/07\/merino-lana.jpg?fit=880%2C440&ssl=1&resize=700%2C400 2x"},"classes":[]}],"jetpack_likes_enabled":true,"_links":{"self":[{"href":"https:\/\/lahoradelcampo.com.uy\/site\/wp-json\/wp\/v2\/posts\/37207","targetHints":{"allow":["GET"]}}],"collection":[{"href":"https:\/\/lahoradelcampo.com.uy\/site\/wp-json\/wp\/v2\/posts"}],"about":[{"href":"https:\/\/lahoradelcampo.com.uy\/site\/wp-json\/wp\/v2\/types\/post"}],"author":[{"embeddable":true,"href":"https:\/\/lahoradelcampo.com.uy\/site\/wp-json\/wp\/v2\/users\/5"}],"replies":[{"embeddable":true,"href":"https:\/\/lahoradelcampo.com.uy\/site\/wp-json\/wp\/v2\/comments?post=37207"}],"version-history":[{"count":1,"href":"https:\/\/lahoradelcampo.com.uy\/site\/wp-json\/wp\/v2\/posts\/37207\/revisions"}],"predecessor-version":[{"id":37211,"href":"https:\/\/lahoradelcampo.com.uy\/site\/wp-json\/wp\/v2\/posts\/37207\/revisions\/37211"}],"wp:featuredmedia":[{"embeddable":true,"href":"https:\/\/lahoradelcampo.com.uy\/site\/wp-json\/wp\/v2\/media\/37209"}],"wp:attachment":[{"href":"https:\/\/lahoradelcampo.com.uy\/site\/wp-json\/wp\/v2\/media?parent=37207"}],"wp:term":[{"taxonomy":"category","embeddable":true,"href":"https:\/\/lahoradelcampo.com.uy\/site\/wp-json\/wp\/v2\/categories?post=37207"},{"taxonomy":"post_tag","embeddable":true,"href":"https:\/\/lahoradelcampo.com.uy\/site\/wp-json\/wp\/v2\/tags?post=37207"}],"curies":[{"name":"wp","href":"https:\/\/api.w.org\/{rel}","templated":true}]}}