{"id":37193,"date":"2021-12-03T12:30:15","date_gmt":"2021-12-03T15:30:15","guid":{"rendered":"http:\/\/lahoradelcampo.com.uy\/site\/?p=37193"},"modified":"2021-12-03T12:34:36","modified_gmt":"2021-12-03T15:34:36","slug":"se-presento-proyecto-para-asegurar-la-faena-ante-medidas-gremiales","status":"publish","type":"post","link":"https:\/\/lahoradelcampo.com.uy\/site\/se-presento-proyecto-para-asegurar-la-faena-ante-medidas-gremiales\/","title":{"rendered":"Se present\u00f3 proyecto para asegurar la faena ante medidas gremiales"},"content":{"rendered":"\n<figure class=\"wp-block-image\"><img data-recalc-dims=\"1\" loading=\"lazy\" decoding=\"async\" width=\"810\" height=\"405\" data-attachment-id=\"37195\" data-permalink=\"https:\/\/lahoradelcampo.com.uy\/site\/se-presento-proyecto-para-asegurar-la-faena-ante-medidas-gremiales\/carlosmoreno-carlucho\/\" data-orig-file=\"https:\/\/i0.wp.com\/lahoradelcampo.com.uy\/site\/wp-content\/uploads\/2021\/12\/CarlosMoreno-carlucho.jpg?fit=880%2C440&amp;ssl=1\" data-orig-size=\"880,440\" data-comments-opened=\"1\" data-image-meta=\"{&quot;aperture&quot;:&quot;0&quot;,&quot;credit&quot;:&quot;&quot;,&quot;camera&quot;:&quot;&quot;,&quot;caption&quot;:&quot;&quot;,&quot;created_timestamp&quot;:&quot;0&quot;,&quot;copyright&quot;:&quot;&quot;,&quot;focal_length&quot;:&quot;0&quot;,&quot;iso&quot;:&quot;0&quot;,&quot;shutter_speed&quot;:&quot;0&quot;,&quot;title&quot;:&quot;&quot;,&quot;orientation&quot;:&quot;1&quot;}\" data-image-title=\"CarlosMoreno-carlucho\" data-image-description=\"\" data-image-caption=\"\" data-large-file=\"https:\/\/i0.wp.com\/lahoradelcampo.com.uy\/site\/wp-content\/uploads\/2021\/12\/CarlosMoreno-carlucho.jpg?fit=810%2C405&amp;ssl=1\" src=\"https:\/\/i0.wp.com\/lahoradelcampo.com.uy\/site\/wp-content\/uploads\/2021\/12\/CarlosMoreno-carlucho.jpg?resize=810%2C405\" alt=\"\" class=\"wp-image-37195\" srcset=\"https:\/\/i0.wp.com\/lahoradelcampo.com.uy\/site\/wp-content\/uploads\/2021\/12\/CarlosMoreno-carlucho.jpg?w=880&amp;ssl=1 880w, https:\/\/i0.wp.com\/lahoradelcampo.com.uy\/site\/wp-content\/uploads\/2021\/12\/CarlosMoreno-carlucho.jpg?resize=300%2C150&amp;ssl=1 300w, https:\/\/i0.wp.com\/lahoradelcampo.com.uy\/site\/wp-content\/uploads\/2021\/12\/CarlosMoreno-carlucho.jpg?resize=768%2C384&amp;ssl=1 768w, https:\/\/i0.wp.com\/lahoradelcampo.com.uy\/site\/wp-content\/uploads\/2021\/12\/CarlosMoreno-carlucho.jpg?resize=820%2C410&amp;ssl=1 820w\" sizes=\"auto, (max-width: 810px) 100vw, 810px\" \/><\/figure>\n\n\n\n<p>El Diputado Juan Moreno, de Paysand\u00fa, present\u00f3 un proyecto para que los Ministerios de Trabajo y Ganader\u00eda, Agricultura y Pesca, regulen una normativa que asegure la faena de animales ante medidas gremiales como las acontecidas recientemente. <\/p>\n\n\n\n<p>El proyecto de resoluci\u00f3n del diputado exhorta a ambos ministerios, a que se haga cumplir la ley de protecci\u00f3n y bienestar animal y que se regulen las acciones que perjudiquen esta ley.<\/p>\n\n\n\n<p>A ra\u00edz de las medidas adoptadas por el sindicato de la industria frigor\u00edfica durante la semana pasada, el diputado entiende que se deben acordar mecanismos que garanticen, la faena de los animales de producci\u00f3n que ya hayan sido ingresados a las plantas de industrializaci\u00f3n.<br><\/p>\n\n\n\n<p>La semana pasada hubo tres d\u00edas de paro de actividades de faena, cuando los animales ya estaban en muchas plantas frigor\u00edficas prontos para faenar, lo que hizo que deban permanecer en dichas plantas de faena. Al continuarse con las medidas de paro durante dos d\u00edas m\u00e1s, esos animales no pudieron ser faenados y debieron, en muchos casos, ser devueltos a sus establecimientos.<br><\/p>\n\n\n\n<p>En ese sentido, el diputado Moreno entiende que el Ministerio de Trabajo y el Ministerio de Ganader\u00eda, deben \u201cgenerar un marco de responsabilidad respecto del bienestar animal\u201d y solicit\u00f3 que \u201cse fomente una regulaci\u00f3n\u201d para garantizar el bienestar animal y la faena de los animales que ya est\u00e1n en planta al momento de una medida gremial.<\/p>\n\n\n\n<div class=\"wp-block-file\"><a href=\"http:\/\/lahoradelcampo.com.uy\/site\/wp-content\/uploads\/2021\/12\/Proyecto-de-Resolucion-Bienestar-Animal-Moreno.pdf\">Proyecto de Resolucion- Bienestar Animal- Moreno<\/a><a href=\"http:\/\/lahoradelcampo.com.uy\/site\/wp-content\/uploads\/2021\/12\/Proyecto-de-Resolucion-Bienestar-Animal-Moreno.pdf\" class=\"wp-block-file__button\" download>Descarga<\/a><\/div>\n\n\n\n<p>Salto, 3 de diciembre de 2021<\/p>\n","protected":false},"excerpt":{"rendered":"<p>El Diputado Juan Moreno, de Paysand\u00fa, present\u00f3 un proyecto para que los Ministerios de Trabajo y Ganader\u00eda, Agricultura y Pesca, regulen una normativa que asegure la faena de animales ante [&hellip;]<\/p>\n","protected":false},"author":5,"featured_media":37195,"comment_status":"open","ping_status":"open","sticky":false,"template":"","format":"standard","meta":{"_price":"","_stock":"","_tribe_ticket_header":"","_tribe_default_ticket_provider":"","_tribe_ticket_capacity":"0","_ticket_start_date":"","_ticket_end_date":"","_tribe_ticket_show_description":"","_tribe_ticket_show_not_going":false,"_tribe_ticket_use_global_stock":"","_tribe_ticket_global_stock_level":"","_global_stock_mode":"","_global_stock_cap":"","_tribe_rsvp_for_event":"","_tribe_ticket_going_count":"","_tribe_ticket_not_going_count":"","_tribe_tickets_list":"[]","_tribe_ticket_has_attendee_info_fields":false,"h5ap_radio_sources":[],"_jetpack_newsletter_access":"","_jetpack_dont_email_post_to_subs":false,"_jetpack_newsletter_tier_id":0,"_jetpack_memberships_contains_paywalled_content":false,"_jetpack_memberships_contains_paid_content":false,"footnotes":""},"categories":[21,5],"tags":[],"class_list":["post-37193","post","type-post","status-publish","format-standard","has-post-thumbnail","hentry","category-actualidad","category-ganaderia"],"jetpack_featured_media_url":"https:\/\/i0.wp.com\/lahoradelcampo.com.uy\/site\/wp-content\/uploads\/2021\/12\/CarlosMoreno-carlucho.jpg?fit=880%2C440&ssl=1","jetpack_sharing_enabled":true,"jetpack_shortlink":"https:\/\/wp.me\/p99IaT-9FT","jetpack-related-posts":[{"id":41223,"url":"https:\/\/lahoradelcampo.com.uy\/site\/diputado-sanducero-presento-proyecto-para-faena-en-predios-familiares\/","url_meta":{"origin":37193,"position":0},"title":"Diputado sanducero present\u00f3 proyecto para  faena en predios familiares","author":"La Hora del Campo","date":"27 abril, 2022","format":false,"excerpt":"Juan Carlos Moreno, diputado por el departamento de Paysand\u00fa, present\u00f3 la pasada semana un Proyecto de Ley que pretende habilitar la faena de animales de granja en predios familiares, planteo que surge desde la Mesa de Desarrollo Rural de Paysand\u00fa y que fue uno de los temas discutidos sobre el\u2026","rel":"","context":"En \u00abActualidad\u00bb","block_context":{"text":"Actualidad","link":"https:\/\/lahoradelcampo.com.uy\/site\/category\/actualidad\/"},"img":{"alt_text":"","src":"https:\/\/i0.wp.com\/lahoradelcampo.com.uy\/site\/wp-content\/uploads\/2021\/12\/CarlosMoreno-carlucho.jpg?fit=880%2C440&ssl=1&resize=350%2C200","width":350,"height":200,"srcset":"https:\/\/i0.wp.com\/lahoradelcampo.com.uy\/site\/wp-content\/uploads\/2021\/12\/CarlosMoreno-carlucho.jpg?fit=880%2C440&ssl=1&resize=350%2C200 1x, https:\/\/i0.wp.com\/lahoradelcampo.com.uy\/site\/wp-content\/uploads\/2021\/12\/CarlosMoreno-carlucho.jpg?fit=880%2C440&ssl=1&resize=525%2C300 1.5x, https:\/\/i0.wp.com\/lahoradelcampo.com.uy\/site\/wp-content\/uploads\/2021\/12\/CarlosMoreno-carlucho.jpg?fit=880%2C440&ssl=1&resize=700%2C400 2x"},"classes":[]},{"id":47207,"url":"https:\/\/lahoradelcampo.com.uy\/site\/se-aprobo-el-proyecto-de-faena-predial-en-senadores\/","url_meta":{"origin":37193,"position":1},"title":"Se aprob\u00f3 el proyecto de faena predial en Senadores","author":"La Hora del Campo","date":"23 noviembre, 2022","format":false,"excerpt":"El proyecto de ley sobre faena predial y traslado de productos hacia la ciudad, presentado por el diputado sanducero Juan Moreno, fue aprobado en la jornada de ayer en la C\u00e1mara de Senadores. Por lo cual el proyecto que fue aprobado con media sanci\u00f3n en Diputados ahora pasar\u00e1 l Poder\u2026","rel":"","context":"En \u00abActualidad\u00bb","block_context":{"text":"Actualidad","link":"https:\/\/lahoradelcampo.com.uy\/site\/category\/actualidad\/"},"img":{"alt_text":"","src":"https:\/\/i0.wp.com\/lahoradelcampo.com.uy\/site\/wp-content\/uploads\/2021\/12\/CarlosMoreno-carlucho.jpg?fit=880%2C440&ssl=1&resize=350%2C200","width":350,"height":200,"srcset":"https:\/\/i0.wp.com\/lahoradelcampo.com.uy\/site\/wp-content\/uploads\/2021\/12\/CarlosMoreno-carlucho.jpg?fit=880%2C440&ssl=1&resize=350%2C200 1x, https:\/\/i0.wp.com\/lahoradelcampo.com.uy\/site\/wp-content\/uploads\/2021\/12\/CarlosMoreno-carlucho.jpg?fit=880%2C440&ssl=1&resize=525%2C300 1.5x, https:\/\/i0.wp.com\/lahoradelcampo.com.uy\/site\/wp-content\/uploads\/2021\/12\/CarlosMoreno-carlucho.jpg?fit=880%2C440&ssl=1&resize=700%2C400 2x"},"classes":[]},{"id":48491,"url":"https:\/\/lahoradelcampo.com.uy\/site\/alemania-avanza-en-su-sistema-de-faena-movil-en-uruguay-no-funciona\/","url_meta":{"origin":37193,"position":2},"title":"Alemania avanza en su sistema de faena m\u00f3vil, en Uruguay no funciona","author":"La Hora del Campo","date":"1 febrero, 2023","format":false,"excerpt":"En Uruguay se ha presentado hace 10 a\u00f1os, una planta de faena m\u00f3vil por parte de INAC, que se encuentra en las instalaciones de la Facultad de Veterinaria en la Ruta 1, sin funcionar, mientras que se ha discutido en los \u00faltimos a\u00f1os sobre la faena y comercializaci\u00f3n de los\u2026","rel":"","context":"En \u00abActualidad\u00bb","block_context":{"text":"Actualidad","link":"https:\/\/lahoradelcampo.com.uy\/site\/category\/actualidad\/"},"img":{"alt_text":"","src":"https:\/\/i0.wp.com\/lahoradelcampo.com.uy\/site\/wp-content\/uploads\/2023\/02\/FAENAMOVIL-INAC-1.jpg?fit=1200%2C800&ssl=1&resize=350%2C200","width":350,"height":200,"srcset":"https:\/\/i0.wp.com\/lahoradelcampo.com.uy\/site\/wp-content\/uploads\/2023\/02\/FAENAMOVIL-INAC-1.jpg?fit=1200%2C800&ssl=1&resize=350%2C200 1x, https:\/\/i0.wp.com\/lahoradelcampo.com.uy\/site\/wp-content\/uploads\/2023\/02\/FAENAMOVIL-INAC-1.jpg?fit=1200%2C800&ssl=1&resize=525%2C300 1.5x, https:\/\/i0.wp.com\/lahoradelcampo.com.uy\/site\/wp-content\/uploads\/2023\/02\/FAENAMOVIL-INAC-1.jpg?fit=1200%2C800&ssl=1&resize=700%2C400 2x, https:\/\/i0.wp.com\/lahoradelcampo.com.uy\/site\/wp-content\/uploads\/2023\/02\/FAENAMOVIL-INAC-1.jpg?fit=1200%2C800&ssl=1&resize=1050%2C600 3x"},"classes":[]},{"id":55234,"url":"https:\/\/lahoradelcampo.com.uy\/site\/inauguraron-la-primera-sala-de-faena-artesanal-predial-al-norte-del-rio-negro\/","url_meta":{"origin":37193,"position":3},"title":"Inauguraron la primera sala de faena artesanal predial al norte del r\u00edo Negro","author":"La Hora del Campo","date":"9 diciembre, 2024","format":false,"excerpt":"El jueves, en el predio de la familia Brasesco\u2013G\u00f3mez, en Paso Guerrero, departamento de Paysand\u00fa, se inaugur\u00f3 la primera sala de faena artesanal predial al norte del r\u00edo Negro, d\u00edas atr\u00e1s en el departamento de Florida, en el predio del Dr. Daniel Castells, se inaugur\u00f3 la primera planta en el\u2026","rel":"","context":"En \u00abActualidad\u00bb","block_context":{"text":"Actualidad","link":"https:\/\/lahoradelcampo.com.uy\/site\/category\/actualidad\/"},"img":{"alt_text":"","src":"https:\/\/i0.wp.com\/lahoradelcampo.com.uy\/site\/wp-content\/uploads\/2024\/10\/productoresfamiliares.jpg?fit=880%2C440&ssl=1&resize=350%2C200","width":350,"height":200,"srcset":"https:\/\/i0.wp.com\/lahoradelcampo.com.uy\/site\/wp-content\/uploads\/2024\/10\/productoresfamiliares.jpg?fit=880%2C440&ssl=1&resize=350%2C200 1x, https:\/\/i0.wp.com\/lahoradelcampo.com.uy\/site\/wp-content\/uploads\/2024\/10\/productoresfamiliares.jpg?fit=880%2C440&ssl=1&resize=525%2C300 1.5x, https:\/\/i0.wp.com\/lahoradelcampo.com.uy\/site\/wp-content\/uploads\/2024\/10\/productoresfamiliares.jpg?fit=880%2C440&ssl=1&resize=700%2C400 2x"},"classes":[]},{"id":18974,"url":"https:\/\/lahoradelcampo.com.uy\/site\/diputado-sanducero-propone-el-16-de-abril-como-el-dia-del-productor-rural\/","url_meta":{"origin":37193,"position":4},"title":"Diputado sanducero propone el 16 de abril como el d\u00eda del productor rural","author":"La Hora del Campo","date":"17 abril, 2020","format":false,"excerpt":"El proyecto de ley cont\u00f3 con el respaldo y la firma de diputados de todos los partidos pol\u00edticos que actualmente tienen representaci\u00f3n parlamentaria. El diputado del Partido Colorado (Ciudadanos), del departamento de Paysand\u00fa, Juan Carlos Moreno, present\u00f3 un proyecto de ley, para que se declare el 16 de abril como\u2026","rel":"","context":"En \u00abActualidad\u00bb","block_context":{"text":"Actualidad","link":"https:\/\/lahoradelcampo.com.uy\/site\/category\/actualidad\/"},"img":{"alt_text":"","src":"https:\/\/i0.wp.com\/lahoradelcampo.com.uy\/site\/wp-content\/uploads\/2020\/03\/productores.jpg?fit=880%2C440&ssl=1&resize=350%2C200","width":350,"height":200,"srcset":"https:\/\/i0.wp.com\/lahoradelcampo.com.uy\/site\/wp-content\/uploads\/2020\/03\/productores.jpg?fit=880%2C440&ssl=1&resize=350%2C200 1x, https:\/\/i0.wp.com\/lahoradelcampo.com.uy\/site\/wp-content\/uploads\/2020\/03\/productores.jpg?fit=880%2C440&ssl=1&resize=525%2C300 1.5x, https:\/\/i0.wp.com\/lahoradelcampo.com.uy\/site\/wp-content\/uploads\/2020\/03\/productores.jpg?fit=880%2C440&ssl=1&resize=700%2C400 2x"},"classes":[]},{"id":55367,"url":"https:\/\/lahoradelcampo.com.uy\/site\/inba-constato-muerte-de-tres-animales-por-medidas-sindicales\/","url_meta":{"origin":37193,"position":5},"title":"INBA constat\u00f3 muerte de tres animales por medidas sindicales","author":"La Hora del Campo","date":"3 enero, 2025","format":false,"excerpt":"El Instituto Nacional de Bienestar Animal (INBA) realiz\u00f3 pocos d\u00edas atr\u00e1s, un comunicado advirtiendo la \"profunda preocupaci\u00f3n\" ante el efecto negativo de las medidas gremiales en la industria frigor\u00edfica, sobre el bienestar de los animales que quedan sin faenar en los corrales. En este sentido comenz\u00f3 a realizar un relevamiento\u2026","rel":"","context":"En \u00abActualidad\u00bb","block_context":{"text":"Actualidad","link":"https:\/\/lahoradelcampo.com.uy\/site\/category\/actualidad\/"},"img":{"alt_text":"","src":"https:\/\/i0.wp.com\/lahoradelcampo.com.uy\/site\/wp-content\/uploads\/2025\/01\/ganado-frigorificos.jpg?fit=880%2C440&ssl=1&resize=350%2C200","width":350,"height":200,"srcset":"https:\/\/i0.wp.com\/lahoradelcampo.com.uy\/site\/wp-content\/uploads\/2025\/01\/ganado-frigorificos.jpg?fit=880%2C440&ssl=1&resize=350%2C200 1x, https:\/\/i0.wp.com\/lahoradelcampo.com.uy\/site\/wp-content\/uploads\/2025\/01\/ganado-frigorificos.jpg?fit=880%2C440&ssl=1&resize=525%2C300 1.5x, https:\/\/i0.wp.com\/lahoradelcampo.com.uy\/site\/wp-content\/uploads\/2025\/01\/ganado-frigorificos.jpg?fit=880%2C440&ssl=1&resize=700%2C400 2x"},"classes":[]}],"jetpack_likes_enabled":true,"_links":{"self":[{"href":"https:\/\/lahoradelcampo.com.uy\/site\/wp-json\/wp\/v2\/posts\/37193","targetHints":{"allow":["GET"]}}],"collection":[{"href":"https:\/\/lahoradelcampo.com.uy\/site\/wp-json\/wp\/v2\/posts"}],"about":[{"href":"https:\/\/lahoradelcampo.com.uy\/site\/wp-json\/wp\/v2\/types\/post"}],"author":[{"embeddable":true,"href":"https:\/\/lahoradelcampo.com.uy\/site\/wp-json\/wp\/v2\/users\/5"}],"replies":[{"embeddable":true,"href":"https:\/\/lahoradelcampo.com.uy\/site\/wp-json\/wp\/v2\/comments?post=37193"}],"version-history":[{"count":3,"href":"https:\/\/lahoradelcampo.com.uy\/site\/wp-json\/wp\/v2\/posts\/37193\/revisions"}],"predecessor-version":[{"id":37205,"href":"https:\/\/lahoradelcampo.com.uy\/site\/wp-json\/wp\/v2\/posts\/37193\/revisions\/37205"}],"wp:featuredmedia":[{"embeddable":true,"href":"https:\/\/lahoradelcampo.com.uy\/site\/wp-json\/wp\/v2\/media\/37195"}],"wp:attachment":[{"href":"https:\/\/lahoradelcampo.com.uy\/site\/wp-json\/wp\/v2\/media?parent=37193"}],"wp:term":[{"taxonomy":"category","embeddable":true,"href":"https:\/\/lahoradelcampo.com.uy\/site\/wp-json\/wp\/v2\/categories?post=37193"},{"taxonomy":"post_tag","embeddable":true,"href":"https:\/\/lahoradelcampo.com.uy\/site\/wp-json\/wp\/v2\/tags?post=37193"}],"curies":[{"name":"wp","href":"https:\/\/api.w.org\/{rel}","templated":true}]}}