{"id":37187,"date":"2021-12-03T12:23:08","date_gmt":"2021-12-03T15:23:08","guid":{"rendered":"http:\/\/lahoradelcampo.com.uy\/site\/?p=37187"},"modified":"2021-12-03T12:23:15","modified_gmt":"2021-12-03T15:23:15","slug":"el-mercado-interno-con-negocios-muy-puntuales","status":"publish","type":"post","link":"https:\/\/lahoradelcampo.com.uy\/site\/el-mercado-interno-con-negocios-muy-puntuales\/","title":{"rendered":"El mercado interno con negocios muy puntuales"},"content":{"rendered":"\n<figure class=\"wp-block-image\"><img data-recalc-dims=\"1\" loading=\"lazy\" decoding=\"async\" width=\"810\" height=\"405\" data-attachment-id=\"37189\" data-permalink=\"https:\/\/lahoradelcampo.com.uy\/site\/el-mercado-interno-con-negocios-muy-puntuales\/lana-camion\/\" data-orig-file=\"https:\/\/i0.wp.com\/lahoradelcampo.com.uy\/site\/wp-content\/uploads\/2021\/12\/Lana-camion.jpg?fit=880%2C440&amp;ssl=1\" data-orig-size=\"880,440\" data-comments-opened=\"1\" data-image-meta=\"{&quot;aperture&quot;:&quot;0&quot;,&quot;credit&quot;:&quot;&quot;,&quot;camera&quot;:&quot;&quot;,&quot;caption&quot;:&quot;&quot;,&quot;created_timestamp&quot;:&quot;0&quot;,&quot;copyright&quot;:&quot;&quot;,&quot;focal_length&quot;:&quot;0&quot;,&quot;iso&quot;:&quot;0&quot;,&quot;shutter_speed&quot;:&quot;0&quot;,&quot;title&quot;:&quot;&quot;,&quot;orientation&quot;:&quot;1&quot;}\" data-image-title=\"Lana-camion\" data-image-description=\"\" data-image-caption=\"\" data-large-file=\"https:\/\/i0.wp.com\/lahoradelcampo.com.uy\/site\/wp-content\/uploads\/2021\/12\/Lana-camion.jpg?fit=810%2C405&amp;ssl=1\" src=\"https:\/\/i0.wp.com\/lahoradelcampo.com.uy\/site\/wp-content\/uploads\/2021\/12\/Lana-camion.jpg?resize=810%2C405\" alt=\"\" class=\"wp-image-37189\" srcset=\"https:\/\/i0.wp.com\/lahoradelcampo.com.uy\/site\/wp-content\/uploads\/2021\/12\/Lana-camion.jpg?w=880&amp;ssl=1 880w, https:\/\/i0.wp.com\/lahoradelcampo.com.uy\/site\/wp-content\/uploads\/2021\/12\/Lana-camion.jpg?resize=300%2C150&amp;ssl=1 300w, https:\/\/i0.wp.com\/lahoradelcampo.com.uy\/site\/wp-content\/uploads\/2021\/12\/Lana-camion.jpg?resize=768%2C384&amp;ssl=1 768w, https:\/\/i0.wp.com\/lahoradelcampo.com.uy\/site\/wp-content\/uploads\/2021\/12\/Lana-camion.jpg?resize=820%2C410&amp;ssl=1 820w\" sizes=\"auto, (max-width: 810px) 100vw, 810px\" \/><\/figure>\n\n\n\n<p>De acuerdo al di\u00e1logo mantenido con algunos operadores, el mercado se posicion\u00f3 \u00abraro\u00bb esta semana. Algunas operativas que se ven\u00edan conversando en las \u00faltimas semanas, \u00abse trancaron\u00bb dijo un consignatario y mencion\u00f3 que ahora resta esperar una reacci\u00f3n positiva del mercado internacional. <br><\/p>\n\n\n\n<p>En el caso de las lanas finas, a\u00fan con mayor cautela, es el mercado que mejor se posiciona si el productor decide comercializar su lana. Por su parte en las lanas medias y gruesas, los valores propuestos est\u00e1n lejos de cautivar al productor a vender su lote, principalmente cuando cuenta con los actuales valores en la industria frigor\u00edfica, que a pesar de una leve baja en la semana, son hist\u00f3ricamente altos. <br><\/p>\n\n\n\n<p>Como referencias de valores, la Uni\u00f3n de Consignatarios y Rematadores de Lana del Uruguay (UCRLU) dieron a conocer precios de US$ 6,75 para lanas acondicionadas grifa verde entre 20 y 20,9 micras. Adem\u00e1s US$ 6,10 para lanas de 21 a 21,9 micras, tambi\u00e9n grifa verde y para lanas con grifa amarilla de23 a 23,9 micras la referencia es de US$ 4,30. <\/p>\n\n\n\n<p>Salto, 3 de diciembre de 2021<\/p>\n","protected":false},"excerpt":{"rendered":"<p>De acuerdo al di\u00e1logo mantenido con algunos operadores, el mercado se posicion\u00f3 \u00abraro\u00bb esta semana. Algunas operativas que se ven\u00edan conversando en las \u00faltimas semanas, \u00abse trancaron\u00bb dijo un consignatario [&hellip;]<\/p>\n","protected":false},"author":5,"featured_media":37189,"comment_status":"open","ping_status":"open","sticky":false,"template":"","format":"standard","meta":{"_price":"","_stock":"","_tribe_ticket_header":"","_tribe_default_ticket_provider":"","_tribe_ticket_capacity":"0","_ticket_start_date":"","_ticket_end_date":"","_tribe_ticket_show_description":"","_tribe_ticket_show_not_going":false,"_tribe_ticket_use_global_stock":"","_tribe_ticket_global_stock_level":"","_global_stock_mode":"","_global_stock_cap":"","_tribe_rsvp_for_event":"","_tribe_ticket_going_count":"","_tribe_ticket_not_going_count":"","_tribe_tickets_list":"[]","_tribe_ticket_has_attendee_info_fields":false,"h5ap_radio_sources":[],"_jetpack_newsletter_access":"","_jetpack_dont_email_post_to_subs":false,"_jetpack_newsletter_tier_id":0,"_jetpack_memberships_contains_paywalled_content":false,"_jetpack_memberships_contains_paid_content":false,"footnotes":""},"categories":[21,13],"tags":[],"class_list":["post-37187","post","type-post","status-publish","format-standard","has-post-thumbnail","hentry","category-actualidad","category-ovinos"],"jetpack_featured_media_url":"https:\/\/i0.wp.com\/lahoradelcampo.com.uy\/site\/wp-content\/uploads\/2021\/12\/Lana-camion.jpg?fit=880%2C440&ssl=1","jetpack_sharing_enabled":true,"jetpack_shortlink":"https:\/\/wp.me\/p99IaT-9FN","jetpack-related-posts":[{"id":46759,"url":"https:\/\/lahoradelcampo.com.uy\/site\/el-ime-perdio-30-centavos-y-el-productor-retrajo-la-oferta\/","url_meta":{"origin":37187,"position":0},"title":"El IME perdi\u00f3 30 centavos y  el productor retrajo la oferta","author":"La Hora del Campo","date":"4 noviembre, 2022","format":false,"excerpt":"El mercado lanero volvi\u00f3 a registrar un nuevo descenso en los diferentes micronajes comercializados esta semana, tanto en lanas finas como gruesas. Luego de las dos jornadas de ventas, al pasar raya, el Indicador de Mercados del Este (IME) cerr\u00f3 a US$ 8,03 perdiendo 30 centavos respecto a la semana\u2026","rel":"","context":"En \u00abActualidad\u00bb","block_context":{"text":"Actualidad","link":"https:\/\/lahoradelcampo.com.uy\/site\/category\/actualidad\/"},"img":{"alt_text":"","src":"https:\/\/i0.wp.com\/lahoradelcampo.com.uy\/site\/wp-content\/uploads\/2022\/06\/Lana-australia3.jpg?fit=880%2C440&ssl=1&resize=350%2C200","width":350,"height":200,"srcset":"https:\/\/i0.wp.com\/lahoradelcampo.com.uy\/site\/wp-content\/uploads\/2022\/06\/Lana-australia3.jpg?fit=880%2C440&ssl=1&resize=350%2C200 1x, https:\/\/i0.wp.com\/lahoradelcampo.com.uy\/site\/wp-content\/uploads\/2022\/06\/Lana-australia3.jpg?fit=880%2C440&ssl=1&resize=525%2C300 1.5x, https:\/\/i0.wp.com\/lahoradelcampo.com.uy\/site\/wp-content\/uploads\/2022\/06\/Lana-australia3.jpg?fit=880%2C440&ssl=1&resize=700%2C400 2x"},"classes":[]},{"id":17280,"url":"https:\/\/lahoradelcampo.com.uy\/site\/el-mercado-concreta-negocios-sobre-el-cierre-de-la-semana\/","url_meta":{"origin":37187,"position":1},"title":"El mercado concreta negocios  sobre el cierre de la semana","author":"La Hora del Campo","date":"7 febrero, 2020","format":false,"excerpt":"Durante el transcurso de la semana se fueron concretando varias consultas por parte de los productores, pero con una demanda un poco m\u00e1s cautelosa, a la espera de que cerrara la operativa a nivel internacional. Los lotes que disponen de certificaciones especiales, como lanas org\u00e1nicas, est\u00e1n con primas que los\u2026","rel":"","context":"En \u00abActualidad\u00bb","block_context":{"text":"Actualidad","link":"https:\/\/lahoradelcampo.com.uy\/site\/category\/actualidad\/"},"img":{"alt_text":"","src":"https:\/\/i0.wp.com\/lahoradelcampo.com.uy\/site\/wp-content\/uploads\/2017\/11\/Lanas.jpg?fit=880%2C440&ssl=1&resize=350%2C200","width":350,"height":200,"srcset":"https:\/\/i0.wp.com\/lahoradelcampo.com.uy\/site\/wp-content\/uploads\/2017\/11\/Lanas.jpg?fit=880%2C440&ssl=1&resize=350%2C200 1x, https:\/\/i0.wp.com\/lahoradelcampo.com.uy\/site\/wp-content\/uploads\/2017\/11\/Lanas.jpg?fit=880%2C440&ssl=1&resize=525%2C300 1.5x, https:\/\/i0.wp.com\/lahoradelcampo.com.uy\/site\/wp-content\/uploads\/2017\/11\/Lanas.jpg?fit=880%2C440&ssl=1&resize=700%2C400 2x"},"classes":[]},{"id":29316,"url":"https:\/\/lahoradelcampo.com.uy\/site\/el-mercado-en-uruguay-registro-una-corrida-por-lanas-ideal-ecologicas\/","url_meta":{"origin":37187,"position":2},"title":"El mercado en Uruguay registr\u00f3 una corrida por lanas Ideal ecol\u00f3gicas","author":"La Hora del Campo","date":"16 abril, 2021","format":false,"excerpt":"Con una demanda puntual de la exportaci\u00f3n en sucio, enfocada en lanas Ideal, con certificaci\u00f3n ecol\u00f3gica, en el eje de las 22 a 22,5 micras, se concretaron algunos negocios de referencia, que marcaron valores para los productores de dicha raza. Seg\u00fan inform\u00f3 al programa La Hora del Campo, el consignatario\u2026","rel":"","context":"En \u00abActualidad\u00bb","block_context":{"text":"Actualidad","link":"https:\/\/lahoradelcampo.com.uy\/site\/category\/actualidad\/"},"img":{"alt_text":"","src":"https:\/\/i0.wp.com\/lahoradelcampo.com.uy\/site\/wp-content\/uploads\/2017\/09\/lana-1.jpg?fit=880%2C440&ssl=1&resize=350%2C200","width":350,"height":200,"srcset":"https:\/\/i0.wp.com\/lahoradelcampo.com.uy\/site\/wp-content\/uploads\/2017\/09\/lana-1.jpg?fit=880%2C440&ssl=1&resize=350%2C200 1x, https:\/\/i0.wp.com\/lahoradelcampo.com.uy\/site\/wp-content\/uploads\/2017\/09\/lana-1.jpg?fit=880%2C440&ssl=1&resize=525%2C300 1.5x, https:\/\/i0.wp.com\/lahoradelcampo.com.uy\/site\/wp-content\/uploads\/2017\/09\/lana-1.jpg?fit=880%2C440&ssl=1&resize=700%2C400 2x"},"classes":[]},{"id":32124,"url":"https:\/\/lahoradelcampo.com.uy\/site\/mercado-lanero-uruguayo-con-poca-operativa\/","url_meta":{"origin":37187,"position":3},"title":"Mercado lanero uruguayo con poca operativa","author":"La Hora del Campo","date":"16 julio, 2021","format":false,"excerpt":"A nivel del mercado interno, la operativa comercial contin\u00faa siendo escasa, con un productor que aspira a mejores valores por su producci\u00f3n y una demanda que est\u00e1 muy cautelosa, sin lograr convalidar en negocios con el exterior los incrementos que se han registrado en Australia durante las \u00faltimas semanas. Si\u2026","rel":"","context":"En \u00abActualidad\u00bb","block_context":{"text":"Actualidad","link":"https:\/\/lahoradelcampo.com.uy\/site\/category\/actualidad\/"},"img":{"alt_text":"","src":"https:\/\/i0.wp.com\/lahoradelcampo.com.uy\/site\/wp-content\/uploads\/2019\/06\/lana-australia.jpg?fit=880%2C440&ssl=1&resize=350%2C200","width":350,"height":200,"srcset":"https:\/\/i0.wp.com\/lahoradelcampo.com.uy\/site\/wp-content\/uploads\/2019\/06\/lana-australia.jpg?fit=880%2C440&ssl=1&resize=350%2C200 1x, https:\/\/i0.wp.com\/lahoradelcampo.com.uy\/site\/wp-content\/uploads\/2019\/06\/lana-australia.jpg?fit=880%2C440&ssl=1&resize=525%2C300 1.5x, https:\/\/i0.wp.com\/lahoradelcampo.com.uy\/site\/wp-content\/uploads\/2019\/06\/lana-australia.jpg?fit=880%2C440&ssl=1&resize=700%2C400 2x"},"classes":[]},{"id":56122,"url":"https:\/\/lahoradelcampo.com.uy\/site\/mercado-lanero-estable-al-cierre-de-zafra-con-alto-nivel-de-colocacion-en-lanas-medias\/","url_meta":{"origin":37187,"position":4},"title":"Mercado lanero estable al cierre de zafra, con alto nivel de colocaci\u00f3n en lanas medias","author":"La Hora del Campo","date":"25 mayo, 2025","format":false,"excerpt":"La zafra de lana en Uruguay y Australia se encuentra en su fase de cierre, marcando un per\u00edodo que, seg\u00fan los expertos, se ha desarrollado con relativa tranquilidad y estabilidad en el mercado. Santiago Onandi, presidente de la Uni\u00f3n de Consignatarios y Rematadores de Lana del Uruguay y encargado del\u2026","rel":"","context":"En \u00abActualidad\u00bb","block_context":{"text":"Actualidad","link":"https:\/\/lahoradelcampo.com.uy\/site\/category\/actualidad\/"},"img":{"alt_text":"","src":"https:\/\/i0.wp.com\/lahoradelcampo.com.uy\/site\/wp-content\/uploads\/2025\/05\/SantiagoOnandi-1.jpg?fit=880%2C440&ssl=1&resize=350%2C200","width":350,"height":200,"srcset":"https:\/\/i0.wp.com\/lahoradelcampo.com.uy\/site\/wp-content\/uploads\/2025\/05\/SantiagoOnandi-1.jpg?fit=880%2C440&ssl=1&resize=350%2C200 1x, https:\/\/i0.wp.com\/lahoradelcampo.com.uy\/site\/wp-content\/uploads\/2025\/05\/SantiagoOnandi-1.jpg?fit=880%2C440&ssl=1&resize=525%2C300 1.5x, https:\/\/i0.wp.com\/lahoradelcampo.com.uy\/site\/wp-content\/uploads\/2025\/05\/SantiagoOnandi-1.jpg?fit=880%2C440&ssl=1&resize=700%2C400 2x"},"classes":[]},{"id":15001,"url":"https:\/\/lahoradelcampo.com.uy\/site\/el-productor-no-esta-convencido-de-vender-a-estos-valores-y-lo-aceptamos-y-compartimos\/","url_meta":{"origin":37187,"position":5},"title":"\u00abEl productor no est\u00e1 convencido de vender a estos valores y lo aceptamos y compartimos\u00bb","author":"La Hora del Campo","date":"14 octubre, 2019","format":false,"excerpt":"En la edici\u00f3n de ayer dialogamos con Hugo Surraco de Lanas Trinidad y hoy lo hacemos con Guzm\u00e1n Silva de Top Fray Marcos, para conocer c\u00f3mo se est\u00e1 visualizando est\u00e1 zafra lanera desde el punto de vista de la industria topista nacional. El di\u00e1logo lo manten\u00edamos durante la Expo Salto\u2026","rel":"","context":"En \u00abActualidad\u00bb","block_context":{"text":"Actualidad","link":"https:\/\/lahoradelcampo.com.uy\/site\/category\/actualidad\/"},"img":{"alt_text":"","src":"https:\/\/i0.wp.com\/lahoradelcampo.com.uy\/site\/wp-content\/uploads\/2019\/10\/Guzman-Silva.jpg?fit=880%2C440&ssl=1&resize=350%2C200","width":350,"height":200,"srcset":"https:\/\/i0.wp.com\/lahoradelcampo.com.uy\/site\/wp-content\/uploads\/2019\/10\/Guzman-Silva.jpg?fit=880%2C440&ssl=1&resize=350%2C200 1x, https:\/\/i0.wp.com\/lahoradelcampo.com.uy\/site\/wp-content\/uploads\/2019\/10\/Guzman-Silva.jpg?fit=880%2C440&ssl=1&resize=525%2C300 1.5x, https:\/\/i0.wp.com\/lahoradelcampo.com.uy\/site\/wp-content\/uploads\/2019\/10\/Guzman-Silva.jpg?fit=880%2C440&ssl=1&resize=700%2C400 2x"},"classes":[]}],"jetpack_likes_enabled":true,"_links":{"self":[{"href":"https:\/\/lahoradelcampo.com.uy\/site\/wp-json\/wp\/v2\/posts\/37187","targetHints":{"allow":["GET"]}}],"collection":[{"href":"https:\/\/lahoradelcampo.com.uy\/site\/wp-json\/wp\/v2\/posts"}],"about":[{"href":"https:\/\/lahoradelcampo.com.uy\/site\/wp-json\/wp\/v2\/types\/post"}],"author":[{"embeddable":true,"href":"https:\/\/lahoradelcampo.com.uy\/site\/wp-json\/wp\/v2\/users\/5"}],"replies":[{"embeddable":true,"href":"https:\/\/lahoradelcampo.com.uy\/site\/wp-json\/wp\/v2\/comments?post=37187"}],"version-history":[{"count":1,"href":"https:\/\/lahoradelcampo.com.uy\/site\/wp-json\/wp\/v2\/posts\/37187\/revisions"}],"predecessor-version":[{"id":37191,"href":"https:\/\/lahoradelcampo.com.uy\/site\/wp-json\/wp\/v2\/posts\/37187\/revisions\/37191"}],"wp:featuredmedia":[{"embeddable":true,"href":"https:\/\/lahoradelcampo.com.uy\/site\/wp-json\/wp\/v2\/media\/37189"}],"wp:attachment":[{"href":"https:\/\/lahoradelcampo.com.uy\/site\/wp-json\/wp\/v2\/media?parent=37187"}],"wp:term":[{"taxonomy":"category","embeddable":true,"href":"https:\/\/lahoradelcampo.com.uy\/site\/wp-json\/wp\/v2\/categories?post=37187"},{"taxonomy":"post_tag","embeddable":true,"href":"https:\/\/lahoradelcampo.com.uy\/site\/wp-json\/wp\/v2\/tags?post=37187"}],"curies":[{"name":"wp","href":"https:\/\/api.w.org\/{rel}","templated":true}]}}