{"id":37183,"date":"2021-12-03T12:20:27","date_gmt":"2021-12-03T15:20:27","guid":{"rendered":"http:\/\/lahoradelcampo.com.uy\/site\/?p=37183"},"modified":"2021-12-03T12:20:33","modified_gmt":"2021-12-03T15:20:33","slug":"el-ime-cerro-la-semana-con-una-baja-de-dos-centavos","status":"publish","type":"post","link":"https:\/\/lahoradelcampo.com.uy\/site\/el-ime-cerro-la-semana-con-una-baja-de-dos-centavos\/","title":{"rendered":"El IME cerr\u00f3 la semana con una baja de dos centavos"},"content":{"rendered":"\n<figure class=\"wp-block-image\"><img data-recalc-dims=\"1\" loading=\"lazy\" decoding=\"async\" width=\"810\" height=\"405\" data-attachment-id=\"31198\" data-permalink=\"https:\/\/lahoradelcampo.com.uy\/site\/el-ime-sigue-al-alza-tras-cerrar-la-semana-en-us-1078\/lanaaustralia1\/\" data-orig-file=\"https:\/\/i0.wp.com\/lahoradelcampo.com.uy\/site\/wp-content\/uploads\/2021\/06\/lanaaustralia1.jpg?fit=880%2C440&amp;ssl=1\" data-orig-size=\"880,440\" data-comments-opened=\"1\" data-image-meta=\"{&quot;aperture&quot;:&quot;0&quot;,&quot;credit&quot;:&quot;&quot;,&quot;camera&quot;:&quot;&quot;,&quot;caption&quot;:&quot;&quot;,&quot;created_timestamp&quot;:&quot;0&quot;,&quot;copyright&quot;:&quot;&quot;,&quot;focal_length&quot;:&quot;0&quot;,&quot;iso&quot;:&quot;0&quot;,&quot;shutter_speed&quot;:&quot;0&quot;,&quot;title&quot;:&quot;&quot;,&quot;orientation&quot;:&quot;1&quot;}\" data-image-title=\"lanaaustralia1\" data-image-description=\"\" data-image-caption=\"\" data-large-file=\"https:\/\/i0.wp.com\/lahoradelcampo.com.uy\/site\/wp-content\/uploads\/2021\/06\/lanaaustralia1.jpg?fit=810%2C405&amp;ssl=1\" src=\"https:\/\/i0.wp.com\/lahoradelcampo.com.uy\/site\/wp-content\/uploads\/2021\/06\/lanaaustralia1.jpg?resize=810%2C405\" alt=\"\" class=\"wp-image-31198\" srcset=\"https:\/\/i0.wp.com\/lahoradelcampo.com.uy\/site\/wp-content\/uploads\/2021\/06\/lanaaustralia1.jpg?w=880&amp;ssl=1 880w, https:\/\/i0.wp.com\/lahoradelcampo.com.uy\/site\/wp-content\/uploads\/2021\/06\/lanaaustralia1.jpg?resize=300%2C150&amp;ssl=1 300w, https:\/\/i0.wp.com\/lahoradelcampo.com.uy\/site\/wp-content\/uploads\/2021\/06\/lanaaustralia1.jpg?resize=768%2C384&amp;ssl=1 768w, https:\/\/i0.wp.com\/lahoradelcampo.com.uy\/site\/wp-content\/uploads\/2021\/06\/lanaaustralia1.jpg?resize=820%2C410&amp;ssl=1 820w\" sizes=\"auto, (max-width: 810px) 100vw, 810px\" \/><\/figure>\n\n\n\n<p>En el medio de los vaivenes econ\u00f3micos generados por la nueva variante del Covid-19 \u00abOmicron\u00bb, el mercado lanero australiano se mostr\u00f3 firme y al alza esta semana en la moneda australiana, sin embargo el Indicador de Mercados del Este (IME) termina retrocediendo dos centavos al finalizar la segunda jornada de ventas. <br><\/p>\n\n\n\n<p>Si se pudiera abstraer el mercado lanero de la fluctuaci\u00f3n de la moneda, se puede observar una demanda firme desde China. Una demanda centrada en las lanas superfinas principalmente, con subas de hasta un 3,5% en los valores por debajo de las 18 micras. Con preferencia por lanas Non-Mulesed y de buena calidad, con datos objetivos de largo de mecha y resistencia positivos. <br><\/p>\n\n\n\n<p>El Indicador de Mercados del Este (IME) cerr\u00f3 la semana cotizando a US$ 9,65 por kilogramo base limpia, registrando una p\u00e9rdida de dos centavos sobre el cierre de la pasada semana. En la moneda australiana el indicador cerr\u00f3 en A$ 13,46, cerrando con un incremento de cinco centavos. <br><\/p>\n\n\n\n<p>Durante las dos jornadas de ventas, la oferta sum\u00f3 39.577 fardos en las tres salas de ventas, con un 90,1% de colocaci\u00f3n. La oferta se increment\u00f3 un 4,9% sobre lo propuesto la pasada semana, mientras que el volumen comercializado fue un 2,3% superior. <br><\/p>\n\n\n\n<p>Techwool Tranding lider\u00f3 las compras durante los dos d\u00edas de ventas con el 14,8%, seguida por Endeavour Wool Exports (9,1%) y Tianyu Wool (8,2%).<br><\/p>\n\n\n\n<p>Durante los d\u00edas martes 7 y mi\u00e9rcoles 8 de diciembre, se llevaran adelante los remates de la pr\u00f3xima semana, con una oferta situada en 41.362 fardos que ser\u00e1n distribuidos en los tres centros de ventas. <\/p>\n\n\n\n<p>Salto, 3 de diciembre de 2021<\/p>\n","protected":false},"excerpt":{"rendered":"<p>En el medio de los vaivenes econ\u00f3micos generados por la nueva variante del Covid-19 \u00abOmicron\u00bb, el mercado lanero australiano se mostr\u00f3 firme y al alza esta semana en la moneda [&hellip;]<\/p>\n","protected":false},"author":5,"featured_media":31198,"comment_status":"open","ping_status":"open","sticky":false,"template":"","format":"standard","meta":{"_price":"","_stock":"","_tribe_ticket_header":"","_tribe_default_ticket_provider":"","_tribe_ticket_capacity":"0","_ticket_start_date":"","_ticket_end_date":"","_tribe_ticket_show_description":"","_tribe_ticket_show_not_going":false,"_tribe_ticket_use_global_stock":"","_tribe_ticket_global_stock_level":"","_global_stock_mode":"","_global_stock_cap":"","_tribe_rsvp_for_event":"","_tribe_ticket_going_count":"","_tribe_ticket_not_going_count":"","_tribe_tickets_list":"[]","_tribe_ticket_has_attendee_info_fields":false,"h5ap_radio_sources":[],"_jetpack_newsletter_access":"","_jetpack_dont_email_post_to_subs":false,"_jetpack_newsletter_tier_id":0,"_jetpack_memberships_contains_paywalled_content":false,"_jetpack_memberships_contains_paid_content":false,"footnotes":""},"categories":[21,13],"tags":[],"class_list":["post-37183","post","type-post","status-publish","format-standard","has-post-thumbnail","hentry","category-actualidad","category-ovinos"],"jetpack_featured_media_url":"https:\/\/i0.wp.com\/lahoradelcampo.com.uy\/site\/wp-content\/uploads\/2021\/06\/lanaaustralia1.jpg?fit=880%2C440&ssl=1","jetpack_sharing_enabled":true,"jetpack_shortlink":"https:\/\/wp.me\/p99IaT-9FJ","jetpack-related-posts":[{"id":10409,"url":"https:\/\/lahoradelcampo.com.uy\/site\/mayo-comenzo-con-una-baja-de-us-022-en-el-ime\/","url_meta":{"origin":37183,"position":0},"title":"Mayo comenz\u00f3 con una baja  de US$ 0,22 en el IME","author":"La Hora del Campo","date":"3 mayo, 2019","format":false,"excerpt":"La primera semana del mes de mayo registr\u00f3 una ca\u00edda de 22 centavos en el Indicador de Mercados del Este (IME) en la moneda norteamericana debido a la fluctuaci\u00f3n cambiar\u00eda, mientras que la mejora en la calidad de la oferta presentada por los productores australianos gener\u00f3 subas en el indicador\u2026","rel":"","context":"En \u00abActualidad\u00bb","block_context":{"text":"Actualidad","link":"https:\/\/lahoradelcampo.com.uy\/site\/category\/actualidad\/"},"img":{"alt_text":"","src":"https:\/\/i0.wp.com\/lahoradelcampo.com.uy\/site\/wp-content\/uploads\/2018\/05\/Lanas-SUL.jpg?fit=880%2C440&ssl=1&resize=350%2C200","width":350,"height":200,"srcset":"https:\/\/i0.wp.com\/lahoradelcampo.com.uy\/site\/wp-content\/uploads\/2018\/05\/Lanas-SUL.jpg?fit=880%2C440&ssl=1&resize=350%2C200 1x, https:\/\/i0.wp.com\/lahoradelcampo.com.uy\/site\/wp-content\/uploads\/2018\/05\/Lanas-SUL.jpg?fit=880%2C440&ssl=1&resize=525%2C300 1.5x, https:\/\/i0.wp.com\/lahoradelcampo.com.uy\/site\/wp-content\/uploads\/2018\/05\/Lanas-SUL.jpg?fit=880%2C440&ssl=1&resize=700%2C400 2x"},"classes":[]},{"id":34613,"url":"https:\/\/lahoradelcampo.com.uy\/site\/el-ime-subio-un-centavo-en-una-semana-de-subas-y-bajas\/","url_meta":{"origin":37183,"position":1},"title":"El IME subi\u00f3 un centavo, en una semana de subas y bajas","author":"La Hora del Campo","date":"24 septiembre, 2021","format":false,"excerpt":"Casi todo lo que gan\u00f3 en un d\u00eda, lo perdi\u00f3 al siguiente. As\u00ed fue la semana del Indicador de Mercados del Este (IME) analizado en d\u00f3lares estadounidenses, mientras que se mostr\u00f3 firme y al alza en la moneda australiana. La demanda estuvo firme, a lo largo de la semana, en\u2026","rel":"","context":"En \u00abActualidad\u00bb","block_context":{"text":"Actualidad","link":"https:\/\/lahoradelcampo.com.uy\/site\/category\/actualidad\/"},"img":{"alt_text":"","src":"https:\/\/i0.wp.com\/lahoradelcampo.com.uy\/site\/wp-content\/uploads\/2021\/06\/lanaaustralia1.jpg?fit=880%2C440&ssl=1&resize=350%2C200","width":350,"height":200,"srcset":"https:\/\/i0.wp.com\/lahoradelcampo.com.uy\/site\/wp-content\/uploads\/2021\/06\/lanaaustralia1.jpg?fit=880%2C440&ssl=1&resize=350%2C200 1x, https:\/\/i0.wp.com\/lahoradelcampo.com.uy\/site\/wp-content\/uploads\/2021\/06\/lanaaustralia1.jpg?fit=880%2C440&ssl=1&resize=525%2C300 1.5x, https:\/\/i0.wp.com\/lahoradelcampo.com.uy\/site\/wp-content\/uploads\/2021\/06\/lanaaustralia1.jpg?fit=880%2C440&ssl=1&resize=700%2C400 2x"},"classes":[]},{"id":24480,"url":"https:\/\/lahoradelcampo.com.uy\/site\/ime-recupero-18-centavos-esta-semana-y-cerro-a-us-727\/","url_meta":{"origin":37183,"position":2},"title":"IME recuper\u00f3 18 centavos esta semana y cerr\u00f3 a US$ 7,27","author":"La Hora del Campo","date":"9 octubre, 2020","format":false,"excerpt":"El mercado lanero australiano volvi\u00f3 a mostrarse firme en sus valores esta semana, m\u00e1s all\u00e1 de leves vaivenes en la moneda local en algunos micronajes al cierre de la semana, principalmente por la calidad de la lana ofertada, el feriado en China y el aumento de la oferta. Al trasladarse\u2026","rel":"","context":"En \u00abActualidad\u00bb","block_context":{"text":"Actualidad","link":"https:\/\/lahoradelcampo.com.uy\/site\/category\/actualidad\/"},"img":{"alt_text":"","src":"https:\/\/i0.wp.com\/lahoradelcampo.com.uy\/site\/wp-content\/uploads\/2019\/04\/Lanas-Australia.jpg?fit=880%2C440&ssl=1&resize=350%2C200","width":350,"height":200,"srcset":"https:\/\/i0.wp.com\/lahoradelcampo.com.uy\/site\/wp-content\/uploads\/2019\/04\/Lanas-Australia.jpg?fit=880%2C440&ssl=1&resize=350%2C200 1x, https:\/\/i0.wp.com\/lahoradelcampo.com.uy\/site\/wp-content\/uploads\/2019\/04\/Lanas-Australia.jpg?fit=880%2C440&ssl=1&resize=525%2C300 1.5x, https:\/\/i0.wp.com\/lahoradelcampo.com.uy\/site\/wp-content\/uploads\/2019\/04\/Lanas-Australia.jpg?fit=880%2C440&ssl=1&resize=700%2C400 2x"},"classes":[]},{"id":12635,"url":"https:\/\/lahoradelcampo.com.uy\/site\/el-ime-entro-al-receso-en-us-1222-subiendo-10-centavos-en-la-semana\/","url_meta":{"origin":37183,"position":3},"title":"El IME entr\u00f3 al receso en US$ 12,22, subiendo 10 centavos en la semana","author":"La Hora del Campo","date":"12 julio, 2019","format":false,"excerpt":"El mercado lanero australiano cerr\u00f3 las ventas de esta semana con un nuevo incremento en los valores de referencia del Indicador de Mercados del Este (IME). Una demanda firme en la b\u00fasqueda de adquirir el volumen necesario para afrontar las tres semanas de receso que comienzan en Australia permitieron un\u2026","rel":"","context":"En \u00abActualidad\u00bb","block_context":{"text":"Actualidad","link":"https:\/\/lahoradelcampo.com.uy\/site\/category\/actualidad\/"},"img":{"alt_text":"","src":"https:\/\/i0.wp.com\/lahoradelcampo.com.uy\/site\/wp-content\/uploads\/2019\/07\/Lana-australia1.jpg?fit=880%2C440&ssl=1&resize=350%2C200","width":350,"height":200,"srcset":"https:\/\/i0.wp.com\/lahoradelcampo.com.uy\/site\/wp-content\/uploads\/2019\/07\/Lana-australia1.jpg?fit=880%2C440&ssl=1&resize=350%2C200 1x, https:\/\/i0.wp.com\/lahoradelcampo.com.uy\/site\/wp-content\/uploads\/2019\/07\/Lana-australia1.jpg?fit=880%2C440&ssl=1&resize=525%2C300 1.5x, https:\/\/i0.wp.com\/lahoradelcampo.com.uy\/site\/wp-content\/uploads\/2019\/07\/Lana-australia1.jpg?fit=880%2C440&ssl=1&resize=700%2C400 2x"},"classes":[]},{"id":9923,"url":"https:\/\/lahoradelcampo.com.uy\/site\/ime-subio-11-centavos-en-la-semana-previa-al-receso-de-pascuas\/","url_meta":{"origin":37183,"position":4},"title":"IME subi\u00f3 11 centavos en la semana previa al receso de Pascuas","author":"La Hora del Campo","date":"19 abril, 2019","format":false,"excerpt":"Con el receso de las Pascuas en la puerta, la demanda apunt\u00f3 a hacerse del volumen necesario para mantener la operativa a nivel de la industria, sin embargo contin\u00fao firme en su posicionamiento, pagando m\u00e1s por lo que vale m\u00e1s y castigando aquellos lotes con claros efectos de la sequ\u00eda\u2026","rel":"","context":"En \u00abActualidad\u00bb","block_context":{"text":"Actualidad","link":"https:\/\/lahoradelcampo.com.uy\/site\/category\/actualidad\/"},"img":{"alt_text":"","src":"https:\/\/i0.wp.com\/lahoradelcampo.com.uy\/site\/wp-content\/uploads\/2018\/05\/Lanas.jpg?fit=880%2C440&ssl=1&resize=350%2C200","width":350,"height":200,"srcset":"https:\/\/i0.wp.com\/lahoradelcampo.com.uy\/site\/wp-content\/uploads\/2018\/05\/Lanas.jpg?fit=880%2C440&ssl=1&resize=350%2C200 1x, https:\/\/i0.wp.com\/lahoradelcampo.com.uy\/site\/wp-content\/uploads\/2018\/05\/Lanas.jpg?fit=880%2C440&ssl=1&resize=525%2C300 1.5x, https:\/\/i0.wp.com\/lahoradelcampo.com.uy\/site\/wp-content\/uploads\/2018\/05\/Lanas.jpg?fit=880%2C440&ssl=1&resize=700%2C400 2x"},"classes":[]},{"id":17584,"url":"https:\/\/lahoradelcampo.com.uy\/site\/el-tipo-de-cambio-retrajo-dos-centavos-el-ime\/","url_meta":{"origin":37183,"position":5},"title":"El tipo de cambio retrajo  dos centavos el IME","author":"La Hora del Campo","date":"22 febrero, 2020","format":false,"excerpt":"La semana de ventas en Australia comenz\u00f3 el pasado martes con una oferta en el centro de Melbourne de lanas procedentes de Nueva Zelanda, que no inciden en la formaci\u00f3n del Indicador de Mercados del Este (IME). En dicha operativa las lanas merinos permanecieron pr\u00e1cticamente sin cambios, mientras que los\u2026","rel":"","context":"En \u00abActualidad\u00bb","block_context":{"text":"Actualidad","link":"https:\/\/lahoradelcampo.com.uy\/site\/category\/actualidad\/"},"img":{"alt_text":"","src":"https:\/\/i0.wp.com\/lahoradelcampo.com.uy\/site\/wp-content\/uploads\/2019\/06\/Lana-australia-1.jpg?fit=880%2C440&ssl=1&resize=350%2C200","width":350,"height":200,"srcset":"https:\/\/i0.wp.com\/lahoradelcampo.com.uy\/site\/wp-content\/uploads\/2019\/06\/Lana-australia-1.jpg?fit=880%2C440&ssl=1&resize=350%2C200 1x, https:\/\/i0.wp.com\/lahoradelcampo.com.uy\/site\/wp-content\/uploads\/2019\/06\/Lana-australia-1.jpg?fit=880%2C440&ssl=1&resize=525%2C300 1.5x, https:\/\/i0.wp.com\/lahoradelcampo.com.uy\/site\/wp-content\/uploads\/2019\/06\/Lana-australia-1.jpg?fit=880%2C440&ssl=1&resize=700%2C400 2x"},"classes":[]}],"jetpack_likes_enabled":true,"_links":{"self":[{"href":"https:\/\/lahoradelcampo.com.uy\/site\/wp-json\/wp\/v2\/posts\/37183","targetHints":{"allow":["GET"]}}],"collection":[{"href":"https:\/\/lahoradelcampo.com.uy\/site\/wp-json\/wp\/v2\/posts"}],"about":[{"href":"https:\/\/lahoradelcampo.com.uy\/site\/wp-json\/wp\/v2\/types\/post"}],"author":[{"embeddable":true,"href":"https:\/\/lahoradelcampo.com.uy\/site\/wp-json\/wp\/v2\/users\/5"}],"replies":[{"embeddable":true,"href":"https:\/\/lahoradelcampo.com.uy\/site\/wp-json\/wp\/v2\/comments?post=37183"}],"version-history":[{"count":1,"href":"https:\/\/lahoradelcampo.com.uy\/site\/wp-json\/wp\/v2\/posts\/37183\/revisions"}],"predecessor-version":[{"id":37185,"href":"https:\/\/lahoradelcampo.com.uy\/site\/wp-json\/wp\/v2\/posts\/37183\/revisions\/37185"}],"wp:featuredmedia":[{"embeddable":true,"href":"https:\/\/lahoradelcampo.com.uy\/site\/wp-json\/wp\/v2\/media\/31198"}],"wp:attachment":[{"href":"https:\/\/lahoradelcampo.com.uy\/site\/wp-json\/wp\/v2\/media?parent=37183"}],"wp:term":[{"taxonomy":"category","embeddable":true,"href":"https:\/\/lahoradelcampo.com.uy\/site\/wp-json\/wp\/v2\/categories?post=37183"},{"taxonomy":"post_tag","embeddable":true,"href":"https:\/\/lahoradelcampo.com.uy\/site\/wp-json\/wp\/v2\/tags?post=37183"}],"curies":[{"name":"wp","href":"https:\/\/api.w.org\/{rel}","templated":true}]}}