{"id":37179,"date":"2021-12-03T12:18:19","date_gmt":"2021-12-03T15:18:19","guid":{"rendered":"http:\/\/lahoradelcampo.com.uy\/site\/?p=37179"},"modified":"2021-12-03T12:18:27","modified_gmt":"2021-12-03T15:18:27","slug":"nuevo-record-para-las-exportaciones-uruguayas","status":"publish","type":"post","link":"https:\/\/lahoradelcampo.com.uy\/site\/nuevo-record-para-las-exportaciones-uruguayas\/","title":{"rendered":"Nuevo r\u00e9cord para las exportaciones uruguayas"},"content":{"rendered":"\n<figure class=\"wp-block-image\"><img data-recalc-dims=\"1\" loading=\"lazy\" decoding=\"async\" width=\"810\" height=\"405\" data-attachment-id=\"10491\" data-permalink=\"https:\/\/lahoradelcampo.com.uy\/site\/pago-a-los-productores-a-traves-de-ventas-publicas-se-puede-agilizar\/exportaciones\/\" data-orig-file=\"https:\/\/i0.wp.com\/lahoradelcampo.com.uy\/site\/wp-content\/uploads\/2019\/05\/exportaciones.jpg?fit=880%2C440&amp;ssl=1\" data-orig-size=\"880,440\" data-comments-opened=\"1\" data-image-meta=\"{&quot;aperture&quot;:&quot;0&quot;,&quot;credit&quot;:&quot;&quot;,&quot;camera&quot;:&quot;&quot;,&quot;caption&quot;:&quot;&quot;,&quot;created_timestamp&quot;:&quot;0&quot;,&quot;copyright&quot;:&quot;&quot;,&quot;focal_length&quot;:&quot;0&quot;,&quot;iso&quot;:&quot;0&quot;,&quot;shutter_speed&quot;:&quot;0&quot;,&quot;title&quot;:&quot;&quot;,&quot;orientation&quot;:&quot;1&quot;}\" data-image-title=\"exportaciones\" data-image-description=\"\" data-image-caption=\"\" data-large-file=\"https:\/\/i0.wp.com\/lahoradelcampo.com.uy\/site\/wp-content\/uploads\/2019\/05\/exportaciones.jpg?fit=810%2C405&amp;ssl=1\" src=\"https:\/\/i0.wp.com\/lahoradelcampo.com.uy\/site\/wp-content\/uploads\/2019\/05\/exportaciones.jpg?resize=810%2C405\" alt=\"\" class=\"wp-image-10491\" srcset=\"https:\/\/i0.wp.com\/lahoradelcampo.com.uy\/site\/wp-content\/uploads\/2019\/05\/exportaciones.jpg?w=880&amp;ssl=1 880w, https:\/\/i0.wp.com\/lahoradelcampo.com.uy\/site\/wp-content\/uploads\/2019\/05\/exportaciones.jpg?resize=300%2C150&amp;ssl=1 300w, https:\/\/i0.wp.com\/lahoradelcampo.com.uy\/site\/wp-content\/uploads\/2019\/05\/exportaciones.jpg?resize=768%2C384&amp;ssl=1 768w, https:\/\/i0.wp.com\/lahoradelcampo.com.uy\/site\/wp-content\/uploads\/2019\/05\/exportaciones.jpg?resize=820%2C410&amp;ssl=1 820w\" sizes=\"auto, (max-width: 810px) 100vw, 810px\" \/><\/figure>\n\n\n\n<p>En noviembre de 2021 las solicitudes de exportaci\u00f3n registraron un aumento de 60% al totalizar U$S 1.097 millones. Por su parte, las exportaciones desde aduanas (sin considerar las zonas francas) crecieron 51% en t\u00e9rminos interanuales. <br><\/p>\n\n\n\n<p>En el acumulado de enero-noviembre de 2021 las exportaciones de bienes totalizaron U$S 10.390, lo que implica un crecimiento de 42% en la comparaci\u00f3n interanual. A su vez, la cifra es 23% superior al registro del acumulado de enero-noviembre de 2019, lo que indica una recuperaci\u00f3n de las exportaciones frente a los niveles previos de la pandemia.<br><\/p>\n\n\n\n<p>Este incremento se da en un contexto mundial y regional de recuperaci\u00f3n del comercio de bienes tras la pandemia mundial generada por el COVID-19. <br><\/p>\n\n\n\n<p>Asimismo, el aumento del precio de los commodities como consecuencia del aumento de la demanda, la alta liquidez internacional y el debilitamiento del d\u00f3lar a nivel global han incidido en el m\u00e1ximo hist\u00f3rico alcanzado por las exportaciones de bienes uruguayas.<br><\/p>\n\n\n\n<p>En particular, para los principales productos exportados por Uruguay se observa un aumento importante de los precios en el acumulado del a\u00f1o. <br><\/p>\n\n\n\n<p>Hubo incremento en los precios promedio de la carne bovina (12%), celulosa (37%), soja (43%), productos l\u00e1cteos (14%), madera (7%), arroz (13%) y malta (14%) en el per\u00edodo de enero-noviembre de 2021 con respecto al mismo per\u00edodo del a\u00f1o anterior. En varios casos la suba de precios fue acompa\u00f1ada por un aumento de los vol\u00famenes exportados.<br><\/p>\n\n\n\n<p>El aumento mensual de las exportaciones se explica por las mayores ventas de de carne bovina, celulosa, concentrado de bebidas, malta y energ\u00eda el\u00e9ctrica. En cambio, madera y subproductos de madera tuvo una incidencia negativa en la variaci\u00f3n del mes.<\/p>\n\n\n\n<p>Salto, 3 de diciembre de 2021<\/p>\n","protected":false},"excerpt":{"rendered":"<p>En noviembre de 2021 las solicitudes de exportaci\u00f3n registraron un aumento de 60% al totalizar U$S 1.097 millones. Por su parte, las exportaciones desde aduanas (sin considerar las zonas francas) [&hellip;]<\/p>\n","protected":false},"author":5,"featured_media":10491,"comment_status":"open","ping_status":"open","sticky":false,"template":"","format":"standard","meta":{"_price":"","_stock":"","_tribe_ticket_header":"","_tribe_default_ticket_provider":"","_tribe_ticket_capacity":"0","_ticket_start_date":"","_ticket_end_date":"","_tribe_ticket_show_description":"","_tribe_ticket_show_not_going":false,"_tribe_ticket_use_global_stock":"","_tribe_ticket_global_stock_level":"","_global_stock_mode":"","_global_stock_cap":"","_tribe_rsvp_for_event":"","_tribe_ticket_going_count":"","_tribe_ticket_not_going_count":"","_tribe_tickets_list":"[]","_tribe_ticket_has_attendee_info_fields":false,"h5ap_radio_sources":[],"_jetpack_newsletter_access":"","_jetpack_dont_email_post_to_subs":false,"_jetpack_newsletter_tier_id":0,"_jetpack_memberships_contains_paywalled_content":false,"_jetpack_memberships_contains_paid_content":false,"footnotes":""},"categories":[21,5],"tags":[],"class_list":["post-37179","post","type-post","status-publish","format-standard","has-post-thumbnail","hentry","category-actualidad","category-ganaderia"],"jetpack_featured_media_url":"https:\/\/i0.wp.com\/lahoradelcampo.com.uy\/site\/wp-content\/uploads\/2019\/05\/exportaciones.jpg?fit=880%2C440&ssl=1","jetpack_sharing_enabled":true,"jetpack_shortlink":"https:\/\/wp.me\/p99IaT-9FF","jetpack-related-posts":[{"id":37219,"url":"https:\/\/lahoradelcampo.com.uy\/site\/ventas-de-carne-al-exterior-suben-47-en-noviembre\/","url_meta":{"origin":37179,"position":0},"title":"Ventas de carne al exterior suben 47%  en noviembre","author":"La Hora del Campo","date":"6 diciembre, 2021","format":false,"excerpt":"Las ventas de carne bovina desde Uruguay, alcanzaron los US$ 260 millones en noviembre, lo que refleja un incremento de 47% en la comparaci\u00f3n interanual, de acuerdo a los datos publicados por el Instituto Uruguay XXI. Este monto es 4% superior al r\u00e9cord hist\u00f3rico registrado en octubre, lo que significa\u2026","rel":"","context":"En \u00abActualidad\u00bb","block_context":{"text":"Actualidad","link":"https:\/\/lahoradelcampo.com.uy\/site\/category\/actualidad\/"},"img":{"alt_text":"","src":"https:\/\/i0.wp.com\/lahoradelcampo.com.uy\/site\/wp-content\/uploads\/2019\/04\/Carne-vacuna.jpg?fit=880%2C440&ssl=1&resize=350%2C200","width":350,"height":200,"srcset":"https:\/\/i0.wp.com\/lahoradelcampo.com.uy\/site\/wp-content\/uploads\/2019\/04\/Carne-vacuna.jpg?fit=880%2C440&ssl=1&resize=350%2C200 1x, https:\/\/i0.wp.com\/lahoradelcampo.com.uy\/site\/wp-content\/uploads\/2019\/04\/Carne-vacuna.jpg?fit=880%2C440&ssl=1&resize=525%2C300 1.5x, https:\/\/i0.wp.com\/lahoradelcampo.com.uy\/site\/wp-content\/uploads\/2019\/04\/Carne-vacuna.jpg?fit=880%2C440&ssl=1&resize=700%2C400 2x"},"classes":[]},{"id":30838,"url":"https:\/\/lahoradelcampo.com.uy\/site\/exportaciones-de-bienes-suben-un-549-en-mayo\/","url_meta":{"origin":37179,"position":1},"title":"Exportaciones de bienes suben un 54,9% en mayo","author":"La Hora del Campo","date":"2 junio, 2021","format":false,"excerpt":"Las solicitudes de exportaci\u00f3n de bienes registraron un fuerte incremento en mayo, de 54,9% con respecto a igual mes del a\u00f1o pasado, seg\u00fan los datos relevados por la Uni\u00f3n de Exportadores del Uruguay (UEU) en base a los Documentos \u00danicos de Aduanas (DUAs) que no incluyen las exportaciones que salen\u2026","rel":"","context":"En \u00abActualidad\u00bb","block_context":{"text":"Actualidad","link":"https:\/\/lahoradelcampo.com.uy\/site\/category\/actualidad\/"},"img":{"alt_text":"","src":"https:\/\/i0.wp.com\/lahoradelcampo.com.uy\/site\/wp-content\/uploads\/2019\/05\/exportaciones.jpg?fit=880%2C440&ssl=1&resize=350%2C200","width":350,"height":200,"srcset":"https:\/\/i0.wp.com\/lahoradelcampo.com.uy\/site\/wp-content\/uploads\/2019\/05\/exportaciones.jpg?fit=880%2C440&ssl=1&resize=350%2C200 1x, https:\/\/i0.wp.com\/lahoradelcampo.com.uy\/site\/wp-content\/uploads\/2019\/05\/exportaciones.jpg?fit=880%2C440&ssl=1&resize=525%2C300 1.5x, https:\/\/i0.wp.com\/lahoradelcampo.com.uy\/site\/wp-content\/uploads\/2019\/05\/exportaciones.jpg?fit=880%2C440&ssl=1&resize=700%2C400 2x"},"classes":[]},{"id":37811,"url":"https:\/\/lahoradelcampo.com.uy\/site\/en-un-ano-historico-en-exportaciones-opypa-presento-su-anuario-2021\/","url_meta":{"origin":37179,"position":2},"title":"En un a\u00f1o hist\u00f3rico en exportaciones, Opypa present\u00f3 su anuario 2021","author":"La Hora del Campo","date":"24 diciembre, 2021","format":false,"excerpt":"En l\u00edneas generales, las condiciones clim\u00e1ticas nuevamente repercutieron en la productividad de la agricultura extensiva en cultivos de verano, el d\u00e9ficit h\u00eddrico del verano 2020-2021 (segundo consecutivo en menos de un a\u00f1o) determin\u00f3 fuertes ca\u00eddas de rendimientos, en particular en soja. Las perspectivas clim\u00e1ticas asociadas al fen\u00f3meno de \u201cLa Ni\u00f1a\u201d\u2026","rel":"","context":"En \u00abActualidad\u00bb","block_context":{"text":"Actualidad","link":"https:\/\/lahoradelcampo.com.uy\/site\/category\/actualidad\/"},"img":{"alt_text":"","src":"https:\/\/i0.wp.com\/lahoradelcampo.com.uy\/site\/wp-content\/uploads\/2021\/12\/MGAP-OPYPA.jpg?fit=880%2C440&ssl=1&resize=350%2C200","width":350,"height":200,"srcset":"https:\/\/i0.wp.com\/lahoradelcampo.com.uy\/site\/wp-content\/uploads\/2021\/12\/MGAP-OPYPA.jpg?fit=880%2C440&ssl=1&resize=350%2C200 1x, https:\/\/i0.wp.com\/lahoradelcampo.com.uy\/site\/wp-content\/uploads\/2021\/12\/MGAP-OPYPA.jpg?fit=880%2C440&ssl=1&resize=525%2C300 1.5x, https:\/\/i0.wp.com\/lahoradelcampo.com.uy\/site\/wp-content\/uploads\/2021\/12\/MGAP-OPYPA.jpg?fit=880%2C440&ssl=1&resize=700%2C400 2x"},"classes":[]},{"id":48639,"url":"https:\/\/lahoradelcampo.com.uy\/site\/exportaciones-de-bienes-en-enero-crecieron-2-interanual\/","url_meta":{"origin":37179,"position":3},"title":"Exportaciones de bienes en enero crecieron 2% interanual","author":"La Hora del Campo","date":"8 febrero, 2023","format":false,"excerpt":"Las exportaciones de bienes, incluyendo zonas francas, totalizaron U$S 852 millones en el primer mes de 2023, registrando as\u00ed un leve incremento de 2% interanual. Esto se explica por el crecimiento de las exportaciones de celulosa, l\u00e1cteos, arroz y otros alimentos, as\u00ed como por el sostenido descenso de las exportaciones\u2026","rel":"","context":"En \u00abActualidad\u00bb","block_context":{"text":"Actualidad","link":"https:\/\/lahoradelcampo.com.uy\/site\/category\/actualidad\/"},"img":{"alt_text":"","src":"https:\/\/i0.wp.com\/lahoradelcampo.com.uy\/site\/wp-content\/uploads\/2019\/05\/exportaciones.jpg?fit=880%2C440&ssl=1&resize=350%2C200","width":350,"height":200,"srcset":"https:\/\/i0.wp.com\/lahoradelcampo.com.uy\/site\/wp-content\/uploads\/2019\/05\/exportaciones.jpg?fit=880%2C440&ssl=1&resize=350%2C200 1x, https:\/\/i0.wp.com\/lahoradelcampo.com.uy\/site\/wp-content\/uploads\/2019\/05\/exportaciones.jpg?fit=880%2C440&ssl=1&resize=525%2C300 1.5x, https:\/\/i0.wp.com\/lahoradelcampo.com.uy\/site\/wp-content\/uploads\/2019\/05\/exportaciones.jpg?fit=880%2C440&ssl=1&resize=700%2C400 2x"},"classes":[]},{"id":33745,"url":"https:\/\/lahoradelcampo.com.uy\/site\/exportaciones-del-rubro-ovino-crecen-fuerte-en-2021\/","url_meta":{"origin":37179,"position":4},"title":"Exportaciones del rubro ovino crecen fuerte en 2021","author":"La Hora del Campo","date":"6 septiembre, 2021","format":false,"excerpt":"El pasado mi\u00e9rcoles, 1 de setiembre, se publicaron los datos de exportaciones para el periodo enero a agosto 2021 donde se muestra un incremento de las exportaciones de nuestro pa\u00eds y del rubro ovino, tanto carne ovina como lana, con crecimientos en comparaci\u00f3n al mismo periodo de 2020. En el\u2026","rel":"","context":"En \u00abActualidad\u00bb","block_context":{"text":"Actualidad","link":"https:\/\/lahoradelcampo.com.uy\/site\/category\/actualidad\/"},"img":{"alt_text":"","src":"https:\/\/i0.wp.com\/lahoradelcampo.com.uy\/site\/wp-content\/uploads\/2019\/11\/ovinos-b.jpg?fit=880%2C440&ssl=1&resize=350%2C200","width":350,"height":200,"srcset":"https:\/\/i0.wp.com\/lahoradelcampo.com.uy\/site\/wp-content\/uploads\/2019\/11\/ovinos-b.jpg?fit=880%2C440&ssl=1&resize=350%2C200 1x, https:\/\/i0.wp.com\/lahoradelcampo.com.uy\/site\/wp-content\/uploads\/2019\/11\/ovinos-b.jpg?fit=880%2C440&ssl=1&resize=525%2C300 1.5x, https:\/\/i0.wp.com\/lahoradelcampo.com.uy\/site\/wp-content\/uploads\/2019\/11\/ovinos-b.jpg?fit=880%2C440&ssl=1&resize=700%2C400 2x"},"classes":[]},{"id":33699,"url":"https:\/\/lahoradelcampo.com.uy\/site\/exportaciones-de-agosto-crecen-un-40\/","url_meta":{"origin":37179,"position":5},"title":"Exportaciones de agosto crecen un 40%","author":"La Hora del Campo","date":"3 septiembre, 2021","format":false,"excerpt":"En agosto 2021 las solicitudes de exportaci\u00f3n siguieron creciendo, registrando un aumento de 40% en la comparaci\u00f3n interanual al totalizar US$ 999 millones. En los primeros ocho meses de 2021, las exportaciones de bienes se ubicaron en U$S 6.967, lo que implica un crecimiento de 35% en la comparaci\u00f3n interanual.\u2026","rel":"","context":"En \u00abActualidad\u00bb","block_context":{"text":"Actualidad","link":"https:\/\/lahoradelcampo.com.uy\/site\/category\/actualidad\/"},"img":{"alt_text":"","src":"https:\/\/i0.wp.com\/lahoradelcampo.com.uy\/site\/wp-content\/uploads\/2021\/01\/barcoschina.jpg?fit=880%2C440&ssl=1&resize=350%2C200","width":350,"height":200,"srcset":"https:\/\/i0.wp.com\/lahoradelcampo.com.uy\/site\/wp-content\/uploads\/2021\/01\/barcoschina.jpg?fit=880%2C440&ssl=1&resize=350%2C200 1x, https:\/\/i0.wp.com\/lahoradelcampo.com.uy\/site\/wp-content\/uploads\/2021\/01\/barcoschina.jpg?fit=880%2C440&ssl=1&resize=525%2C300 1.5x, https:\/\/i0.wp.com\/lahoradelcampo.com.uy\/site\/wp-content\/uploads\/2021\/01\/barcoschina.jpg?fit=880%2C440&ssl=1&resize=700%2C400 2x"},"classes":[]}],"jetpack_likes_enabled":true,"_links":{"self":[{"href":"https:\/\/lahoradelcampo.com.uy\/site\/wp-json\/wp\/v2\/posts\/37179","targetHints":{"allow":["GET"]}}],"collection":[{"href":"https:\/\/lahoradelcampo.com.uy\/site\/wp-json\/wp\/v2\/posts"}],"about":[{"href":"https:\/\/lahoradelcampo.com.uy\/site\/wp-json\/wp\/v2\/types\/post"}],"author":[{"embeddable":true,"href":"https:\/\/lahoradelcampo.com.uy\/site\/wp-json\/wp\/v2\/users\/5"}],"replies":[{"embeddable":true,"href":"https:\/\/lahoradelcampo.com.uy\/site\/wp-json\/wp\/v2\/comments?post=37179"}],"version-history":[{"count":1,"href":"https:\/\/lahoradelcampo.com.uy\/site\/wp-json\/wp\/v2\/posts\/37179\/revisions"}],"predecessor-version":[{"id":37181,"href":"https:\/\/lahoradelcampo.com.uy\/site\/wp-json\/wp\/v2\/posts\/37179\/revisions\/37181"}],"wp:featuredmedia":[{"embeddable":true,"href":"https:\/\/lahoradelcampo.com.uy\/site\/wp-json\/wp\/v2\/media\/10491"}],"wp:attachment":[{"href":"https:\/\/lahoradelcampo.com.uy\/site\/wp-json\/wp\/v2\/media?parent=37179"}],"wp:term":[{"taxonomy":"category","embeddable":true,"href":"https:\/\/lahoradelcampo.com.uy\/site\/wp-json\/wp\/v2\/categories?post=37179"},{"taxonomy":"post_tag","embeddable":true,"href":"https:\/\/lahoradelcampo.com.uy\/site\/wp-json\/wp\/v2\/tags?post=37179"}],"curies":[{"name":"wp","href":"https:\/\/api.w.org\/{rel}","templated":true}]}}