{"id":37173,"date":"2021-12-03T12:16:13","date_gmt":"2021-12-03T15:16:13","guid":{"rendered":"http:\/\/lahoradelcampo.com.uy\/site\/?p=37173"},"modified":"2021-12-03T12:16:20","modified_gmt":"2021-12-03T15:16:20","slug":"mgap-presento-a-la-fundacion-gates-la-produccion-sustentable-de-uruguay","status":"publish","type":"post","link":"https:\/\/lahoradelcampo.com.uy\/site\/mgap-presento-a-la-fundacion-gates-la-produccion-sustentable-de-uruguay\/","title":{"rendered":"MGAP present\u00f3 a la Fundaci\u00f3n Gates, la producci\u00f3n sustentable de Uruguay"},"content":{"rendered":"\n<figure class=\"wp-block-image\"><img data-recalc-dims=\"1\" loading=\"lazy\" decoding=\"async\" width=\"810\" height=\"405\" data-attachment-id=\"37175\" data-permalink=\"https:\/\/lahoradelcampo.com.uy\/site\/mgap-presento-a-la-fundacion-gates-la-produccion-sustentable-de-uruguay\/mgap-gates\/\" data-orig-file=\"https:\/\/i0.wp.com\/lahoradelcampo.com.uy\/site\/wp-content\/uploads\/2021\/12\/MGAP-Gates.jpg?fit=880%2C440&amp;ssl=1\" data-orig-size=\"880,440\" data-comments-opened=\"1\" data-image-meta=\"{&quot;aperture&quot;:&quot;0&quot;,&quot;credit&quot;:&quot;&quot;,&quot;camera&quot;:&quot;&quot;,&quot;caption&quot;:&quot;&quot;,&quot;created_timestamp&quot;:&quot;0&quot;,&quot;copyright&quot;:&quot;&quot;,&quot;focal_length&quot;:&quot;0&quot;,&quot;iso&quot;:&quot;0&quot;,&quot;shutter_speed&quot;:&quot;0&quot;,&quot;title&quot;:&quot;&quot;,&quot;orientation&quot;:&quot;1&quot;}\" data-image-title=\"MGAP-Gates\" data-image-description=\"\" data-image-caption=\"\" data-large-file=\"https:\/\/i0.wp.com\/lahoradelcampo.com.uy\/site\/wp-content\/uploads\/2021\/12\/MGAP-Gates.jpg?fit=810%2C405&amp;ssl=1\" src=\"https:\/\/i0.wp.com\/lahoradelcampo.com.uy\/site\/wp-content\/uploads\/2021\/12\/MGAP-Gates.jpg?resize=810%2C405\" alt=\"\" class=\"wp-image-37175\" srcset=\"https:\/\/i0.wp.com\/lahoradelcampo.com.uy\/site\/wp-content\/uploads\/2021\/12\/MGAP-Gates.jpg?w=880&amp;ssl=1 880w, https:\/\/i0.wp.com\/lahoradelcampo.com.uy\/site\/wp-content\/uploads\/2021\/12\/MGAP-Gates.jpg?resize=300%2C150&amp;ssl=1 300w, https:\/\/i0.wp.com\/lahoradelcampo.com.uy\/site\/wp-content\/uploads\/2021\/12\/MGAP-Gates.jpg?resize=768%2C384&amp;ssl=1 768w, https:\/\/i0.wp.com\/lahoradelcampo.com.uy\/site\/wp-content\/uploads\/2021\/12\/MGAP-Gates.jpg?resize=820%2C410&amp;ssl=1 820w\" sizes=\"auto, (max-width: 810px) 100vw, 810px\" \/><\/figure>\n\n\n\n<p>El ministro Fernando Mattos, el subsecretario Ignacio Buffa, autoridades del Ministerio de Ambiente, INAC, INIA y un equipo t\u00e9cnico del MGAP se reunieron esta semana con representantes de la Fundaci\u00f3n Bill y Melinda Gates. <br><\/p>\n\n\n\n<p>En dicho encuentro el equipo convocado por el ministro Mattos hizo una presentaci\u00f3n acerca de las condiciones en las que se produce carne en Uruguay, destacando las caracter\u00edsticas singulares que presenta nuestra tierra y nuestro proceso productivo. <br><\/p>\n\n\n\n<p>La exposici\u00f3n t\u00e9cnica puso de manifiesto las razones por las cuales nuestro pa\u00eds sobresale en el continente por su profundo compromiso con la producci\u00f3n econ\u00f3micamente rentable, socialmente responsable y ambientalmente sustentable.<br><\/p>\n\n\n\n<p>Culminada la reuni\u00f3n, el ministro se\u00f1al\u00f3 que \u00abfue una presentaci\u00f3n bastante amplia que abarc\u00f3 todos los campos de acci\u00f3n dentro de los procesos productivos y demostr\u00f3 que Uruguay es una referencia dentro de los sistemas de producci\u00f3n ganadera\u00bb. <br><\/p>\n\n\n\n<p>Por su parte los nueve representantes de la Fundaci\u00f3n Gates que participaron en la videoconferencia presentaron varias experiencias que la instituci\u00f3n viene desarrollando en pa\u00edses de \u00c1frica y Asia. Estas est\u00e1n basadas en sistemas de diagn\u00f3sticos y apoyo a comunidades, muchas de ellas dedicadas a la ganader\u00eda con sistemas productivos de bajo nivel de eficiencia, relacionados a poblaciones vulnerables y de bajos ingresos.<br><\/p>\n\n\n\n<p>El Ministerio de Ambiente con la colaboraci\u00f3n del INIA presentaron adem\u00e1s la pol\u00edtica ambiental y todos los sistemas vinculados a la sustentabilidad y los trabajos que se vienen desarrollando sobre a Huella Ambiental de la Ganader\u00eda. <br><\/p>\n\n\n\n<p>El presidente del INIA, Jos\u00e9 Bonica, subray\u00f3 que \u201ctratamos de proteger las pasturas naturales, uno de los mayores patrimonios del bioma Pampa Uruguayo que es la base de la alimentaci\u00f3n de nuestros ganados\u00bb.<br><\/p>\n\n\n\n<p>Al finalizar la reuni\u00f3n el ministro Mattos reiter\u00f3 la invitaci\u00f3n a la Fundaci\u00f3n Gates para que visiten Uruguay, dijo adem\u00e1s que \u00abeste primer contacto puede ser la base de desarrollo para posicionar a Uruguay como base de un continente con el que a\u00fan la fundaci\u00f3n no ha trabajado\u00bb.<\/p>\n\n\n\n<p>Salto, 3 de diciembre de 2021<\/p>\n","protected":false},"excerpt":{"rendered":"<p>El ministro Fernando Mattos, el subsecretario Ignacio Buffa, autoridades del Ministerio de Ambiente, INAC, INIA y un equipo t\u00e9cnico del MGAP se reunieron esta semana con representantes de la Fundaci\u00f3n [&hellip;]<\/p>\n","protected":false},"author":5,"featured_media":37175,"comment_status":"open","ping_status":"open","sticky":false,"template":"","format":"standard","meta":{"_price":"","_stock":"","_tribe_ticket_header":"","_tribe_default_ticket_provider":"","_tribe_ticket_capacity":"0","_ticket_start_date":"","_ticket_end_date":"","_tribe_ticket_show_description":"","_tribe_ticket_show_not_going":false,"_tribe_ticket_use_global_stock":"","_tribe_ticket_global_stock_level":"","_global_stock_mode":"","_global_stock_cap":"","_tribe_rsvp_for_event":"","_tribe_ticket_going_count":"","_tribe_ticket_not_going_count":"","_tribe_tickets_list":"[]","_tribe_ticket_has_attendee_info_fields":false,"h5ap_radio_sources":[],"_jetpack_newsletter_access":"","_jetpack_dont_email_post_to_subs":false,"_jetpack_newsletter_tier_id":0,"_jetpack_memberships_contains_paywalled_content":false,"_jetpack_memberships_contains_paid_content":false,"footnotes":""},"categories":[21,5],"tags":[],"class_list":["post-37173","post","type-post","status-publish","format-standard","has-post-thumbnail","hentry","category-actualidad","category-ganaderia"],"jetpack_featured_media_url":"https:\/\/i0.wp.com\/lahoradelcampo.com.uy\/site\/wp-content\/uploads\/2021\/12\/MGAP-Gates.jpg?fit=880%2C440&ssl=1","jetpack_sharing_enabled":true,"jetpack_shortlink":"https:\/\/wp.me\/p99IaT-9Fz","jetpack-related-posts":[{"id":47331,"url":"https:\/\/lahoradelcampo.com.uy\/site\/mattos-senalo-que-hay-condiciones-para-mejorar-en-la-emision-de-metano\/","url_meta":{"origin":37173,"position":0},"title":"Mattos se\u00f1al\u00f3 que hay condiciones para mejorar en  la emisi\u00f3n de metano","author":"La Hora del Campo","date":"30 noviembre, 2022","format":false,"excerpt":"En el marco de la jornada \"Gen\u00e9tica para una ganader\u00eda sustentable\" organizada por el Instituto Nacional de Investigaci\u00f3n Agropecuaria (INIA) y la Sociedad de Criadores de Hereford del Uruguay (SCHU), el ministro de ganader\u00eda, agricultura y pesca, Ing. Agr. Fernando Mattos, hizo referencia a la participaci\u00f3n de Uruguay en la\u2026","rel":"","context":"En \u00abActualidad\u00bb","block_context":{"text":"Actualidad","link":"https:\/\/lahoradelcampo.com.uy\/site\/category\/actualidad\/"},"img":{"alt_text":"","src":"https:\/\/i0.wp.com\/lahoradelcampo.com.uy\/site\/wp-content\/uploads\/2022\/11\/Hereford-mattos.jpg?fit=880%2C440&ssl=1&resize=350%2C200","width":350,"height":200,"srcset":"https:\/\/i0.wp.com\/lahoradelcampo.com.uy\/site\/wp-content\/uploads\/2022\/11\/Hereford-mattos.jpg?fit=880%2C440&ssl=1&resize=350%2C200 1x, https:\/\/i0.wp.com\/lahoradelcampo.com.uy\/site\/wp-content\/uploads\/2022\/11\/Hereford-mattos.jpg?fit=880%2C440&ssl=1&resize=525%2C300 1.5x, https:\/\/i0.wp.com\/lahoradelcampo.com.uy\/site\/wp-content\/uploads\/2022\/11\/Hereford-mattos.jpg?fit=880%2C440&ssl=1&resize=700%2C400 2x"},"classes":[]},{"id":31606,"url":"https:\/\/lahoradelcampo.com.uy\/site\/fernando-mattos-asume-como-ministro-de-ganaderia-agricultura-y-pesca\/","url_meta":{"origin":37173,"position":1},"title":"Fernando Mattos asume como Ministro de Ganader\u00eda, Agricultura y Pesca","author":"La Hora del Campo","date":"28 junio, 2021","format":false,"excerpt":"El s\u00e1bado por la tarde, Carlos Mar\u00eda Uriarte particip\u00f3 como ministro en el Congreso Anual de la Federaci\u00f3n Rural y realiz\u00f3 un racconto de los temas m\u00e1s importantes en su gesti\u00f3n durante el \u00faltimo a\u00f1o, donde marc\u00f3 avances en varios temas, otros que est\u00e1n en carpeta y tambi\u00e9n proyectos a\u2026","rel":"","context":"En \u00abActualidad\u00bb","block_context":{"text":"Actualidad","link":"https:\/\/lahoradelcampo.com.uy\/site\/category\/actualidad\/"},"img":{"alt_text":"","src":"https:\/\/i0.wp.com\/lahoradelcampo.com.uy\/site\/wp-content\/uploads\/2020\/03\/Fernando-Mattos.jpg?fit=880%2C440&ssl=1&resize=350%2C200","width":350,"height":200,"srcset":"https:\/\/i0.wp.com\/lahoradelcampo.com.uy\/site\/wp-content\/uploads\/2020\/03\/Fernando-Mattos.jpg?fit=880%2C440&ssl=1&resize=350%2C200 1x, https:\/\/i0.wp.com\/lahoradelcampo.com.uy\/site\/wp-content\/uploads\/2020\/03\/Fernando-Mattos.jpg?fit=880%2C440&ssl=1&resize=525%2C300 1.5x, https:\/\/i0.wp.com\/lahoradelcampo.com.uy\/site\/wp-content\/uploads\/2020\/03\/Fernando-Mattos.jpg?fit=880%2C440&ssl=1&resize=700%2C400 2x"},"classes":[]},{"id":49424,"url":"https:\/\/lahoradelcampo.com.uy\/site\/mgap-anuncio-la-vacunacion-contra-la-influenza-aviar\/","url_meta":{"origin":37173,"position":2},"title":"MGAP anunci\u00f3 la vacunaci\u00f3n contra la influenza aviar","author":"La Hora del Campo","date":"24 marzo, 2023","format":false,"excerpt":"El Ministerio de Ganader\u00eda, Agricultura y Pesca (MGAP) anunci\u00f3 hoy el inicio del proceso de vacunaci\u00f3n contra la Influenza Aviar en Uruguay, en respuesta a la amenaza epidemiol\u00f3gica que representa la enfermedad para la producci\u00f3n av\u00edcola nacional. El ministro Fernando Mattos y el subsecretario Ignacio Buffa dieron a conocer la\u2026","rel":"","context":"En \u00abActualidad\u00bb","block_context":{"text":"Actualidad","link":"https:\/\/lahoradelcampo.com.uy\/site\/category\/actualidad\/"},"img":{"alt_text":"","src":"https:\/\/i0.wp.com\/lahoradelcampo.com.uy\/site\/wp-content\/uploads\/2023\/03\/influenzaaviar-vacunacion.jpg?fit=880%2C440&ssl=1&resize=350%2C200","width":350,"height":200,"srcset":"https:\/\/i0.wp.com\/lahoradelcampo.com.uy\/site\/wp-content\/uploads\/2023\/03\/influenzaaviar-vacunacion.jpg?fit=880%2C440&ssl=1&resize=350%2C200 1x, https:\/\/i0.wp.com\/lahoradelcampo.com.uy\/site\/wp-content\/uploads\/2023\/03\/influenzaaviar-vacunacion.jpg?fit=880%2C440&ssl=1&resize=525%2C300 1.5x, https:\/\/i0.wp.com\/lahoradelcampo.com.uy\/site\/wp-content\/uploads\/2023\/03\/influenzaaviar-vacunacion.jpg?fit=880%2C440&ssl=1&resize=700%2C400 2x"},"classes":[]},{"id":47215,"url":"https:\/\/lahoradelcampo.com.uy\/site\/se-firmo-el-protocolo-para-la-exportacion-de-sorgo-a-china\/","url_meta":{"origin":37173,"position":3},"title":"Se firm\u00f3 el protocolo para la exportaci\u00f3n de sorgo a China","author":"La Hora del Campo","date":"23 noviembre, 2022","format":false,"excerpt":"El Ministerio de Ganader\u00eda, Agricultura y Pesca (MGAP) representado por el Ministro Fernando Mattos y el gobierno de China, representado por su Embajador en Uruguay, Wang Gang, firmaron en la jornada de ayer el protocolo de requisitos fitosanitarios que habilita la exportaci\u00f3n de sorgo desde nuestro pa\u00eds al gigante asi\u00e1tico.\u2026","rel":"","context":"En \u00abActualidad\u00bb","block_context":{"text":"Actualidad","link":"https:\/\/lahoradelcampo.com.uy\/site\/category\/actualidad\/"},"img":{"alt_text":"","src":"https:\/\/i0.wp.com\/lahoradelcampo.com.uy\/site\/wp-content\/uploads\/2022\/08\/sorgo1.jpg?fit=880%2C440&ssl=1&resize=350%2C200","width":350,"height":200,"srcset":"https:\/\/i0.wp.com\/lahoradelcampo.com.uy\/site\/wp-content\/uploads\/2022\/08\/sorgo1.jpg?fit=880%2C440&ssl=1&resize=350%2C200 1x, https:\/\/i0.wp.com\/lahoradelcampo.com.uy\/site\/wp-content\/uploads\/2022\/08\/sorgo1.jpg?fit=880%2C440&ssl=1&resize=525%2C300 1.5x, https:\/\/i0.wp.com\/lahoradelcampo.com.uy\/site\/wp-content\/uploads\/2022\/08\/sorgo1.jpg?fit=880%2C440&ssl=1&resize=700%2C400 2x"},"classes":[]},{"id":34771,"url":"https:\/\/lahoradelcampo.com.uy\/site\/mattos-asumio-la-presidencia-honoraria-de-la-cmpp\/","url_meta":{"origin":37173,"position":4},"title":"Mattos asumi\u00f3 la presidencia honoraria de la CMPP","author":"La Hora del Campo","date":"29 septiembre, 2021","format":false,"excerpt":"El Ministro del MGAP, Fernando Mattos fue invitado a la C\u00e1mara Mercantil de Productos del Pa\u00eds con el fin de asumir como Presidente honorario de dicha instituci\u00f3n. Fue recibido por Jorge Erro, Presidente de la C\u00e1mara, y dem\u00e1s directivos de las gremiales que la integran, este martes 28. Mattos acept\u00f3\u2026","rel":"","context":"En \u00abActualidad\u00bb","block_context":{"text":"Actualidad","link":"https:\/\/lahoradelcampo.com.uy\/site\/category\/actualidad\/"},"img":{"alt_text":"","src":"https:\/\/i0.wp.com\/lahoradelcampo.com.uy\/site\/wp-content\/uploads\/2021\/09\/CMPP_MGAP.jpg?fit=880%2C440&ssl=1&resize=350%2C200","width":350,"height":200,"srcset":"https:\/\/i0.wp.com\/lahoradelcampo.com.uy\/site\/wp-content\/uploads\/2021\/09\/CMPP_MGAP.jpg?fit=880%2C440&ssl=1&resize=350%2C200 1x, https:\/\/i0.wp.com\/lahoradelcampo.com.uy\/site\/wp-content\/uploads\/2021\/09\/CMPP_MGAP.jpg?fit=880%2C440&ssl=1&resize=525%2C300 1.5x, https:\/\/i0.wp.com\/lahoradelcampo.com.uy\/site\/wp-content\/uploads\/2021\/09\/CMPP_MGAP.jpg?fit=880%2C440&ssl=1&resize=700%2C400 2x"},"classes":[]},{"id":54464,"url":"https:\/\/lahoradelcampo.com.uy\/site\/mgap-y-aru-analizaron-el-comercio-internacional-y-desafios-sanitarios\/","url_meta":{"origin":37173,"position":5},"title":"MGAP y ARU analizaron el comercio internacional y desaf\u00edos sanitarios","author":"La Hora del Campo","date":"9 septiembre, 2024","format":false,"excerpt":"Este lunes 9 de septiembre, en el marco de la Expo Prado 2024, las autoridades del Ministerio de Ganader\u00eda, Agricultura y Pesca (MGAP) y la Asociaci\u00f3n Rural del Uruguay (ARU) se reunieron, como es tradicional, para discutir temas clave relacionados con el comercio internacional y las campa\u00f1as sanitarias. Uno de\u2026","rel":"","context":"En \u00abActualidad\u00bb","block_context":{"text":"Actualidad","link":"https:\/\/lahoradelcampo.com.uy\/site\/category\/actualidad\/"},"img":{"alt_text":"","src":"https:\/\/i0.wp.com\/lahoradelcampo.com.uy\/site\/wp-content\/uploads\/2024\/09\/PRADO-Mattos.jpg?fit=880%2C440&ssl=1&resize=350%2C200","width":350,"height":200,"srcset":"https:\/\/i0.wp.com\/lahoradelcampo.com.uy\/site\/wp-content\/uploads\/2024\/09\/PRADO-Mattos.jpg?fit=880%2C440&ssl=1&resize=350%2C200 1x, https:\/\/i0.wp.com\/lahoradelcampo.com.uy\/site\/wp-content\/uploads\/2024\/09\/PRADO-Mattos.jpg?fit=880%2C440&ssl=1&resize=525%2C300 1.5x, https:\/\/i0.wp.com\/lahoradelcampo.com.uy\/site\/wp-content\/uploads\/2024\/09\/PRADO-Mattos.jpg?fit=880%2C440&ssl=1&resize=700%2C400 2x"},"classes":[]}],"jetpack_likes_enabled":true,"_links":{"self":[{"href":"https:\/\/lahoradelcampo.com.uy\/site\/wp-json\/wp\/v2\/posts\/37173","targetHints":{"allow":["GET"]}}],"collection":[{"href":"https:\/\/lahoradelcampo.com.uy\/site\/wp-json\/wp\/v2\/posts"}],"about":[{"href":"https:\/\/lahoradelcampo.com.uy\/site\/wp-json\/wp\/v2\/types\/post"}],"author":[{"embeddable":true,"href":"https:\/\/lahoradelcampo.com.uy\/site\/wp-json\/wp\/v2\/users\/5"}],"replies":[{"embeddable":true,"href":"https:\/\/lahoradelcampo.com.uy\/site\/wp-json\/wp\/v2\/comments?post=37173"}],"version-history":[{"count":1,"href":"https:\/\/lahoradelcampo.com.uy\/site\/wp-json\/wp\/v2\/posts\/37173\/revisions"}],"predecessor-version":[{"id":37177,"href":"https:\/\/lahoradelcampo.com.uy\/site\/wp-json\/wp\/v2\/posts\/37173\/revisions\/37177"}],"wp:featuredmedia":[{"embeddable":true,"href":"https:\/\/lahoradelcampo.com.uy\/site\/wp-json\/wp\/v2\/media\/37175"}],"wp:attachment":[{"href":"https:\/\/lahoradelcampo.com.uy\/site\/wp-json\/wp\/v2\/media?parent=37173"}],"wp:term":[{"taxonomy":"category","embeddable":true,"href":"https:\/\/lahoradelcampo.com.uy\/site\/wp-json\/wp\/v2\/categories?post=37173"},{"taxonomy":"post_tag","embeddable":true,"href":"https:\/\/lahoradelcampo.com.uy\/site\/wp-json\/wp\/v2\/tags?post=37173"}],"curies":[{"name":"wp","href":"https:\/\/api.w.org\/{rel}","templated":true}]}}