{"id":37137,"date":"2021-12-02T07:18:31","date_gmt":"2021-12-02T10:18:31","guid":{"rendered":"http:\/\/lahoradelcampo.com.uy\/site\/?p=37137"},"modified":"2021-12-02T07:18:40","modified_gmt":"2021-12-02T10:18:40","slug":"gaudin-hnos-coloco-el-100-de-la-oferta-en-parada-herreria-2","status":"publish","type":"post","link":"https:\/\/lahoradelcampo.com.uy\/site\/gaudin-hnos-coloco-el-100-de-la-oferta-en-parada-herreria-2\/","title":{"rendered":"Gaud\u00edn Hnos. coloc\u00f3 el 100% de la oferta en Parada Herrer\u00eda"},"content":{"rendered":"\n<figure class=\"wp-block-image\"><img data-recalc-dims=\"1\" loading=\"lazy\" decoding=\"async\" width=\"810\" height=\"405\" data-attachment-id=\"29942\" data-permalink=\"https:\/\/lahoradelcampo.com.uy\/site\/agricultores-apuntan-a-recuperar-terreno-con-los-cultivos-de-invierno\/gaudin-german\/\" data-orig-file=\"https:\/\/i0.wp.com\/lahoradelcampo.com.uy\/site\/wp-content\/uploads\/2021\/05\/Gaudin-german.jpg?fit=880%2C440&amp;ssl=1\" data-orig-size=\"880,440\" data-comments-opened=\"1\" data-image-meta=\"{&quot;aperture&quot;:&quot;0&quot;,&quot;credit&quot;:&quot;&quot;,&quot;camera&quot;:&quot;&quot;,&quot;caption&quot;:&quot;&quot;,&quot;created_timestamp&quot;:&quot;0&quot;,&quot;copyright&quot;:&quot;&quot;,&quot;focal_length&quot;:&quot;0&quot;,&quot;iso&quot;:&quot;0&quot;,&quot;shutter_speed&quot;:&quot;0&quot;,&quot;title&quot;:&quot;&quot;,&quot;orientation&quot;:&quot;1&quot;}\" data-image-title=\"Gaudin-german\" data-image-description=\"\" data-image-caption=\"\" data-large-file=\"https:\/\/i0.wp.com\/lahoradelcampo.com.uy\/site\/wp-content\/uploads\/2021\/05\/Gaudin-german.jpg?fit=810%2C405&amp;ssl=1\" src=\"https:\/\/i0.wp.com\/lahoradelcampo.com.uy\/site\/wp-content\/uploads\/2021\/05\/Gaudin-german.jpg?resize=810%2C405\" alt=\"\" class=\"wp-image-29942\" srcset=\"https:\/\/i0.wp.com\/lahoradelcampo.com.uy\/site\/wp-content\/uploads\/2021\/05\/Gaudin-german.jpg?w=880&amp;ssl=1 880w, https:\/\/i0.wp.com\/lahoradelcampo.com.uy\/site\/wp-content\/uploads\/2021\/05\/Gaudin-german.jpg?resize=300%2C150&amp;ssl=1 300w, https:\/\/i0.wp.com\/lahoradelcampo.com.uy\/site\/wp-content\/uploads\/2021\/05\/Gaudin-german.jpg?resize=768%2C384&amp;ssl=1 768w, https:\/\/i0.wp.com\/lahoradelcampo.com.uy\/site\/wp-content\/uploads\/2021\/05\/Gaudin-german.jpg?resize=820%2C410&amp;ssl=1 820w\" sizes=\"auto, (max-width: 810px) 100vw, 810px\" \/><\/figure>\n\n\n\n<p>El escritorio Gaud\u00edn Hnos, coloc\u00f3 en la jornada de ayer, el 100% de la oferta de ovinos y vacunos en el local Parada Herrer\u00eda, en un remate de tr\u00e1mite \u00e1gil y con piques en todos los lotes que pasaron por la pista de ventas. <br><\/p>\n\n\n\n<p>En el caso de los ovinos, los capones hicieron valores de US$ 55 a US$ 61, en tanto que para las ovejas, las referencias fueron desde US$ 40 a US$ 46, con un lote de tres ovejas negras que cotizaron a US$ 50 y dos ovejas gordas se pagaron a US$ 65. <br><\/p>\n\n\n\n<p>Para los borregos los valores fueron de US$ 43 y US$ 44, en un lote importante que se fue comercializando de forma fraccionada. La categor\u00eda de corderos encontr\u00f3 valores de US$ 35 a US$ 47. En el caso del ovino se observo mucho inter\u00e9s, tanto de los abastecedores locales como tambi\u00e9n de productores que buscaron alg\u00fan consumo para las fiestas. <br><\/p>\n\n\n\n<p>La oferta de vacunos, se vio reducida por la presencia de garrapata en algunos lotes importantes que estaban consignados, sin embargo lo que pas\u00f3 por pista se pag\u00f3 a buenos valores, con vacas gordas que superaron los US$ 1.000 y buena demanda en las categor\u00edas de invernar.<br><\/p>\n\n\n\n<p>Para las vacas gordas y pesadas los valores fueron desde US$ 935 a US$ 1.020, mientras que las de abasto de segunda y algunas bastante adelantadas que se encontraron con puja entre abastecedores y alg\u00fan invernador, se pagaron entre US$ 680 y US$ 865. Las vaquillonas se pagaron a US$ 620 y US$ 720  las m\u00e1s pesadas y luego hubo referencias de US$ 518 y US$ 525; mientras que las vacas de invernar se pagaron de US$ 480 a US$ 522.<br><\/p>\n\n\n\n<p>Un novillo grande, gordo, se pag\u00f3 a US$ 1.000, mientras que luego los novillos de 2 a 3 a\u00f1os cotizaron a US$ 475 y los de 1 a 2 a\u00f1os US$ 300. <br><\/p>\n\n\n\n<p>Al cierre de la operativa, el Dr. Germ\u00e1n Gaud\u00edn, dijo \u00abfue una linda feria, una oferta importante de lanares, se achico la de vacunos porque el problema de la garrapata est\u00e1 siempre presente\u00bb. Puntualmente en el ovino, se\u00f1al\u00f3 que \u00abel mercado fue muy bueno, se vendi\u00f3 \u00e1gilmente todo, tanto el adulto como los corderos y borregos, fueron 430 ovinos y se colocaron sin dificultad\u00bb. <br><\/p>\n\n\n\n<p>En el vacuno \u00abalguna vaca gorda, muy pesada, se pag\u00f3 muy bien, arriba de los mil d\u00f3lares. Y despu\u00e9s ganados para el campo, con algunas vacas adelantadas y novillos de edades intermedias. Lo m\u00e1s importante que se coloc\u00f3 toda la oferta, de forma r\u00e1pida, \u00e1gil, el mercado sigue demandado\u00bb. <br><\/p>\n\n\n\n<p>Lote 21<br><\/p>\n\n\n\n<p>Las inscripciones para el pr\u00f3ximo remate de Lote 21, el 14 de diciembre, cerraron en la jornada de ayer. El martillero Germ\u00e1n Gaud\u00edn dijo que durante el per\u00edodo de la certificaci\u00f3n, siempre existe un espacio para inscribir alg\u00fan lote adicional por parte de aquellos productores que est\u00e9n interesados en comercializar en la \u00faltima venta del 2021. <\/p>\n\n\n\n<p>Salto, 2 de diciembre de 2021<\/p>\n","protected":false},"excerpt":{"rendered":"<p>El escritorio Gaud\u00edn Hnos, coloc\u00f3 en la jornada de ayer, el 100% de la oferta de ovinos y vacunos en el local Parada Herrer\u00eda, en un remate de tr\u00e1mite \u00e1gil [&hellip;]<\/p>\n","protected":false},"author":5,"featured_media":29942,"comment_status":"open","ping_status":"open","sticky":false,"template":"","format":"standard","meta":{"_price":"","_stock":"","_tribe_ticket_header":"","_tribe_default_ticket_provider":"","_tribe_ticket_capacity":"0","_ticket_start_date":"","_ticket_end_date":"","_tribe_ticket_show_description":"","_tribe_ticket_show_not_going":false,"_tribe_ticket_use_global_stock":"","_tribe_ticket_global_stock_level":"","_global_stock_mode":"","_global_stock_cap":"","_tribe_rsvp_for_event":"","_tribe_ticket_going_count":"","_tribe_ticket_not_going_count":"","_tribe_tickets_list":"[]","_tribe_ticket_has_attendee_info_fields":false,"h5ap_radio_sources":[],"_jetpack_newsletter_access":"","_jetpack_dont_email_post_to_subs":false,"_jetpack_newsletter_tier_id":0,"_jetpack_memberships_contains_paywalled_content":false,"_jetpack_memberships_contains_paid_content":false,"footnotes":""},"categories":[21,5],"tags":[],"class_list":["post-37137","post","type-post","status-publish","format-standard","has-post-thumbnail","hentry","category-actualidad","category-ganaderia"],"jetpack_featured_media_url":"https:\/\/i0.wp.com\/lahoradelcampo.com.uy\/site\/wp-content\/uploads\/2021\/05\/Gaudin-german.jpg?fit=880%2C440&ssl=1","jetpack_sharing_enabled":true,"jetpack_shortlink":"https:\/\/wp.me\/p99IaT-9EZ","jetpack-related-posts":[{"id":41955,"url":"https:\/\/lahoradelcampo.com.uy\/site\/gaudin-hnos-coloco-el-100-de-la-oferta-en-parada-herreria-3\/","url_meta":{"origin":37137,"position":0},"title":"Gaud\u00edn Hnos. coloc\u00f3 el 100% de la oferta  en Parada Herrer\u00eda","author":"La Hora del Campo","date":"18 mayo, 2022","format":false,"excerpt":"En una tarde fr\u00eda, pr\u00e1cticamente de invierno, el escritorio Gaud\u00edn Hnos, concret\u00f3 su remate feria en el local Parada Herrer\u00eda, con colocaci\u00f3n total y \u00e1gil tanto en ovinos como en vacunos. El martillero Santiago Gaud\u00edn, dijo al cierre de las ventas \"fue uno de los remates m\u00e1s \u00e1giles en los\u2026","rel":"","context":"En \u00abActualidad\u00bb","block_context":{"text":"Actualidad","link":"https:\/\/lahoradelcampo.com.uy\/site\/category\/actualidad\/"},"img":{"alt_text":"","src":"https:\/\/i0.wp.com\/lahoradelcampo.com.uy\/site\/wp-content\/uploads\/2022\/05\/GAUDIN-Parada1.jpg?fit=880%2C440&ssl=1&resize=350%2C200","width":350,"height":200,"srcset":"https:\/\/i0.wp.com\/lahoradelcampo.com.uy\/site\/wp-content\/uploads\/2022\/05\/GAUDIN-Parada1.jpg?fit=880%2C440&ssl=1&resize=350%2C200 1x, https:\/\/i0.wp.com\/lahoradelcampo.com.uy\/site\/wp-content\/uploads\/2022\/05\/GAUDIN-Parada1.jpg?fit=880%2C440&ssl=1&resize=525%2C300 1.5x, https:\/\/i0.wp.com\/lahoradelcampo.com.uy\/site\/wp-content\/uploads\/2022\/05\/GAUDIN-Parada1.jpg?fit=880%2C440&ssl=1&resize=700%2C400 2x"},"classes":[]},{"id":16462,"url":"https:\/\/lahoradelcampo.com.uy\/site\/gaudin-hnos-coloco-el-100-de-la-oferta-en-la-ultima-venta-del-ano\/","url_meta":{"origin":37137,"position":1},"title":"Gaud\u00edn Hnos coloc\u00f3 el 100% de  la oferta en la \u00faltima venta del a\u00f1o","author":"La Hora del Campo","date":"17 diciembre, 2019","format":false,"excerpt":"En la tarde de ayer el escritorio Gaud\u00edn Hnos, coloc\u00f3 el 100% de la oferta que en definitiva logr\u00f3 llegar al local Parada Herrer\u00eda, debido a las precipitaciones que se registraron en las \u00faltimas horas que limitaron la oferta de vacunos. En este sentido tambi\u00e9n la garrapata contin\u00faa presente en\u2026","rel":"","context":"En \u00abActualidad\u00bb","block_context":{"text":"Actualidad","link":"https:\/\/lahoradelcampo.com.uy\/site\/category\/actualidad\/"},"img":{"alt_text":"","src":"https:\/\/i0.wp.com\/lahoradelcampo.com.uy\/site\/wp-content\/uploads\/2017\/10\/Parada-Herreria.jpg?fit=880%2C440&ssl=1&resize=350%2C200","width":350,"height":200,"srcset":"https:\/\/i0.wp.com\/lahoradelcampo.com.uy\/site\/wp-content\/uploads\/2017\/10\/Parada-Herreria.jpg?fit=880%2C440&ssl=1&resize=350%2C200 1x, https:\/\/i0.wp.com\/lahoradelcampo.com.uy\/site\/wp-content\/uploads\/2017\/10\/Parada-Herreria.jpg?fit=880%2C440&ssl=1&resize=525%2C300 1.5x, https:\/\/i0.wp.com\/lahoradelcampo.com.uy\/site\/wp-content\/uploads\/2017\/10\/Parada-Herreria.jpg?fit=880%2C440&ssl=1&resize=700%2C400 2x"},"classes":[]},{"id":14721,"url":"https:\/\/lahoradelcampo.com.uy\/site\/gaudin-hnos-coloco-el-100-de-la-oferta-ayer-en-parada-herreria-2\/","url_meta":{"origin":37137,"position":2},"title":"Gaud\u00edn Hnos. coloc\u00f3 el 100% de la oferta ayer en Parada Herrer\u00eda","author":"La Hora del Campo","date":"2 octubre, 2019","format":false,"excerpt":"En la jornada de ayer el escritorio Gaud\u00edn Hnos, realiz\u00f3 su primera venta quincenal en el local Parada Herrer\u00eda, para este mes de octubre. En la pista se coloc\u00f3 el 100% de la oferta con un mercado \u00e1gil y demandante, con un abasto local firme y productores invernadores que disputaron\u2026","rel":"","context":"En \u00abActualidad\u00bb","block_context":{"text":"Actualidad","link":"https:\/\/lahoradelcampo.com.uy\/site\/category\/actualidad\/"},"img":{"alt_text":"","src":"https:\/\/i0.wp.com\/lahoradelcampo.com.uy\/site\/wp-content\/uploads\/2017\/10\/Parada-Herreria.jpg?fit=880%2C440&ssl=1&resize=350%2C200","width":350,"height":200,"srcset":"https:\/\/i0.wp.com\/lahoradelcampo.com.uy\/site\/wp-content\/uploads\/2017\/10\/Parada-Herreria.jpg?fit=880%2C440&ssl=1&resize=350%2C200 1x, https:\/\/i0.wp.com\/lahoradelcampo.com.uy\/site\/wp-content\/uploads\/2017\/10\/Parada-Herreria.jpg?fit=880%2C440&ssl=1&resize=525%2C300 1.5x, https:\/\/i0.wp.com\/lahoradelcampo.com.uy\/site\/wp-content\/uploads\/2017\/10\/Parada-Herreria.jpg?fit=880%2C440&ssl=1&resize=700%2C400 2x"},"classes":[]},{"id":52246,"url":"https:\/\/lahoradelcampo.com.uy\/site\/gaudin-hnos-coloco-el-100-de-la-oferta-en-parada-herreria-4\/","url_meta":{"origin":37137,"position":3},"title":"Gaud\u00edn Hnos coloc\u00f3 el 100% de la oferta en Parada Herrer\u00eda","author":"La Hora del Campo","date":"21 agosto, 2023","format":false,"excerpt":"Se desarroll\u00f3 el viernes un nuevo remate del escritorio Gaud\u00edn Hnos, en el local Parada Herrer\u00eda, con venta total tanto en vacunos como en ovinos. El Dr. Germ\u00e1n Gaud\u00edn, director de Gaud\u00edn Hnos, remarc\u00f3 la importancia de haber logrado una \"oferta importante\" para este remate, lo que permiti\u00f3 una mayor\u2026","rel":"","context":"En \u00abActualidad\u00bb","block_context":{"text":"Actualidad","link":"https:\/\/lahoradelcampo.com.uy\/site\/category\/actualidad\/"},"img":{"alt_text":"","src":"https:\/\/i0.wp.com\/lahoradelcampo.com.uy\/site\/wp-content\/uploads\/2023\/08\/German-Gaudin.jpg?fit=880%2C440&ssl=1&resize=350%2C200","width":350,"height":200,"srcset":"https:\/\/i0.wp.com\/lahoradelcampo.com.uy\/site\/wp-content\/uploads\/2023\/08\/German-Gaudin.jpg?fit=880%2C440&ssl=1&resize=350%2C200 1x, https:\/\/i0.wp.com\/lahoradelcampo.com.uy\/site\/wp-content\/uploads\/2023\/08\/German-Gaudin.jpg?fit=880%2C440&ssl=1&resize=525%2C300 1.5x, https:\/\/i0.wp.com\/lahoradelcampo.com.uy\/site\/wp-content\/uploads\/2023\/08\/German-Gaudin.jpg?fit=880%2C440&ssl=1&resize=700%2C400 2x"},"classes":[]},{"id":16216,"url":"https:\/\/lahoradelcampo.com.uy\/site\/gaudin-hnos-coloco-toda-la-oferta-en-parada-herreria-en-un-mercado-mas-tranquilo\/","url_meta":{"origin":37137,"position":4},"title":"Gaud\u00edn Hnos, coloc\u00f3 toda la oferta en Parada Herrer\u00eda en un mercado m\u00e1s tranquilo","author":"La Hora del Campo","date":"3 diciembre, 2019","format":false,"excerpt":"El escritorio Gaud\u00edn Hnos, coloc\u00f3 toda la oferta ayer en la pista de Parada Herrer\u00eda con un mercado un poco m\u00e1s tranquilo que hace un mes atr\u00e1s. Julio Gaud\u00edn se\u00f1al\u00f3 que la oferta prevista lleg\u00f3 en su totalidad al local, sin embargo \"la garrapata sigue haciendo estragos\" indic\u00f3, por lo\u2026","rel":"","context":"En \u00abActualidad\u00bb","block_context":{"text":"Actualidad","link":"https:\/\/lahoradelcampo.com.uy\/site\/category\/actualidad\/"},"img":{"alt_text":"","src":"https:\/\/i0.wp.com\/lahoradelcampo.com.uy\/site\/wp-content\/uploads\/2019\/12\/ParadaGaudin.jpg?fit=880%2C440&ssl=1&resize=350%2C200","width":350,"height":200,"srcset":"https:\/\/i0.wp.com\/lahoradelcampo.com.uy\/site\/wp-content\/uploads\/2019\/12\/ParadaGaudin.jpg?fit=880%2C440&ssl=1&resize=350%2C200 1x, https:\/\/i0.wp.com\/lahoradelcampo.com.uy\/site\/wp-content\/uploads\/2019\/12\/ParadaGaudin.jpg?fit=880%2C440&ssl=1&resize=525%2C300 1.5x, https:\/\/i0.wp.com\/lahoradelcampo.com.uy\/site\/wp-content\/uploads\/2019\/12\/ParadaGaudin.jpg?fit=880%2C440&ssl=1&resize=700%2C400 2x"},"classes":[]},{"id":6847,"url":"https:\/\/lahoradelcampo.com.uy\/site\/gaudin-hnos-coloco-el-100-de-la-oferta-ayer-en-parada-herreria\/","url_meta":{"origin":37137,"position":5},"title":"Gaud\u00edn Hnos, coloc\u00f3 el 100% de la oferta ayer en Parada Herrer\u00eda","author":"La Hora del Campo","date":"3 mayo, 2018","format":false,"excerpt":"\"Remate con lluvia nunca falla\", dicen los rematadores, y ayer no fue la excepci\u00f3n en el local Parada Herrer\u00eda donde el escritorio Gaud\u00edn Hnos, coloc\u00f3 \u00e1gilmente el 100% de la oferta que paso por la pista. Sin llegar al local, por cuestiones clim\u00e1ticas, fue nuevamente el ovino. El comienzo del\u2026","rel":"","context":"En \u00abActualidad\u00bb","block_context":{"text":"Actualidad","link":"https:\/\/lahoradelcampo.com.uy\/site\/category\/actualidad\/"},"img":{"alt_text":"","src":"https:\/\/i0.wp.com\/lahoradelcampo.com.uy\/site\/wp-content\/uploads\/2018\/05\/Paradaherreria.jpg?fit=880%2C440&ssl=1&resize=350%2C200","width":350,"height":200,"srcset":"https:\/\/i0.wp.com\/lahoradelcampo.com.uy\/site\/wp-content\/uploads\/2018\/05\/Paradaherreria.jpg?fit=880%2C440&ssl=1&resize=350%2C200 1x, https:\/\/i0.wp.com\/lahoradelcampo.com.uy\/site\/wp-content\/uploads\/2018\/05\/Paradaherreria.jpg?fit=880%2C440&ssl=1&resize=525%2C300 1.5x, https:\/\/i0.wp.com\/lahoradelcampo.com.uy\/site\/wp-content\/uploads\/2018\/05\/Paradaherreria.jpg?fit=880%2C440&ssl=1&resize=700%2C400 2x"},"classes":[]}],"jetpack_likes_enabled":true,"_links":{"self":[{"href":"https:\/\/lahoradelcampo.com.uy\/site\/wp-json\/wp\/v2\/posts\/37137","targetHints":{"allow":["GET"]}}],"collection":[{"href":"https:\/\/lahoradelcampo.com.uy\/site\/wp-json\/wp\/v2\/posts"}],"about":[{"href":"https:\/\/lahoradelcampo.com.uy\/site\/wp-json\/wp\/v2\/types\/post"}],"author":[{"embeddable":true,"href":"https:\/\/lahoradelcampo.com.uy\/site\/wp-json\/wp\/v2\/users\/5"}],"replies":[{"embeddable":true,"href":"https:\/\/lahoradelcampo.com.uy\/site\/wp-json\/wp\/v2\/comments?post=37137"}],"version-history":[{"count":1,"href":"https:\/\/lahoradelcampo.com.uy\/site\/wp-json\/wp\/v2\/posts\/37137\/revisions"}],"predecessor-version":[{"id":37139,"href":"https:\/\/lahoradelcampo.com.uy\/site\/wp-json\/wp\/v2\/posts\/37137\/revisions\/37139"}],"wp:featuredmedia":[{"embeddable":true,"href":"https:\/\/lahoradelcampo.com.uy\/site\/wp-json\/wp\/v2\/media\/29942"}],"wp:attachment":[{"href":"https:\/\/lahoradelcampo.com.uy\/site\/wp-json\/wp\/v2\/media?parent=37137"}],"wp:term":[{"taxonomy":"category","embeddable":true,"href":"https:\/\/lahoradelcampo.com.uy\/site\/wp-json\/wp\/v2\/categories?post=37137"},{"taxonomy":"post_tag","embeddable":true,"href":"https:\/\/lahoradelcampo.com.uy\/site\/wp-json\/wp\/v2\/tags?post=37137"}],"curies":[{"name":"wp","href":"https:\/\/api.w.org\/{rel}","templated":true}]}}