{"id":37133,"date":"2021-12-02T07:15:38","date_gmt":"2021-12-02T10:15:38","guid":{"rendered":"http:\/\/lahoradelcampo.com.uy\/site\/?p=37133"},"modified":"2021-12-02T07:19:41","modified_gmt":"2021-12-02T10:19:41","slug":"brasil-sigue-al-alza-y-argentina-con-el-novillo-gordo-mas-caro-de-la-region","status":"publish","type":"post","link":"https:\/\/lahoradelcampo.com.uy\/site\/brasil-sigue-al-alza-y-argentina-con-el-novillo-gordo-mas-caro-de-la-region\/","title":{"rendered":"Brasil sigue al alza y Argentina con el novillo m\u00e1s caro de la regi\u00f3n"},"content":{"rendered":"\n<figure class=\"wp-block-image\"><img data-recalc-dims=\"1\" loading=\"lazy\" decoding=\"async\" width=\"810\" height=\"405\" data-attachment-id=\"35067\" data-permalink=\"https:\/\/lahoradelcampo.com.uy\/site\/el-novillo-gordo-especial-supera-los-us-460-en-cuarta-balanza\/novillo-gordo\/\" data-orig-file=\"https:\/\/i0.wp.com\/lahoradelcampo.com.uy\/site\/wp-content\/uploads\/2021\/10\/novillo-gordo.jpg?fit=880%2C440&amp;ssl=1\" data-orig-size=\"880,440\" data-comments-opened=\"1\" data-image-meta=\"{&quot;aperture&quot;:&quot;0&quot;,&quot;credit&quot;:&quot;&quot;,&quot;camera&quot;:&quot;&quot;,&quot;caption&quot;:&quot;&quot;,&quot;created_timestamp&quot;:&quot;0&quot;,&quot;copyright&quot;:&quot;&quot;,&quot;focal_length&quot;:&quot;0&quot;,&quot;iso&quot;:&quot;0&quot;,&quot;shutter_speed&quot;:&quot;0&quot;,&quot;title&quot;:&quot;&quot;,&quot;orientation&quot;:&quot;1&quot;}\" data-image-title=\"novillo-gordo\" data-image-description=\"\" data-image-caption=\"\" data-large-file=\"https:\/\/i0.wp.com\/lahoradelcampo.com.uy\/site\/wp-content\/uploads\/2021\/10\/novillo-gordo.jpg?fit=810%2C405&amp;ssl=1\" src=\"https:\/\/i0.wp.com\/lahoradelcampo.com.uy\/site\/wp-content\/uploads\/2021\/10\/novillo-gordo.jpg?resize=810%2C405\" alt=\"\" class=\"wp-image-35067\" srcset=\"https:\/\/i0.wp.com\/lahoradelcampo.com.uy\/site\/wp-content\/uploads\/2021\/10\/novillo-gordo.jpg?w=880&amp;ssl=1 880w, https:\/\/i0.wp.com\/lahoradelcampo.com.uy\/site\/wp-content\/uploads\/2021\/10\/novillo-gordo.jpg?resize=300%2C150&amp;ssl=1 300w, https:\/\/i0.wp.com\/lahoradelcampo.com.uy\/site\/wp-content\/uploads\/2021\/10\/novillo-gordo.jpg?resize=768%2C384&amp;ssl=1 768w, https:\/\/i0.wp.com\/lahoradelcampo.com.uy\/site\/wp-content\/uploads\/2021\/10\/novillo-gordo.jpg?resize=820%2C410&amp;ssl=1 820w\" sizes=\"auto, (max-width: 810px) 100vw, 810px\" \/><\/figure>\n\n\n\n<p>El \u00cdndice Faxcarne del Novillo Mercosur, elaborado por la consultora Tard\u00e1guila Agromercados, subi\u00f3 nuevamente esta semana, por cuarta vez consecutiva, debido al impulso de Brasil y Paraguay principalmente. <br><\/p>\n\n\n\n<p>Dicho indicador se posicion\u00f3 en US$ 3,89 por kilogramo de carcasa, el nivel m\u00e1s alto desde la segunda semana de agosto, tras haber subido tres centavos. <br><\/p>\n\n\n\n<p>Brasil mantiene la tendencia de recuperaci\u00f3n de precios, aunque esta semana fue mucho m\u00e1s atenuada que en las anteriores. <br><\/p>\n\n\n\n<p>El valor medio del \u00abboi\u00bb gordo en los principales estados exportadores aument\u00f3 3 centavos a US$ 3,60 el kilo carcasa.<br><\/p>\n\n\n\n<p>Tambi\u00e9n subi\u00f3 el precio en Paraguay y Uruguay. En Paraguay la referencia se ubica esta semana en US$ 3,75 el kilo, 10 centavos m\u00e1s que en la anterior, en tanto que en Uruguay la tendencia a la baja qued\u00f3 atr\u00e1s, al superarse el conflicto con el gremio de la industria frigor\u00edfica y luego de las generalizadas lluvias del fin de semana. La referencia tiende a ubicarse en el eje de US$ 4,10.<br><\/p>\n\n\n\n<p>Argentina sigue teniendo el precio m\u00e1s alto de la regi\u00f3n, pero esta \u00faltima semana las referencias del novillo de exportaci\u00f3n se mantuvieron sin cambios en pesos y bajaron 2 centavos en d\u00f3lares a US$ 4,62 el kilo carcasa.<\/p>\n\n\n\n<p>Salto, 2 de diciembre de 2021<\/p>\n","protected":false},"excerpt":{"rendered":"<p>El \u00cdndice Faxcarne del Novillo Mercosur, elaborado por la consultora Tard\u00e1guila Agromercados, subi\u00f3 nuevamente esta semana, por cuarta vez consecutiva, debido al impulso de Brasil y Paraguay principalmente. Dicho indicador [&hellip;]<\/p>\n","protected":false},"author":5,"featured_media":35067,"comment_status":"open","ping_status":"open","sticky":false,"template":"","format":"standard","meta":{"_price":"","_stock":"","_tribe_ticket_header":"","_tribe_default_ticket_provider":"","_tribe_ticket_capacity":"0","_ticket_start_date":"","_ticket_end_date":"","_tribe_ticket_show_description":"","_tribe_ticket_show_not_going":false,"_tribe_ticket_use_global_stock":"","_tribe_ticket_global_stock_level":"","_global_stock_mode":"","_global_stock_cap":"","_tribe_rsvp_for_event":"","_tribe_ticket_going_count":"","_tribe_ticket_not_going_count":"","_tribe_tickets_list":"[]","_tribe_ticket_has_attendee_info_fields":false,"h5ap_radio_sources":[],"_jetpack_newsletter_access":"","_jetpack_dont_email_post_to_subs":false,"_jetpack_newsletter_tier_id":0,"_jetpack_memberships_contains_paywalled_content":false,"_jetpack_memberships_contains_paid_content":false,"footnotes":""},"categories":[21,15],"tags":[],"class_list":["post-37133","post","type-post","status-publish","format-standard","has-post-thumbnail","hentry","category-actualidad","category-columnistas"],"jetpack_featured_media_url":"https:\/\/i0.wp.com\/lahoradelcampo.com.uy\/site\/wp-content\/uploads\/2021\/10\/novillo-gordo.jpg?fit=880%2C440&ssl=1","jetpack_sharing_enabled":true,"jetpack_shortlink":"https:\/\/wp.me\/p99IaT-9EV","jetpack-related-posts":[{"id":36895,"url":"https:\/\/lahoradelcampo.com.uy\/site\/el-novillo-mercosur-volvio-a-subir-impulsado-por-brasil-y-argentina\/","url_meta":{"origin":37133,"position":0},"title":"El Novillo Mercosur volvi\u00f3 a subir impulsado por Brasil y Argentina","author":"La Hora del Campo","date":"25 noviembre, 2021","format":false,"excerpt":"La semana fue positiva para las referencias del novillo en la regi\u00f3n, principalmente en Brasil y Argentina, lo que permiti\u00f3 una fuerte suba en el \u00cdndice Faxcarne del Novillo Mercosur, elaborado por la consultora Tard\u00e1guila Agromercados. La \u00faltima referencia, publicada ayer, alcanz\u00f3 US$ 3,86 el kilo carcasa, una suba semanal\u2026","rel":"","context":"En \u00abActualidad\u00bb","block_context":{"text":"Actualidad","link":"https:\/\/lahoradelcampo.com.uy\/site\/category\/actualidad\/"},"img":{"alt_text":"","src":"https:\/\/i0.wp.com\/lahoradelcampo.com.uy\/site\/wp-content\/uploads\/2021\/09\/boigordo1.jpg?fit=880%2C440&ssl=1&resize=350%2C200","width":350,"height":200,"srcset":"https:\/\/i0.wp.com\/lahoradelcampo.com.uy\/site\/wp-content\/uploads\/2021\/09\/boigordo1.jpg?fit=880%2C440&ssl=1&resize=350%2C200 1x, https:\/\/i0.wp.com\/lahoradelcampo.com.uy\/site\/wp-content\/uploads\/2021\/09\/boigordo1.jpg?fit=880%2C440&ssl=1&resize=525%2C300 1.5x, https:\/\/i0.wp.com\/lahoradelcampo.com.uy\/site\/wp-content\/uploads\/2021\/09\/boigordo1.jpg?fit=880%2C440&ssl=1&resize=700%2C400 2x"},"classes":[]},{"id":32090,"url":"https:\/\/lahoradelcampo.com.uy\/site\/el-indice-novillo-mercosur-subio-3-centavos\/","url_meta":{"origin":37133,"position":1},"title":"El \u00cdndice Novillo Mercosur subi\u00f3 3 centavos","author":"La Hora del Campo","date":"15 julio, 2021","format":false,"excerpt":"El \u00cdndice Faxcarne del Novillo Mercosur subi\u00f3 3 centavos en la semana, situ\u00e1ndose en US$ 3,85 el kilo de carcasa en la industria frigor\u00edfica de la regi\u00f3n. Dicho indicador fue presionado la alza por aumentos en las referencias de precios en Uruguay, Argentina y Paraguay. En Brasil se registr\u00f3 un\u2026","rel":"","context":"En \u00abActualidad\u00bb","block_context":{"text":"Actualidad","link":"https:\/\/lahoradelcampo.com.uy\/site\/category\/actualidad\/"},"img":{"alt_text":"","src":"https:\/\/i0.wp.com\/lahoradelcampo.com.uy\/site\/wp-content\/uploads\/2021\/05\/boigordo.jpg?fit=880%2C440&ssl=1&resize=350%2C200","width":350,"height":200,"srcset":"https:\/\/i0.wp.com\/lahoradelcampo.com.uy\/site\/wp-content\/uploads\/2021\/05\/boigordo.jpg?fit=880%2C440&ssl=1&resize=350%2C200 1x, https:\/\/i0.wp.com\/lahoradelcampo.com.uy\/site\/wp-content\/uploads\/2021\/05\/boigordo.jpg?fit=880%2C440&ssl=1&resize=525%2C300 1.5x, https:\/\/i0.wp.com\/lahoradelcampo.com.uy\/site\/wp-content\/uploads\/2021\/05\/boigordo.jpg?fit=880%2C440&ssl=1&resize=700%2C400 2x"},"classes":[]},{"id":36433,"url":"https:\/\/lahoradelcampo.com.uy\/site\/indice-del-novillo-mercosur-volvio-a-subir-de-la-mano-de-brasil\/","url_meta":{"origin":37133,"position":2},"title":"\u00cdndice del Novillo Mercosur volvi\u00f3 a subir de la mano de Brasil","author":"La Hora del Campo","date":"11 noviembre, 2021","format":false,"excerpt":"El \u00cdndice Faxcarne del Novillo Mercosur repunt\u00f3 esta semana de la mano de la mejora de las referencias en Brasil. Se ubic\u00f3 en US$ 3,53 el kilo carcasa, 12 centavos por encima de la semana anterior. La mejora se debi\u00f3 en su totalidad a la reacci\u00f3n del mercado en Brasil.\u2026","rel":"","context":"En \u00abActualidad\u00bb","block_context":{"text":"Actualidad","link":"https:\/\/lahoradelcampo.com.uy\/site\/category\/actualidad\/"},"img":{"alt_text":"","src":"https:\/\/i0.wp.com\/lahoradelcampo.com.uy\/site\/wp-content\/uploads\/2021\/05\/boigordo.jpg?fit=880%2C440&ssl=1&resize=350%2C200","width":350,"height":200,"srcset":"https:\/\/i0.wp.com\/lahoradelcampo.com.uy\/site\/wp-content\/uploads\/2021\/05\/boigordo.jpg?fit=880%2C440&ssl=1&resize=350%2C200 1x, https:\/\/i0.wp.com\/lahoradelcampo.com.uy\/site\/wp-content\/uploads\/2021\/05\/boigordo.jpg?fit=880%2C440&ssl=1&resize=525%2C300 1.5x, https:\/\/i0.wp.com\/lahoradelcampo.com.uy\/site\/wp-content\/uploads\/2021\/05\/boigordo.jpg?fit=880%2C440&ssl=1&resize=700%2C400 2x"},"classes":[]},{"id":37945,"url":"https:\/\/lahoradelcampo.com.uy\/site\/brasil-impulso-la-fuerte-suba-del-novillo-mercosur\/","url_meta":{"origin":37133,"position":3},"title":"Brasil impuls\u00f3 la fuerte suba del Novillo Mercosur","author":"La Hora del Campo","date":"29 diciembre, 2021","format":false,"excerpt":"El valor medio del novillo en el Mercosur cerr\u00f3 el a\u00f1o en alza. El \u00cdndice Faxcarne del Novillo Mercosur se ubic\u00f3 esta semana en US$ 3,93 el kilo carcasa, 8 centavos m\u00e1s que en la anterior y en un m\u00e1ximo desde fines de junio, cuando hab\u00eda alcanzado el m\u00e1ximo hist\u00f3rico\u2026","rel":"","context":"En \u00abActualidad\u00bb","block_context":{"text":"Actualidad","link":"https:\/\/lahoradelcampo.com.uy\/site\/category\/actualidad\/"},"img":{"alt_text":"","src":"https:\/\/i0.wp.com\/lahoradelcampo.com.uy\/site\/wp-content\/uploads\/2021\/09\/boigordo1.jpg?fit=880%2C440&ssl=1&resize=350%2C200","width":350,"height":200,"srcset":"https:\/\/i0.wp.com\/lahoradelcampo.com.uy\/site\/wp-content\/uploads\/2021\/09\/boigordo1.jpg?fit=880%2C440&ssl=1&resize=350%2C200 1x, https:\/\/i0.wp.com\/lahoradelcampo.com.uy\/site\/wp-content\/uploads\/2021\/09\/boigordo1.jpg?fit=880%2C440&ssl=1&resize=525%2C300 1.5x, https:\/\/i0.wp.com\/lahoradelcampo.com.uy\/site\/wp-content\/uploads\/2021\/09\/boigordo1.jpg?fit=880%2C440&ssl=1&resize=700%2C400 2x"},"classes":[]},{"id":49848,"url":"https:\/\/lahoradelcampo.com.uy\/site\/el-novillo-mercosur-en-su-valor-mas-alto-en-seis-meses\/","url_meta":{"origin":37133,"position":4},"title":"El Novillo Mercosur en su valor m\u00e1s alto en seis meses","author":"La Hora del Campo","date":"10 abril, 2023","format":false,"excerpt":"El valor del novillo en los pa\u00edses del Mercosur ha alcanzado su valor m\u00e1s alto en m\u00e1s de seis meses.Seg\u00fan el \u00cdndice Faxcarne del Novillo Mercosur, elaborado por la consultora Tard\u00e1guila Agromercados, el precio medio ha subido a US$ 3,74 el kilo carcasa. Esta recuperaci\u00f3n se debe a la mejora\u2026","rel":"","context":"En \u00abActualidad\u00bb","block_context":{"text":"Actualidad","link":"https:\/\/lahoradelcampo.com.uy\/site\/category\/actualidad\/"},"img":{"alt_text":"","src":"https:\/\/i0.wp.com\/lahoradelcampo.com.uy\/site\/wp-content\/uploads\/2017\/10\/Ganado-gordo.jpg?fit=880%2C440&ssl=1&resize=350%2C200","width":350,"height":200,"srcset":"https:\/\/i0.wp.com\/lahoradelcampo.com.uy\/site\/wp-content\/uploads\/2017\/10\/Ganado-gordo.jpg?fit=880%2C440&ssl=1&resize=350%2C200 1x, https:\/\/i0.wp.com\/lahoradelcampo.com.uy\/site\/wp-content\/uploads\/2017\/10\/Ganado-gordo.jpg?fit=880%2C440&ssl=1&resize=525%2C300 1.5x, https:\/\/i0.wp.com\/lahoradelcampo.com.uy\/site\/wp-content\/uploads\/2017\/10\/Ganado-gordo.jpg?fit=880%2C440&ssl=1&resize=700%2C400 2x"},"classes":[]},{"id":36021,"url":"https:\/\/lahoradelcampo.com.uy\/site\/el-novillo-mercosur-perdio-116-desde-agosto\/","url_meta":{"origin":37133,"position":5},"title":"El Novillo Mercosur perdi\u00f3 11,6% desde agosto","author":"La Hora del Campo","date":"28 octubre, 2021","format":false,"excerpt":"De acuerdo al an\u00e1lisis realizado por la consultora Tard\u00e1guila Agromercados, esta semana, el valor promedio del novillo gordo en el Mercosur registr\u00f3 una ca\u00edda de 45 centavos desde finales de agosto, cuando se suspendieron las exportaciones de carne desde Brasil a China. El \u00cdndice Faxcarne del Novillo Mercosur qued\u00f3 esta\u2026","rel":"","context":"En \u00abActualidad\u00bb","block_context":{"text":"Actualidad","link":"https:\/\/lahoradelcampo.com.uy\/site\/category\/actualidad\/"},"img":{"alt_text":"","src":"https:\/\/i0.wp.com\/lahoradelcampo.com.uy\/site\/wp-content\/uploads\/2017\/09\/Novillo.jpg?fit=880%2C440&ssl=1&resize=350%2C200","width":350,"height":200,"srcset":"https:\/\/i0.wp.com\/lahoradelcampo.com.uy\/site\/wp-content\/uploads\/2017\/09\/Novillo.jpg?fit=880%2C440&ssl=1&resize=350%2C200 1x, https:\/\/i0.wp.com\/lahoradelcampo.com.uy\/site\/wp-content\/uploads\/2017\/09\/Novillo.jpg?fit=880%2C440&ssl=1&resize=525%2C300 1.5x, https:\/\/i0.wp.com\/lahoradelcampo.com.uy\/site\/wp-content\/uploads\/2017\/09\/Novillo.jpg?fit=880%2C440&ssl=1&resize=700%2C400 2x"},"classes":[]}],"jetpack_likes_enabled":true,"_links":{"self":[{"href":"https:\/\/lahoradelcampo.com.uy\/site\/wp-json\/wp\/v2\/posts\/37133","targetHints":{"allow":["GET"]}}],"collection":[{"href":"https:\/\/lahoradelcampo.com.uy\/site\/wp-json\/wp\/v2\/posts"}],"about":[{"href":"https:\/\/lahoradelcampo.com.uy\/site\/wp-json\/wp\/v2\/types\/post"}],"author":[{"embeddable":true,"href":"https:\/\/lahoradelcampo.com.uy\/site\/wp-json\/wp\/v2\/users\/5"}],"replies":[{"embeddable":true,"href":"https:\/\/lahoradelcampo.com.uy\/site\/wp-json\/wp\/v2\/comments?post=37133"}],"version-history":[{"count":2,"href":"https:\/\/lahoradelcampo.com.uy\/site\/wp-json\/wp\/v2\/posts\/37133\/revisions"}],"predecessor-version":[{"id":37141,"href":"https:\/\/lahoradelcampo.com.uy\/site\/wp-json\/wp\/v2\/posts\/37133\/revisions\/37141"}],"wp:featuredmedia":[{"embeddable":true,"href":"https:\/\/lahoradelcampo.com.uy\/site\/wp-json\/wp\/v2\/media\/35067"}],"wp:attachment":[{"href":"https:\/\/lahoradelcampo.com.uy\/site\/wp-json\/wp\/v2\/media?parent=37133"}],"wp:term":[{"taxonomy":"category","embeddable":true,"href":"https:\/\/lahoradelcampo.com.uy\/site\/wp-json\/wp\/v2\/categories?post=37133"},{"taxonomy":"post_tag","embeddable":true,"href":"https:\/\/lahoradelcampo.com.uy\/site\/wp-json\/wp\/v2\/tags?post=37133"}],"curies":[{"name":"wp","href":"https:\/\/api.w.org\/{rel}","templated":true}]}}