{"id":37127,"date":"2021-12-02T07:09:48","date_gmt":"2021-12-02T10:09:48","guid":{"rendered":"http:\/\/lahoradelcampo.com.uy\/site\/?p=37127"},"modified":"2021-12-02T07:09:54","modified_gmt":"2021-12-02T10:09:54","slug":"el-sabado-se-venden-las-yeguas-criollas-de-cabana-los-3-robles","status":"publish","type":"post","link":"https:\/\/lahoradelcampo.com.uy\/site\/el-sabado-se-venden-las-yeguas-criollas-de-cabana-los-3-robles\/","title":{"rendered":"El s\u00e1bado se venden las yeguas criollas de caba\u00f1a \u00abLos 3 Robles\u00bb"},"content":{"rendered":"\n<figure class=\"wp-block-image\"><img data-recalc-dims=\"1\" loading=\"lazy\" decoding=\"async\" width=\"810\" height=\"405\" data-attachment-id=\"37129\" data-permalink=\"https:\/\/lahoradelcampo.com.uy\/site\/el-sabado-se-venden-las-yeguas-criollas-de-cabana-los-3-robles\/3robles\/\" data-orig-file=\"https:\/\/i0.wp.com\/lahoradelcampo.com.uy\/site\/wp-content\/uploads\/2021\/12\/3robles.jpg?fit=880%2C440&amp;ssl=1\" data-orig-size=\"880,440\" data-comments-opened=\"1\" data-image-meta=\"{&quot;aperture&quot;:&quot;0&quot;,&quot;credit&quot;:&quot;&quot;,&quot;camera&quot;:&quot;&quot;,&quot;caption&quot;:&quot;&quot;,&quot;created_timestamp&quot;:&quot;0&quot;,&quot;copyright&quot;:&quot;&quot;,&quot;focal_length&quot;:&quot;0&quot;,&quot;iso&quot;:&quot;0&quot;,&quot;shutter_speed&quot;:&quot;0&quot;,&quot;title&quot;:&quot;&quot;,&quot;orientation&quot;:&quot;1&quot;}\" data-image-title=\"3robles\" data-image-description=\"\" data-image-caption=\"\" data-large-file=\"https:\/\/i0.wp.com\/lahoradelcampo.com.uy\/site\/wp-content\/uploads\/2021\/12\/3robles.jpg?fit=810%2C405&amp;ssl=1\" src=\"https:\/\/i0.wp.com\/lahoradelcampo.com.uy\/site\/wp-content\/uploads\/2021\/12\/3robles.jpg?resize=810%2C405\" alt=\"\" class=\"wp-image-37129\" srcset=\"https:\/\/i0.wp.com\/lahoradelcampo.com.uy\/site\/wp-content\/uploads\/2021\/12\/3robles.jpg?w=880&amp;ssl=1 880w, https:\/\/i0.wp.com\/lahoradelcampo.com.uy\/site\/wp-content\/uploads\/2021\/12\/3robles.jpg?resize=300%2C150&amp;ssl=1 300w, https:\/\/i0.wp.com\/lahoradelcampo.com.uy\/site\/wp-content\/uploads\/2021\/12\/3robles.jpg?resize=768%2C384&amp;ssl=1 768w, https:\/\/i0.wp.com\/lahoradelcampo.com.uy\/site\/wp-content\/uploads\/2021\/12\/3robles.jpg?resize=820%2C410&amp;ssl=1 820w\" sizes=\"auto, (max-width: 810px) 100vw, 810px\" \/><\/figure>\n\n\n\n<p>Este s\u00e1bado 4 de diciembre, se desarrolla en el predio de la Asociaci\u00f3n Agropecuaria de Salto, la venta de la caba\u00f1a \u00abLos 3 Robles\u00bb, de Mat\u00edas, Facundo y Carolina Carvalho. La Sra. Teresita Huayec, integrante de la caba\u00f1a, se\u00f1al\u00f3 que  toda la oferta est\u00e1 domada y ya se encuentra en el local para que los productores puedan ir, verlas y probarlas. <br><\/p>\n\n\n\n<p>La caba\u00f1a \u00abLos 3 Robles\u00bb dio inicio en el a\u00f1o 2011, \u00abMat\u00edas, mi hijo mayor, muy motivado por los caballos y los Criollos, trajo la idea, lo apoyamos y salimos adelante junto a sus hermanos Facundo y Carolina\u00bb dijo la Sra. Huayec.<br><\/p>\n\n\n\n<p>La base de las madres de la caba\u00f1a, desde sus inicios, est\u00e1 basada en la gen\u00e9tica de la caba\u00f1a de Carlos Parietti, \u00abtodos los padrillos que hemos tenido han salido de su caba\u00f1a. Despu\u00e9s le fuimos anexando madres de manada de otras caba\u00f1as amigas de la zona, como Don Guillermo y otros amigos como Noboa, Estevez, Azanza, Rancho Yubel\u00ed. Siempre buscando animales de buena morfolog\u00eda, funcionales, lindos, resistentes y sobre todo mansos, de muy buena rienda\u00bb.<br><\/p>\n\n\n\n<p>En este sentido la productora se\u00f1al\u00f3 que toda la oferta que se pasar\u00e1 por la pista de ventas, \u00abest\u00e1 domada. Solamente las potras, que son seis, vienen de bozal, o sea que ya han sido trabajadas por Carlos Ferreira que es el domador a cargo\u00bb. <br><\/p>\n\n\n\n<p>El remate se realizar\u00e1 este s\u00e1bado 3 de diciembre, a las 19 horas con el martillo de la firma Victorica &amp; Asociados. Ser\u00e1 presencial y tendr\u00e1 transmisi\u00f3n en vivo por CampoTv y la web de Victorica &amp; Asociados. <br><\/p>\n\n\n\n<p>La oferta estar\u00e1 compuesta por 6 potras, 34 yeguas mansas y 7 yeguas con cr\u00eda. <br><\/p>\n\n\n\n<p>Las condiciones<br><\/p>\n\n\n\n<p>El remate se realiza en 12 cuotas, con flete gratis a todo el pa\u00eds. El pago contado tendr\u00e1 un 5% de descuento y adem\u00e1s la preoferta ya est\u00e1 disponible, con un 5% de descuento adicional y la oportunidad de ganar una potranca de bozal entre todos los que preoferten. <\/p>\n\n\n\n<p>Salto, 2 de diciembre de 2021<\/p>\n","protected":false},"excerpt":{"rendered":"<p>Este s\u00e1bado 4 de diciembre, se desarrolla en el predio de la Asociaci\u00f3n Agropecuaria de Salto, la venta de la caba\u00f1a \u00abLos 3 Robles\u00bb, de Mat\u00edas, Facundo y Carolina Carvalho. [&hellip;]<\/p>\n","protected":false},"author":5,"featured_media":37129,"comment_status":"open","ping_status":"open","sticky":false,"template":"","format":"standard","meta":{"_price":"","_stock":"","_tribe_ticket_header":"","_tribe_default_ticket_provider":"","_tribe_ticket_capacity":"0","_ticket_start_date":"","_ticket_end_date":"","_tribe_ticket_show_description":"","_tribe_ticket_show_not_going":false,"_tribe_ticket_use_global_stock":"","_tribe_ticket_global_stock_level":"","_global_stock_mode":"","_global_stock_cap":"","_tribe_rsvp_for_event":"","_tribe_ticket_going_count":"","_tribe_ticket_not_going_count":"","_tribe_tickets_list":"[]","_tribe_ticket_has_attendee_info_fields":false,"h5ap_radio_sources":[],"_jetpack_newsletter_access":"","_jetpack_dont_email_post_to_subs":false,"_jetpack_newsletter_tier_id":0,"_jetpack_memberships_contains_paywalled_content":false,"_jetpack_memberships_contains_paid_content":false,"footnotes":""},"categories":[21,23],"tags":[],"class_list":["post-37127","post","type-post","status-publish","format-standard","has-post-thumbnail","hentry","category-actualidad","category-equinos"],"jetpack_featured_media_url":"https:\/\/i0.wp.com\/lahoradelcampo.com.uy\/site\/wp-content\/uploads\/2021\/12\/3robles.jpg?fit=880%2C440&ssl=1","jetpack_sharing_enabled":true,"jetpack_shortlink":"https:\/\/wp.me\/p99IaT-9EP","jetpack-related-posts":[{"id":36177,"url":"https:\/\/lahoradelcampo.com.uy\/site\/inzaurraga-y-berrute-se-destacaron-en-el-concurso-de-domadores-de-salto\/","url_meta":{"origin":37127,"position":0},"title":"Inzaurraga y Berrute se destacaron en el concurso de domadores de Salto","author":"La Hora del Campo","date":"3 noviembre, 2021","format":false,"excerpt":"Foto: Zaf Fotograf\u00edas El pasado fin de semana, en el predio del Asociaci\u00f3n Agropecuaria de Salto, la Agremiaci\u00f3n de Criadores de Caballos Criollos de Salto (ACCCS) realiz\u00f3 la final del concurso de domadores de la gremial, a lo que se sum\u00f3 la final del Concurso de Domadores y la Credenciadora\u2026","rel":"","context":"En \u00abActualidad\u00bb","block_context":{"text":"Actualidad","link":"https:\/\/lahoradelcampo.com.uy\/site\/category\/actualidad\/"},"img":{"alt_text":"","src":"https:\/\/i0.wp.com\/lahoradelcampo.com.uy\/site\/wp-content\/uploads\/2021\/11\/domadorescriollos.jpg?fit=880%2C440&ssl=1&resize=350%2C200","width":350,"height":200,"srcset":"https:\/\/i0.wp.com\/lahoradelcampo.com.uy\/site\/wp-content\/uploads\/2021\/11\/domadorescriollos.jpg?fit=880%2C440&ssl=1&resize=350%2C200 1x, https:\/\/i0.wp.com\/lahoradelcampo.com.uy\/site\/wp-content\/uploads\/2021\/11\/domadorescriollos.jpg?fit=880%2C440&ssl=1&resize=525%2C300 1.5x, https:\/\/i0.wp.com\/lahoradelcampo.com.uy\/site\/wp-content\/uploads\/2021\/11\/domadorescriollos.jpg?fit=880%2C440&ssl=1&resize=700%2C400 2x"},"classes":[]},{"id":46007,"url":"https:\/\/lahoradelcampo.com.uy\/site\/poll-dorset-san-rafael-en-el-po-y-cabana-salto-en-el-pedigree\/","url_meta":{"origin":37127,"position":1},"title":"Poll Dorset: San Rafael en el PO y Caba\u00f1a Salto en el pedigree","author":"La Hora del Campo","date":"1 octubre, 2022","format":false,"excerpt":"Con cuatro caba\u00f1as y nueve ejemplares, la pista n\u00famero tres de ovinos fue inaugurada por la raza Poll Dorset, que present\u00f3 una excelente muestra y tuvo como jurado al criador Francisco Donagaray, quien estuvo acompa\u00f1ado por la Sra. Ana Araujo. Al igual que en la Expo Prado de este a\u00f1o,\u2026","rel":"","context":"En \u00abActualidad\u00bb","block_context":{"text":"Actualidad","link":"https:\/\/lahoradelcampo.com.uy\/site\/category\/actualidad\/"},"img":{"alt_text":"","src":"https:\/\/i0.wp.com\/lahoradelcampo.com.uy\/site\/wp-content\/uploads\/2022\/10\/ExpoSalto-Polldorset.jpg?fit=880%2C440&ssl=1&resize=350%2C200","width":350,"height":200,"srcset":"https:\/\/i0.wp.com\/lahoradelcampo.com.uy\/site\/wp-content\/uploads\/2022\/10\/ExpoSalto-Polldorset.jpg?fit=880%2C440&ssl=1&resize=350%2C200 1x, https:\/\/i0.wp.com\/lahoradelcampo.com.uy\/site\/wp-content\/uploads\/2022\/10\/ExpoSalto-Polldorset.jpg?fit=880%2C440&ssl=1&resize=525%2C300 1.5x, https:\/\/i0.wp.com\/lahoradelcampo.com.uy\/site\/wp-content\/uploads\/2022\/10\/ExpoSalto-Polldorset.jpg?fit=880%2C440&ssl=1&resize=700%2C400 2x"},"classes":[]},{"id":5077,"url":"https:\/\/lahoradelcampo.com.uy\/site\/entore-las-lluvias-llegaron-en-un-momento-justo\/","url_meta":{"origin":37127,"position":2},"title":"Entore: \u00abLas lluvias llegaron en un momento justo\u00bb","author":"La Hora del Campo","date":"22 diciembre, 2017","format":false,"excerpt":"La ausencia de las precipitaciones hab\u00eda comenzado a preocupar a los productores, tanto por el nivel de las pasturas como tambi\u00e9n en la evoluci\u00f3n de los celos pensando en una buena estaci\u00f3n de entore y una mayor producci\u00f3n de terneros a nivel de los ganados de cr\u00eda. Mat\u00edas Burutaran, integrante\u2026","rel":"","context":"En \u00abActualidad\u00bb","block_context":{"text":"Actualidad","link":"https:\/\/lahoradelcampo.com.uy\/site\/category\/actualidad\/"},"img":{"alt_text":"","src":"https:\/\/i0.wp.com\/lahoradelcampo.com.uy\/site\/wp-content\/uploads\/2017\/12\/Matias.jpg?fit=880%2C440&ssl=1&resize=350%2C200","width":350,"height":200,"srcset":"https:\/\/i0.wp.com\/lahoradelcampo.com.uy\/site\/wp-content\/uploads\/2017\/12\/Matias.jpg?fit=880%2C440&ssl=1&resize=350%2C200 1x, https:\/\/i0.wp.com\/lahoradelcampo.com.uy\/site\/wp-content\/uploads\/2017\/12\/Matias.jpg?fit=880%2C440&ssl=1&resize=525%2C300 1.5x, https:\/\/i0.wp.com\/lahoradelcampo.com.uy\/site\/wp-content\/uploads\/2017\/12\/Matias.jpg?fit=880%2C440&ssl=1&resize=700%2C400 2x"},"classes":[]},{"id":46225,"url":"https:\/\/lahoradelcampo.com.uy\/site\/san-rafael-y-vasco-pampeano-rematan-hoy-en-la-agropecuaria\/","url_meta":{"origin":37127,"position":3},"title":"San Rafael y Vasco Pampeano rematan hoy en la Agropecuaria","author":"La Hora del Campo","date":"10 octubre, 2022","format":false,"excerpt":"Las Caba\u00f1as San Rafael y Vasco Pampeano realizan hoy lunes 10 de octubre, un nuevo remate anual, bajo el martillo del escritorio Zambrano & C\u00eda. A la tradicional oferta de Angus y Polled Hereford, este a\u00f1o se suma una oferta de toros Brangus de la caba\u00f1a invitada Korap\u00ed. Omar Burutaran,\u2026","rel":"","context":"En \u00abActualidad\u00bb","block_context":{"text":"Actualidad","link":"https:\/\/lahoradelcampo.com.uy\/site\/category\/actualidad\/"},"img":{"alt_text":"","src":"https:\/\/i0.wp.com\/lahoradelcampo.com.uy\/site\/wp-content\/uploads\/2022\/10\/sanrafaelprevia.jpg?fit=880%2C440&ssl=1&resize=350%2C200","width":350,"height":200,"srcset":"https:\/\/i0.wp.com\/lahoradelcampo.com.uy\/site\/wp-content\/uploads\/2022\/10\/sanrafaelprevia.jpg?fit=880%2C440&ssl=1&resize=350%2C200 1x, https:\/\/i0.wp.com\/lahoradelcampo.com.uy\/site\/wp-content\/uploads\/2022\/10\/sanrafaelprevia.jpg?fit=880%2C440&ssl=1&resize=525%2C300 1.5x, https:\/\/i0.wp.com\/lahoradelcampo.com.uy\/site\/wp-content\/uploads\/2022\/10\/sanrafaelprevia.jpg?fit=880%2C440&ssl=1&resize=700%2C400 2x"},"classes":[]},{"id":46059,"url":"https:\/\/lahoradelcampo.com.uy\/site\/la-joven-cabana-saltena-korapi-brillo-en-las-pistas-del-brangus\/","url_meta":{"origin":37127,"position":4},"title":"La joven caba\u00f1a salte\u00f1a \u201cKorapi\u201d, brill\u00f3 en las pistas del Brangus","author":"La Hora del Campo","date":"2 octubre, 2022","format":false,"excerpt":"Ari Stolovas fue el encargado de jurar la raza Brangus, y estuvo acompa\u00f1ado por su padre el Dr. Alberto Stolovas. En la pista de bozal, ejemplares de la caba\u00f1a \u201cKorapi\u201d, \u201ces una caba\u00f1a joven, que tiene 12 a\u00f1os y viene trabajando en base a gen\u00e9tica importada desde Argentina\u201d dijo Rafael\u2026","rel":"","context":"En \u00abActualidad\u00bb","block_context":{"text":"Actualidad","link":"https:\/\/lahoradelcampo.com.uy\/site\/category\/actualidad\/"},"img":{"alt_text":"","src":"https:\/\/i0.wp.com\/lahoradelcampo.com.uy\/site\/wp-content\/uploads\/2022\/10\/ExpoSalto-brangus.jpg?fit=880%2C440&ssl=1&resize=350%2C200","width":350,"height":200,"srcset":"https:\/\/i0.wp.com\/lahoradelcampo.com.uy\/site\/wp-content\/uploads\/2022\/10\/ExpoSalto-brangus.jpg?fit=880%2C440&ssl=1&resize=350%2C200 1x, https:\/\/i0.wp.com\/lahoradelcampo.com.uy\/site\/wp-content\/uploads\/2022\/10\/ExpoSalto-brangus.jpg?fit=880%2C440&ssl=1&resize=525%2C300 1.5x, https:\/\/i0.wp.com\/lahoradelcampo.com.uy\/site\/wp-content\/uploads\/2022\/10\/ExpoSalto-brangus.jpg?fit=880%2C440&ssl=1&resize=700%2C400 2x"},"classes":[]},{"id":35007,"url":"https:\/\/lahoradelcampo.com.uy\/site\/san-rafael-el-futuro-esta-garantizado\/","url_meta":{"origin":37127,"position":5},"title":"San Rafael: \u00abEl futuro est\u00e1 garantizado\u00bb","author":"La Hora del Campo","date":"4 octubre, 2021","format":false,"excerpt":"\"Hoy es un d\u00eda que me va a quedar grabado para toda la vida\" dijo Omar Burutaran, de caba\u00f1a San Rafael, luego de obtener el Reservado de Gran Campe\u00f3n Aberdeen Angus y el Campe\u00f3n Supremo de la raza Hereford. \"Tenemos una enorme satisfacci\u00f3n en las dos pistas m\u00e1s importantes de\u2026","rel":"","context":"En \u00abActualidad\u00bb","block_context":{"text":"Actualidad","link":"https:\/\/lahoradelcampo.com.uy\/site\/category\/actualidad\/"},"img":{"alt_text":"","src":"https:\/\/i0.wp.com\/lahoradelcampo.com.uy\/site\/wp-content\/uploads\/2021\/10\/Expo-sanrafael.jpg?fit=880%2C440&ssl=1&resize=350%2C200","width":350,"height":200,"srcset":"https:\/\/i0.wp.com\/lahoradelcampo.com.uy\/site\/wp-content\/uploads\/2021\/10\/Expo-sanrafael.jpg?fit=880%2C440&ssl=1&resize=350%2C200 1x, https:\/\/i0.wp.com\/lahoradelcampo.com.uy\/site\/wp-content\/uploads\/2021\/10\/Expo-sanrafael.jpg?fit=880%2C440&ssl=1&resize=525%2C300 1.5x, https:\/\/i0.wp.com\/lahoradelcampo.com.uy\/site\/wp-content\/uploads\/2021\/10\/Expo-sanrafael.jpg?fit=880%2C440&ssl=1&resize=700%2C400 2x"},"classes":[]}],"jetpack_likes_enabled":true,"_links":{"self":[{"href":"https:\/\/lahoradelcampo.com.uy\/site\/wp-json\/wp\/v2\/posts\/37127","targetHints":{"allow":["GET"]}}],"collection":[{"href":"https:\/\/lahoradelcampo.com.uy\/site\/wp-json\/wp\/v2\/posts"}],"about":[{"href":"https:\/\/lahoradelcampo.com.uy\/site\/wp-json\/wp\/v2\/types\/post"}],"author":[{"embeddable":true,"href":"https:\/\/lahoradelcampo.com.uy\/site\/wp-json\/wp\/v2\/users\/5"}],"replies":[{"embeddable":true,"href":"https:\/\/lahoradelcampo.com.uy\/site\/wp-json\/wp\/v2\/comments?post=37127"}],"version-history":[{"count":1,"href":"https:\/\/lahoradelcampo.com.uy\/site\/wp-json\/wp\/v2\/posts\/37127\/revisions"}],"predecessor-version":[{"id":37131,"href":"https:\/\/lahoradelcampo.com.uy\/site\/wp-json\/wp\/v2\/posts\/37127\/revisions\/37131"}],"wp:featuredmedia":[{"embeddable":true,"href":"https:\/\/lahoradelcampo.com.uy\/site\/wp-json\/wp\/v2\/media\/37129"}],"wp:attachment":[{"href":"https:\/\/lahoradelcampo.com.uy\/site\/wp-json\/wp\/v2\/media?parent=37127"}],"wp:term":[{"taxonomy":"category","embeddable":true,"href":"https:\/\/lahoradelcampo.com.uy\/site\/wp-json\/wp\/v2\/categories?post=37127"},{"taxonomy":"post_tag","embeddable":true,"href":"https:\/\/lahoradelcampo.com.uy\/site\/wp-json\/wp\/v2\/tags?post=37127"}],"curies":[{"name":"wp","href":"https:\/\/api.w.org\/{rel}","templated":true}]}}