{"id":37123,"date":"2021-12-02T07:04:01","date_gmt":"2021-12-02T10:04:01","guid":{"rendered":"http:\/\/lahoradelcampo.com.uy\/site\/?p=37123"},"modified":"2021-12-02T07:04:06","modified_gmt":"2021-12-02T10:04:06","slug":"comenzo-auditoria-de-egipto-para-habilitar-plantas-de-faena","status":"publish","type":"post","link":"https:\/\/lahoradelcampo.com.uy\/site\/comenzo-auditoria-de-egipto-para-habilitar-plantas-de-faena\/","title":{"rendered":"Comenz\u00f3 auditor\u00eda de Egipto para habilitar plantas  de faena"},"content":{"rendered":"\n<figure class=\"wp-block-image\"><img data-recalc-dims=\"1\" loading=\"lazy\" decoding=\"async\" width=\"810\" height=\"405\" data-attachment-id=\"5177\" data-permalink=\"https:\/\/lahoradelcampo.com.uy\/site\/se-preve-una-baja-en-la-produccion-mundial-de-cereales\/faena-4\/\" data-orig-file=\"https:\/\/i0.wp.com\/lahoradelcampo.com.uy\/site\/wp-content\/uploads\/2017\/12\/Faena-1.jpg?fit=880%2C440&amp;ssl=1\" data-orig-size=\"880,440\" data-comments-opened=\"1\" data-image-meta=\"{&quot;aperture&quot;:&quot;0&quot;,&quot;credit&quot;:&quot;Vicente-Manuel-Tort&quot;,&quot;camera&quot;:&quot;&quot;,&quot;caption&quot;:&quot;&quot;,&quot;created_timestamp&quot;:&quot;0&quot;,&quot;copyright&quot;:&quot;Presidencia de la Republica - Sec.Com.Inst.&quot;,&quot;focal_length&quot;:&quot;0&quot;,&quot;iso&quot;:&quot;0&quot;,&quot;shutter_speed&quot;:&quot;0&quot;,&quot;title&quot;:&quot;&quot;,&quot;orientation&quot;:&quot;1&quot;}\" data-image-title=\"Faena\" data-image-description=\"\" data-image-caption=\"\" data-large-file=\"https:\/\/i0.wp.com\/lahoradelcampo.com.uy\/site\/wp-content\/uploads\/2017\/12\/Faena-1.jpg?fit=810%2C405&amp;ssl=1\" src=\"https:\/\/i0.wp.com\/lahoradelcampo.com.uy\/site\/wp-content\/uploads\/2017\/12\/Faena-1.jpg?resize=810%2C405\" alt=\"\" class=\"wp-image-5177\" srcset=\"https:\/\/i0.wp.com\/lahoradelcampo.com.uy\/site\/wp-content\/uploads\/2017\/12\/Faena-1.jpg?w=880&amp;ssl=1 880w, https:\/\/i0.wp.com\/lahoradelcampo.com.uy\/site\/wp-content\/uploads\/2017\/12\/Faena-1.jpg?resize=300%2C150&amp;ssl=1 300w, https:\/\/i0.wp.com\/lahoradelcampo.com.uy\/site\/wp-content\/uploads\/2017\/12\/Faena-1.jpg?resize=768%2C384&amp;ssl=1 768w, https:\/\/i0.wp.com\/lahoradelcampo.com.uy\/site\/wp-content\/uploads\/2017\/12\/Faena-1.jpg?resize=820%2C410&amp;ssl=1 820w\" sizes=\"auto, (max-width: 810px) 100vw, 810px\" \/><\/figure>\n\n\n\n<p>Llegaron a Uruguay representantes sanitarios de Egipto para auditar plantas frigor\u00edficas para habilitarlas para la exportaci\u00f3n de carne vacuna, ovina y aviar. <br><\/p>\n\n\n\n<p>Diego De Freitas, director general de los Servicios Ganaderos, inform\u00f3 a Carve que se formar\u00e1n dos grupos de trabajo que visitar\u00e1n 15 frigor\u00edficos de vacunos, siete de vacunos y ovinos y uno de aves. <br><\/p>\n\n\n\n<p>El trabajo se extender\u00e1 hasta el 16 de diciembre y el 17 se har\u00e1 la reuni\u00f3n final en el Ministerio de Ganader\u00eda.<br><\/p>\n\n\n\n<p>De Freitas explic\u00f3 que actualmente hay cuatro plantas habilitadas para Egipto y que el objetivo es aumentar el flujo comercial.<br><\/p>\n\n\n\n<p>Adem\u00e1s, dijo que ya se mand\u00f3 toda la informaci\u00f3n solicitada por Singapur para proceder a la habilitaci\u00f3n de m\u00e1s plantas de faena y que se est\u00e1n contestando formularios enviados por Filipinas, Indonesia y Malasia.<\/p>\n\n\n\n<p>Salto, 2 de diciembre de 2021<\/p>\n","protected":false},"excerpt":{"rendered":"<p>Llegaron a Uruguay representantes sanitarios de Egipto para auditar plantas frigor\u00edficas para habilitarlas para la exportaci\u00f3n de carne vacuna, ovina y aviar. Diego De Freitas, director general de los Servicios [&hellip;]<\/p>\n","protected":false},"author":5,"featured_media":5177,"comment_status":"open","ping_status":"open","sticky":false,"template":"","format":"standard","meta":{"_price":"","_stock":"","_tribe_ticket_header":"","_tribe_default_ticket_provider":"","_tribe_ticket_capacity":"0","_ticket_start_date":"","_ticket_end_date":"","_tribe_ticket_show_description":"","_tribe_ticket_show_not_going":false,"_tribe_ticket_use_global_stock":"","_tribe_ticket_global_stock_level":"","_global_stock_mode":"","_global_stock_cap":"","_tribe_rsvp_for_event":"","_tribe_ticket_going_count":"","_tribe_ticket_not_going_count":"","_tribe_tickets_list":"[]","_tribe_ticket_has_attendee_info_fields":false,"h5ap_radio_sources":[],"_jetpack_newsletter_access":"","_jetpack_dont_email_post_to_subs":false,"_jetpack_newsletter_tier_id":0,"_jetpack_memberships_contains_paywalled_content":false,"_jetpack_memberships_contains_paid_content":false,"footnotes":""},"categories":[21,5],"tags":[],"class_list":["post-37123","post","type-post","status-publish","format-standard","has-post-thumbnail","hentry","category-actualidad","category-ganaderia"],"jetpack_featured_media_url":"https:\/\/i0.wp.com\/lahoradelcampo.com.uy\/site\/wp-content\/uploads\/2017\/12\/Faena-1.jpg?fit=880%2C440&ssl=1","jetpack_sharing_enabled":true,"jetpack_shortlink":"https:\/\/wp.me\/p99IaT-9EL","jetpack-related-posts":[{"id":38881,"url":"https:\/\/lahoradelcampo.com.uy\/site\/egipto-renueva-la-habilitacion-a-23-establecimientos\/","url_meta":{"origin":37123,"position":0},"title":"Egipto renueva la habilitaci\u00f3n a 23 establecimientos","author":"La Hora del Campo","date":"4 febrero, 2022","format":false,"excerpt":"En la jornada de ayer, el gobierno de Egipto inform\u00f3 al Ministerio de Ganader\u00eda, Agricultura y Pesca que todas las plantas de faena de las especies Bovina, Ovina y Aviar que fueron auditadas en forma presencial en los meses de noviembre y diciembre de 2021, fueron habilitadas para exportar carne\u2026","rel":"","context":"En \u00abActualidad\u00bb","block_context":{"text":"Actualidad","link":"https:\/\/lahoradelcampo.com.uy\/site\/category\/actualidad\/"},"img":{"alt_text":"","src":"https:\/\/i0.wp.com\/lahoradelcampo.com.uy\/site\/wp-content\/uploads\/2022\/02\/MGAP-Egipto.jpg?fit=880%2C440&ssl=1&resize=350%2C200","width":350,"height":200,"srcset":"https:\/\/i0.wp.com\/lahoradelcampo.com.uy\/site\/wp-content\/uploads\/2022\/02\/MGAP-Egipto.jpg?fit=880%2C440&ssl=1&resize=350%2C200 1x, https:\/\/i0.wp.com\/lahoradelcampo.com.uy\/site\/wp-content\/uploads\/2022\/02\/MGAP-Egipto.jpg?fit=880%2C440&ssl=1&resize=525%2C300 1.5x, https:\/\/i0.wp.com\/lahoradelcampo.com.uy\/site\/wp-content\/uploads\/2022\/02\/MGAP-Egipto.jpg?fit=880%2C440&ssl=1&resize=700%2C400 2x"},"classes":[]},{"id":6117,"url":"https:\/\/lahoradelcampo.com.uy\/site\/egipto-vuelve-a-compar-terneros-en-pie-desde-uruguay\/","url_meta":{"origin":37123,"position":1},"title":"Egipto vuelve a compar terneros en pie desde Uruguay","author":"La Hora del Campo","date":"9 marzo, 2018","format":false,"excerpt":"A diferencia de 2017, en los dos primeros meses del a\u00f1o, la exportaci\u00f3n en pie contin\u00fao activa alcanzando un total de 38.544 vacunos comercializados, en tanto que se exportaron adem\u00e1s 99 ovinos y 11 equinos, seg\u00fan la informaci\u00f3n brindada por el Ministerio de Ganader\u00eda, Agricultura y Pesca. Vacunos Las ventas\u2026","rel":"","context":"En \u00abActualidad\u00bb","block_context":{"text":"Actualidad","link":"https:\/\/lahoradelcampo.com.uy\/site\/category\/actualidad\/"},"img":{"alt_text":"","src":"https:\/\/i0.wp.com\/lahoradelcampo.com.uy\/site\/wp-content\/uploads\/2018\/03\/en-pie.jpg?fit=880%2C440&ssl=1&resize=350%2C200","width":350,"height":200,"srcset":"https:\/\/i0.wp.com\/lahoradelcampo.com.uy\/site\/wp-content\/uploads\/2018\/03\/en-pie.jpg?fit=880%2C440&ssl=1&resize=350%2C200 1x, https:\/\/i0.wp.com\/lahoradelcampo.com.uy\/site\/wp-content\/uploads\/2018\/03\/en-pie.jpg?fit=880%2C440&ssl=1&resize=525%2C300 1.5x, https:\/\/i0.wp.com\/lahoradelcampo.com.uy\/site\/wp-content\/uploads\/2018\/03\/en-pie.jpg?fit=880%2C440&ssl=1&resize=700%2C400 2x"},"classes":[]},{"id":39263,"url":"https:\/\/lahoradelcampo.com.uy\/site\/mattos-confirma-interes-de-medio-oriente-para-productos-uruguayos\/","url_meta":{"origin":37123,"position":2},"title":"Mattos confirma inter\u00e9s de Medio Oriente para productos uruguayos","author":"La Hora del Campo","date":"21 febrero, 2022","format":false,"excerpt":"En el marco de la misi\u00f3n oficial que el ministro Fernando Mattos realiza acompa\u00f1ado por el presidente de INAC, Conrado Ferber, por Medio Oriente, mantuvieron reuniones con autoridades de Egipto, Emiratos \u00c1rabes Unidos y visitaron la feria Gulfood 2022 en Dubai. En primer lugar, visitaron Egipto y se reunieron con\u2026","rel":"","context":"En \u00abActualidad\u00bb","block_context":{"text":"Actualidad","link":"https:\/\/lahoradelcampo.com.uy\/site\/category\/actualidad\/"},"img":{"alt_text":"","src":"https:\/\/i0.wp.com\/lahoradelcampo.com.uy\/site\/wp-content\/uploads\/2022\/02\/MGAP-MisionEgipto.jpg?fit=880%2C440&ssl=1&resize=350%2C200","width":350,"height":200,"srcset":"https:\/\/i0.wp.com\/lahoradelcampo.com.uy\/site\/wp-content\/uploads\/2022\/02\/MGAP-MisionEgipto.jpg?fit=880%2C440&ssl=1&resize=350%2C200 1x, https:\/\/i0.wp.com\/lahoradelcampo.com.uy\/site\/wp-content\/uploads\/2022\/02\/MGAP-MisionEgipto.jpg?fit=880%2C440&ssl=1&resize=525%2C300 1.5x, https:\/\/i0.wp.com\/lahoradelcampo.com.uy\/site\/wp-content\/uploads\/2022\/02\/MGAP-MisionEgipto.jpg?fit=880%2C440&ssl=1&resize=700%2C400 2x"},"classes":[]},{"id":55367,"url":"https:\/\/lahoradelcampo.com.uy\/site\/inba-constato-muerte-de-tres-animales-por-medidas-sindicales\/","url_meta":{"origin":37123,"position":3},"title":"INBA constat\u00f3 muerte de tres animales por medidas sindicales","author":"La Hora del Campo","date":"3 enero, 2025","format":false,"excerpt":"El Instituto Nacional de Bienestar Animal (INBA) realiz\u00f3 pocos d\u00edas atr\u00e1s, un comunicado advirtiendo la \"profunda preocupaci\u00f3n\" ante el efecto negativo de las medidas gremiales en la industria frigor\u00edfica, sobre el bienestar de los animales que quedan sin faenar en los corrales. En este sentido comenz\u00f3 a realizar un relevamiento\u2026","rel":"","context":"En \u00abActualidad\u00bb","block_context":{"text":"Actualidad","link":"https:\/\/lahoradelcampo.com.uy\/site\/category\/actualidad\/"},"img":{"alt_text":"","src":"https:\/\/i0.wp.com\/lahoradelcampo.com.uy\/site\/wp-content\/uploads\/2025\/01\/ganado-frigorificos.jpg?fit=880%2C440&ssl=1&resize=350%2C200","width":350,"height":200,"srcset":"https:\/\/i0.wp.com\/lahoradelcampo.com.uy\/site\/wp-content\/uploads\/2025\/01\/ganado-frigorificos.jpg?fit=880%2C440&ssl=1&resize=350%2C200 1x, https:\/\/i0.wp.com\/lahoradelcampo.com.uy\/site\/wp-content\/uploads\/2025\/01\/ganado-frigorificos.jpg?fit=880%2C440&ssl=1&resize=525%2C300 1.5x, https:\/\/i0.wp.com\/lahoradelcampo.com.uy\/site\/wp-content\/uploads\/2025\/01\/ganado-frigorificos.jpg?fit=880%2C440&ssl=1&resize=700%2C400 2x"},"classes":[]},{"id":34727,"url":"https:\/\/lahoradelcampo.com.uy\/site\/faena-supera-las-50-000-cabezas-con-menos-plantas\/","url_meta":{"origin":37123,"position":4},"title":"Faena supera las 50.000 cabezas con menos plantas","author":"La Hora del Campo","date":"28 septiembre, 2021","format":false,"excerpt":"Para comenzar a justificar la firmeza del mercado de haciendas en el pa\u00eds, basta con mirar el volumen de faena vacuna registrado en la \u00faltima semana, a\u00fan con menos plantas en la operativa. Recordemos que la planta de Tacuaremb\u00f3-Marfrig, se encuentra con licencia de personal y tambi\u00e9n la planta de\u2026","rel":"","context":"En \u00abActualidad\u00bb","block_context":{"text":"Actualidad","link":"https:\/\/lahoradelcampo.com.uy\/site\/category\/actualidad\/"},"img":{"alt_text":"","src":"https:\/\/i0.wp.com\/lahoradelcampo.com.uy\/site\/wp-content\/uploads\/2019\/04\/Faena.jpg?fit=880%2C440&ssl=1&resize=350%2C200","width":350,"height":200,"srcset":"https:\/\/i0.wp.com\/lahoradelcampo.com.uy\/site\/wp-content\/uploads\/2019\/04\/Faena.jpg?fit=880%2C440&ssl=1&resize=350%2C200 1x, https:\/\/i0.wp.com\/lahoradelcampo.com.uy\/site\/wp-content\/uploads\/2019\/04\/Faena.jpg?fit=880%2C440&ssl=1&resize=525%2C300 1.5x, https:\/\/i0.wp.com\/lahoradelcampo.com.uy\/site\/wp-content\/uploads\/2019\/04\/Faena.jpg?fit=880%2C440&ssl=1&resize=700%2C400 2x"},"classes":[]},{"id":37193,"url":"https:\/\/lahoradelcampo.com.uy\/site\/se-presento-proyecto-para-asegurar-la-faena-ante-medidas-gremiales\/","url_meta":{"origin":37123,"position":5},"title":"Se present\u00f3 proyecto para asegurar la faena ante medidas gremiales","author":"La Hora del Campo","date":"3 diciembre, 2021","format":false,"excerpt":"El Diputado Juan Moreno, de Paysand\u00fa, present\u00f3 un proyecto para que los Ministerios de Trabajo y Ganader\u00eda, Agricultura y Pesca, regulen una normativa que asegure la faena de animales ante medidas gremiales como las acontecidas recientemente. El proyecto de resoluci\u00f3n del diputado exhorta a ambos ministerios, a que se haga\u2026","rel":"","context":"En \u00abActualidad\u00bb","block_context":{"text":"Actualidad","link":"https:\/\/lahoradelcampo.com.uy\/site\/category\/actualidad\/"},"img":{"alt_text":"","src":"https:\/\/i0.wp.com\/lahoradelcampo.com.uy\/site\/wp-content\/uploads\/2021\/12\/CarlosMoreno-carlucho.jpg?fit=880%2C440&ssl=1&resize=350%2C200","width":350,"height":200,"srcset":"https:\/\/i0.wp.com\/lahoradelcampo.com.uy\/site\/wp-content\/uploads\/2021\/12\/CarlosMoreno-carlucho.jpg?fit=880%2C440&ssl=1&resize=350%2C200 1x, https:\/\/i0.wp.com\/lahoradelcampo.com.uy\/site\/wp-content\/uploads\/2021\/12\/CarlosMoreno-carlucho.jpg?fit=880%2C440&ssl=1&resize=525%2C300 1.5x, https:\/\/i0.wp.com\/lahoradelcampo.com.uy\/site\/wp-content\/uploads\/2021\/12\/CarlosMoreno-carlucho.jpg?fit=880%2C440&ssl=1&resize=700%2C400 2x"},"classes":[]}],"jetpack_likes_enabled":true,"_links":{"self":[{"href":"https:\/\/lahoradelcampo.com.uy\/site\/wp-json\/wp\/v2\/posts\/37123","targetHints":{"allow":["GET"]}}],"collection":[{"href":"https:\/\/lahoradelcampo.com.uy\/site\/wp-json\/wp\/v2\/posts"}],"about":[{"href":"https:\/\/lahoradelcampo.com.uy\/site\/wp-json\/wp\/v2\/types\/post"}],"author":[{"embeddable":true,"href":"https:\/\/lahoradelcampo.com.uy\/site\/wp-json\/wp\/v2\/users\/5"}],"replies":[{"embeddable":true,"href":"https:\/\/lahoradelcampo.com.uy\/site\/wp-json\/wp\/v2\/comments?post=37123"}],"version-history":[{"count":1,"href":"https:\/\/lahoradelcampo.com.uy\/site\/wp-json\/wp\/v2\/posts\/37123\/revisions"}],"predecessor-version":[{"id":37125,"href":"https:\/\/lahoradelcampo.com.uy\/site\/wp-json\/wp\/v2\/posts\/37123\/revisions\/37125"}],"wp:featuredmedia":[{"embeddable":true,"href":"https:\/\/lahoradelcampo.com.uy\/site\/wp-json\/wp\/v2\/media\/5177"}],"wp:attachment":[{"href":"https:\/\/lahoradelcampo.com.uy\/site\/wp-json\/wp\/v2\/media?parent=37123"}],"wp:term":[{"taxonomy":"category","embeddable":true,"href":"https:\/\/lahoradelcampo.com.uy\/site\/wp-json\/wp\/v2\/categories?post=37123"},{"taxonomy":"post_tag","embeddable":true,"href":"https:\/\/lahoradelcampo.com.uy\/site\/wp-json\/wp\/v2\/tags?post=37123"}],"curies":[{"name":"wp","href":"https:\/\/api.w.org\/{rel}","templated":true}]}}