{"id":37045,"date":"2021-11-30T07:09:21","date_gmt":"2021-11-30T10:09:21","guid":{"rendered":"http:\/\/lahoradelcampo.com.uy\/site\/?p=37045"},"modified":"2021-11-30T07:54:08","modified_gmt":"2021-11-30T10:54:08","slug":"saguinetti-no-estamos-ni-cerca-de-un-proceso-de-liquidacion-de-stock","status":"publish","type":"post","link":"https:\/\/lahoradelcampo.com.uy\/site\/saguinetti-no-estamos-ni-cerca-de-un-proceso-de-liquidacion-de-stock\/","title":{"rendered":"Sanguinetti: \u00abNo estamos ni cerca de un proceso de liquidaci\u00f3n de stock"},"content":{"rendered":"\n<figure class=\"wp-block-image\"><img data-recalc-dims=\"1\" loading=\"lazy\" decoding=\"async\" width=\"810\" height=\"405\" data-attachment-id=\"37047\" data-permalink=\"https:\/\/lahoradelcampo.com.uy\/site\/saguinetti-no-estamos-ni-cerca-de-un-proceso-de-liquidacion-de-stock\/miguelsanguinetti\/\" data-orig-file=\"https:\/\/i0.wp.com\/lahoradelcampo.com.uy\/site\/wp-content\/uploads\/2021\/11\/MiguelSanguinetti.jpg?fit=880%2C440&amp;ssl=1\" data-orig-size=\"880,440\" data-comments-opened=\"1\" data-image-meta=\"{&quot;aperture&quot;:&quot;0&quot;,&quot;credit&quot;:&quot;&quot;,&quot;camera&quot;:&quot;&quot;,&quot;caption&quot;:&quot;&quot;,&quot;created_timestamp&quot;:&quot;0&quot;,&quot;copyright&quot;:&quot;&quot;,&quot;focal_length&quot;:&quot;0&quot;,&quot;iso&quot;:&quot;0&quot;,&quot;shutter_speed&quot;:&quot;0&quot;,&quot;title&quot;:&quot;&quot;,&quot;orientation&quot;:&quot;1&quot;}\" data-image-title=\"MiguelSanguinetti\" data-image-description=\"\" data-image-caption=\"\" data-large-file=\"https:\/\/i0.wp.com\/lahoradelcampo.com.uy\/site\/wp-content\/uploads\/2021\/11\/MiguelSanguinetti.jpg?fit=810%2C405&amp;ssl=1\" src=\"https:\/\/i0.wp.com\/lahoradelcampo.com.uy\/site\/wp-content\/uploads\/2021\/11\/MiguelSanguinetti.jpg?resize=810%2C405\" alt=\"\" class=\"wp-image-37047\" srcset=\"https:\/\/i0.wp.com\/lahoradelcampo.com.uy\/site\/wp-content\/uploads\/2021\/11\/MiguelSanguinetti.jpg?w=880&amp;ssl=1 880w, https:\/\/i0.wp.com\/lahoradelcampo.com.uy\/site\/wp-content\/uploads\/2021\/11\/MiguelSanguinetti.jpg?resize=300%2C150&amp;ssl=1 300w, https:\/\/i0.wp.com\/lahoradelcampo.com.uy\/site\/wp-content\/uploads\/2021\/11\/MiguelSanguinetti.jpg?resize=768%2C384&amp;ssl=1 768w, https:\/\/i0.wp.com\/lahoradelcampo.com.uy\/site\/wp-content\/uploads\/2021\/11\/MiguelSanguinetti.jpg?resize=820%2C410&amp;ssl=1 820w\" sizes=\"auto, (max-width: 810px) 100vw, 810px\" \/><\/figure>\n\n\n\n<p>Seg\u00fan los datos publicados por el Instituto Nacional de Carnes (INAC), desde el 1 de enero al 27 de noviembre, la faena ovina suma 1.151.427 cabezas, lo que marca un incremento del 53,4% respecto a igual per\u00edodo de 2020, con incremento en todas las categor\u00edas. Porcentualmente el mayor crecimiento se registra en el caso de las ovejas, que pasaron de 165.673 cabezas el a\u00f1o pasado a 346.215 cabezas en este 2021, es decir que aument\u00f3 un 109% la faena de esta categor\u00eda. <br><\/p>\n\n\n\n<p>Este incremento ha venido de la mano de una fuerte demanda de China durante todo el a\u00f1o 2021, pero principalmente desde julio a la fecha donde los precios de la oveja se han mantenido por encima de los 4 d\u00f3lares en cuarta balanza. <br><\/p>\n\n\n\n<p>Ante esta realidad, Miguel Sanguinetti el presidente del Secretariado Uruguayo de la Lana (SUL), si bien reconoci\u00f3 que se ha faenado m\u00e1s ovejas debido a los bajos valores de las lanas medias y gruesas principalmente, dijo que \u00abno estamos ni cerca de un proceso de liquidaci\u00f3n de stock\u00bb. El ovejero dijo que \u00ab\u00e9l de arriba ayuda siempre. La parici\u00f3n del a\u00f1o pasado fue fabulosa a buena y este a\u00f1o fabulosa, entonces cuando se habl\u00f3 tanto de la baja del stock, el stock qued\u00f3 en 6,2 millones, y s\u00ed se hacen los ajustes creo que van a estar en m\u00e1s y creo que este a\u00f1o que viene si Dios quiere, con una alt\u00edsima faena vamos a estar en un peque\u00f1o aumento\u00bb.<br><\/p>\n\n\n\n<p>Para el presidente del SUL, \u00ablas bases est\u00e1n bien firmes como para que el stock de Uruguay empiece a levantar, porque hay mucho entusiasmo, hay muchas ganas, lo \u00fanico que falta es que se redondee ciertas situaciones que no han sido favorable\u00bb. Sanguinetti remarc\u00f3 que \u00abla gente que tiene una oveja hoy, lo va a pensar muchas veces antes de mandarla a frigor\u00edfico porque si engordas ese cordero que produce esa oveja, haces el mismo valor de lo que vale la madre, as\u00ed que creo que lo peor ya paso\u00bb. <br><\/p>\n\n\n\n<p>\u00abSin duda que se faenan un poco m\u00e1s de oveja, es real, pero no estamos ni cerca de un proceso de liquidaci\u00f3n de stock, ni nada que se parezca\u00bb dijo el productor qui\u00e9n explic\u00f3 que \u00abla gente dice no puedo vender la lana, algo m\u00e1s de ovinos tengo que vender para llenar la caja. El otro d\u00eda un productor de Corriedale me dec\u00eda: tengo tres zafras en el galp\u00f3n, pero he vendido ovejas, borregos y capones, a 100 d\u00f3lares, es decir que por otro lado estoy compensando esa falta de la lana\u00bb.<br><\/p>\n\n\n\n<p>Sanguinetti dijo que si bien existen situaciones donde \u00abhay gente que un poco baja la guardia y dice esto no da para m\u00e1s y lo deja, es real. Pero por otro lado cuando uno viene el norte y ve lana fina a muy buenos precios hay otra gente que aumenta tambi\u00e9n, as\u00ed que creo que eso tiende a equilibrarse y creo que el resultado es positivo\u00bb. <br><\/p>\n\n\n\n<p>Lanas medias<br><\/p>\n\n\n\n<p>Respecto a las lanas medias y gruesas, Sanguinetti se\u00f1al\u00f3 que en di\u00e1logo con la industria lanera se dio a conocer que las mismas \u00abhab\u00edan empezado a tener m\u00e1s pedidos de ese tipo de lanas en tops, en lana peinada, desde el exterior\u00bb, si bien explic\u00f3 que a\u00fan no es \u00abun gran volumen\u00bb, record\u00f3 que se ha pasado \u00abcasi 2 a\u00f1os que no les ped\u00edan lana y ahora como que eso comenz\u00f3 a cambiar\u00bb.<br><\/p>\n\n\n\n<p>M\u00e1s all\u00e1 de la buena noticia, el presidente del SUL; dijo que las industrias \u00abten\u00edan lanas acumuladas de esas finuras, as\u00ed que tendr\u00e1n que ir saliendo del stock, pero creo que de a poquito eso se va a ir normalizando\u00bb.  <\/p>\n\n\n\n<p>Salto, 30 de noviembre de 2021<\/p>\n","protected":false},"excerpt":{"rendered":"<p>Seg\u00fan los datos publicados por el Instituto Nacional de Carnes (INAC), desde el 1 de enero al 27 de noviembre, la faena ovina suma 1.151.427 cabezas, lo que marca un [&hellip;]<\/p>\n","protected":false},"author":5,"featured_media":37047,"comment_status":"open","ping_status":"open","sticky":false,"template":"","format":"standard","meta":{"_price":"","_stock":"","_tribe_ticket_header":"","_tribe_default_ticket_provider":"","_tribe_ticket_capacity":"0","_ticket_start_date":"","_ticket_end_date":"","_tribe_ticket_show_description":"","_tribe_ticket_show_not_going":false,"_tribe_ticket_use_global_stock":"","_tribe_ticket_global_stock_level":"","_global_stock_mode":"","_global_stock_cap":"","_tribe_rsvp_for_event":"","_tribe_ticket_going_count":"","_tribe_ticket_not_going_count":"","_tribe_tickets_list":"[]","_tribe_ticket_has_attendee_info_fields":false,"h5ap_radio_sources":[],"_jetpack_newsletter_access":"","_jetpack_dont_email_post_to_subs":false,"_jetpack_newsletter_tier_id":0,"_jetpack_memberships_contains_paywalled_content":false,"_jetpack_memberships_contains_paid_content":false,"footnotes":""},"categories":[21,13],"tags":[],"class_list":["post-37045","post","type-post","status-publish","format-standard","has-post-thumbnail","hentry","category-actualidad","category-ovinos"],"jetpack_featured_media_url":"https:\/\/i0.wp.com\/lahoradelcampo.com.uy\/site\/wp-content\/uploads\/2021\/11\/MiguelSanguinetti.jpg?fit=880%2C440&ssl=1","jetpack_sharing_enabled":true,"jetpack_shortlink":"https:\/\/wp.me\/p99IaT-9Dv","jetpack-related-posts":[{"id":17818,"url":"https:\/\/lahoradelcampo.com.uy\/site\/faena-de-aves-cayo-un-136-desde-2016\/","url_meta":{"origin":37045,"position":0},"title":"Faena de aves cay\u00f3 un 13,6% desde 2016","author":"La Hora del Campo","date":"5 marzo, 2020","format":false,"excerpt":"De acuerdo a los datos aportados por el Instituto Nacional de Carnes, la faena de aves en el pa\u00eds ha ca\u00eddo un 13,6% desde el a\u00f1o 2016 hasta 2019, con un fuerte incremento en la categor\u00eda de gallinas livianas y menor presencia de pollos parrilleros, es decir que el productor\u2026","rel":"","context":"En \u00abActualidad\u00bb","block_context":{"text":"Actualidad","link":"https:\/\/lahoradelcampo.com.uy\/site\/category\/actualidad\/"},"img":{"alt_text":"","src":"https:\/\/i0.wp.com\/lahoradelcampo.com.uy\/site\/wp-content\/uploads\/2020\/03\/Aves.jpg?fit=880%2C440&ssl=1&resize=350%2C200","width":350,"height":200,"srcset":"https:\/\/i0.wp.com\/lahoradelcampo.com.uy\/site\/wp-content\/uploads\/2020\/03\/Aves.jpg?fit=880%2C440&ssl=1&resize=350%2C200 1x, https:\/\/i0.wp.com\/lahoradelcampo.com.uy\/site\/wp-content\/uploads\/2020\/03\/Aves.jpg?fit=880%2C440&ssl=1&resize=525%2C300 1.5x, https:\/\/i0.wp.com\/lahoradelcampo.com.uy\/site\/wp-content\/uploads\/2020\/03\/Aves.jpg?fit=880%2C440&ssl=1&resize=700%2C400 2x"},"classes":[]},{"id":32368,"url":"https:\/\/lahoradelcampo.com.uy\/site\/faena-de-corrales-crecio-16-000-cabezas-en-2021\/","url_meta":{"origin":37045,"position":1},"title":"Faena de corrales creci\u00f3 16.000 cabezas en 2021","author":"La Hora del Campo","date":"26 julio, 2021","format":false,"excerpt":"Seg\u00fan datos de INAC al 17 de julio de 2021, se llevan faenados 160.000 cabezas de vacunos procedentes de los corrales de encierre. Este volumen significa un incremento de 16.000 cabezas sobre igual per\u00edodo de 2020 y 27.000 por encima de 2019. Del total de 160.000 cabezas, los datos indican\u2026","rel":"","context":"En \u00abActualidad\u00bb","block_context":{"text":"Actualidad","link":"https:\/\/lahoradelcampo.com.uy\/site\/category\/actualidad\/"},"img":{"alt_text":"","src":"https:\/\/i0.wp.com\/lahoradelcampo.com.uy\/site\/wp-content\/uploads\/2019\/04\/Corrales.jpg?fit=880%2C440&ssl=1&resize=350%2C200","width":350,"height":200,"srcset":"https:\/\/i0.wp.com\/lahoradelcampo.com.uy\/site\/wp-content\/uploads\/2019\/04\/Corrales.jpg?fit=880%2C440&ssl=1&resize=350%2C200 1x, https:\/\/i0.wp.com\/lahoradelcampo.com.uy\/site\/wp-content\/uploads\/2019\/04\/Corrales.jpg?fit=880%2C440&ssl=1&resize=525%2C300 1.5x, https:\/\/i0.wp.com\/lahoradelcampo.com.uy\/site\/wp-content\/uploads\/2019\/04\/Corrales.jpg?fit=880%2C440&ssl=1&resize=700%2C400 2x"},"classes":[]},{"id":44225,"url":"https:\/\/lahoradelcampo.com.uy\/site\/faena-vacuna-crece-un-87-en-el-primer-semestre\/","url_meta":{"origin":37045,"position":2},"title":"Faena vacuna crece un 8,7% en el primer semestre","author":"La Hora del Campo","date":"27 julio, 2022","format":false,"excerpt":"El Instituto Nacional de Carnes (INAC) dio a conocer su balance del sector c\u00e1rnico durante el primer semestre de 2022, donde la faena vacuna ha registrado un incremento importante a pesar de haber disminuido su ritmo en los \u00faltimos meses, mientras que la actividad en el ovino desciende respecto igual\u2026","rel":"","context":"En \u00abActualidad\u00bb","block_context":{"text":"Actualidad","link":"https:\/\/lahoradelcampo.com.uy\/site\/category\/actualidad\/"},"img":{"alt_text":"","src":"https:\/\/i0.wp.com\/lahoradelcampo.com.uy\/site\/wp-content\/uploads\/2022\/07\/inac-faena.jpg?fit=880%2C440&ssl=1&resize=350%2C200","width":350,"height":200,"srcset":"https:\/\/i0.wp.com\/lahoradelcampo.com.uy\/site\/wp-content\/uploads\/2022\/07\/inac-faena.jpg?fit=880%2C440&ssl=1&resize=350%2C200 1x, https:\/\/i0.wp.com\/lahoradelcampo.com.uy\/site\/wp-content\/uploads\/2022\/07\/inac-faena.jpg?fit=880%2C440&ssl=1&resize=525%2C300 1.5x, https:\/\/i0.wp.com\/lahoradelcampo.com.uy\/site\/wp-content\/uploads\/2022\/07\/inac-faena.jpg?fit=880%2C440&ssl=1&resize=700%2C400 2x"},"classes":[]},{"id":39619,"url":"https:\/\/lahoradelcampo.com.uy\/site\/faena-podra-superar-los-650-000-vacunos-en-el-primer-trimestre\/","url_meta":{"origin":37045,"position":3},"title":"Faena podr\u00e1 superar los 650.000 vacunos en el primer trimestre","author":"La Hora del Campo","date":"8 marzo, 2022","format":false,"excerpt":"El ritmo de faena vacuna en el pa\u00eds contin\u00faa en valores hist\u00f3ricamente altos para el primer trimestre del a\u00f1o. Seg\u00fan los datos del Instituto Nacional de Carnes (INAC) la actividad industrial ha crecido un 17,8% en lo que va del a\u00f1o 2022, por lo que de mantenerse este ritmo es\u2026","rel":"","context":"En \u00abActualidad\u00bb","block_context":{"text":"Actualidad","link":"https:\/\/lahoradelcampo.com.uy\/site\/category\/actualidad\/"},"img":{"alt_text":"","src":"https:\/\/i0.wp.com\/lahoradelcampo.com.uy\/site\/wp-content\/uploads\/2019\/04\/Faena.jpg?fit=880%2C440&ssl=1&resize=350%2C200","width":350,"height":200,"srcset":"https:\/\/i0.wp.com\/lahoradelcampo.com.uy\/site\/wp-content\/uploads\/2019\/04\/Faena.jpg?fit=880%2C440&ssl=1&resize=350%2C200 1x, https:\/\/i0.wp.com\/lahoradelcampo.com.uy\/site\/wp-content\/uploads\/2019\/04\/Faena.jpg?fit=880%2C440&ssl=1&resize=525%2C300 1.5x, https:\/\/i0.wp.com\/lahoradelcampo.com.uy\/site\/wp-content\/uploads\/2019\/04\/Faena.jpg?fit=880%2C440&ssl=1&resize=700%2C400 2x"},"classes":[]},{"id":4839,"url":"https:\/\/lahoradelcampo.com.uy\/site\/la-industria-registro-la-faena-mas-alta-desde-2010\/","url_meta":{"origin":37045,"position":4},"title":"La industria registr\u00f3 la faena m\u00e1s alta desde 2010","author":"La Hora del Campo","date":"12 diciembre, 2017","format":false,"excerpt":"Luego de una semana sin paro en la actividad industrial la faena alcanzo las 56.556 cabezas de vacunos, la m\u00e1s alta desde la tercera semana de diciembre de 2010. Si bien el mayor crecimiento se registr\u00f3 en la categor\u00eda de novillos, al igual que la semana anterior fue la categor\u00eda\u2026","rel":"","context":"En \u00abActualidad\u00bb","block_context":{"text":"Actualidad","link":"https:\/\/lahoradelcampo.com.uy\/site\/category\/actualidad\/"},"img":{"alt_text":"","src":"https:\/\/i0.wp.com\/lahoradelcampo.com.uy\/site\/wp-content\/uploads\/2017\/12\/Faena.jpg?fit=880%2C440&ssl=1&resize=350%2C200","width":350,"height":200,"srcset":"https:\/\/i0.wp.com\/lahoradelcampo.com.uy\/site\/wp-content\/uploads\/2017\/12\/Faena.jpg?fit=880%2C440&ssl=1&resize=350%2C200 1x, https:\/\/i0.wp.com\/lahoradelcampo.com.uy\/site\/wp-content\/uploads\/2017\/12\/Faena.jpg?fit=880%2C440&ssl=1&resize=525%2C300 1.5x, https:\/\/i0.wp.com\/lahoradelcampo.com.uy\/site\/wp-content\/uploads\/2017\/12\/Faena.jpg?fit=880%2C440&ssl=1&resize=700%2C400 2x"},"classes":[]},{"id":33799,"url":"https:\/\/lahoradelcampo.com.uy\/site\/faena-ovina-subio-un-109-en-2021\/","url_meta":{"origin":37045,"position":5},"title":"Faena ovina subi\u00f3 un 109% en 2021","author":"La Hora del Campo","date":"7 septiembre, 2021","format":false,"excerpt":"La faena ovina tambi\u00e9n creci\u00f3 en la \u00faltima semana cerrada el 4 de setiembre, alcanzando las 25.977 cabezas, un 17,7% por encima de la semana anterior, y un 62,4% sobre la misma semana de 2020. La actividad estuvo compuesta en un 60% por corderos, 15.703 cabezas, creciendo esta categor\u00eda un\u2026","rel":"","context":"En \u00abActualidad\u00bb","block_context":{"text":"Actualidad","link":"https:\/\/lahoradelcampo.com.uy\/site\/category\/actualidad\/"},"img":{"alt_text":"","src":"https:\/\/i0.wp.com\/lahoradelcampo.com.uy\/site\/wp-content\/uploads\/2019\/07\/ovinos.jpg?fit=880%2C440&ssl=1&resize=350%2C200","width":350,"height":200,"srcset":"https:\/\/i0.wp.com\/lahoradelcampo.com.uy\/site\/wp-content\/uploads\/2019\/07\/ovinos.jpg?fit=880%2C440&ssl=1&resize=350%2C200 1x, https:\/\/i0.wp.com\/lahoradelcampo.com.uy\/site\/wp-content\/uploads\/2019\/07\/ovinos.jpg?fit=880%2C440&ssl=1&resize=525%2C300 1.5x, https:\/\/i0.wp.com\/lahoradelcampo.com.uy\/site\/wp-content\/uploads\/2019\/07\/ovinos.jpg?fit=880%2C440&ssl=1&resize=700%2C400 2x"},"classes":[]}],"jetpack_likes_enabled":true,"_links":{"self":[{"href":"https:\/\/lahoradelcampo.com.uy\/site\/wp-json\/wp\/v2\/posts\/37045","targetHints":{"allow":["GET"]}}],"collection":[{"href":"https:\/\/lahoradelcampo.com.uy\/site\/wp-json\/wp\/v2\/posts"}],"about":[{"href":"https:\/\/lahoradelcampo.com.uy\/site\/wp-json\/wp\/v2\/types\/post"}],"author":[{"embeddable":true,"href":"https:\/\/lahoradelcampo.com.uy\/site\/wp-json\/wp\/v2\/users\/5"}],"replies":[{"embeddable":true,"href":"https:\/\/lahoradelcampo.com.uy\/site\/wp-json\/wp\/v2\/comments?post=37045"}],"version-history":[{"count":2,"href":"https:\/\/lahoradelcampo.com.uy\/site\/wp-json\/wp\/v2\/posts\/37045\/revisions"}],"predecessor-version":[{"id":37057,"href":"https:\/\/lahoradelcampo.com.uy\/site\/wp-json\/wp\/v2\/posts\/37045\/revisions\/37057"}],"wp:featuredmedia":[{"embeddable":true,"href":"https:\/\/lahoradelcampo.com.uy\/site\/wp-json\/wp\/v2\/media\/37047"}],"wp:attachment":[{"href":"https:\/\/lahoradelcampo.com.uy\/site\/wp-json\/wp\/v2\/media?parent=37045"}],"wp:term":[{"taxonomy":"category","embeddable":true,"href":"https:\/\/lahoradelcampo.com.uy\/site\/wp-json\/wp\/v2\/categories?post=37045"},{"taxonomy":"post_tag","embeddable":true,"href":"https:\/\/lahoradelcampo.com.uy\/site\/wp-json\/wp\/v2\/tags?post=37045"}],"curies":[{"name":"wp","href":"https:\/\/api.w.org\/{rel}","templated":true}]}}