{"id":36977,"date":"2021-11-29T07:20:47","date_gmt":"2021-11-29T10:20:47","guid":{"rendered":"http:\/\/lahoradelcampo.com.uy\/site\/?p=36977"},"modified":"2021-11-29T07:20:53","modified_gmt":"2021-11-29T10:20:53","slug":"los-astros-se-alinearon-para-la-suba-de-los-valores-de-la-colza","status":"publish","type":"post","link":"https:\/\/lahoradelcampo.com.uy\/site\/los-astros-se-alinearon-para-la-suba-de-los-valores-de-la-colza\/","title":{"rendered":"Los astros se alinearon para la suba de los valores de la colza"},"content":{"rendered":"\n<figure class=\"wp-block-image\"><img data-recalc-dims=\"1\" loading=\"lazy\" decoding=\"async\" width=\"810\" height=\"405\" data-attachment-id=\"31546\" data-permalink=\"https:\/\/lahoradelcampo.com.uy\/site\/area-de-cultivos-de-invierno-creceria-un-16-en-2021\/colza\/\" data-orig-file=\"https:\/\/i0.wp.com\/lahoradelcampo.com.uy\/site\/wp-content\/uploads\/2021\/06\/colza.jpg?fit=880%2C440&amp;ssl=1\" data-orig-size=\"880,440\" data-comments-opened=\"1\" data-image-meta=\"{&quot;aperture&quot;:&quot;0&quot;,&quot;credit&quot;:&quot;&quot;,&quot;camera&quot;:&quot;&quot;,&quot;caption&quot;:&quot;&quot;,&quot;created_timestamp&quot;:&quot;0&quot;,&quot;copyright&quot;:&quot;&quot;,&quot;focal_length&quot;:&quot;0&quot;,&quot;iso&quot;:&quot;0&quot;,&quot;shutter_speed&quot;:&quot;0&quot;,&quot;title&quot;:&quot;&quot;,&quot;orientation&quot;:&quot;1&quot;}\" data-image-title=\"colza\" data-image-description=\"\" data-image-caption=\"\" data-large-file=\"https:\/\/i0.wp.com\/lahoradelcampo.com.uy\/site\/wp-content\/uploads\/2021\/06\/colza.jpg?fit=810%2C405&amp;ssl=1\" src=\"https:\/\/i0.wp.com\/lahoradelcampo.com.uy\/site\/wp-content\/uploads\/2021\/06\/colza.jpg?resize=810%2C405\" alt=\"\" class=\"wp-image-31546\" srcset=\"https:\/\/i0.wp.com\/lahoradelcampo.com.uy\/site\/wp-content\/uploads\/2021\/06\/colza.jpg?w=880&amp;ssl=1 880w, https:\/\/i0.wp.com\/lahoradelcampo.com.uy\/site\/wp-content\/uploads\/2021\/06\/colza.jpg?resize=300%2C150&amp;ssl=1 300w, https:\/\/i0.wp.com\/lahoradelcampo.com.uy\/site\/wp-content\/uploads\/2021\/06\/colza.jpg?resize=768%2C384&amp;ssl=1 768w, https:\/\/i0.wp.com\/lahoradelcampo.com.uy\/site\/wp-content\/uploads\/2021\/06\/colza.jpg?resize=820%2C410&amp;ssl=1 820w\" sizes=\"auto, (max-width: 810px) 100vw, 810px\" \/><\/figure>\n\n\n\n<p>Como se dice tradicionalmente \u00ablos astros se alinearon\u00bb tanto en valores como en producci\u00f3n para la colza en Uruguay. A nivel productivo, si bien la ausencia de lluvias en alg\u00fan momento del cultivo pudo ser un factor de merma en la producci\u00f3n de la oleaginosa. A pesar de ello los resultados son positivos respecto a lo alcanzado en los \u00faltimos a\u00f1os. <br><\/p>\n\n\n\n<p>En cuanto a los valores, seg\u00fan la C\u00e1mara Mercantil de Productos del Pa\u00eds (CMPP) esta semana cierran con referencias de US$ 675 a US$ 685 por tonelada con destino a la industria nacional. En el caso de la exportaci\u00f3n, en el puerto de Nueva Palmira, cotiza entre US$ 680 y US$ 691. <br><\/p>\n\n\n\n<p>Federico Morixe, analista privado de mercados dijo que \u00abeste a\u00f1o se dieron todas las condiciones, menor producci\u00f3n de otros aceites, seca en dos grandes productores como Estados Unidos y Canad\u00e1, problemas productivos en Europa, todo esto gener\u00f3 menor oferta y tambi\u00e9n menor oferta de otros subproductos sustitutos como el aceite de Palma y eso llev\u00f3 a una suba de todos los aceites\u00bb<br><\/p>\n\n\n\n<p>A pesar de este escenario, Morixe se\u00f1al\u00f3 que \u00abcuando se recomponga la producci\u00f3n tanto en Estados Unidos como en Canad\u00e1 y la de aceite de Palma, seguramente sus precios tiendan a ir a la baja\u00bb. <\/p>\n\n\n\n<p>Salto, 29 de noviembre de 2021<\/p>\n","protected":false},"excerpt":{"rendered":"<p>Como se dice tradicionalmente \u00ablos astros se alinearon\u00bb tanto en valores como en producci\u00f3n para la colza en Uruguay. A nivel productivo, si bien la ausencia de lluvias en alg\u00fan [&hellip;]<\/p>\n","protected":false},"author":5,"featured_media":31546,"comment_status":"open","ping_status":"open","sticky":false,"template":"","format":"standard","meta":{"_price":"","_stock":"","_tribe_ticket_header":"","_tribe_default_ticket_provider":"","_tribe_ticket_capacity":"0","_ticket_start_date":"","_ticket_end_date":"","_tribe_ticket_show_description":"","_tribe_ticket_show_not_going":false,"_tribe_ticket_use_global_stock":"","_tribe_ticket_global_stock_level":"","_global_stock_mode":"","_global_stock_cap":"","_tribe_rsvp_for_event":"","_tribe_ticket_going_count":"","_tribe_ticket_not_going_count":"","_tribe_tickets_list":"[]","_tribe_ticket_has_attendee_info_fields":false,"h5ap_radio_sources":[],"_jetpack_newsletter_access":"","_jetpack_dont_email_post_to_subs":false,"_jetpack_newsletter_tier_id":0,"_jetpack_memberships_contains_paywalled_content":false,"_jetpack_memberships_contains_paid_content":false,"footnotes":""},"categories":[21,7],"tags":[],"class_list":["post-36977","post","type-post","status-publish","format-standard","has-post-thumbnail","hentry","category-actualidad","category-agricultura"],"jetpack_featured_media_url":"https:\/\/i0.wp.com\/lahoradelcampo.com.uy\/site\/wp-content\/uploads\/2021\/06\/colza.jpg?fit=880%2C440&ssl=1","jetpack_sharing_enabled":true,"jetpack_shortlink":"https:\/\/wp.me\/p99IaT-9Cp","jetpack-related-posts":[{"id":40329,"url":"https:\/\/lahoradelcampo.com.uy\/site\/rendimiento-de-equilibrio-para-la-colza-sera-de-138-ton-ha\/","url_meta":{"origin":36977,"position":0},"title":"Rendimiento de equilibrio para la colza ser\u00e1 de 1,38 ton\/ha","author":"La Hora del Campo","date":"29 marzo, 2022","format":false,"excerpt":"La firma Granosur, dio a conocer sus estimaciones para la producci\u00f3n de colza en la zafra 2022-2023, teniendo en cuenta los cambios en los valores de los insumos, as\u00ed como tambi\u00e9n en los precios de los granos, en particular de la oleaginosa de invierno. En este trabajo se estiman los\u2026","rel":"","context":"En \u00abActualidad\u00bb","block_context":{"text":"Actualidad","link":"https:\/\/lahoradelcampo.com.uy\/site\/category\/actualidad\/"},"img":{"alt_text":"","src":"https:\/\/i0.wp.com\/lahoradelcampo.com.uy\/site\/wp-content\/uploads\/2021\/06\/colza.jpg?fit=880%2C440&ssl=1&resize=350%2C200","width":350,"height":200,"srcset":"https:\/\/i0.wp.com\/lahoradelcampo.com.uy\/site\/wp-content\/uploads\/2021\/06\/colza.jpg?fit=880%2C440&ssl=1&resize=350%2C200 1x, https:\/\/i0.wp.com\/lahoradelcampo.com.uy\/site\/wp-content\/uploads\/2021\/06\/colza.jpg?fit=880%2C440&ssl=1&resize=525%2C300 1.5x, https:\/\/i0.wp.com\/lahoradelcampo.com.uy\/site\/wp-content\/uploads\/2021\/06\/colza.jpg?fit=880%2C440&ssl=1&resize=700%2C400 2x"},"classes":[]},{"id":46855,"url":"https:\/\/lahoradelcampo.com.uy\/site\/cosecha-de-colza-viene-con-rendimientos-dispares\/","url_meta":{"origin":36977,"position":1},"title":"Cosecha de colza viene con rendimientos dispares","author":"La Hora del Campo","date":"7 noviembre, 2022","format":false,"excerpt":"La cosecha de los cultivos de invierno ha comenzado en el litoral norte del pa\u00eds, con resultados variables en las chacras de colza, principalmente por eventos clim\u00e1ticos desfavorables al inicio del cultivo. Recordemos que en momentos de la siembra en el litoral, se registraron varios eventos de excesos de precipitaciones\u2026","rel":"","context":"En \u00abActualidad\u00bb","block_context":{"text":"Actualidad","link":"https:\/\/lahoradelcampo.com.uy\/site\/category\/actualidad\/"},"img":{"alt_text":"","src":"https:\/\/i0.wp.com\/lahoradelcampo.com.uy\/site\/wp-content\/uploads\/2021\/06\/colza.jpg?fit=880%2C440&ssl=1&resize=350%2C200","width":350,"height":200,"srcset":"https:\/\/i0.wp.com\/lahoradelcampo.com.uy\/site\/wp-content\/uploads\/2021\/06\/colza.jpg?fit=880%2C440&ssl=1&resize=350%2C200 1x, https:\/\/i0.wp.com\/lahoradelcampo.com.uy\/site\/wp-content\/uploads\/2021\/06\/colza.jpg?fit=880%2C440&ssl=1&resize=525%2C300 1.5x, https:\/\/i0.wp.com\/lahoradelcampo.com.uy\/site\/wp-content\/uploads\/2021\/06\/colza.jpg?fit=880%2C440&ssl=1&resize=700%2C400 2x"},"classes":[]},{"id":42975,"url":"https:\/\/lahoradelcampo.com.uy\/site\/area-de-colza-crecio-un-636-y-es-el-principal-cultivo-de-invierno\/","url_meta":{"origin":36977,"position":2},"title":"\u00c1rea de colza creci\u00f3 un 63,6% y es el principal cultivo de invierno","author":"La Hora del Campo","date":"20 junio, 2022","format":false,"excerpt":"El buen momento de valores para los cultivos oleaginosos y el aceite en el mundo, ha determinado un importante incremento del \u00e1rea del cultivo de Colza-Carinata, convirti\u00e9ndolo en el primer cultivo de invierno y el segundo tras la soja a nivel anual. En una reciente reuni\u00f3n de integrantes del sector\u2026","rel":"","context":"En \u00abActualidad\u00bb","block_context":{"text":"Actualidad","link":"https:\/\/lahoradelcampo.com.uy\/site\/category\/actualidad\/"},"img":{"alt_text":"","src":"https:\/\/i0.wp.com\/lahoradelcampo.com.uy\/site\/wp-content\/uploads\/2021\/06\/colza.jpg?fit=880%2C440&ssl=1&resize=350%2C200","width":350,"height":200,"srcset":"https:\/\/i0.wp.com\/lahoradelcampo.com.uy\/site\/wp-content\/uploads\/2021\/06\/colza.jpg?fit=880%2C440&ssl=1&resize=350%2C200 1x, https:\/\/i0.wp.com\/lahoradelcampo.com.uy\/site\/wp-content\/uploads\/2021\/06\/colza.jpg?fit=880%2C440&ssl=1&resize=525%2C300 1.5x, https:\/\/i0.wp.com\/lahoradelcampo.com.uy\/site\/wp-content\/uploads\/2021\/06\/colza.jpg?fit=880%2C440&ssl=1&resize=700%2C400 2x"},"classes":[]},{"id":48473,"url":"https:\/\/lahoradelcampo.com.uy\/site\/produccion-de-colza-crecio-un-99\/","url_meta":{"origin":36977,"position":3},"title":"Producci\u00f3n  de colza  creci\u00f3 un 99%","author":"La Hora del Campo","date":"31 enero, 2023","format":false,"excerpt":"El \u00e1rea sembrada entre Colza (Brassica napus) y Carinata (Brassica carinata) continua en crecimiento, alcanzando en \u00e9sta zafra 348.145 hect\u00e1reas, un 114 % m\u00e1s que en la zafra anterior, consolid\u00e1ndose de esta forma como el principal cultivo de invierno del pa\u00eds. Su rendimiento promedio se estim\u00f3 en 1.687 kg\/ha, valor\u2026","rel":"","context":"En \u00abActualidad\u00bb","block_context":{"text":"Actualidad","link":"https:\/\/lahoradelcampo.com.uy\/site\/category\/actualidad\/"},"img":{"alt_text":"","src":"https:\/\/i0.wp.com\/lahoradelcampo.com.uy\/site\/wp-content\/uploads\/2021\/06\/colza.jpg?fit=880%2C440&ssl=1&resize=350%2C200","width":350,"height":200,"srcset":"https:\/\/i0.wp.com\/lahoradelcampo.com.uy\/site\/wp-content\/uploads\/2021\/06\/colza.jpg?fit=880%2C440&ssl=1&resize=350%2C200 1x, https:\/\/i0.wp.com\/lahoradelcampo.com.uy\/site\/wp-content\/uploads\/2021\/06\/colza.jpg?fit=880%2C440&ssl=1&resize=525%2C300 1.5x, https:\/\/i0.wp.com\/lahoradelcampo.com.uy\/site\/wp-content\/uploads\/2021\/06\/colza.jpg?fit=880%2C440&ssl=1&resize=700%2C400 2x"},"classes":[]},{"id":38389,"url":"https:\/\/lahoradelcampo.com.uy\/site\/fuerte-arranque-de-la-segunda-mitad-de-la-zafra-lanera-21-22\/","url_meta":{"origin":36977,"position":4},"title":"Fuerte arranque de la segunda mitad de la zafra lanera 21-22","author":"La Hora del Campo","date":"14 enero, 2022","format":false,"excerpt":"Esta semana retorno a la actividad el mercado lanero australiano, con una demanda que se mostr\u00f3 s\u00f3lida presionando los valores al alza en todos los micronajes, con altos niveles de colocaci\u00f3n y una moneda que tambi\u00e9n se posicion\u00f3 favorable a quienes analizan los valores en la moneda norteamericana. El Indicador\u2026","rel":"","context":"En \u00abActualidad\u00bb","block_context":{"text":"Actualidad","link":"https:\/\/lahoradelcampo.com.uy\/site\/category\/actualidad\/"},"img":{"alt_text":"","src":"https:\/\/i0.wp.com\/lahoradelcampo.com.uy\/site\/wp-content\/uploads\/2021\/06\/lanaaustralia1.jpg?fit=880%2C440&ssl=1&resize=350%2C200","width":350,"height":200,"srcset":"https:\/\/i0.wp.com\/lahoradelcampo.com.uy\/site\/wp-content\/uploads\/2021\/06\/lanaaustralia1.jpg?fit=880%2C440&ssl=1&resize=350%2C200 1x, https:\/\/i0.wp.com\/lahoradelcampo.com.uy\/site\/wp-content\/uploads\/2021\/06\/lanaaustralia1.jpg?fit=880%2C440&ssl=1&resize=525%2C300 1.5x, https:\/\/i0.wp.com\/lahoradelcampo.com.uy\/site\/wp-content\/uploads\/2021\/06\/lanaaustralia1.jpg?fit=880%2C440&ssl=1&resize=700%2C400 2x"},"classes":[]},{"id":56004,"url":"https:\/\/lahoradelcampo.com.uy\/site\/sojas-afectadas-por-las-olas-de-calor-rendiran-de-2-000-kilos-por-hectarea\/","url_meta":{"origin":36977,"position":5},"title":"Sojas afectadas por las olas de calor rendir\u00e1n de 2.000 kilos por hect\u00e1rea","author":"La Hora del Campo","date":"28 abril, 2025","format":false,"excerpt":"Comenz\u00f3 la cosecha de soja en el norte, con rendimientos que reflejaran el impacto de las olas de calor en el verano. El Ing. Agr. \u00c1lvaro Mazzilli de Agrocentro Salto, indic\u00f3 que la irregularidad en los rendimientos esperados, se debe a las condiciones clim\u00e1ticas adversas que atravesaron los cultivos, con\u2026","rel":"","context":"En \u00abActualidad\u00bb","block_context":{"text":"Actualidad","link":"https:\/\/lahoradelcampo.com.uy\/site\/category\/actualidad\/"},"img":{"alt_text":"","src":"https:\/\/i0.wp.com\/lahoradelcampo.com.uy\/site\/wp-content\/uploads\/2025\/04\/AlvaroMazzilli-1.jpg?fit=880%2C440&ssl=1&resize=350%2C200","width":350,"height":200,"srcset":"https:\/\/i0.wp.com\/lahoradelcampo.com.uy\/site\/wp-content\/uploads\/2025\/04\/AlvaroMazzilli-1.jpg?fit=880%2C440&ssl=1&resize=350%2C200 1x, https:\/\/i0.wp.com\/lahoradelcampo.com.uy\/site\/wp-content\/uploads\/2025\/04\/AlvaroMazzilli-1.jpg?fit=880%2C440&ssl=1&resize=525%2C300 1.5x, https:\/\/i0.wp.com\/lahoradelcampo.com.uy\/site\/wp-content\/uploads\/2025\/04\/AlvaroMazzilli-1.jpg?fit=880%2C440&ssl=1&resize=700%2C400 2x"},"classes":[]}],"jetpack_likes_enabled":true,"_links":{"self":[{"href":"https:\/\/lahoradelcampo.com.uy\/site\/wp-json\/wp\/v2\/posts\/36977","targetHints":{"allow":["GET"]}}],"collection":[{"href":"https:\/\/lahoradelcampo.com.uy\/site\/wp-json\/wp\/v2\/posts"}],"about":[{"href":"https:\/\/lahoradelcampo.com.uy\/site\/wp-json\/wp\/v2\/types\/post"}],"author":[{"embeddable":true,"href":"https:\/\/lahoradelcampo.com.uy\/site\/wp-json\/wp\/v2\/users\/5"}],"replies":[{"embeddable":true,"href":"https:\/\/lahoradelcampo.com.uy\/site\/wp-json\/wp\/v2\/comments?post=36977"}],"version-history":[{"count":1,"href":"https:\/\/lahoradelcampo.com.uy\/site\/wp-json\/wp\/v2\/posts\/36977\/revisions"}],"predecessor-version":[{"id":36979,"href":"https:\/\/lahoradelcampo.com.uy\/site\/wp-json\/wp\/v2\/posts\/36977\/revisions\/36979"}],"wp:featuredmedia":[{"embeddable":true,"href":"https:\/\/lahoradelcampo.com.uy\/site\/wp-json\/wp\/v2\/media\/31546"}],"wp:attachment":[{"href":"https:\/\/lahoradelcampo.com.uy\/site\/wp-json\/wp\/v2\/media?parent=36977"}],"wp:term":[{"taxonomy":"category","embeddable":true,"href":"https:\/\/lahoradelcampo.com.uy\/site\/wp-json\/wp\/v2\/categories?post=36977"},{"taxonomy":"post_tag","embeddable":true,"href":"https:\/\/lahoradelcampo.com.uy\/site\/wp-json\/wp\/v2\/tags?post=36977"}],"curies":[{"name":"wp","href":"https:\/\/api.w.org\/{rel}","templated":true}]}}