{"id":36973,"date":"2021-11-29T07:18:30","date_gmt":"2021-11-29T10:18:30","guid":{"rendered":"http:\/\/lahoradelcampo.com.uy\/site\/?p=36973"},"modified":"2021-11-29T07:18:40","modified_gmt":"2021-11-29T10:18:40","slug":"poder-ejecutivo-anuncio-un-preacuerdo-entre-trabajadores-y-empresarios","status":"publish","type":"post","link":"https:\/\/lahoradelcampo.com.uy\/site\/poder-ejecutivo-anuncio-un-preacuerdo-entre-trabajadores-y-empresarios\/","title":{"rendered":"Poder Ejecutivo anunci\u00f3 un preacuerdo entre trabajadores y empresarios"},"content":{"rendered":"\n<figure class=\"wp-block-image\"><img data-recalc-dims=\"1\" loading=\"lazy\" decoding=\"async\" width=\"810\" height=\"405\" data-attachment-id=\"19070\" data-permalink=\"https:\/\/lahoradelcampo.com.uy\/site\/la-faena-vacuna-cayo-un-255-en-el-primer-trimestre-de-2020\/faena-2-2\/\" data-orig-file=\"https:\/\/i0.wp.com\/lahoradelcampo.com.uy\/site\/wp-content\/uploads\/2020\/04\/Faena-2.jpg?fit=880%2C440&amp;ssl=1\" data-orig-size=\"880,440\" data-comments-opened=\"1\" data-image-meta=\"{&quot;aperture&quot;:&quot;0&quot;,&quot;credit&quot;:&quot;&quot;,&quot;camera&quot;:&quot;&quot;,&quot;caption&quot;:&quot;&quot;,&quot;created_timestamp&quot;:&quot;0&quot;,&quot;copyright&quot;:&quot;&quot;,&quot;focal_length&quot;:&quot;0&quot;,&quot;iso&quot;:&quot;0&quot;,&quot;shutter_speed&quot;:&quot;0&quot;,&quot;title&quot;:&quot;&quot;,&quot;orientation&quot;:&quot;1&quot;}\" data-image-title=\"Faena 2\" data-image-description=\"\" data-image-caption=\"\" data-large-file=\"https:\/\/i0.wp.com\/lahoradelcampo.com.uy\/site\/wp-content\/uploads\/2020\/04\/Faena-2.jpg?fit=810%2C405&amp;ssl=1\" src=\"https:\/\/i0.wp.com\/lahoradelcampo.com.uy\/site\/wp-content\/uploads\/2020\/04\/Faena-2.jpg?resize=810%2C405\" alt=\"\" class=\"wp-image-19070\" srcset=\"https:\/\/i0.wp.com\/lahoradelcampo.com.uy\/site\/wp-content\/uploads\/2020\/04\/Faena-2.jpg?w=880&amp;ssl=1 880w, https:\/\/i0.wp.com\/lahoradelcampo.com.uy\/site\/wp-content\/uploads\/2020\/04\/Faena-2.jpg?resize=300%2C150&amp;ssl=1 300w, https:\/\/i0.wp.com\/lahoradelcampo.com.uy\/site\/wp-content\/uploads\/2020\/04\/Faena-2.jpg?resize=768%2C384&amp;ssl=1 768w, https:\/\/i0.wp.com\/lahoradelcampo.com.uy\/site\/wp-content\/uploads\/2020\/04\/Faena-2.jpg?resize=820%2C410&amp;ssl=1 820w\" sizes=\"auto, (max-width: 810px) 100vw, 810px\" \/><\/figure>\n\n\n\n<p>Luego de tres d\u00edas de medidas sindicales, la Federaci\u00f3n de Obreros de la Industria C\u00e1rnica y Afines (FOICA) se reuni\u00f3 con la Industria y el Poder Ejecutivo en una nueva ronda de negociaci\u00f3n de los Consejos de Salarios del sector. <\/p>\n\n\n\n<p>De acuerdo al comunicado emitido por el Poder Ejecutivo, en la jornada de ayer se habr\u00eda llegado a un preacuerdo de las partes, que ser\u00e1 ratificado por la asamblea de trabajadores de hoy lunes, la cual est\u00e1 prevista para la hora 11. <\/p>\n\n\n\n<p>De no ser ratificado, debido a la solicitud por parte de los empresarios, se deber\u00e1 avanzar hacia al votaci\u00f3n, donde el Poder Ejecutivo deber\u00e1 presentar la propuesta a votarse.<br><\/p>\n\n\n\n<p>Comunicado<br><\/p>\n\n\n\n<p>Con la mediaci\u00f3n de la Direcci\u00f3n Nacional de Trabajo del Ministerio de Trabajo y Seguridad Social, este viernes representantes empresariales y trabajadores de la industria frigor\u00edfica suscribieron un preacuerdo de convenio salarial a tres a\u00f1os, en el marco de la novena ronda de los Consejos de Salarios, que determina el levantamiento inmediato de las medidas en el sector.<br><\/p>\n\n\n\n<p>El preacuerdo ser\u00e1 ratificado el pr\u00f3ximo lunes 29 de noviembre por la asamblea de trabajadores de la industria frigor\u00edfica<\/p>\n\n\n\n<p>Salto, 29 de noviembre de 2021<\/p>\n","protected":false},"excerpt":{"rendered":"<p>Luego de tres d\u00edas de medidas sindicales, la Federaci\u00f3n de Obreros de la Industria C\u00e1rnica y Afines (FOICA) se reuni\u00f3 con la Industria y el Poder Ejecutivo en una nueva [&hellip;]<\/p>\n","protected":false},"author":5,"featured_media":19070,"comment_status":"open","ping_status":"open","sticky":false,"template":"","format":"standard","meta":{"_price":"","_stock":"","_tribe_ticket_header":"","_tribe_default_ticket_provider":"","_tribe_ticket_capacity":"0","_ticket_start_date":"","_ticket_end_date":"","_tribe_ticket_show_description":"","_tribe_ticket_show_not_going":false,"_tribe_ticket_use_global_stock":"","_tribe_ticket_global_stock_level":"","_global_stock_mode":"","_global_stock_cap":"","_tribe_rsvp_for_event":"","_tribe_ticket_going_count":"","_tribe_ticket_not_going_count":"","_tribe_tickets_list":"[]","_tribe_ticket_has_attendee_info_fields":false,"h5ap_radio_sources":[],"_jetpack_newsletter_access":"","_jetpack_dont_email_post_to_subs":false,"_jetpack_newsletter_tier_id":0,"_jetpack_memberships_contains_paywalled_content":false,"_jetpack_memberships_contains_paid_content":false,"footnotes":""},"categories":[21,5],"tags":[],"class_list":["post-36973","post","type-post","status-publish","format-standard","has-post-thumbnail","hentry","category-actualidad","category-ganaderia"],"jetpack_featured_media_url":"https:\/\/i0.wp.com\/lahoradelcampo.com.uy\/site\/wp-content\/uploads\/2020\/04\/Faena-2.jpg?fit=880%2C440&ssl=1","jetpack_sharing_enabled":true,"jetpack_shortlink":"https:\/\/wp.me\/p99IaT-9Cl","jetpack-related-posts":[{"id":54376,"url":"https:\/\/lahoradelcampo.com.uy\/site\/foica-anuncio-paro-de-48-horas-para-esta-semana\/","url_meta":{"origin":36973,"position":0},"title":"FOICA anunci\u00f3 paro de 48 horas para esta semana","author":"La Hora del Campo","date":"3 septiembre, 2024","format":false,"excerpt":"La Federaci\u00f3n de Obreros de la Industria de la Carne y Afines (Foica) ha decidido convocar un paro de 48 horas este mi\u00e9rcoles 4 y jueves 5 de septiembre, en protesta por la falta de acuerdo en la renovaci\u00f3n del convenio colectivo del sector triper\u00eda. Esta medida se produce en\u2026","rel":"","context":"En \u00abActualidad\u00bb","block_context":{"text":"Actualidad","link":"https:\/\/lahoradelcampo.com.uy\/site\/category\/actualidad\/"},"img":{"alt_text":"","src":"https:\/\/i0.wp.com\/lahoradelcampo.com.uy\/site\/wp-content\/uploads\/2017\/12\/Foica.jpg?fit=880%2C440&ssl=1&resize=350%2C200","width":350,"height":200,"srcset":"https:\/\/i0.wp.com\/lahoradelcampo.com.uy\/site\/wp-content\/uploads\/2017\/12\/Foica.jpg?fit=880%2C440&ssl=1&resize=350%2C200 1x, https:\/\/i0.wp.com\/lahoradelcampo.com.uy\/site\/wp-content\/uploads\/2017\/12\/Foica.jpg?fit=880%2C440&ssl=1&resize=525%2C300 1.5x, https:\/\/i0.wp.com\/lahoradelcampo.com.uy\/site\/wp-content\/uploads\/2017\/12\/Foica.jpg?fit=880%2C440&ssl=1&resize=700%2C400 2x"},"classes":[]},{"id":55426,"url":"https:\/\/lahoradelcampo.com.uy\/site\/foica-decidio-por-mayoria-continuar-el-conflicto-y-el-gobierno-laudo-por-decreto\/","url_meta":{"origin":36973,"position":1},"title":"FOICA decidi\u00f3, por mayor\u00eda, continuar el conflicto y el gobierno laudo por decreto","author":"La Hora del Campo","date":"8 enero, 2025","format":false,"excerpt":"El conflicto entre los trabajadores, la industria frigor\u00edfica y el gobierno, parece que tendr\u00e1 un largo camino a\u00fan por recorrer. El gobierno laud\u00f3 el aumento salarial por decreto en la jornada de ayer, la industria no est\u00e1 dispuesta a ceder en los reclamos de los trabajadores y en la interna\u2026","rel":"","context":"En \u00abActualidad\u00bb","block_context":{"text":"Actualidad","link":"https:\/\/lahoradelcampo.com.uy\/site\/category\/actualidad\/"},"img":{"alt_text":"","src":"https:\/\/i0.wp.com\/lahoradelcampo.com.uy\/site\/wp-content\/uploads\/2017\/12\/Foica.jpg?fit=880%2C440&ssl=1&resize=350%2C200","width":350,"height":200,"srcset":"https:\/\/i0.wp.com\/lahoradelcampo.com.uy\/site\/wp-content\/uploads\/2017\/12\/Foica.jpg?fit=880%2C440&ssl=1&resize=350%2C200 1x, https:\/\/i0.wp.com\/lahoradelcampo.com.uy\/site\/wp-content\/uploads\/2017\/12\/Foica.jpg?fit=880%2C440&ssl=1&resize=525%2C300 1.5x, https:\/\/i0.wp.com\/lahoradelcampo.com.uy\/site\/wp-content\/uploads\/2017\/12\/Foica.jpg?fit=880%2C440&ssl=1&resize=700%2C400 2x"},"classes":[]},{"id":36769,"url":"https:\/\/lahoradelcampo.com.uy\/site\/los-trabajadores-rechazan-la-propuesta-de-la-industria-frigorifica\/","url_meta":{"origin":36973,"position":2},"title":"Los trabajadores rechazan la propuesta de la industria frigor\u00edfica","author":"La Hora del Campo","date":"22 noviembre, 2021","format":false,"excerpt":"El conflicto entre trabajadores y empresarios de la industria frigor\u00edfica contin\u00faa sin llegarse a un acuerdo entre las partes y con posturas bastante r\u00edgidas de ambas partes, aunque se realicen algunas concesiones peque\u00f1as entre ambas partes. Luego de lo que significaron las medidas gremiales de la pasada semana, en la\u2026","rel":"","context":"En \u00abActualidad\u00bb","block_context":{"text":"Actualidad","link":"https:\/\/lahoradelcampo.com.uy\/site\/category\/actualidad\/"},"img":{"alt_text":"","src":"https:\/\/i0.wp.com\/lahoradelcampo.com.uy\/site\/wp-content\/uploads\/2017\/12\/Foica.jpg?fit=880%2C440&ssl=1&resize=350%2C200","width":350,"height":200,"srcset":"https:\/\/i0.wp.com\/lahoradelcampo.com.uy\/site\/wp-content\/uploads\/2017\/12\/Foica.jpg?fit=880%2C440&ssl=1&resize=350%2C200 1x, https:\/\/i0.wp.com\/lahoradelcampo.com.uy\/site\/wp-content\/uploads\/2017\/12\/Foica.jpg?fit=880%2C440&ssl=1&resize=525%2C300 1.5x, https:\/\/i0.wp.com\/lahoradelcampo.com.uy\/site\/wp-content\/uploads\/2017\/12\/Foica.jpg?fit=880%2C440&ssl=1&resize=700%2C400 2x"},"classes":[]},{"id":38789,"url":"https:\/\/lahoradelcampo.com.uy\/site\/se-aprobo-protocolo-para-trabajadores-ante-eventos-meteorologicos-adversos\/","url_meta":{"origin":36973,"position":3},"title":"Se aprob\u00f3 protocolo para trabajadores ante eventos meteorol\u00f3gicos adversos","author":"La Hora del Campo","date":"3 febrero, 2022","format":false,"excerpt":"El pasado 24 de enero, el Poder Ejecutivo dict\u00f3 el Decreto Nro. 38\/022, que aprueba el protocolo de actuaci\u00f3n general para trabajadores rurales (en adelante el Protocolo) cuando ocurran fen\u00f3menos meteorol\u00f3gicos adversos. Cuando existan estos fen\u00f3menos y comprometan la seguridad de los trabajadores rurales, se dispondr\u00e1 por parte del empleador\u2026","rel":"","context":"En \u00abActualidad\u00bb","block_context":{"text":"Actualidad","link":"https:\/\/lahoradelcampo.com.uy\/site\/category\/actualidad\/"},"img":{"alt_text":"","src":"https:\/\/i0.wp.com\/lahoradelcampo.com.uy\/site\/wp-content\/uploads\/2022\/02\/trabajadorrural.jpg?fit=880%2C440&ssl=1&resize=350%2C200","width":350,"height":200,"srcset":"https:\/\/i0.wp.com\/lahoradelcampo.com.uy\/site\/wp-content\/uploads\/2022\/02\/trabajadorrural.jpg?fit=880%2C440&ssl=1&resize=350%2C200 1x, https:\/\/i0.wp.com\/lahoradelcampo.com.uy\/site\/wp-content\/uploads\/2022\/02\/trabajadorrural.jpg?fit=880%2C440&ssl=1&resize=525%2C300 1.5x, https:\/\/i0.wp.com\/lahoradelcampo.com.uy\/site\/wp-content\/uploads\/2022\/02\/trabajadorrural.jpg?fit=880%2C440&ssl=1&resize=700%2C400 2x"},"classes":[]},{"id":45303,"url":"https:\/\/lahoradelcampo.com.uy\/site\/ejecutivo-presento-fideicomiso-para-financiar-la-erradicacion-de-la-bichera\/","url_meta":{"origin":36973,"position":4},"title":"Ejecutivo present\u00f3 fideicomiso para financiar la  Erradicaci\u00f3n de la Bichera","author":"La Hora del Campo","date":"6 septiembre, 2022","format":false,"excerpt":"En los art\u00edculos 162 al 165 de la Ley de Rendici\u00f3n de Cuentas est\u00e1 establecida la creaci\u00f3n del Fideicomiso propuesto por el gobierno para el financiamiento del Programa de Erradicaci\u00f3n de la Mosca de la Bichera, el cual contar\u00e1 con un aporte en 2023 de 50.450.000 Unidades Indexadas (aproximadamente 6,7\u2026","rel":"","context":"En \u00abActualidad\u00bb","block_context":{"text":"Actualidad","link":"https:\/\/lahoradelcampo.com.uy\/site\/category\/actualidad\/"},"img":{"alt_text":"","src":"https:\/\/i0.wp.com\/lahoradelcampo.com.uy\/site\/wp-content\/uploads\/2019\/11\/ovinos-b.jpg?fit=880%2C440&ssl=1&resize=350%2C200","width":350,"height":200,"srcset":"https:\/\/i0.wp.com\/lahoradelcampo.com.uy\/site\/wp-content\/uploads\/2019\/11\/ovinos-b.jpg?fit=880%2C440&ssl=1&resize=350%2C200 1x, https:\/\/i0.wp.com\/lahoradelcampo.com.uy\/site\/wp-content\/uploads\/2019\/11\/ovinos-b.jpg?fit=880%2C440&ssl=1&resize=525%2C300 1.5x, https:\/\/i0.wp.com\/lahoradelcampo.com.uy\/site\/wp-content\/uploads\/2019\/11\/ovinos-b.jpg?fit=880%2C440&ssl=1&resize=700%2C400 2x"},"classes":[]},{"id":12549,"url":"https:\/\/lahoradelcampo.com.uy\/site\/ante-la-inflexibilidad-del-ministro-de-trabajo-las-gremiales-se-retiraron-de-los-consejos-de-salarios\/","url_meta":{"origin":36973,"position":5},"title":"Ante la inflexibilidad del Ministro de Trabajo, las gremiales se retiraron de los consejos de Salarios","author":"La Hora del Campo","date":"10 julio, 2019","format":false,"excerpt":"Las gremiales agropecuarias representativas de los productores incluidos en el grupo 22 de los Consejos de Salarios, volvieron a retirarse por tercer a\u00f1o consecutivo de las negociaciones. A diferencia de las instancias anteriores, la Asociaci\u00f3n de Cultivadores de Arroz, la Asociaci\u00f3n Nacional de Productores de Leche, la Asociaci\u00f3n Rural del\u2026","rel":"","context":"En \u00abActualidad\u00bb","block_context":{"text":"Actualidad","link":"https:\/\/lahoradelcampo.com.uy\/site\/category\/actualidad\/"},"img":{"alt_text":"","src":"https:\/\/i0.wp.com\/lahoradelcampo.com.uy\/site\/wp-content\/uploads\/2019\/07\/murro.jpg?fit=880%2C440&ssl=1&resize=350%2C200","width":350,"height":200,"srcset":"https:\/\/i0.wp.com\/lahoradelcampo.com.uy\/site\/wp-content\/uploads\/2019\/07\/murro.jpg?fit=880%2C440&ssl=1&resize=350%2C200 1x, https:\/\/i0.wp.com\/lahoradelcampo.com.uy\/site\/wp-content\/uploads\/2019\/07\/murro.jpg?fit=880%2C440&ssl=1&resize=525%2C300 1.5x, https:\/\/i0.wp.com\/lahoradelcampo.com.uy\/site\/wp-content\/uploads\/2019\/07\/murro.jpg?fit=880%2C440&ssl=1&resize=700%2C400 2x"},"classes":[]}],"jetpack_likes_enabled":true,"_links":{"self":[{"href":"https:\/\/lahoradelcampo.com.uy\/site\/wp-json\/wp\/v2\/posts\/36973","targetHints":{"allow":["GET"]}}],"collection":[{"href":"https:\/\/lahoradelcampo.com.uy\/site\/wp-json\/wp\/v2\/posts"}],"about":[{"href":"https:\/\/lahoradelcampo.com.uy\/site\/wp-json\/wp\/v2\/types\/post"}],"author":[{"embeddable":true,"href":"https:\/\/lahoradelcampo.com.uy\/site\/wp-json\/wp\/v2\/users\/5"}],"replies":[{"embeddable":true,"href":"https:\/\/lahoradelcampo.com.uy\/site\/wp-json\/wp\/v2\/comments?post=36973"}],"version-history":[{"count":1,"href":"https:\/\/lahoradelcampo.com.uy\/site\/wp-json\/wp\/v2\/posts\/36973\/revisions"}],"predecessor-version":[{"id":36975,"href":"https:\/\/lahoradelcampo.com.uy\/site\/wp-json\/wp\/v2\/posts\/36973\/revisions\/36975"}],"wp:featuredmedia":[{"embeddable":true,"href":"https:\/\/lahoradelcampo.com.uy\/site\/wp-json\/wp\/v2\/media\/19070"}],"wp:attachment":[{"href":"https:\/\/lahoradelcampo.com.uy\/site\/wp-json\/wp\/v2\/media?parent=36973"}],"wp:term":[{"taxonomy":"category","embeddable":true,"href":"https:\/\/lahoradelcampo.com.uy\/site\/wp-json\/wp\/v2\/categories?post=36973"},{"taxonomy":"post_tag","embeddable":true,"href":"https:\/\/lahoradelcampo.com.uy\/site\/wp-json\/wp\/v2\/tags?post=36973"}],"curies":[{"name":"wp","href":"https:\/\/api.w.org\/{rel}","templated":true}]}}