{"id":36969,"date":"2021-11-26T11:17:36","date_gmt":"2021-11-26T14:17:36","guid":{"rendered":"http:\/\/lahoradelcampo.com.uy\/site\/?p=36969"},"modified":"2021-11-26T11:17:42","modified_gmt":"2021-11-26T14:17:42","slug":"acg-senala-que-el-paro-afecta-a-otros-sectores-de-la-cadena","status":"publish","type":"post","link":"https:\/\/lahoradelcampo.com.uy\/site\/acg-senala-que-el-paro-afecta-a-otros-sectores-de-la-cadena\/","title":{"rendered":"ACG se\u00f1ala que el paro afecta a otros sectores de la cadena"},"content":{"rendered":"\n<figure class=\"wp-block-image\"><img data-recalc-dims=\"1\" loading=\"lazy\" decoding=\"async\" width=\"810\" height=\"405\" data-attachment-id=\"14078\" data-permalink=\"https:\/\/lahoradelcampo.com.uy\/site\/acg\/\" data-orig-file=\"https:\/\/i0.wp.com\/lahoradelcampo.com.uy\/site\/wp-content\/uploads\/2019\/09\/ACG.jpg?fit=880%2C440&amp;ssl=1\" data-orig-size=\"880,440\" data-comments-opened=\"1\" data-image-meta=\"{&quot;aperture&quot;:&quot;0&quot;,&quot;credit&quot;:&quot;&quot;,&quot;camera&quot;:&quot;&quot;,&quot;caption&quot;:&quot;&quot;,&quot;created_timestamp&quot;:&quot;0&quot;,&quot;copyright&quot;:&quot;&quot;,&quot;focal_length&quot;:&quot;0&quot;,&quot;iso&quot;:&quot;0&quot;,&quot;shutter_speed&quot;:&quot;0&quot;,&quot;title&quot;:&quot;&quot;,&quot;orientation&quot;:&quot;1&quot;}\" data-image-title=\"ACG\" data-image-description=\"\" data-image-caption=\"\" data-large-file=\"https:\/\/i0.wp.com\/lahoradelcampo.com.uy\/site\/wp-content\/uploads\/2019\/09\/ACG.jpg?fit=810%2C405&amp;ssl=1\" src=\"https:\/\/i0.wp.com\/lahoradelcampo.com.uy\/site\/wp-content\/uploads\/2019\/09\/ACG.jpg?resize=810%2C405\" alt=\"\" class=\"wp-image-14078\" srcset=\"https:\/\/i0.wp.com\/lahoradelcampo.com.uy\/site\/wp-content\/uploads\/2019\/09\/ACG.jpg?w=880&amp;ssl=1 880w, https:\/\/i0.wp.com\/lahoradelcampo.com.uy\/site\/wp-content\/uploads\/2019\/09\/ACG.jpg?resize=300%2C150&amp;ssl=1 300w, https:\/\/i0.wp.com\/lahoradelcampo.com.uy\/site\/wp-content\/uploads\/2019\/09\/ACG.jpg?resize=768%2C384&amp;ssl=1 768w, https:\/\/i0.wp.com\/lahoradelcampo.com.uy\/site\/wp-content\/uploads\/2019\/09\/ACG.jpg?resize=820%2C410&amp;ssl=1 820w\" sizes=\"auto, (max-width: 810px) 100vw, 810px\" \/><\/figure>\n\n\n\n<p>La Asociaci\u00f3n de Consignatarios de Ganado se expres\u00f3 ante el paro sindical en la industria frigor\u00edfica. En un comunicado firmado por Diego Arrospide y Pablo S\u00e1nchez, presidente y secretario de la instituci\u00f3n, se expresa de forma cr\u00edtica y manifiesta su desacuerdo con la medida.<br><\/p>\n\n\n\n<p>Cuando el pa\u00eds \u201cbusca la manera m\u00e1s r\u00e1pida para dejar atr\u00e1s la pandemia y sus efectos, el sector ganadero tiene un rol fundamental\u201d como instrumento que dinamiza la econom\u00eda y genera miles de puestos de trabajo directos e indirectos.<br><\/p>\n\n\n\n<p>\u201cEn este marco, se presenta una situaci\u00f3n de conflicto sindical\u201d respecto al cual \u201cno compartimos la forma que han tomado las medidas de protesta cuyas consecuencias afectan profundamente a otros actores de la cadena e, incluso, a las pr\u00e1cticas m\u00e1s elementales de bienestar animal\u201d, afirma.<br><\/p>\n\n\n\n<p>\u201cSe han generado p\u00e9rdidas millonarias y, eventualmente, se pone en peligro la propia estabilidad del complejo productivo\u201d, se advierte, por lo que la ACG hace un \u201cllamado\u201d para llegar al \u201centendimiento que considere las consecuencias a nivel pa\u00eds que este tipo de paralizaciones conlleva\u201d.<\/p>\n\n\n\n<p>Salto, 26 de noviembre de 2021<\/p>\n","protected":false},"excerpt":{"rendered":"<p>La Asociaci\u00f3n de Consignatarios de Ganado se expres\u00f3 ante el paro sindical en la industria frigor\u00edfica. En un comunicado firmado por Diego Arrospide y Pablo S\u00e1nchez, presidente y secretario de [&hellip;]<\/p>\n","protected":false},"author":5,"featured_media":14078,"comment_status":"open","ping_status":"open","sticky":false,"template":"","format":"standard","meta":{"_price":"","_stock":"","_tribe_ticket_header":"","_tribe_default_ticket_provider":"","_tribe_ticket_capacity":"0","_ticket_start_date":"","_ticket_end_date":"","_tribe_ticket_show_description":"","_tribe_ticket_show_not_going":false,"_tribe_ticket_use_global_stock":"","_tribe_ticket_global_stock_level":"","_global_stock_mode":"","_global_stock_cap":"","_tribe_rsvp_for_event":"","_tribe_ticket_going_count":"","_tribe_ticket_not_going_count":"","_tribe_tickets_list":"[]","_tribe_ticket_has_attendee_info_fields":false,"h5ap_radio_sources":[],"_jetpack_newsletter_access":"","_jetpack_dont_email_post_to_subs":false,"_jetpack_newsletter_tier_id":0,"_jetpack_memberships_contains_paywalled_content":false,"_jetpack_memberships_contains_paid_content":false,"footnotes":""},"categories":[21,5],"tags":[],"class_list":["post-36969","post","type-post","status-publish","format-standard","has-post-thumbnail","hentry","category-actualidad","category-ganaderia"],"jetpack_featured_media_url":"https:\/\/i0.wp.com\/lahoradelcampo.com.uy\/site\/wp-content\/uploads\/2019\/09\/ACG.jpg?fit=880%2C440&ssl=1","jetpack_sharing_enabled":true,"jetpack_shortlink":"https:\/\/wp.me\/p99IaT-9Ch","jetpack-related-posts":[{"id":36535,"url":"https:\/\/lahoradelcampo.com.uy\/site\/fr-el-paro-es-para-generar-el-mayor-dano-posible-a-toda-la-cadena-carnica\/","url_meta":{"origin":36969,"position":0},"title":"FR: el paro es para \u00abgenerar el mayor da\u00f1o posible a toda la cadena c\u00e1rnica\u00bb","author":"La Hora del Campo","date":"15 noviembre, 2021","format":false,"excerpt":"La Federaci\u00f3n Rural emiti\u00f3 un comunicado en el cual se\u00f1ala a la poblaci\u00f3n en general que a ra\u00edz de las medidas sindicales adoptadas por los trabajadores de la industria c\u00e1rnica, \"las enormes p\u00e9rdidas ocasionadas afectan no solo a las partes involucradas sino tambi\u00e9n a miles de productores; y en definitiva\u2026","rel":"","context":"En \u00abActualidad\u00bb","block_context":{"text":"Actualidad","link":"https:\/\/lahoradelcampo.com.uy\/site\/category\/actualidad\/"},"img":{"alt_text":"","src":"https:\/\/i0.wp.com\/lahoradelcampo.com.uy\/site\/wp-content\/uploads\/2018\/03\/web-federacion.jpg?fit=880%2C440&ssl=1&resize=350%2C200","width":350,"height":200,"srcset":"https:\/\/i0.wp.com\/lahoradelcampo.com.uy\/site\/wp-content\/uploads\/2018\/03\/web-federacion.jpg?fit=880%2C440&ssl=1&resize=350%2C200 1x, https:\/\/i0.wp.com\/lahoradelcampo.com.uy\/site\/wp-content\/uploads\/2018\/03\/web-federacion.jpg?fit=880%2C440&ssl=1&resize=525%2C300 1.5x, https:\/\/i0.wp.com\/lahoradelcampo.com.uy\/site\/wp-content\/uploads\/2018\/03\/web-federacion.jpg?fit=880%2C440&ssl=1&resize=700%2C400 2x"},"classes":[]},{"id":37039,"url":"https:\/\/lahoradelcampo.com.uy\/site\/valores-del-gordo-se-muestran-estables-tras-una-semana-de-baja-faena\/","url_meta":{"origin":36969,"position":1},"title":"Valores del gordo se muestran estables tras una semana de baja faena","author":"La Hora del Campo","date":"30 noviembre, 2021","format":false,"excerpt":"El mercado de haciendas se ha mostrado relativamente estable, tras una semana con un muy bajo nivel de actividad en las industrias debido al paro sindical llevado adelante por la Federaci\u00f3n de Obreros de la Industria C\u00e1rnica y Afines (FOICA), que llev\u00f3 a que se registrara el segundo menor volumen\u2026","rel":"","context":"En \u00abActualidad\u00bb","block_context":{"text":"Actualidad","link":"https:\/\/lahoradelcampo.com.uy\/site\/category\/actualidad\/"},"img":{"alt_text":"","src":"https:\/\/i0.wp.com\/lahoradelcampo.com.uy\/site\/wp-content\/uploads\/2021\/11\/ganado-faena.jpg?fit=880%2C440&ssl=1&resize=350%2C200","width":350,"height":200,"srcset":"https:\/\/i0.wp.com\/lahoradelcampo.com.uy\/site\/wp-content\/uploads\/2021\/11\/ganado-faena.jpg?fit=880%2C440&ssl=1&resize=350%2C200 1x, https:\/\/i0.wp.com\/lahoradelcampo.com.uy\/site\/wp-content\/uploads\/2021\/11\/ganado-faena.jpg?fit=880%2C440&ssl=1&resize=525%2C300 1.5x, https:\/\/i0.wp.com\/lahoradelcampo.com.uy\/site\/wp-content\/uploads\/2021\/11\/ganado-faena.jpg?fit=880%2C440&ssl=1&resize=700%2C400 2x"},"classes":[]},{"id":50124,"url":"https:\/\/lahoradelcampo.com.uy\/site\/gremiales-lecheras-respaldan-a-conaprole-y-piden-fin-al-conflicto-sindical\/","url_meta":{"origin":36969,"position":2},"title":"Gremiales lecheras respaldan a Conaprole y piden fin al conflicto sindical","author":"La Hora del Campo","date":"20 abril, 2023","format":false,"excerpt":"Ante el conflicto sindical que afecta a la Cooperativa Nacional de Productores de Leche (Conaprole), las gremiales de productores lecheros se pronunciaron en contra de las medidas adoptadas por el sindicato y respaldaron a la empresa l\u00e1ctea en un comunicado emitido ayer. Sequ\u00eda sin precedentes y p\u00e9rdidas millonarias En dicho\u2026","rel":"","context":"En \u00abActualidad\u00bb","block_context":{"text":"Actualidad","link":"https:\/\/lahoradelcampo.com.uy\/site\/category\/actualidad\/"},"img":{"alt_text":"","src":"https:\/\/i0.wp.com\/lahoradelcampo.com.uy\/site\/wp-content\/uploads\/2019\/04\/Conaprole.jpg?fit=880%2C440&ssl=1&resize=350%2C200","width":350,"height":200,"srcset":"https:\/\/i0.wp.com\/lahoradelcampo.com.uy\/site\/wp-content\/uploads\/2019\/04\/Conaprole.jpg?fit=880%2C440&ssl=1&resize=350%2C200 1x, https:\/\/i0.wp.com\/lahoradelcampo.com.uy\/site\/wp-content\/uploads\/2019\/04\/Conaprole.jpg?fit=880%2C440&ssl=1&resize=525%2C300 1.5x, https:\/\/i0.wp.com\/lahoradelcampo.com.uy\/site\/wp-content\/uploads\/2019\/04\/Conaprole.jpg?fit=880%2C440&ssl=1&resize=700%2C400 2x"},"classes":[]},{"id":7221,"url":"https:\/\/lahoradelcampo.com.uy\/site\/foica-anuncio-paro-de-24-horas-en-toda-la-industria\/","url_meta":{"origin":36969,"position":3},"title":"FOICA anunci\u00f3 paro de 24 horas en toda la industria","author":"La Hora del Campo","date":"16 mayo, 2018","format":false,"excerpt":"La problem\u00e1tica en la empresa Somicar, responsable por la planta del ex-Matadero Municipal de Salto, contin\u00faa incambiada, por lo cual la Federaci\u00f3n de Obreros de la Industria de la Carne y Afines (FOICA) anunci\u00f3 que realizar\u00e1 en la jornada de ma\u00f1ana un nuevo paro de 24 horas en toda la\u2026","rel":"","context":"En \u00abActualidad\u00bb","block_context":{"text":"Actualidad","link":"https:\/\/lahoradelcampo.com.uy\/site\/category\/actualidad\/"},"img":{"alt_text":"","src":"https:\/\/i0.wp.com\/lahoradelcampo.com.uy\/site\/wp-content\/uploads\/2018\/05\/somicar.jpg?fit=880%2C440&ssl=1&resize=350%2C200","width":350,"height":200,"srcset":"https:\/\/i0.wp.com\/lahoradelcampo.com.uy\/site\/wp-content\/uploads\/2018\/05\/somicar.jpg?fit=880%2C440&ssl=1&resize=350%2C200 1x, https:\/\/i0.wp.com\/lahoradelcampo.com.uy\/site\/wp-content\/uploads\/2018\/05\/somicar.jpg?fit=880%2C440&ssl=1&resize=525%2C300 1.5x, https:\/\/i0.wp.com\/lahoradelcampo.com.uy\/site\/wp-content\/uploads\/2018\/05\/somicar.jpg?fit=880%2C440&ssl=1&resize=700%2C400 2x"},"classes":[]},{"id":4319,"url":"https:\/\/lahoradelcampo.com.uy\/site\/bajo-el-concepto-de-oligarcas-explotadores-el-sindicato-paro-la-industria-frigorifica\/","url_meta":{"origin":36969,"position":4},"title":"Bajo el concepto de \u00aboligarcas explotadores\u00bb el sindicato par\u00f3 la industria frigor\u00edfica","author":"La Hora del Campo","date":"29 noviembre, 2017","format":false,"excerpt":"Hace dos semanas se vienen desarrollando negociaciones entre los trabajadores de la industria frigor\u00edfica y la empresa Ersinal S.A., propietaria de Frigor\u00edfico Sol\u00eds en el departamento de Lavalleja, las cuales no logran encontrar un punto de encuentro entre las partes. La Federaci\u00f3n de Obreros de la Industria Frigor\u00edfica y Afines\u2026","rel":"","context":"En \u00abActualidad\u00bb","block_context":{"text":"Actualidad","link":"https:\/\/lahoradelcampo.com.uy\/site\/category\/actualidad\/"},"img":{"alt_text":"","src":"https:\/\/i0.wp.com\/lahoradelcampo.com.uy\/site\/wp-content\/uploads\/2017\/11\/Solis.jpg?fit=880%2C440&ssl=1&resize=350%2C200","width":350,"height":200,"srcset":"https:\/\/i0.wp.com\/lahoradelcampo.com.uy\/site\/wp-content\/uploads\/2017\/11\/Solis.jpg?fit=880%2C440&ssl=1&resize=350%2C200 1x, https:\/\/i0.wp.com\/lahoradelcampo.com.uy\/site\/wp-content\/uploads\/2017\/11\/Solis.jpg?fit=880%2C440&ssl=1&resize=525%2C300 1.5x, https:\/\/i0.wp.com\/lahoradelcampo.com.uy\/site\/wp-content\/uploads\/2017\/11\/Solis.jpg?fit=880%2C440&ssl=1&resize=700%2C400 2x"},"classes":[]},{"id":18552,"url":"https:\/\/lahoradelcampo.com.uy\/site\/comenzo-hoy-el-paro-en-la-industria-frigorifica\/","url_meta":{"origin":36969,"position":5},"title":"Comenz\u00f3 hoy el paro en la industria frigor\u00edfica","author":"La Hora del Campo","date":"1 abril, 2020","format":false,"excerpt":"En la jornada de hoy dio comienzo el paro de actividades en la industria c\u00e1rnica convocado por la Federaci\u00f3n de Obreros de la Industria C\u00e1rnica y Afines (FOICA), que se encuentra dividida desde hace muchos a\u00f1os. En este sentido ha quedado clara la posici\u00f3n de la rama del sindicato definida\u2026","rel":"","context":"En \u00abActualidad\u00bb","block_context":{"text":"Actualidad","link":"https:\/\/lahoradelcampo.com.uy\/site\/category\/actualidad\/"},"img":{"alt_text":"","src":"https:\/\/i0.wp.com\/lahoradelcampo.com.uy\/site\/wp-content\/uploads\/2017\/12\/Faena.jpg?fit=880%2C440&ssl=1&resize=350%2C200","width":350,"height":200,"srcset":"https:\/\/i0.wp.com\/lahoradelcampo.com.uy\/site\/wp-content\/uploads\/2017\/12\/Faena.jpg?fit=880%2C440&ssl=1&resize=350%2C200 1x, https:\/\/i0.wp.com\/lahoradelcampo.com.uy\/site\/wp-content\/uploads\/2017\/12\/Faena.jpg?fit=880%2C440&ssl=1&resize=525%2C300 1.5x, https:\/\/i0.wp.com\/lahoradelcampo.com.uy\/site\/wp-content\/uploads\/2017\/12\/Faena.jpg?fit=880%2C440&ssl=1&resize=700%2C400 2x"},"classes":[]}],"jetpack_likes_enabled":true,"_links":{"self":[{"href":"https:\/\/lahoradelcampo.com.uy\/site\/wp-json\/wp\/v2\/posts\/36969","targetHints":{"allow":["GET"]}}],"collection":[{"href":"https:\/\/lahoradelcampo.com.uy\/site\/wp-json\/wp\/v2\/posts"}],"about":[{"href":"https:\/\/lahoradelcampo.com.uy\/site\/wp-json\/wp\/v2\/types\/post"}],"author":[{"embeddable":true,"href":"https:\/\/lahoradelcampo.com.uy\/site\/wp-json\/wp\/v2\/users\/5"}],"replies":[{"embeddable":true,"href":"https:\/\/lahoradelcampo.com.uy\/site\/wp-json\/wp\/v2\/comments?post=36969"}],"version-history":[{"count":1,"href":"https:\/\/lahoradelcampo.com.uy\/site\/wp-json\/wp\/v2\/posts\/36969\/revisions"}],"predecessor-version":[{"id":36971,"href":"https:\/\/lahoradelcampo.com.uy\/site\/wp-json\/wp\/v2\/posts\/36969\/revisions\/36971"}],"wp:featuredmedia":[{"embeddable":true,"href":"https:\/\/lahoradelcampo.com.uy\/site\/wp-json\/wp\/v2\/media\/14078"}],"wp:attachment":[{"href":"https:\/\/lahoradelcampo.com.uy\/site\/wp-json\/wp\/v2\/media?parent=36969"}],"wp:term":[{"taxonomy":"category","embeddable":true,"href":"https:\/\/lahoradelcampo.com.uy\/site\/wp-json\/wp\/v2\/categories?post=36969"},{"taxonomy":"post_tag","embeddable":true,"href":"https:\/\/lahoradelcampo.com.uy\/site\/wp-json\/wp\/v2\/tags?post=36969"}],"curies":[{"name":"wp","href":"https:\/\/api.w.org\/{rel}","templated":true}]}}